{"id":151890,"date":"2026-01-08T19:05:00","date_gmt":"2026-01-08T22:05:00","guid":{"rendered":"https:\/\/www.em.com.br\/emfoco\/?p=151890"},"modified":"2026-01-07T19:40:05","modified_gmt":"2026-01-07T22:40:05","slug":"tres-habitos-contraintuitivos-para-emagrecer-de-vez-em-2026","status":"publish","type":"post","link":"https:\/\/www.em.com.br\/emfoco\/2026\/01\/08\/tres-habitos-contraintuitivos-para-emagrecer-de-vez-em-2026\/","title":{"rendered":"Tr\u00eas h\u00e1bitos que parecem errados, mas ajudam a emagrecer em 2026"},"content":{"rendered":"\n<p>Em meio a promessas de dietas r\u00e1pidas, cresce o interesse por uma abordagem que desloca o foco da contagem de calorias para o funcionamento do organismo. O <strong>emagrecimento metab\u00f3lico<\/strong> prop\u00f5e mudan\u00e7as simples e consistentes, centradas na qualidade dos alimentos e no equil\u00edbrio do corpo como um todo. Horm\u00f4nios, inflama\u00e7\u00e3o, sono e ambiente alimentar passam a ser protagonistas na regula\u00e7\u00e3o do peso corporal, substituindo a l\u00f3gica da restri\u00e7\u00e3o extrema e dos treinos exaustivos.<\/p>\n\n\n\n<h2 class=\"wp-block-heading\">O que \u00e9 emagrecimento metab\u00f3lico e como ele funciona<\/h2>\n\n\n\n<p>Para aprofundar essa abordagem de forma pr\u00e1tica, o conte\u00fado a seguir ajuda a visualizar como ajustes na alimenta\u00e7\u00e3o e no estilo de vida impactam diretamente o metabolismo. O v\u00eddeo do canal @<a href=\"https:\/\/www.youtube.com\/@RodrigoPolessoOficial\" target=\"_blank\" rel=\"noreferrer noopener\">Rodrigo Polesso<\/a> explica, de maneira acess\u00edvel, por que estrat\u00e9gias menos restritivas tendem a gerar resultados mais consistentes no emagrecimento, conectando teoria e aplica\u00e7\u00e3o no dia a dia.<\/p>\n\n\n\n<iframe loading=\"lazy\" width=\"1013\" height=\"570\" src=\"https:\/\/www.youtube.com\/embed\/OXMQzfHnZG4\" title=\"3 H\u00e1bitos Contraintuitivos Para Emagrecer de Vez em 2026\" frameborder=\"0\" allow=\"accelerometer; autoplay; clipboard-write; encrypted-media; gyroscope; picture-in-picture; web-share\" referrerpolicy=\"strict-origin-when-cross-origin\" allowfullscreen><\/iframe>\n\n\n\n<p>O emagrecimento metab\u00f3lico parte do princ\u00edpio de que o corpo responde mais ao contexto fisiol\u00f3gico do que \u00e0 simples redu\u00e7\u00e3o cal\u00f3rica. Quando h\u00e1 estresse cr\u00f4nico, sono insuficiente e consumo frequente de ultraprocessados, o organismo tende a defender estoques de gordura, dificultando a perda de peso mesmo com dietas hipocal\u00f3ricas.<\/p>\n\n\n\n<p>Nessa l\u00f3gica, o tipo de alimento ingerido \u00e9 mais determinante do que a quantidade isolada de calorias. Prote\u00ednas de boa qualidade, gorduras naturais e carboidratos menos processados contribuem para regular a saciedade, estabilizar a glicose e reduzir oscila\u00e7\u00f5es bruscas de energia e fome ao longo do dia.<\/p>\n\n\n\n<h2 class=\"wp-block-heading\">Como comer mais pode ajudar a emagrecer<\/h2>\n\n\n\n<p>Uma das ideias mais contraintuitivas dessa abordagem \u00e9 comer mais para emagrecer, desde que a alimenta\u00e7\u00e3o seja composta por alimentos metabolicamente favor\u00e1veis. Em vez de pratos pequenos e fome constante, entram em cena refei\u00e7\u00f5es completas, que reduzem beliscos frequentes e melhoram o controle do apetite.<\/p>\n\n\n\n<p>Alguns grupos alimentares ganham destaque por favorecerem saciedade e densidade nutricional, diminuindo a vontade de consumir doces, snacks e produtos ultraprocessados.<\/p>\n\n\n\n<ul class=\"wp-block-list\">\n<li>Prote\u00ednas de alta densidade nutricional, como carnes, ovos e latic\u00ednios integrais;<\/li>\n\n\n\n<li>Carboidratos minimamente processados, como frutas maduras e tub\u00e9rculos;<\/li>\n\n\n\n<li>Gorduras naturais, a exemplo de azeite de oliva, manteiga, abacate e castanhas.<\/li>\n<\/ul>\n\n\n\n<p>Leia mais: <a href=\"https:\/\/www.em.com.br\/turismo\/2026\/01\/7327974-vai-viajar-com-criancas-ou-adolescentes-fique-atento-a-documentacao.html\" target=\"_blank\" rel=\"noreferrer noopener\">Vai viajar com crian\u00e7as ou adolescentes? Fique atento<\/a><\/p>\n\n\n\n<h2 class=\"wp-block-heading\">Por que reduzir o exerc\u00edcio intenso pode favorecer o emagrecimento<\/h2>\n\n\n\n<p>Outra proposta que chama aten\u00e7\u00e3o \u00e9 reduzir o foco em treinos exaustivos e priorizar uma alimenta\u00e7\u00e3o bem estruturada. Evid\u00eancias indicam que a maior parte do resultado na perda de peso est\u00e1 relacionada ao que se come, enquanto a atividade f\u00edsica atua como suporte metab\u00f3lico.<\/p>\n\n\n\n<p>Excesso de exerc\u00edcios intensos pode elevar o cansa\u00e7o, aumentar a fome e interferir em horm\u00f4nios ligados ao metabolismo. Em contrapartida, caminhadas leves, especialmente ap\u00f3s as refei\u00e7\u00f5es, ajudam no controle da glicose, melhoram a sensibilidade \u00e0 insulina e contribuem para um gasto energ\u00e9tico di\u00e1rio mais est\u00e1vel.<\/p>\n\n\n\n<h2 class=\"wp-block-heading\">Como as refei\u00e7\u00f5es de colher trazem praticidade ao dia a dia<\/h2>\n\n\n<div class=\"wp-block-image\">\n<figure class=\"aligncenter size-large\"><img loading=\"lazy\" decoding=\"async\" width=\"1024\" height=\"576\" src=\"https:\/\/www.em.com.br\/emfoco\/wp-content\/uploads\/2026\/01\/colher-comida_1767816143131-1024x576.jpg\" alt=\"\" class=\"wp-image-151956\" srcset=\"https:\/\/www.em.com.br\/emfoco\/wp-content\/uploads\/2026\/01\/colher-comida_1767816143131-1024x576.jpg 1024w, https:\/\/www.em.com.br\/emfoco\/wp-content\/uploads\/2026\/01\/colher-comida_1767816143131-300x169.jpg 300w, https:\/\/www.em.com.br\/emfoco\/wp-content\/uploads\/2026\/01\/colher-comida_1767816143131-768x432.jpg 768w, https:\/\/www.em.com.br\/emfoco\/wp-content\/uploads\/2026\/01\/colher-comida_1767816143131-750x422.jpg 750w, https:\/\/www.em.com.br\/emfoco\/wp-content\/uploads\/2026\/01\/colher-comida_1767816143131-1140x641.jpg 1140w, https:\/\/www.em.com.br\/emfoco\/wp-content\/uploads\/2026\/01\/colher-comida_1767816143131.jpg 1280w\" sizes=\"auto, (max-width: 1024px) 100vw, 1024px\" \/><figcaption class=\"wp-element-caption\">Emagrecimento metab\u00f3lico sem extremos &#8211; Cr\u00e9ditos: depositphotos.com \/ VadimVasenin<\/figcaption><\/figure><\/div>\n\n\n<p>Entre as estrat\u00e9gias pr\u00e1ticas do emagrecimento metab\u00f3lico, destacam-se as chamadas refei\u00e7\u00f5es de colher, preparadas em uma \u00fanica panela com fontes de prote\u00edna, carboidrato e gordura. Esse formato simplifica o planejamento alimentar, economiza tempo e reduz a depend\u00eancia de delivery em momentos de pressa.<\/p>\n\n\n\n<p>Preparar maiores quantidades de uma s\u00f3 vez permite armazenar por\u00e7\u00f5es prontas, diminuindo decis\u00f5es repetitivas ao longo da semana e evitando escolhas por impulso em hor\u00e1rios de fome intensa.<\/p>\n\n\n\n<ul class=\"wp-block-list\">\n<li>Menos tempo na cozinha durante a semana;<\/li>\n\n\n\n<li>Maior previsibilidade nutricional das refei\u00e7\u00f5es;<\/li>\n\n\n\n<li>Redu\u00e7\u00e3o de improvisos alimentares.<\/li>\n<\/ul>\n\n\n\n<p>Leia mais: <a href=\"https:\/\/www.em.com.br\/saude\/2026\/01\/7327728-os-tumores-com-mais-de-100-anos-que-sao-esperanca-para-explicar-por-que-cancer-de-intestino-aumentou-tanto-entre-jovens.html\" target=\"_blank\" rel=\"noreferrer noopener\">Os tumores com mais de 100 anos que s\u00e3o esperan\u00e7a para explicar por que c\u00e2ncer de intestino aumentou tanto entre jovens<\/a><\/p>\n\n\n\n<h2 class=\"wp-block-heading\">Quais h\u00e1bitos sustentam um emagrecimento duradouro<\/h2>\n\n\n\n<p>Nessa abordagem, o emagrecimento duradouro depende mais de rotinas consistentes do que de solu\u00e7\u00f5es extremas. Pequenos ajustes cont\u00ednuos, aliados a um ambiente alimentar organizado, tornam o processo mais leve e sustent\u00e1vel ao longo do tempo.<\/p>\n\n\n\n<p>Alguns h\u00e1bitos aparecem com frequ\u00eancia por ajudarem a manter o metabolismo em equil\u00edbrio e reduzir reca\u00eddas.<\/p>\n\n\n\n<ul class=\"wp-block-list\">\n<li>Priorizar o preparo das refei\u00e7\u00f5es em casa;<\/li>\n\n\n\n<li>Reduzir o consumo de ultraprocessados ricos em a\u00e7\u00facar e gorduras de baixa qualidade;<\/li>\n\n\n\n<li>Organizar as refei\u00e7\u00f5es da semana com anteced\u00eancia;<\/li>\n\n\n\n<li>Incluir movimento leve di\u00e1rio, como caminhadas curtas ap\u00f3s as principais refei\u00e7\u00f5es;<\/li>\n\n\n\n<li>Observar sinais do corpo, como fome real, saciedade e n\u00edveis de energia.<\/li>\n<\/ul>\n","protected":false},"excerpt":{"rendered":"<p>Em meio a promessas de dietas r\u00e1pidas, cresce o interesse por uma abordagem que desloca o foco da contagem de calorias para o funcionamento do organismo. O emagrecimento metab\u00f3lico prop\u00f5e mudan\u00e7as simples e consistentes, centradas na qualidade dos alimentos e no equil\u00edbrio do corpo como um todo. Horm\u00f4nios, inflama\u00e7\u00e3o, sono e ambiente alimentar passam a [&hellip;]<\/p>\n","protected":false},"author":20,"featured_media":151874,"comment_status":"open","ping_status":"open","sticky":false,"template":"","format":"standard","meta":{"jnews-multi-image_gallery":[],"jnews_single_post":{"format":"standard"},"jnews_primary_category":[],"jnews_social_meta":[],"jnews_override_counter":[],"footnotes":""},"categories":[8819,1],"tags":[3109,22146,12586],"class_list":["post-151890","post","type-post","status-publish","format-standard","has-post-thumbnail","hentry","category-curiosidades","category-noticias","tag-emagrecimento","tag-emagrecimento-metabolico","tag-estrategias"],"yoast_head":"<!-- This site is optimized with the Yoast SEO plugin v23.8 - https:\/\/yoast.com\/wordpress\/plugins\/seo\/ -->\n<title>Tr\u00eas h\u00e1bitos que parecem errados, mas ajudam a emagrecer em 2026 - Estado de Minas - Em foco<\/title>\n<meta name=\"description\" content=\"Entenda como o emagrecimento metab\u00f3lico foca horm\u00f4nios, qualidade alimentar e h\u00e1bitos simples para perder peso sem dietas extremas.\" \/>\n<meta name=\"robots\" content=\"index, follow, max-snippet:-1, max-image-preview:large, max-video-preview:-1\" \/>\n<link rel=\"canonical\" href=\"https:\/\/www.em.com.br\/emfoco\/2026\/01\/08\/tres-habitos-contraintuitivos-para-emagrecer-de-vez-em-2026\/\" \/>\n<meta property=\"og:locale\" content=\"pt_BR\" \/>\n<meta property=\"og:type\" content=\"article\" \/>\n<meta property=\"og:title\" content=\"Tr\u00eas h\u00e1bitos que parecem errados, mas ajudam a emagrecer em 2026 - Estado de Minas - Em foco\" \/>\n<meta property=\"og:description\" content=\"Entenda como o emagrecimento metab\u00f3lico foca horm\u00f4nios, qualidade alimentar e h\u00e1bitos simples para perder peso sem dietas extremas.\" \/>\n<meta property=\"og:url\" content=\"https:\/\/www.em.com.br\/emfoco\/2026\/01\/08\/tres-habitos-contraintuitivos-para-emagrecer-de-vez-em-2026\/\" \/>\n<meta property=\"og:site_name\" content=\"Estado de Minas - Em foco\" \/>\n<meta property=\"article:published_time\" content=\"2026-01-08T22:05:00+00:00\" \/>\n<meta property=\"article:modified_time\" content=\"2026-01-07T22:40:05+00:00\" \/>\n<meta property=\"og:image\" content=\"https:\/\/www.em.com.br\/emfoco\/wp-content\/uploads\/2026\/01\/idoso-comida_1767812535771.jpg\" \/>\n\t<meta property=\"og:image:width\" content=\"1280\" \/>\n\t<meta property=\"og:image:height\" content=\"720\" \/>\n\t<meta property=\"og:image:type\" content=\"image\/jpeg\" \/>\n<meta name=\"author\" content=\"Ingrid Diniz\" \/>\n<meta name=\"twitter:card\" content=\"summary_large_image\" \/>\n<meta name=\"twitter:label1\" content=\"Escrito por\" \/>\n\t<meta name=\"twitter:data1\" content=\"Ingrid Diniz\" \/>\n\t<meta name=\"twitter:label2\" content=\"Est. tempo de leitura\" \/>\n\t<meta name=\"twitter:data2\" content=\"5 minutos\" \/>\n<!-- \/ Yoast SEO plugin. -->","yoast_head_json":{"title":"Tr\u00eas h\u00e1bitos que parecem errados, mas ajudam a emagrecer em 2026 - Estado de Minas - Em foco","description":"Entenda como o emagrecimento metab\u00f3lico foca horm\u00f4nios, qualidade alimentar e h\u00e1bitos simples para perder peso sem dietas extremas.","robots":{"index":"index","follow":"follow","max-snippet":"max-snippet:-1","max-image-preview":"max-image-preview:large","max-video-preview":"max-video-preview:-1"},"canonical":"https:\/\/www.em.com.br\/emfoco\/2026\/01\/08\/tres-habitos-contraintuitivos-para-emagrecer-de-vez-em-2026\/","og_locale":"pt_BR","og_type":"article","og_title":"Tr\u00eas h\u00e1bitos que parecem errados, mas ajudam a emagrecer em 2026 - Estado de Minas - Em foco","og_description":"Entenda como o emagrecimento metab\u00f3lico foca horm\u00f4nios, qualidade alimentar e h\u00e1bitos simples para perder peso sem dietas extremas.","og_url":"https:\/\/www.em.com.br\/emfoco\/2026\/01\/08\/tres-habitos-contraintuitivos-para-emagrecer-de-vez-em-2026\/","og_site_name":"Estado de Minas - Em foco","article_published_time":"2026-01-08T22:05:00+00:00","article_modified_time":"2026-01-07T22:40:05+00:00","og_image":[{"width":1280,"height":720,"url":"https:\/\/www.em.com.br\/emfoco\/wp-content\/uploads\/2026\/01\/idoso-comida_1767812535771.jpg","type":"image\/jpeg"}],"author":"Ingrid Diniz","twitter_card":"summary_large_image","twitter_misc":{"Escrito por":"Ingrid Diniz","Est. tempo de leitura":"5 minutos"},"schema":{"@context":"https:\/\/schema.org","@graph":[{"@type":"WebPage","@id":"https:\/\/www.em.com.br\/emfoco\/2026\/01\/08\/tres-habitos-contraintuitivos-para-emagrecer-de-vez-em-2026\/","url":"https:\/\/www.em.com.br\/emfoco\/2026\/01\/08\/tres-habitos-contraintuitivos-para-emagrecer-de-vez-em-2026\/","name":"Tr\u00eas h\u00e1bitos que parecem errados, mas ajudam a emagrecer em 2026 - Estado de Minas - Em foco","isPartOf":{"@id":"https:\/\/www.em.com.br\/emfoco\/#website"},"primaryImageOfPage":{"@id":"https:\/\/www.em.com.br\/emfoco\/2026\/01\/08\/tres-habitos-contraintuitivos-para-emagrecer-de-vez-em-2026\/#primaryimage"},"image":{"@id":"https:\/\/www.em.com.br\/emfoco\/2026\/01\/08\/tres-habitos-contraintuitivos-para-emagrecer-de-vez-em-2026\/#primaryimage"},"thumbnailUrl":"https:\/\/www.em.com.br\/emfoco\/wp-content\/uploads\/2026\/01\/idoso-comida_1767812535771.jpg","datePublished":"2026-01-08T22:05:00+00:00","dateModified":"2026-01-07T22:40:05+00:00","author":{"@id":"https:\/\/www.em.com.br\/emfoco\/#\/schema\/person\/649e610b4eb8fff87ff394e54fe17b2b"},"description":"Entenda como o emagrecimento metab\u00f3lico foca horm\u00f4nios, qualidade alimentar e h\u00e1bitos simples para perder peso sem dietas extremas.","breadcrumb":{"@id":"https:\/\/www.em.com.br\/emfoco\/2026\/01\/08\/tres-habitos-contraintuitivos-para-emagrecer-de-vez-em-2026\/#breadcrumb"},"inLanguage":"pt-BR","potentialAction":[{"@type":"ReadAction","target":["https:\/\/www.em.com.br\/emfoco\/2026\/01\/08\/tres-habitos-contraintuitivos-para-emagrecer-de-vez-em-2026\/"]}]},{"@type":"ImageObject","inLanguage":"pt-BR","@id":"https:\/\/www.em.com.br\/emfoco\/2026\/01\/08\/tres-habitos-contraintuitivos-para-emagrecer-de-vez-em-2026\/#primaryimage","url":"https:\/\/www.em.com.br\/emfoco\/wp-content\/uploads\/2026\/01\/idoso-comida_1767812535771.jpg","contentUrl":"https:\/\/www.em.com.br\/emfoco\/wp-content\/uploads\/2026\/01\/idoso-comida_1767812535771.jpg","width":1280,"height":720,"caption":"O que sustenta o emagrecimento definitivo - Cr\u00e9ditos: depositphotos.com \/ ArturVerkhovetskiy"},{"@type":"BreadcrumbList","@id":"https:\/\/www.em.com.br\/emfoco\/2026\/01\/08\/tres-habitos-contraintuitivos-para-emagrecer-de-vez-em-2026\/#breadcrumb","itemListElement":[{"@type":"ListItem","position":1,"name":"In\u00edcio","item":"https:\/\/www.em.com.br\/emfoco\/"},{"@type":"ListItem","position":2,"name":"Tr\u00eas h\u00e1bitos que parecem errados, mas ajudam a emagrecer em 2026"}]},{"@type":"WebSite","@id":"https:\/\/www.em.com.br\/emfoco\/#website","url":"https:\/\/www.em.com.br\/emfoco\/","name":"Estado de Minas - Em foco","description":"Acompanhe as \u00faltimas not\u00edcias e fique bem informado sobre tudo o que acontece em Minas Gerais, Brasil e no mundo.","potentialAction":[{"@type":"SearchAction","target":{"@type":"EntryPoint","urlTemplate":"https:\/\/www.em.com.br\/emfoco\/?s={search_term_string}"},"query-input":{"@type":"PropertyValueSpecification","valueRequired":true,"valueName":"search_term_string"}}],"inLanguage":"pt-BR"},{"@type":"Person","@id":"https:\/\/www.em.com.br\/emfoco\/#\/schema\/person\/649e610b4eb8fff87ff394e54fe17b2b","name":"Ingrid Diniz","image":{"@type":"ImageObject","inLanguage":"pt-BR","@id":"https:\/\/www.em.com.br\/emfoco\/#\/schema\/person\/image\/","url":"https:\/\/secure.gravatar.com\/avatar\/a3baa1449ec5c39b4c42babc9d4f3951?s=96&d=mm&r=g","contentUrl":"https:\/\/secure.gravatar.com\/avatar\/a3baa1449ec5c39b4c42babc9d4f3951?s=96&d=mm&r=g","caption":"Ingrid Diniz"},"sameAs":["https:\/\/www.em.com.br\/"],"url":"https:\/\/www.em.com.br\/emfoco\/author\/ingridmyth\/"}]}},"_links":{"self":[{"href":"https:\/\/www.em.com.br\/emfoco\/wp-json\/wp\/v2\/posts\/151890","targetHints":{"allow":["GET"]}}],"collection":[{"href":"https:\/\/www.em.com.br\/emfoco\/wp-json\/wp\/v2\/posts"}],"about":[{"href":"https:\/\/www.em.com.br\/emfoco\/wp-json\/wp\/v2\/types\/post"}],"author":[{"embeddable":true,"href":"https:\/\/www.em.com.br\/emfoco\/wp-json\/wp\/v2\/users\/20"}],"replies":[{"embeddable":true,"href":"https:\/\/www.em.com.br\/emfoco\/wp-json\/wp\/v2\/comments?post=151890"}],"version-history":[{"count":2,"href":"https:\/\/www.em.com.br\/emfoco\/wp-json\/wp\/v2\/posts\/151890\/revisions"}],"predecessor-version":[{"id":152180,"href":"https:\/\/www.em.com.br\/emfoco\/wp-json\/wp\/v2\/posts\/151890\/revisions\/152180"}],"wp:featuredmedia":[{"embeddable":true,"href":"https:\/\/www.em.com.br\/emfoco\/wp-json\/wp\/v2\/media\/151874"}],"wp:attachment":[{"href":"https:\/\/www.em.com.br\/emfoco\/wp-json\/wp\/v2\/media?parent=151890"}],"wp:term":[{"taxonomy":"category","embeddable":true,"href":"https:\/\/www.em.com.br\/emfoco\/wp-json\/wp\/v2\/categories?post=151890"},{"taxonomy":"post_tag","embeddable":true,"href":"https:\/\/www.em.com.br\/emfoco\/wp-json\/wp\/v2\/tags?post=151890"}],"curies":[{"name":"wp","href":"https:\/\/api.w.org\/{rel}","templated":true}]}}