{"id":15176,"date":"2025-02-01T17:00:51","date_gmt":"2025-02-01T20:00:51","guid":{"rendered":"https:\/\/www.em.com.br\/emfoco\/?p=15176"},"modified":"2025-01-31T18:49:35","modified_gmt":"2025-01-31T21:49:35","slug":"bpc-loas-tire-suas-duvidas","status":"publish","type":"post","link":"https:\/\/www.em.com.br\/emfoco\/2025\/02\/01\/bpc-loas-tire-suas-duvidas\/","title":{"rendered":"BPC\/LOAS Tire suas d\u00favidas!"},"content":{"rendered":"\n<p>O <strong>Benef\u00edcio de Presta\u00e7\u00e3o Continuada<\/strong> (<a href=\"https:\/\/www.gov.br\/mds\/pt-br\/acoes-e-programas\/suas\/beneficios-assistenciais\/beneficio-assistencial-ao-idoso-e-a-pessoa-com-deficiencia-bpc\" target=\"_blank\" rel=\"noreferrer noopener\">BPC<\/a>\/Loas) \u00e9 um aux\u00edlio assistencial oferecido pelo governo <a href=\"https:\/\/www.em.com.br\/emfoco\/2025\/01\/30\/o-paraiso-escondido-do-nordeste-brasileiro\/\" target=\"_blank\" rel=\"noreferrer noopener\">brasileiro <\/a>a idosos e pessoas com defici\u00eancia que comprovem n\u00e3o possuir meios de prover a pr\u00f3pria manuten\u00e7\u00e3o ou de t\u00ea-la provida por suas fam\u00edlias. Esse benef\u00edcio est\u00e1 vinculado \u00e0 <strong>Lei Org\u00e2nica da Assist\u00eancia Social<\/strong> (LOAS) e \u00e9 concedido pelo <strong>Instituto Nacional do Seguro Social<\/strong> (INSS). Uma das exig\u00eancias para a obten\u00e7\u00e3o do BPC \u00e9 a comprova\u00e7\u00e3o de uma renda familiar per capita inferior a um quarto do sal\u00e1rio m\u00ednimo.<\/p>\n\n\n\n<p>No entanto, para garantir a continuidade do benef\u00edcio, os titulares devem manter atualizadas suas informa\u00e7\u00f5es cadastrais junto ao INSS. Periodicamente, s\u00e3o realizadas revis\u00f5es para verificar se os benefici\u00e1rios ainda se enquadram nas exig\u00eancias estabelecidas para a concess\u00e3o do aux\u00edlio.<\/p>\n\n\n<div class=\"wp-block-image\">\n<figure class=\"aligncenter size-large\"><img loading=\"lazy\" decoding=\"async\" width=\"1024\" height=\"576\" src=\"https:\/\/www.em.com.br\/emfoco\/wp-content\/uploads\/2024\/12\/Idoso-Brasileiro_1733800902102-1024x576.jpg\" alt=\"BPC\/LOAS: Tire suas d\u00favidas!\" class=\"wp-image-4095\" srcset=\"https:\/\/www.em.com.br\/emfoco\/wp-content\/uploads\/2024\/12\/Idoso-Brasileiro_1733800902102-1024x576.jpg 1024w, https:\/\/www.em.com.br\/emfoco\/wp-content\/uploads\/2024\/12\/Idoso-Brasileiro_1733800902102-300x169.jpg 300w, https:\/\/www.em.com.br\/emfoco\/wp-content\/uploads\/2024\/12\/Idoso-Brasileiro_1733800902102-768x432.jpg 768w, https:\/\/www.em.com.br\/emfoco\/wp-content\/uploads\/2024\/12\/Idoso-Brasileiro_1733800902102-750x422.jpg 750w, https:\/\/www.em.com.br\/emfoco\/wp-content\/uploads\/2024\/12\/Idoso-Brasileiro_1733800902102-1140x641.jpg 1140w, https:\/\/www.em.com.br\/emfoco\/wp-content\/uploads\/2024\/12\/Idoso-Brasileiro_1733800902102.jpg 1280w\" sizes=\"auto, (max-width: 1024px) 100vw, 1024px\" \/><figcaption class=\"wp-element-caption\">BPC &#8211; Cr\u00e9ditos: depositphotos.com \/ verganifotografia<\/figcaption><\/figure><\/div>\n\n\n<h2 class=\"wp-block-heading\">Por que o INSS est\u00e1 notificando os benefici\u00e1rios do BPC\/Loas?<\/h2>\n\n\n\n<p>Recentemente, o INSS identificou cerca de 120.400 titulares do BPC\/Loas que podem ter ultrapassado o limite de renda necess\u00e1rio para a manuten\u00e7\u00e3o do benef\u00edcio. Esta identifica\u00e7\u00e3o foi poss\u00edvel ap\u00f3s uma atualiza\u00e7\u00e3o cadastral realizada no ano anterior e uma an\u00e1lise detalhada dos dados do Cadastro Nacional de Informa\u00e7\u00f5es Sociais (CNIS). O INSS encontrou ind\u00edcios de que a renda per capita de algumas fam\u00edlias benefici\u00e1rias superou o limite permitido, atualmente fixado em um quarto do sal\u00e1rio m\u00ednimo.<\/p>\n\n\n\n<p>Para garantir que nenhuma decis\u00e3o precipitada seja tomada, o INSS est\u00e1 notificando esses segurados, solicitando que apresentem sua defesa no prazo de 30 dias ap\u00f3s a notifica\u00e7\u00e3o. Este processo permite que os benefici\u00e1rios possam corrigir, caso necess\u00e1rio, informa\u00e7\u00f5es de rendimentos que estejam desatualizadas ou incorretas nos registros do \u00f3rg\u00e3o.<\/p>\n\n\n\n<h2 class=\"wp-block-heading\">Como os segurados podem contestar a notifica\u00e7\u00e3o?<\/h2>\n\n\n\n<p>Os benefici\u00e1rios que receberam a notifica\u00e7\u00e3o devem agir rapidamente para evitar a suspens\u00e3o do aux\u00edlio. Eles t\u00eam \u00e0 disposi\u00e7\u00e3o diversas formas para apresentar sua defesa, incluindo o uso do aplicativo &#8216;Meu INSS&#8217;, que est\u00e1 dispon\u00edvel tanto para dispositivos Android quanto iOS, ou pelo site oficial do Meu INSS. Al\u00e9m disso, \u00e9 poss\u00edvel realizar o procedimento desejado em ag\u00eancias dos Correios, sem necessidade de pr\u00e9vio agendamento, ou pessoalmente em uma unidade da Previd\u00eancia Social, onde o agendamento pr\u00e9vio \u00e9 necess\u00e1rio.<\/p>\n\n\n\n<p>Esses procedimentos foram definidos na Portaria 1.260, publicada recentemente no Di\u00e1rio Oficial da Uni\u00e3o. \u00c9 importante que os segurados se manifestem dentro do per\u00edodo estipulado para evitar que o benef\u00edcio seja bloqueado.<\/p>\n\n\n\n<h2 class=\"wp-block-heading\">O que acontece se o benefici\u00e1rio n\u00e3o apresentar defesa?<\/h2>\n\n\n\n<p>Se o segurado n\u00e3o se manifestar dentro do prazo de 30 dias, o INSS ir\u00e1 proceder com o bloqueio do benef\u00edcio. Para reverter essa situa\u00e7\u00e3o, o titular precisar\u00e1 comparecer a uma ag\u00eancia da Previd\u00eancia Social, onde dever\u00e1 confirmar o recebimento da notifica\u00e7\u00e3o. Durante esse comparecimento, ser\u00e1 analisada a defesa apresentada pelo benefici\u00e1rio e o uso correto das informa\u00e7\u00f5es para a reavalia\u00e7\u00e3o do benef\u00edcio.<\/p>\n\n\n\n<p>O prazo estimado pelo INSS para a an\u00e1lise da defesa \u00e9 de 30 dias corridos, sendo que o cancelamento do BPC\/Loas ocorrer\u00e1 somente se for comprovado que a renda familiar excede o limite permitido.<\/p>\n\n\n\n<h2 class=\"wp-block-heading\">Qual \u00e9 o objetivo do INSS ao realizar essa revis\u00e3o?<\/h2>\n\n\n\n<p>Segundo o presidente do INSS, Alessandro Stefanutto, o intuito da requisi\u00e7\u00e3o de defesa \u00e9 proporcionar aos benefici\u00e1rios a oportunidade de corrigir poss\u00edveis distor\u00e7\u00f5es ou desatualiza\u00e7\u00f5es nas informa\u00e7\u00f5es de seus rendimentos, conforme registrado no sistema do INSS. Esta revis\u00e3o visa garantir que os recursos assistenciais sejam devidamente direcionados para aqueles que realmente se enquadram nos crit\u00e9rios do benef\u00edcio, mantendo assim a justi\u00e7a social e a efici\u00eancia do programa assistencial.<\/p>\n\n\n\n<p>Com essas medidas, o INSS reafirma o compromisso de monitorar sistematicamente o cumprimento dos crit\u00e9rios estipulados, ajustando a concess\u00e3o dos benef\u00edcios \u00e0s reais condi\u00e7\u00f5es financeiras dos requerentes e de suas fam\u00edlias.<\/p>\n","protected":false},"excerpt":{"rendered":"<p>O Benef\u00edcio de Presta\u00e7\u00e3o Continuada (BPC\/Loas) \u00e9 um aux\u00edlio assistencial oferecido pelo governo brasileiro a idosos e pessoas com defici\u00eancia que comprovem n\u00e3o possuir meios de prover a pr\u00f3pria manuten\u00e7\u00e3o ou de t\u00ea-la provida por suas fam\u00edlias. Esse benef\u00edcio est\u00e1 vinculado \u00e0 Lei Org\u00e2nica da Assist\u00eancia Social (LOAS) e \u00e9 concedido pelo Instituto Nacional do [&hellip;]<\/p>\n","protected":false},"author":7,"featured_media":5003,"comment_status":"open","ping_status":"open","sticky":false,"template":"","format":"standard","meta":{"jnews-multi-image_gallery":[],"jnews_single_post":{"format":"standard"},"jnews_primary_category":[],"jnews_social_meta":[],"jnews_override_counter":[],"footnotes":""},"categories":[28],"tags":[2656,260,174,1516],"class_list":["post-15176","post","type-post","status-publish","format-standard","has-post-thumbnail","hentry","category-economia","tag-beneficio-assistencial","tag-idosos","tag-inss","tag-pessoas-com-deficiencia"],"yoast_head":"<!-- This site is optimized with the Yoast SEO plugin v23.8 - https:\/\/yoast.com\/wordpress\/plugins\/seo\/ -->\n<title>BPC\/LOAS Tire suas d\u00favidas! - Estado de Minas - Em foco<\/title>\n<meta name=\"description\" content=\"O que \u00e9 o BPC\/LOAS? Quem pode receber? Tire suas d\u00favidas sobre o benef\u00edcio e garanta seus direitos.\" \/>\n<meta name=\"robots\" content=\"index, follow, max-snippet:-1, max-image-preview:large, max-video-preview:-1\" \/>\n<link rel=\"canonical\" href=\"https:\/\/www.em.com.br\/emfoco\/2025\/02\/01\/bpc-loas-tire-suas-duvidas\/\" \/>\n<meta property=\"og:locale\" content=\"pt_BR\" \/>\n<meta property=\"og:type\" content=\"article\" \/>\n<meta property=\"og:title\" content=\"BPC\/LOAS Tire suas d\u00favidas! - Estado de Minas - Em foco\" \/>\n<meta property=\"og:description\" content=\"O que \u00e9 o BPC\/LOAS? Quem pode receber? Tire suas d\u00favidas sobre o benef\u00edcio e garanta seus direitos.\" \/>\n<meta property=\"og:url\" content=\"https:\/\/www.em.com.br\/emfoco\/2025\/02\/01\/bpc-loas-tire-suas-duvidas\/\" \/>\n<meta property=\"og:site_name\" content=\"Estado de Minas - Em foco\" \/>\n<meta property=\"article:published_time\" content=\"2025-02-01T20:00:51+00:00\" \/>\n<meta property=\"article:modified_time\" content=\"2025-01-31T21:49:35+00:00\" \/>\n<meta property=\"og:image\" content=\"https:\/\/www.em.com.br\/emfoco\/wp-content\/uploads\/2024\/12\/Idosos_1734194756779.jpg\" \/>\n\t<meta property=\"og:image:width\" content=\"1280\" \/>\n\t<meta property=\"og:image:height\" content=\"720\" \/>\n\t<meta property=\"og:image:type\" content=\"image\/jpeg\" \/>\n<meta name=\"author\" content=\"Kelvin\" \/>\n<meta name=\"twitter:card\" content=\"summary_large_image\" \/>\n<meta name=\"twitter:label1\" content=\"Escrito por\" \/>\n\t<meta name=\"twitter:data1\" content=\"Kelvin\" \/>\n\t<meta name=\"twitter:label2\" content=\"Est. tempo de leitura\" \/>\n\t<meta name=\"twitter:data2\" content=\"4 minutos\" \/>\n<!-- \/ Yoast SEO plugin. -->","yoast_head_json":{"title":"BPC\/LOAS Tire suas d\u00favidas! - Estado de Minas - Em foco","description":"O que \u00e9 o BPC\/LOAS? Quem pode receber? Tire suas d\u00favidas sobre o benef\u00edcio e garanta seus direitos.","robots":{"index":"index","follow":"follow","max-snippet":"max-snippet:-1","max-image-preview":"max-image-preview:large","max-video-preview":"max-video-preview:-1"},"canonical":"https:\/\/www.em.com.br\/emfoco\/2025\/02\/01\/bpc-loas-tire-suas-duvidas\/","og_locale":"pt_BR","og_type":"article","og_title":"BPC\/LOAS Tire suas d\u00favidas! - Estado de Minas - Em foco","og_description":"O que \u00e9 o BPC\/LOAS? Quem pode receber? Tire suas d\u00favidas sobre o benef\u00edcio e garanta seus direitos.","og_url":"https:\/\/www.em.com.br\/emfoco\/2025\/02\/01\/bpc-loas-tire-suas-duvidas\/","og_site_name":"Estado de Minas - Em foco","article_published_time":"2025-02-01T20:00:51+00:00","article_modified_time":"2025-01-31T21:49:35+00:00","og_image":[{"width":1280,"height":720,"url":"https:\/\/www.em.com.br\/emfoco\/wp-content\/uploads\/2024\/12\/Idosos_1734194756779.jpg","type":"image\/jpeg"}],"author":"Kelvin","twitter_card":"summary_large_image","twitter_misc":{"Escrito por":"Kelvin","Est. tempo de leitura":"4 minutos"},"schema":{"@context":"https:\/\/schema.org","@graph":[{"@type":"WebPage","@id":"https:\/\/www.em.com.br\/emfoco\/2025\/02\/01\/bpc-loas-tire-suas-duvidas\/","url":"https:\/\/www.em.com.br\/emfoco\/2025\/02\/01\/bpc-loas-tire-suas-duvidas\/","name":"BPC\/LOAS Tire suas d\u00favidas! - Estado de Minas - Em foco","isPartOf":{"@id":"https:\/\/www.em.com.br\/emfoco\/#website"},"primaryImageOfPage":{"@id":"https:\/\/www.em.com.br\/emfoco\/2025\/02\/01\/bpc-loas-tire-suas-duvidas\/#primaryimage"},"image":{"@id":"https:\/\/www.em.com.br\/emfoco\/2025\/02\/01\/bpc-loas-tire-suas-duvidas\/#primaryimage"},"thumbnailUrl":"https:\/\/www.em.com.br\/emfoco\/wp-content\/uploads\/2024\/12\/Idosos_1734194756779.jpg","datePublished":"2025-02-01T20:00:51+00:00","dateModified":"2025-01-31T21:49:35+00:00","author":{"@id":"https:\/\/www.em.com.br\/emfoco\/#\/schema\/person\/fb0a7f48c6fbb94b83f413a80f61917d"},"description":"O que \u00e9 o BPC\/LOAS? Quem pode receber? Tire suas d\u00favidas sobre o benef\u00edcio e garanta seus direitos.","breadcrumb":{"@id":"https:\/\/www.em.com.br\/emfoco\/2025\/02\/01\/bpc-loas-tire-suas-duvidas\/#breadcrumb"},"inLanguage":"pt-BR","potentialAction":[{"@type":"ReadAction","target":["https:\/\/www.em.com.br\/emfoco\/2025\/02\/01\/bpc-loas-tire-suas-duvidas\/"]}]},{"@type":"ImageObject","inLanguage":"pt-BR","@id":"https:\/\/www.em.com.br\/emfoco\/2025\/02\/01\/bpc-loas-tire-suas-duvidas\/#primaryimage","url":"https:\/\/www.em.com.br\/emfoco\/wp-content\/uploads\/2024\/12\/Idosos_1734194756779.jpg","contentUrl":"https:\/\/www.em.com.br\/emfoco\/wp-content\/uploads\/2024\/12\/Idosos_1734194756779.jpg","width":1280,"height":720,"caption":"Aponsetado - Cr\u00e9ditos: depositphotos.com \/ AndrewLozovyi"},{"@type":"BreadcrumbList","@id":"https:\/\/www.em.com.br\/emfoco\/2025\/02\/01\/bpc-loas-tire-suas-duvidas\/#breadcrumb","itemListElement":[{"@type":"ListItem","position":1,"name":"In\u00edcio","item":"https:\/\/www.em.com.br\/emfoco\/"},{"@type":"ListItem","position":2,"name":"BPC\/LOAS Tire suas d\u00favidas!"}]},{"@type":"WebSite","@id":"https:\/\/www.em.com.br\/emfoco\/#website","url":"https:\/\/www.em.com.br\/emfoco\/","name":"Estado de Minas - Em foco","description":"Acompanhe as \u00faltimas not\u00edcias e fique bem informado sobre tudo o que acontece em Minas Gerais, Brasil e no mundo.","potentialAction":[{"@type":"SearchAction","target":{"@type":"EntryPoint","urlTemplate":"https:\/\/www.em.com.br\/emfoco\/?s={search_term_string}"},"query-input":{"@type":"PropertyValueSpecification","valueRequired":true,"valueName":"search_term_string"}}],"inLanguage":"pt-BR"},{"@type":"Person","@id":"https:\/\/www.em.com.br\/emfoco\/#\/schema\/person\/fb0a7f48c6fbb94b83f413a80f61917d","name":"Kelvin","image":{"@type":"ImageObject","inLanguage":"pt-BR","@id":"https:\/\/www.em.com.br\/emfoco\/#\/schema\/person\/image\/","url":"https:\/\/secure.gravatar.com\/avatar\/e74f84337e6bf6c4c5e88fbdffa05270?s=96&d=mm&r=g","contentUrl":"https:\/\/secure.gravatar.com\/avatar\/e74f84337e6bf6c4c5e88fbdffa05270?s=96&d=mm&r=g","caption":"Kelvin"},"sameAs":["https:\/\/www.em.com.br\/emfoco"],"url":"https:\/\/www.em.com.br\/emfoco\/author\/kelvinmyth\/"}]}},"_links":{"self":[{"href":"https:\/\/www.em.com.br\/emfoco\/wp-json\/wp\/v2\/posts\/15176","targetHints":{"allow":["GET"]}}],"collection":[{"href":"https:\/\/www.em.com.br\/emfoco\/wp-json\/wp\/v2\/posts"}],"about":[{"href":"https:\/\/www.em.com.br\/emfoco\/wp-json\/wp\/v2\/types\/post"}],"author":[{"embeddable":true,"href":"https:\/\/www.em.com.br\/emfoco\/wp-json\/wp\/v2\/users\/7"}],"replies":[{"embeddable":true,"href":"https:\/\/www.em.com.br\/emfoco\/wp-json\/wp\/v2\/comments?post=15176"}],"version-history":[{"count":3,"href":"https:\/\/www.em.com.br\/emfoco\/wp-json\/wp\/v2\/posts\/15176\/revisions"}],"predecessor-version":[{"id":15486,"href":"https:\/\/www.em.com.br\/emfoco\/wp-json\/wp\/v2\/posts\/15176\/revisions\/15486"}],"wp:featuredmedia":[{"embeddable":true,"href":"https:\/\/www.em.com.br\/emfoco\/wp-json\/wp\/v2\/media\/5003"}],"wp:attachment":[{"href":"https:\/\/www.em.com.br\/emfoco\/wp-json\/wp\/v2\/media?parent=15176"}],"wp:term":[{"taxonomy":"category","embeddable":true,"href":"https:\/\/www.em.com.br\/emfoco\/wp-json\/wp\/v2\/categories?post=15176"},{"taxonomy":"post_tag","embeddable":true,"href":"https:\/\/www.em.com.br\/emfoco\/wp-json\/wp\/v2\/tags?post=15176"}],"curies":[{"name":"wp","href":"https:\/\/api.w.org\/{rel}","templated":true}]}}