{"id":151741,"date":"2026-01-09T14:35:00","date_gmt":"2026-01-09T17:35:00","guid":{"rendered":"https:\/\/www.em.com.br\/emfoco\/?p=151741"},"modified":"2026-01-15T20:19:04","modified_gmt":"2026-01-15T23:19:04","slug":"como-tratar-a-flacidez-no-rosto-e-rosto-e-comecar-a-estimular-o-colageno","status":"publish","type":"post","link":"https:\/\/www.em.com.br\/emfoco\/2026\/01\/09\/como-tratar-a-flacidez-no-rosto-e-rosto-e-comecar-a-estimular-o-colageno\/","title":{"rendered":"Como tratar a flacidez no rosto e come\u00e7ar a estimular o col\u00e1geno"},"content":{"rendered":"\n<h2 class=\"wp-block-heading\">A flacidez facial come\u00e7a antes dos 30 com a queda gradual do col\u00e1geno a partir dos 25 anos. Skincare com retinoides e pept\u00eddeos ajuda, mas casos mais profundos exigem bioestimuladores, ultrassom microfocado e radiofrequ\u00eancia.<a href=\"https:\/\/www.youtube.com\/@DraMarinaHayashida\"><\/a><\/h2>\n\n\n\n<p>A <strong>flacidez facial<\/strong> e no pesco\u00e7o come\u00e7a a se desenvolver muito antes do que aparenta no espelho. Estudos dermatol\u00f3gicos mostram que a queda do col\u00e1geno se inicia por volta dos 25 anos, exigindo cuidados combinados entre skincare, procedimentos e h\u00e1bitos di\u00e1rios.<\/p>\n\n\n\n<h2 class=\"wp-block-heading\">Por que a flacidez facial come\u00e7a antes dos 30 anos?<\/h2>\n\n\n\n<p>A produ\u00e7\u00e3o natural de <strong>col\u00e1geno<\/strong> come\u00e7a a diminuir de forma cont\u00ednua ainda na juventude, mesmo sem sinais vis\u00edveis de pele ca\u00edda. Os primeiros ind\u00edcios costumam ser poros mais aparentes, linhas finas e perda de vi\u00e7o, especialmente ao redor dos olhos e da boca.<\/p>\n\n\n\n<p>Al\u00e9m do envelhecimento biol\u00f3gico, fatores externos aceleram o processo. <strong>Radia\u00e7\u00e3o solar<\/strong>, polui\u00e7\u00e3o, estresse e glica\u00e7\u00e3o causada pelo excesso de a\u00e7\u00facar degradam as fibras de sustenta\u00e7\u00e3o, tornando a preven\u00e7\u00e3o precoce essencial para preservar a firmeza da pele.<\/p>\n\n\n\n<p>Separamos um v\u00eddeo da especialista do canal do YouTube <strong><a href=\"https:\/\/www.youtube.com\/@DraMarinaHayashida\" target=\"_blank\" rel=\"noreferrer noopener\">Dra. Marina Hayashida<\/a><\/strong> dando mais dicas de tratamentos e cuidados para acabar com a flacidez do rosto.<\/p>\n\n\n\n<figure class=\"wp-block-embed is-type-video is-provider-youtube wp-block-embed-youtube wp-embed-aspect-16-9 wp-has-aspect-ratio\"><div class=\"wp-block-embed__wrapper\">\n<div class=\"jeg_video_container jeg_video_content\"><iframe loading=\"lazy\" title=\"Como TRATAR a FLACIDEZ no ROSTO e PESCO\u00c7O e estimular COL\u00c1GENO\" width=\"500\" height=\"281\" src=\"https:\/\/www.youtube.com\/embed\/iDMk8sA4FBg?feature=oembed\" frameborder=\"0\" allow=\"accelerometer; autoplay; clipboard-write; encrypted-media; gyroscope; picture-in-picture; web-share\" referrerpolicy=\"strict-origin-when-cross-origin\" allowfullscreen><\/iframe><\/div>\n<\/div><\/figure>\n\n\n\n<h2 class=\"wp-block-heading\">Quais ativos de skincare realmente estimulam col\u00e1geno?<\/h2>\n\n\n\n<p>Para atuar nas camadas superficiais da pele, o <strong>skincare com base cient\u00edfica<\/strong> \u00e9 indispens\u00e1vel. Alguns ativos t\u00eam comprova\u00e7\u00e3o s\u00f3lida na melhora da textura, da densidade e da renova\u00e7\u00e3o celular, como voc\u00ea v\u00ea a seguir.<\/p>\n\n\n\n<ul class=\"wp-block-list\">\n<li>Retinoides: estimulam renova\u00e7\u00e3o celular e suavizam linhas finas.<\/li>\n\n\n\n<li>\u00c1cidos esfoliantes: promovem renova\u00e7\u00e3o da epiderme e mais vi\u00e7o.<\/li>\n\n\n\n<li>Pept\u00eddeos: sinalizam \u00e0s c\u00e9lulas a produ\u00e7\u00e3o de novas fibras.<\/li>\n<\/ul>\n\n\n\n<p><em>Leia mais: <strong><a href=\"https:\/\/www.em.com.br\/emfoco\/2026\/01\/07\/como-afinar-o-rosto-e-parecer-mais-magra-usando-apenas-2-produtos\/\" target=\"_blank\" rel=\"noreferrer noopener\">Como afinar o rosto e parecer mais magra usando apenas 2 produtos<\/a><\/strong><\/em><\/p>\n\n\n\n<h2 class=\"wp-block-heading\">Quando os cremes deixam de ser suficientes?<\/h2>\n\n\n\n<p>Quando a <strong>flacidez da pele<\/strong> atinge camadas profundas, como a derme profunda e os tecidos de sustenta\u00e7\u00e3o, os cosm\u00e9ticos j\u00e1 n\u00e3o conseguem entregar resultados vis\u00edveis sozinhos. Nesse est\u00e1gio, a abordagem precisa ser mais robusta.<\/p>\n\n\n\n<p>\u00c9 nesse ponto que entram tecnologias m\u00e9dicas capazes de estimular col\u00e1geno em profundidade. <strong>Procedimentos dermatol\u00f3gicos<\/strong> atuam al\u00e9m da superf\u00edcie, promovendo firmeza real e melhora do contorno facial sem depender apenas do skincare di\u00e1rio.<\/p>\n\n\n\n<figure class=\"wp-block-image size-large\"><img loading=\"lazy\" decoding=\"async\" width=\"1024\" height=\"576\" src=\"https:\/\/www.em.com.br\/emfoco\/wp-content\/uploads\/2026\/01\/IA-72-1024x576.jpg\" alt=\"Como tratar a flacidez no rosto e rosto e come\u00e7ar a estimular o col\u00e1geno\" class=\"wp-image-151985\" srcset=\"https:\/\/www.em.com.br\/emfoco\/wp-content\/uploads\/2026\/01\/IA-72-1024x576.jpg 1024w, https:\/\/www.em.com.br\/emfoco\/wp-content\/uploads\/2026\/01\/IA-72-300x169.jpg 300w, https:\/\/www.em.com.br\/emfoco\/wp-content\/uploads\/2026\/01\/IA-72-768x432.jpg 768w, https:\/\/www.em.com.br\/emfoco\/wp-content\/uploads\/2026\/01\/IA-72-750x422.jpg 750w, https:\/\/www.em.com.br\/emfoco\/wp-content\/uploads\/2026\/01\/IA-72-1140x641.jpg 1140w, https:\/\/www.em.com.br\/emfoco\/wp-content\/uploads\/2026\/01\/IA-72.jpg 1280w\" sizes=\"auto, (max-width: 1024px) 100vw, 1024px\" \/><figcaption class=\"wp-element-caption\">Cremes falham quando flacidez atinge camadas profundas da pele<\/figcaption><\/figure>\n\n\n\n<h2 class=\"wp-block-heading\">Quais procedimentos oferecem melhores resultados hoje?<\/h2>\n\n\n\n<p>Os tratamentos em consult\u00f3rio evolu\u00edram e hoje combinam est\u00edmulo biol\u00f3gico e tecnologia. As op\u00e7\u00f5es mais eficazes para firmeza facial e do pesco\u00e7o est\u00e3o listadas abaixo.<\/p>\n\n\n\n<ul class=\"wp-block-list\">\n<li>Bioestimuladores injet\u00e1veis: induzem produ\u00e7\u00e3o de col\u00e1geno novo na regi\u00e3o tratada.<\/li>\n\n\n\n<li>Ultrassom microfocado: alcan\u00e7a o SMAS e gera efeito lifting sem cirurgia.<\/li>\n\n\n\n<li>Radiofrequ\u00eancia moderna: usa calor controlado para densificar e firmar a pele.<\/li>\n<\/ul>\n\n\n\n<p>A combina\u00e7\u00e3o correta entre procedimentos, alimenta\u00e7\u00e3o adequada e exerc\u00edcios de for\u00e7a potencializa os resultados. A ci\u00eancia mostra que a <strong>densidade da derme<\/strong> responde melhor quando o cuidado \u00e9 integrado, consistente e iniciado antes da flacidez avan\u00e7ada.<\/p>\n","protected":false},"excerpt":{"rendered":"<p>A flacidez facial come\u00e7a antes dos 30 com a queda gradual do col\u00e1geno a partir dos 25 anos. Skincare com retinoides e pept\u00eddeos ajuda, mas casos mais profundos exigem bioestimuladores, ultrassom microfocado e radiofrequ\u00eancia. A flacidez facial e no pesco\u00e7o come\u00e7a a se desenvolver muito antes do que aparenta no espelho. Estudos dermatol\u00f3gicos mostram que [&hellip;]<\/p>\n","protected":false},"author":13,"featured_media":151984,"comment_status":"open","ping_status":"open","sticky":false,"template":"","format":"standard","meta":{"jnews-multi-image_gallery":[],"jnews_single_post":{"format":"standard"},"jnews_primary_category":[],"jnews_social_meta":[],"jnews_override_counter":[],"footnotes":""},"categories":[8819],"tags":[712,4939,22134],"class_list":["post-151741","post","type-post","status-publish","format-standard","has-post-thumbnail","hentry","category-curiosidades","tag-autocuidado","tag-cuidados-com-a-pele","tag-flacidez-facial"],"yoast_head":"<!-- This site is optimized with the Yoast SEO plugin v23.8 - https:\/\/yoast.com\/wordpress\/plugins\/seo\/ -->\n<title>Como tratar a flacidez no rosto e come\u00e7ar a estimular o col\u00e1geno - Estado de Minas - Em foco<\/title>\n<meta name=\"description\" content=\"Flacidez come\u00e7a aos 25 anos, mesmo sem sinais no espelho. Veja como prevenir com skincare eficaz e quando \u00e9 hora de apostar em procedimentos.\" \/>\n<meta name=\"robots\" content=\"index, follow, max-snippet:-1, max-image-preview:large, max-video-preview:-1\" \/>\n<link rel=\"canonical\" href=\"https:\/\/www.em.com.br\/emfoco\/2026\/01\/09\/como-tratar-a-flacidez-no-rosto-e-rosto-e-comecar-a-estimular-o-colageno\/\" \/>\n<meta property=\"og:locale\" content=\"pt_BR\" \/>\n<meta property=\"og:type\" content=\"article\" \/>\n<meta property=\"og:title\" content=\"Como tratar a flacidez no rosto e come\u00e7ar a estimular o col\u00e1geno - Estado de Minas - Em foco\" \/>\n<meta property=\"og:description\" content=\"Flacidez come\u00e7a aos 25 anos, mesmo sem sinais no espelho. Veja como prevenir com skincare eficaz e quando \u00e9 hora de apostar em procedimentos.\" \/>\n<meta property=\"og:url\" content=\"https:\/\/www.em.com.br\/emfoco\/2026\/01\/09\/como-tratar-a-flacidez-no-rosto-e-rosto-e-comecar-a-estimular-o-colageno\/\" \/>\n<meta property=\"og:site_name\" content=\"Estado de Minas - Em foco\" \/>\n<meta property=\"article:published_time\" content=\"2026-01-09T17:35:00+00:00\" \/>\n<meta property=\"article:modified_time\" content=\"2026-01-15T23:19:04+00:00\" \/>\n<meta property=\"og:image\" content=\"https:\/\/www.em.com.br\/emfoco\/wp-content\/uploads\/2026\/01\/IA-24-3.jpg\" \/>\n\t<meta property=\"og:image:width\" content=\"1280\" \/>\n\t<meta property=\"og:image:height\" content=\"720\" \/>\n\t<meta property=\"og:image:type\" content=\"image\/jpeg\" \/>\n<meta name=\"author\" content=\"Gabriel Martins\" \/>\n<meta name=\"twitter:card\" content=\"summary_large_image\" \/>\n<meta name=\"twitter:label1\" content=\"Escrito por\" \/>\n\t<meta name=\"twitter:data1\" content=\"Gabriel Martins\" \/>\n\t<meta name=\"twitter:label2\" content=\"Est. tempo de leitura\" \/>\n\t<meta name=\"twitter:data2\" content=\"3 minutos\" \/>\n<!-- \/ Yoast SEO plugin. -->","yoast_head_json":{"title":"Como tratar a flacidez no rosto e come\u00e7ar a estimular o col\u00e1geno - Estado de Minas - Em foco","description":"Flacidez come\u00e7a aos 25 anos, mesmo sem sinais no espelho. Veja como prevenir com skincare eficaz e quando \u00e9 hora de apostar em procedimentos.","robots":{"index":"index","follow":"follow","max-snippet":"max-snippet:-1","max-image-preview":"max-image-preview:large","max-video-preview":"max-video-preview:-1"},"canonical":"https:\/\/www.em.com.br\/emfoco\/2026\/01\/09\/como-tratar-a-flacidez-no-rosto-e-rosto-e-comecar-a-estimular-o-colageno\/","og_locale":"pt_BR","og_type":"article","og_title":"Como tratar a flacidez no rosto e come\u00e7ar a estimular o col\u00e1geno - Estado de Minas - Em foco","og_description":"Flacidez come\u00e7a aos 25 anos, mesmo sem sinais no espelho. Veja como prevenir com skincare eficaz e quando \u00e9 hora de apostar em procedimentos.","og_url":"https:\/\/www.em.com.br\/emfoco\/2026\/01\/09\/como-tratar-a-flacidez-no-rosto-e-rosto-e-comecar-a-estimular-o-colageno\/","og_site_name":"Estado de Minas - Em foco","article_published_time":"2026-01-09T17:35:00+00:00","article_modified_time":"2026-01-15T23:19:04+00:00","og_image":[{"width":1280,"height":720,"url":"https:\/\/www.em.com.br\/emfoco\/wp-content\/uploads\/2026\/01\/IA-24-3.jpg","type":"image\/jpeg"}],"author":"Gabriel Martins","twitter_card":"summary_large_image","twitter_misc":{"Escrito por":"Gabriel Martins","Est. tempo de leitura":"3 minutos"},"schema":{"@context":"https:\/\/schema.org","@graph":[{"@type":"WebPage","@id":"https:\/\/www.em.com.br\/emfoco\/2026\/01\/09\/como-tratar-a-flacidez-no-rosto-e-rosto-e-comecar-a-estimular-o-colageno\/","url":"https:\/\/www.em.com.br\/emfoco\/2026\/01\/09\/como-tratar-a-flacidez-no-rosto-e-rosto-e-comecar-a-estimular-o-colageno\/","name":"Como tratar a flacidez no rosto e come\u00e7ar a estimular o col\u00e1geno - Estado de Minas - Em foco","isPartOf":{"@id":"https:\/\/www.em.com.br\/emfoco\/#website"},"primaryImageOfPage":{"@id":"https:\/\/www.em.com.br\/emfoco\/2026\/01\/09\/como-tratar-a-flacidez-no-rosto-e-rosto-e-comecar-a-estimular-o-colageno\/#primaryimage"},"image":{"@id":"https:\/\/www.em.com.br\/emfoco\/2026\/01\/09\/como-tratar-a-flacidez-no-rosto-e-rosto-e-comecar-a-estimular-o-colageno\/#primaryimage"},"thumbnailUrl":"https:\/\/www.em.com.br\/emfoco\/wp-content\/uploads\/2026\/01\/IA-24-3.jpg","datePublished":"2026-01-09T17:35:00+00:00","dateModified":"2026-01-15T23:19:04+00:00","author":{"@id":"https:\/\/www.em.com.br\/emfoco\/#\/schema\/person\/1c9ddeab18b98abeffef834667bcf08a"},"description":"Flacidez come\u00e7a aos 25 anos, mesmo sem sinais no espelho. Veja como prevenir com skincare eficaz e quando \u00e9 hora de apostar em procedimentos.","breadcrumb":{"@id":"https:\/\/www.em.com.br\/emfoco\/2026\/01\/09\/como-tratar-a-flacidez-no-rosto-e-rosto-e-comecar-a-estimular-o-colageno\/#breadcrumb"},"inLanguage":"pt-BR","potentialAction":[{"@type":"ReadAction","target":["https:\/\/www.em.com.br\/emfoco\/2026\/01\/09\/como-tratar-a-flacidez-no-rosto-e-rosto-e-comecar-a-estimular-o-colageno\/"]}]},{"@type":"ImageObject","inLanguage":"pt-BR","@id":"https:\/\/www.em.com.br\/emfoco\/2026\/01\/09\/como-tratar-a-flacidez-no-rosto-e-rosto-e-comecar-a-estimular-o-colageno\/#primaryimage","url":"https:\/\/www.em.com.br\/emfoco\/wp-content\/uploads\/2026\/01\/IA-24-3.jpg","contentUrl":"https:\/\/www.em.com.br\/emfoco\/wp-content\/uploads\/2026\/01\/IA-24-3.jpg","width":1280,"height":720,"caption":"Flacidez inicia cedo exigindo cuidados integrados entre h\u00e1bitos e tratamentos"},{"@type":"BreadcrumbList","@id":"https:\/\/www.em.com.br\/emfoco\/2026\/01\/09\/como-tratar-a-flacidez-no-rosto-e-rosto-e-comecar-a-estimular-o-colageno\/#breadcrumb","itemListElement":[{"@type":"ListItem","position":1,"name":"In\u00edcio","item":"https:\/\/www.em.com.br\/emfoco\/"},{"@type":"ListItem","position":2,"name":"Como tratar a flacidez no rosto e come\u00e7ar a estimular o col\u00e1geno"}]},{"@type":"WebSite","@id":"https:\/\/www.em.com.br\/emfoco\/#website","url":"https:\/\/www.em.com.br\/emfoco\/","name":"Estado de Minas - Em foco","description":"Acompanhe as \u00faltimas not\u00edcias e fique bem informado sobre tudo o que acontece em Minas Gerais, Brasil e no mundo.","potentialAction":[{"@type":"SearchAction","target":{"@type":"EntryPoint","urlTemplate":"https:\/\/www.em.com.br\/emfoco\/?s={search_term_string}"},"query-input":{"@type":"PropertyValueSpecification","valueRequired":true,"valueName":"search_term_string"}}],"inLanguage":"pt-BR"},{"@type":"Person","@id":"https:\/\/www.em.com.br\/emfoco\/#\/schema\/person\/1c9ddeab18b98abeffef834667bcf08a","name":"Gabriel Martins","image":{"@type":"ImageObject","inLanguage":"pt-BR","@id":"https:\/\/www.em.com.br\/emfoco\/#\/schema\/person\/image\/","url":"https:\/\/secure.gravatar.com\/avatar\/f0f1e2efdfd88f1ad2cb08c5c2731e50?s=96&d=mm&r=g","contentUrl":"https:\/\/secure.gravatar.com\/avatar\/f0f1e2efdfd88f1ad2cb08c5c2731e50?s=96&d=mm&r=g","caption":"Gabriel Martins"},"sameAs":["https:\/\/www.em.com.br\/emfoco\/"],"url":"https:\/\/www.em.com.br\/emfoco\/author\/gabrielmartinsmyth\/"}]}},"_links":{"self":[{"href":"https:\/\/www.em.com.br\/emfoco\/wp-json\/wp\/v2\/posts\/151741","targetHints":{"allow":["GET"]}}],"collection":[{"href":"https:\/\/www.em.com.br\/emfoco\/wp-json\/wp\/v2\/posts"}],"about":[{"href":"https:\/\/www.em.com.br\/emfoco\/wp-json\/wp\/v2\/types\/post"}],"author":[{"embeddable":true,"href":"https:\/\/www.em.com.br\/emfoco\/wp-json\/wp\/v2\/users\/13"}],"replies":[{"embeddable":true,"href":"https:\/\/www.em.com.br\/emfoco\/wp-json\/wp\/v2\/comments?post=151741"}],"version-history":[{"count":2,"href":"https:\/\/www.em.com.br\/emfoco\/wp-json\/wp\/v2\/posts\/151741\/revisions"}],"predecessor-version":[{"id":155995,"href":"https:\/\/www.em.com.br\/emfoco\/wp-json\/wp\/v2\/posts\/151741\/revisions\/155995"}],"wp:featuredmedia":[{"embeddable":true,"href":"https:\/\/www.em.com.br\/emfoco\/wp-json\/wp\/v2\/media\/151984"}],"wp:attachment":[{"href":"https:\/\/www.em.com.br\/emfoco\/wp-json\/wp\/v2\/media?parent=151741"}],"wp:term":[{"taxonomy":"category","embeddable":true,"href":"https:\/\/www.em.com.br\/emfoco\/wp-json\/wp\/v2\/categories?post=151741"},{"taxonomy":"post_tag","embeddable":true,"href":"https:\/\/www.em.com.br\/emfoco\/wp-json\/wp\/v2\/tags?post=151741"}],"curies":[{"name":"wp","href":"https:\/\/api.w.org\/{rel}","templated":true}]}}