{"id":151643,"date":"2026-01-10T11:25:00","date_gmt":"2026-01-10T14:25:00","guid":{"rendered":"https:\/\/www.em.com.br\/emfoco\/?p=151643"},"modified":"2026-01-09T18:52:28","modified_gmt":"2026-01-09T21:52:28","slug":"pouca-gente-conhece-mas-essa-cidade-mineira-guarda-um-dos-estilos-de-vida-mais-tranquilos-do-brasil","status":"publish","type":"post","link":"https:\/\/www.em.com.br\/emfoco\/2026\/01\/10\/pouca-gente-conhece-mas-essa-cidade-mineira-guarda-um-dos-estilos-de-vida-mais-tranquilos-do-brasil\/","title":{"rendered":"Pouca gente conhece, mas essa cidade mineira guarda um dos estilos de vida mais tranquilos do Brasil"},"content":{"rendered":"\n<p>O munic\u00edpio de <strong>Serro<\/strong> preserva ladeiras de pedra e casarios do s\u00e9culo 18 que narram o <strong>Ciclo do Ouro<\/strong> em<strong> Minas Gerais<\/strong>. Localizada a 230 km de <strong>Belo Horizonte<\/strong> pela rota da <strong>Serra do Cip\u00f3<\/strong>, a regi\u00e3o oferece um mergulho na gastronomia artesanal.<\/p>\n\n\n\n<p>Para quem busca conforto, o acesso alternativo pela BR-040 soma 330 km de estradas totalmente asfaltadas at\u00e9 o centro hist\u00f3rico. O destino \u00e9 refer\u00eancia para viajantes que apreciam o sil\u00eancio das montanhas e a arquitetura colonial preservada.<\/p>\n\n\n\n<h2 class=\"wp-block-heading\">Por que Serro \u00e9 considerada um dos melhores ref\u00fagios para viver no Brasil?<\/h2>\n\n\n\n<p>A tranquilidade urbana define o cotidiano desta localidade que prioriza a preserva\u00e7\u00e3o da mem\u00f3ria e o bem-estar dos moradores. Viver entre as montanhas mineiras proporciona um ritmo desacelerado, onde o ar puro e a seguran\u00e7a comunit\u00e1ria s\u00e3o pilares fundamentais.<\/p>\n\n\n\n<p>A cidade atrai quem busca desconex\u00e3o da agita\u00e7\u00e3o das metr\u00f3poles sem perder o acesso aos servi\u00e7os essenciais da regi\u00e3o central. O ambiente preservado cria um cen\u00e1rio l\u00fadico que estimula o turismo sustent\u00e1vel e valoriza as propriedades imobili\u00e1rias hist\u00f3ricas do n\u00facleo urbano.<\/p>\n\n\n<div class=\"wp-block-image\">\n<figure class=\"aligncenter size-large\"><img loading=\"lazy\" decoding=\"async\" width=\"1024\" height=\"576\" src=\"https:\/\/www.em.com.br\/emfoco\/wp-content\/uploads\/2026\/01\/Serra2-1024x576.jpg\" alt=\"\" class=\"wp-image-153352\" srcset=\"https:\/\/www.em.com.br\/emfoco\/wp-content\/uploads\/2026\/01\/Serra2-1024x576.jpg 1024w, https:\/\/www.em.com.br\/emfoco\/wp-content\/uploads\/2026\/01\/Serra2-300x169.jpg 300w, https:\/\/www.em.com.br\/emfoco\/wp-content\/uploads\/2026\/01\/Serra2-768x432.jpg 768w, https:\/\/www.em.com.br\/emfoco\/wp-content\/uploads\/2026\/01\/Serra2-750x422.jpg 750w, https:\/\/www.em.com.br\/emfoco\/wp-content\/uploads\/2026\/01\/Serra2-1140x641.jpg 1140w, https:\/\/www.em.com.br\/emfoco\/wp-content\/uploads\/2026\/01\/Serra2.jpg 1280w\" sizes=\"auto, (max-width: 1024px) 100vw, 1024px\" \/><figcaption class=\"wp-element-caption\">Serro \u00e9 ber\u00e7o do primeiro queijo patrim\u00f4nio nacional do Brasil \/\/ Cr\u00e9ditos: Wikipedia<\/figcaption><\/figure><\/div>\n\n\n<h2 class=\"wp-block-heading\">Qual \u00e9 o segredo que faz Serro ser \u00fanica no mundo?<\/h2>\n\n\n\n<p>O <strong>Ponto de Ouro<\/strong> desta terra reside na produ\u00e7\u00e3o do <strong>Queijo do Serro<\/strong>, o primeiro bem registrado como patrim\u00f4nio imaterial mineiro e nacional. O modo de fazer artesanal atravessa gera\u00e7\u00f5es e utiliza t\u00e9cnicas trazidas por imigrantes portugueses ainda no per\u00edodo colonial.<\/p>\n\n\n\n<p>Este produto possui caracter\u00edsticas sensoriais exclusivas devido ao clima da <strong>Serra do Espinha\u00e7o<\/strong>, que confere acidez equilibrada e textura inconfund\u00edvel. A iguaria movimenta a economia local e coloca o reduto mineiro no mapa mundial da gastronomia de excel\u00eancia.<\/p>\n\n\n\n<h2 class=\"wp-block-heading\">Quais s\u00e3o os n\u00fameros oficiais do IBGE e o potencial educativo de Serro?<\/h2>\n\n\n\n<p>De acordo com o <strong><a href=\"https:\/\/cidades.ibge.gov.br\/brasil\/mg\/serro\/panorama\" target=\"_blank\" rel=\"noreferrer noopener\">Instituto Brasileiro de Geografia e Estat\u00edstica<\/a> (IBGE)<\/strong>, a popula\u00e7\u00e3o estimada supera os 21 mil habitantes. O centro concentra atividades administrativas e comerciais que atendem diversos distritos e comunidades rurais adjacentes.<\/p>\n\n\n\n<p>A educa\u00e7\u00e3o b\u00e1sica \u00e9 prioridade na gest\u00e3o p\u00fablica, com unidades de ensino que integram o curr\u00edculo escolar \u00e0 preserva\u00e7\u00e3o hist\u00f3rica. Jovens e adultos encontram suporte em escolas t\u00e9cnicas e n\u00facleos de ensino superior que fomentam o desenvolvimento profissional regional.<\/p>\n\n\n<div class=\"wp-block-image\">\n<figure class=\"aligncenter size-large\"><img loading=\"lazy\" decoding=\"async\" width=\"1024\" height=\"576\" src=\"https:\/\/www.em.com.br\/emfoco\/wp-content\/uploads\/2026\/01\/Serra3-1024x576.jpg\" alt=\"\" class=\"wp-image-153351\" srcset=\"https:\/\/www.em.com.br\/emfoco\/wp-content\/uploads\/2026\/01\/Serra3-1024x576.jpg 1024w, https:\/\/www.em.com.br\/emfoco\/wp-content\/uploads\/2026\/01\/Serra3-300x169.jpg 300w, https:\/\/www.em.com.br\/emfoco\/wp-content\/uploads\/2026\/01\/Serra3-768x432.jpg 768w, https:\/\/www.em.com.br\/emfoco\/wp-content\/uploads\/2026\/01\/Serra3-750x422.jpg 750w, https:\/\/www.em.com.br\/emfoco\/wp-content\/uploads\/2026\/01\/Serra3-1140x641.jpg 1140w, https:\/\/www.em.com.br\/emfoco\/wp-content\/uploads\/2026\/01\/Serra3.jpg 1280w\" sizes=\"auto, (max-width: 1024px) 100vw, 1024px\" \/><figcaption class=\"wp-element-caption\">Serro encanta com arquitetura colonial e sil\u00eancio das montanhas \/\/ Cr\u00e9ditos: Wikipedia<\/figcaption><\/figure><\/div>\n\n\n<h2 class=\"wp-block-heading\">O que visitar em Serro para ter uma experi\u00eancia de morador local?<\/h2>\n\n\n\n<p>Explorar o conjunto arquitet\u00f4nico permite sentir a ess\u00eancia mineira atrav\u00e9s de monumentos religiosos e espa\u00e7os culturais que guardam rel\u00edquias do passado. Os pontos tur\u00edsticos listados abaixo oferecem uma imers\u00e3o completa na cultura local:<\/p>\n\n\n\n<ul class=\"wp-block-list has-medium-font-size\">\n<li><strong>Igreja de Santa Rita<\/strong>: o visual do topo da escadaria revela o horizonte ondulado das montanhas sob o som dos sinos centen\u00e1rios.<\/li>\n\n\n\n<li><strong>Ch\u00e1cara do Bar\u00e3o<\/strong>: sede da Secretaria de Cultura, o casar\u00e3o exala o aroma de mato molhado e oferece acesso livre aos jardins.<\/li>\n\n\n\n<li><strong>Museu Regional<\/strong>: o ambiente silencioso abriga pe\u00e7as sacras e mobili\u00e1rio antigo que transportam o visitante para o s\u00e9culo 19.<\/li>\n\n\n\n<li><strong>Feira Livre<\/strong>: o espa\u00e7o vibrante concentra o sabor marcante dos doces de leite e a produ\u00e7\u00e3o leg\u00edtima das fazendas queijeiras.<\/li>\n<\/ul>\n\n\n\n<p>Quem busca uma imers\u00e3o na cultura mineira e no sabor aut\u00eantico do queijo, vai curtir esse v\u00eddeo especialmente selecionado do canal <strong>Boa Sorte Viajante &#8211; Matheus Boa Sorte<\/strong>, que conta com mais de 1,3 milh\u00e3o de visualiza\u00e7\u00f5es, onde <strong>Matheus<\/strong> mostra detalhadamente as belezas do <strong>Serro<\/strong>, desde o centro hist\u00f3rico at\u00e9 as comunidades de <strong>Milho Verde<\/strong> e <strong>S\u00e3o Gon\u00e7alo do Rio das Pedras<\/strong>:<\/p>\n\n\n\n<figure class=\"wp-block-embed is-type-video is-provider-youtube wp-block-embed-youtube wp-embed-aspect-16-9 wp-has-aspect-ratio\"><div class=\"wp-block-embed__wrapper\">\n<div class=\"jeg_video_container jeg_video_content\"><iframe loading=\"lazy\" title=\"SERRO\/MG | Uma viagem completa, por este para\u00edso mineiro!\" width=\"500\" height=\"281\" src=\"https:\/\/www.youtube.com\/embed\/qexRDQYxcaI?feature=oembed\" frameborder=\"0\" allow=\"accelerometer; autoplay; clipboard-write; encrypted-media; gyroscope; picture-in-picture; web-share\" referrerpolicy=\"strict-origin-when-cross-origin\" allowfullscreen><\/iframe><\/div>\n<\/div><\/figure>\n\n\n\n<p><strong>Leia tamb\u00e9m: <a href=\"https:\/\/www.em.com.br\/emfoco\/2026\/01\/09\/essa-e-considerada-a-cidade-mais-mistica-do-brasil-e-fica-em-minas-gerais\/\" target=\"_blank\" rel=\"noreferrer noopener\">Essa \u00e9 considerada a cidade mais m\u00edstica do Brasil e fica em Minas Gerais<\/a><\/strong><\/p>\n\n\n\n<h2 class=\"wp-block-heading\">Qual \u00e9 o clima em Serro ao longo do ano e a melhor \u00e9poca para visitar?<\/h2>\n\n\n\n<p>A localidade est\u00e1 situada em uma altitude de aproximadamente 900 metros, o que garante temperaturas amenas mesmo durante os meses quentes. A ventila\u00e7\u00e3o constante vinda das serras contribui para um clima tropical de altitude muito agrad\u00e1vel para o turismo.<\/p>\n\n\n\n<p>Acompanhe na tabela a seguir as varia\u00e7\u00f5es clim\u00e1ticas baseadas em dados aproximados do portal <strong><a href=\"https:\/\/www.climatempo.com.br\/previsao-do-tempo\/cidade\/4029\/serro-mg\" target=\"_blank\" rel=\"noreferrer noopener\">Climatempo <\/a><\/strong>para planejar sua estadia:<\/p>\n\n\n\n<figure class=\"wp-block-table\"><table class=\"has-fixed-layout\"><thead><tr><th>Per\u00edodo<\/th><th>Temperatura M\u00e9dia<\/th><th>O que esperar<\/th><\/tr><\/thead><tbody><tr><td>Ver\u00e3o (Dezembro a Mar\u00e7o)<\/td><td>24\u00b0C<\/td><td>Chuvas passageiras e paisagens muito verdes<\/td><\/tr><tr><td>Outono (Abril a Junho)<\/td><td>19\u00b0C<\/td><td>C\u00e9u limpo e noites com leve brisa fresca<\/td><\/tr><tr><td>Inverno (Julho a Setembro)<\/td><td>16\u00b0C<\/td><td>Frio intenso nas madrugadas e sol radiante<\/td><\/tr><tr><td>Primavera (Outubro a Novembro)<\/td><td>22\u00b0C<\/td><td>Florescimento da vegeta\u00e7\u00e3o e umidade moderada<\/td><\/tr><\/tbody><\/table><\/figure>\n\n\n\n<h2 class=\"wp-block-heading\">Como chegar em Serro e por que voc\u00ea precisa conhecer o local agora?<\/h2>\n\n\n\n<p>A viagem leva cerca de 5h30 partindo do Aeroporto de <strong>Confins<\/strong>, ou aproximadamente quatro horas se o ponto de sa\u00edda for o centro da capital. O trajeto pela MG-010 oferece vistas deslumbrantes, embora exija aten\u00e7\u00e3o aos trechos de terra na regi\u00e3o pr\u00f3xima \u00e0 cidade.<\/p>\n\n\n\n<p>Visitar este destino hist\u00f3rico significa apoiar a manuten\u00e7\u00e3o de tradi\u00e7\u00f5es ricas e desfrutar de uma hospitalidade genu\u00edna. Venha visitar <strong>Serro<\/strong> e permita que o tempo pare enquanto voc\u00ea caminha por entre igrejas barrocas e saboreia o melhor queijo artesanal do pa\u00eds.<\/p>\n","protected":false},"excerpt":{"rendered":"<p>O munic\u00edpio de Serro preserva ladeiras de pedra e casarios do s\u00e9culo 18 que narram o Ciclo do Ouro em Minas Gerais. Localizada a 230 km de Belo Horizonte pela rota da Serra do Cip\u00f3, a regi\u00e3o oferece um mergulho na gastronomia artesanal. Para quem busca conforto, o acesso alternativo pela BR-040 soma 330 km [&hellip;]<\/p>\n","protected":false},"author":6,"featured_media":153353,"comment_status":"open","ping_status":"open","sticky":false,"template":"","format":"standard","meta":{"jnews-multi-image_gallery":[],"jnews_single_post":{"format":"standard"},"jnews_primary_category":[],"jnews_social_meta":[],"jnews_override_counter":[],"footnotes":""},"categories":[26],"tags":[183,207,22100],"class_list":["post-151643","post","type-post","status-publish","format-standard","has-post-thumbnail","hentry","category-cidades","tag-cidades","tag-minas-gerais","tag-serro"],"yoast_head":"<!-- This site is optimized with the Yoast SEO plugin v23.8 - https:\/\/yoast.com\/wordpress\/plugins\/seo\/ -->\n<title>Pouca gente conhece, mas essa cidade mineira guarda um dos estilos de vida mais tranquilos do Brasil - Estado de Minas - Em foco<\/title>\n<meta name=\"description\" content=\"Entenda como esta pequena cidade mineira preserva tradi\u00e7\u00f5es e oferece um dos estilos de vida mais sossegados de todo o pa\u00eds.\" \/>\n<meta name=\"robots\" content=\"index, follow, max-snippet:-1, max-image-preview:large, max-video-preview:-1\" \/>\n<link rel=\"canonical\" href=\"https:\/\/www.em.com.br\/emfoco\/2026\/01\/10\/pouca-gente-conhece-mas-essa-cidade-mineira-guarda-um-dos-estilos-de-vida-mais-tranquilos-do-brasil\/\" \/>\n<meta property=\"og:locale\" content=\"pt_BR\" \/>\n<meta property=\"og:type\" content=\"article\" \/>\n<meta property=\"og:title\" content=\"Pouca gente conhece, mas essa cidade mineira guarda um dos estilos de vida mais tranquilos do Brasil - Estado de Minas - Em foco\" \/>\n<meta property=\"og:description\" content=\"Entenda como esta pequena cidade mineira preserva tradi\u00e7\u00f5es e oferece um dos estilos de vida mais sossegados de todo o pa\u00eds.\" \/>\n<meta property=\"og:url\" content=\"https:\/\/www.em.com.br\/emfoco\/2026\/01\/10\/pouca-gente-conhece-mas-essa-cidade-mineira-guarda-um-dos-estilos-de-vida-mais-tranquilos-do-brasil\/\" \/>\n<meta property=\"og:site_name\" content=\"Estado de Minas - Em foco\" \/>\n<meta property=\"article:published_time\" content=\"2026-01-10T14:25:00+00:00\" \/>\n<meta property=\"article:modified_time\" content=\"2026-01-09T21:52:28+00:00\" \/>\n<meta property=\"og:image\" content=\"https:\/\/www.em.com.br\/emfoco\/wp-content\/uploads\/2026\/01\/serro.jpg\" \/>\n\t<meta property=\"og:image:width\" content=\"1280\" \/>\n\t<meta property=\"og:image:height\" content=\"720\" \/>\n\t<meta property=\"og:image:type\" content=\"image\/jpeg\" \/>\n<meta name=\"author\" content=\"Vitor Bruno\" \/>\n<meta name=\"twitter:card\" content=\"summary_large_image\" \/>\n<meta name=\"twitter:label1\" content=\"Escrito por\" \/>\n\t<meta name=\"twitter:data1\" content=\"Vitor Bruno\" \/>\n\t<meta name=\"twitter:label2\" content=\"Est. tempo de leitura\" \/>\n\t<meta name=\"twitter:data2\" content=\"6 minutos\" \/>\n<!-- \/ Yoast SEO plugin. -->","yoast_head_json":{"title":"Pouca gente conhece, mas essa cidade mineira guarda um dos estilos de vida mais tranquilos do Brasil - Estado de Minas - Em foco","description":"Entenda como esta pequena cidade mineira preserva tradi\u00e7\u00f5es e oferece um dos estilos de vida mais sossegados de todo o pa\u00eds.","robots":{"index":"index","follow":"follow","max-snippet":"max-snippet:-1","max-image-preview":"max-image-preview:large","max-video-preview":"max-video-preview:-1"},"canonical":"https:\/\/www.em.com.br\/emfoco\/2026\/01\/10\/pouca-gente-conhece-mas-essa-cidade-mineira-guarda-um-dos-estilos-de-vida-mais-tranquilos-do-brasil\/","og_locale":"pt_BR","og_type":"article","og_title":"Pouca gente conhece, mas essa cidade mineira guarda um dos estilos de vida mais tranquilos do Brasil - Estado de Minas - Em foco","og_description":"Entenda como esta pequena cidade mineira preserva tradi\u00e7\u00f5es e oferece um dos estilos de vida mais sossegados de todo o pa\u00eds.","og_url":"https:\/\/www.em.com.br\/emfoco\/2026\/01\/10\/pouca-gente-conhece-mas-essa-cidade-mineira-guarda-um-dos-estilos-de-vida-mais-tranquilos-do-brasil\/","og_site_name":"Estado de Minas - Em foco","article_published_time":"2026-01-10T14:25:00+00:00","article_modified_time":"2026-01-09T21:52:28+00:00","og_image":[{"width":1280,"height":720,"url":"https:\/\/www.em.com.br\/emfoco\/wp-content\/uploads\/2026\/01\/serro.jpg","type":"image\/jpeg"}],"author":"Vitor Bruno","twitter_card":"summary_large_image","twitter_misc":{"Escrito por":"Vitor Bruno","Est. tempo de leitura":"6 minutos"},"schema":{"@context":"https:\/\/schema.org","@graph":[{"@type":"WebPage","@id":"https:\/\/www.em.com.br\/emfoco\/2026\/01\/10\/pouca-gente-conhece-mas-essa-cidade-mineira-guarda-um-dos-estilos-de-vida-mais-tranquilos-do-brasil\/","url":"https:\/\/www.em.com.br\/emfoco\/2026\/01\/10\/pouca-gente-conhece-mas-essa-cidade-mineira-guarda-um-dos-estilos-de-vida-mais-tranquilos-do-brasil\/","name":"Pouca gente conhece, mas essa cidade mineira guarda um dos estilos de vida mais tranquilos do Brasil - Estado de Minas - Em foco","isPartOf":{"@id":"https:\/\/www.em.com.br\/emfoco\/#website"},"primaryImageOfPage":{"@id":"https:\/\/www.em.com.br\/emfoco\/2026\/01\/10\/pouca-gente-conhece-mas-essa-cidade-mineira-guarda-um-dos-estilos-de-vida-mais-tranquilos-do-brasil\/#primaryimage"},"image":{"@id":"https:\/\/www.em.com.br\/emfoco\/2026\/01\/10\/pouca-gente-conhece-mas-essa-cidade-mineira-guarda-um-dos-estilos-de-vida-mais-tranquilos-do-brasil\/#primaryimage"},"thumbnailUrl":"https:\/\/www.em.com.br\/emfoco\/wp-content\/uploads\/2026\/01\/serro.jpg","datePublished":"2026-01-10T14:25:00+00:00","dateModified":"2026-01-09T21:52:28+00:00","author":{"@id":"https:\/\/www.em.com.br\/emfoco\/#\/schema\/person\/364ac1852fafd00f1be20f0b8b237569"},"description":"Entenda como esta pequena cidade mineira preserva tradi\u00e7\u00f5es e oferece um dos estilos de vida mais sossegados de todo o pa\u00eds.","breadcrumb":{"@id":"https:\/\/www.em.com.br\/emfoco\/2026\/01\/10\/pouca-gente-conhece-mas-essa-cidade-mineira-guarda-um-dos-estilos-de-vida-mais-tranquilos-do-brasil\/#breadcrumb"},"inLanguage":"pt-BR","potentialAction":[{"@type":"ReadAction","target":["https:\/\/www.em.com.br\/emfoco\/2026\/01\/10\/pouca-gente-conhece-mas-essa-cidade-mineira-guarda-um-dos-estilos-de-vida-mais-tranquilos-do-brasil\/"]}]},{"@type":"ImageObject","inLanguage":"pt-BR","@id":"https:\/\/www.em.com.br\/emfoco\/2026\/01\/10\/pouca-gente-conhece-mas-essa-cidade-mineira-guarda-um-dos-estilos-de-vida-mais-tranquilos-do-brasil\/#primaryimage","url":"https:\/\/www.em.com.br\/emfoco\/wp-content\/uploads\/2026\/01\/serro.jpg","contentUrl":"https:\/\/www.em.com.br\/emfoco\/wp-content\/uploads\/2026\/01\/serro.jpg","width":1280,"height":720,"caption":"Ber\u00e7o do primeiro queijo patrim\u00f4nio nacional mant\u00e9m charme colonial intacto em Serro \/\/ Cr\u00e9ditos: Wikipedia"},{"@type":"BreadcrumbList","@id":"https:\/\/www.em.com.br\/emfoco\/2026\/01\/10\/pouca-gente-conhece-mas-essa-cidade-mineira-guarda-um-dos-estilos-de-vida-mais-tranquilos-do-brasil\/#breadcrumb","itemListElement":[{"@type":"ListItem","position":1,"name":"In\u00edcio","item":"https:\/\/www.em.com.br\/emfoco\/"},{"@type":"ListItem","position":2,"name":"Pouca gente conhece, mas essa cidade mineira guarda um dos estilos de vida mais tranquilos do Brasil"}]},{"@type":"WebSite","@id":"https:\/\/www.em.com.br\/emfoco\/#website","url":"https:\/\/www.em.com.br\/emfoco\/","name":"Estado de Minas - Em foco","description":"Acompanhe as \u00faltimas not\u00edcias e fique bem informado sobre tudo o que acontece em Minas Gerais, Brasil e no mundo.","potentialAction":[{"@type":"SearchAction","target":{"@type":"EntryPoint","urlTemplate":"https:\/\/www.em.com.br\/emfoco\/?s={search_term_string}"},"query-input":{"@type":"PropertyValueSpecification","valueRequired":true,"valueName":"search_term_string"}}],"inLanguage":"pt-BR"},{"@type":"Person","@id":"https:\/\/www.em.com.br\/emfoco\/#\/schema\/person\/364ac1852fafd00f1be20f0b8b237569","name":"Vitor Bruno","image":{"@type":"ImageObject","inLanguage":"pt-BR","@id":"https:\/\/www.em.com.br\/emfoco\/#\/schema\/person\/image\/","url":"https:\/\/secure.gravatar.com\/avatar\/b719e5cdede09f942064960883b5524d?s=96&d=mm&r=g","contentUrl":"https:\/\/secure.gravatar.com\/avatar\/b719e5cdede09f942064960883b5524d?s=96&d=mm&r=g","caption":"Vitor Bruno"},"sameAs":["https:\/\/www.em.com.br\/emfoco\/"],"url":"https:\/\/www.em.com.br\/emfoco\/author\/vitormyth\/"}]}},"_links":{"self":[{"href":"https:\/\/www.em.com.br\/emfoco\/wp-json\/wp\/v2\/posts\/151643","targetHints":{"allow":["GET"]}}],"collection":[{"href":"https:\/\/www.em.com.br\/emfoco\/wp-json\/wp\/v2\/posts"}],"about":[{"href":"https:\/\/www.em.com.br\/emfoco\/wp-json\/wp\/v2\/types\/post"}],"author":[{"embeddable":true,"href":"https:\/\/www.em.com.br\/emfoco\/wp-json\/wp\/v2\/users\/6"}],"replies":[{"embeddable":true,"href":"https:\/\/www.em.com.br\/emfoco\/wp-json\/wp\/v2\/comments?post=151643"}],"version-history":[{"count":5,"href":"https:\/\/www.em.com.br\/emfoco\/wp-json\/wp\/v2\/posts\/151643\/revisions"}],"predecessor-version":[{"id":167513,"href":"https:\/\/www.em.com.br\/emfoco\/wp-json\/wp\/v2\/posts\/151643\/revisions\/167513"}],"wp:featuredmedia":[{"embeddable":true,"href":"https:\/\/www.em.com.br\/emfoco\/wp-json\/wp\/v2\/media\/153353"}],"wp:attachment":[{"href":"https:\/\/www.em.com.br\/emfoco\/wp-json\/wp\/v2\/media?parent=151643"}],"wp:term":[{"taxonomy":"category","embeddable":true,"href":"https:\/\/www.em.com.br\/emfoco\/wp-json\/wp\/v2\/categories?post=151643"},{"taxonomy":"post_tag","embeddable":true,"href":"https:\/\/www.em.com.br\/emfoco\/wp-json\/wp\/v2\/tags?post=151643"}],"curies":[{"name":"wp","href":"https:\/\/api.w.org\/{rel}","templated":true}]}}