{"id":151626,"date":"2026-01-11T10:25:00","date_gmt":"2026-01-11T13:25:00","guid":{"rendered":"https:\/\/www.em.com.br\/emfoco\/?p=151626"},"modified":"2026-01-09T17:39:20","modified_gmt":"2026-01-09T20:39:20","slug":"cortes-ideais-para-quem-ama-mudar-de-cabelo-estilos-que-acompanham-fases-e-personalidade","status":"publish","type":"post","link":"https:\/\/www.em.com.br\/emfoco\/2026\/01\/11\/cortes-ideais-para-quem-ama-mudar-de-cabelo-estilos-que-acompanham-fases-e-personalidade\/","title":{"rendered":"Cortes ideais para quem ama mudar de cabelo: estilos que acompanham fases e personalidade"},"content":{"rendered":"\n<p>Entre as diversas formas de construir uma imagem elegante, o corte de cabelo feminino ocupa um lugar de destaque. Hoje, ele funciona como um verdadeiro cart\u00e3o de visita, ajudando a transmitir sofistica\u00e7\u00e3o, cuidado com a apar\u00eancia e conex\u00e3o com as tend\u00eancias, influenciando tanto o visual quanto a forma como a pessoa se apresenta em ambientes sociais e profissionais.<\/p>\n\n\n\n<h2 class=\"wp-block-heading\">O que torna um corte de cabelo feminino realmente sofisticado<\/h2>\n\n\n\n<p>Um <a href=\"https:\/\/www.em.com.br\/emfoco\/2026\/01\/05\/minimalista-pratico-e-elegante-o-novo-corte-que-todo-mundo-esta-pedindo-sem-nem-perceber\/\" target=\"_blank\" rel=\"noreferrer noopener\">corte<\/a> sofisticado re\u00fane tr\u00eas pilares: linhas bem definidas, acabamento cuidadoso e praticidade no dia a dia. A estrutura precisa funcionar mesmo com uma finaliza\u00e7\u00e3o simples, garantindo um ar arrumado sem exigir longos minutos em frente ao espelho.<\/p>\n\n\n\n<p>Al\u00e9m disso, cortes elegantes respeitam o movimento natural dos fios, considerando se o cabelo \u00e9 liso, ondulado, cacheado ou crespo. Quando o desenho acompanha o tipo de fio, o formato dura mais tempo entre os retoques, o que \u00e9 essencial para rotinas corridas e para manter a imagem sempre alinhada.<\/p>\n\n\n\n<figure class=\"wp-block-image\"><img decoding=\"async\" src=\"https:\/\/www.em.com.br\/emfoco\/wp-content\/uploads\/2025\/09\/cabelo-Short-Bob_1759113186565-1024x576.jpg\" alt=\"\"\/><figcaption class=\"wp-element-caption\">Cortes e cuidados que d\u00e3o vida aos cabelos &#8211; Cr\u00e9ditos: depositphotos.com \/ romankosolapov<\/figcaption><\/figure>\n\n\n\n<h2 class=\"wp-block-heading\">Quais s\u00e3o os cortes de cabelo feminino sofisticados mais desejados hoje<\/h2>\n\n\n\n<p>Entre as op\u00e7\u00f5es mais procuradas em sal\u00f5es, alguns modelos se destacam pela versatilidade e pela facilidade de adapta\u00e7\u00e3o a diferentes idades e estilos. Eles transitam bem do ambiente corporativo a eventos sociais, sempre com uma eleg\u00e2ncia discreta e atual.<\/p>\n\n\n\n<p>Esses cortes podem ganhar vers\u00f5es com franja reta, lateral ou cortininha, al\u00e9m de t\u00e9cnicas como desfiado suave e camadas internas. Veja alguns dos cortes de cabelo feminino sofisticado mais buscados:<\/p>\n\n\n\n<ol class=\"wp-block-list\">\n<li><strong>Bob reto ou levemente alongado<\/strong>: visual limpo, moderno e f\u00e1cil de finalizar.<\/li>\n\n\n\n<li><strong>Long bob (lob)<\/strong>: altura dos ombros, equilibrando praticidade e feminilidade.<\/li>\n\n\n\n<li><strong>Pixie estruturado<\/strong>: curto marcante, com laterais bem definidas e topo texturizado.<\/li>\n\n\n\n<li><strong>M\u00e9dio repicado suave<\/strong>: camadas discretas para dar movimento sem perder sobriedade.<\/li>\n\n\n\n<li><strong>Longo com corte em U ou V discreto<\/strong>: ideal para manter o comprimento com leve sofistica\u00e7\u00e3o.<\/li>\n<\/ol>\n\n\n\n<figure class=\"wp-block-image\"><img decoding=\"async\" src=\"https:\/\/www.em.com.br\/emfoco\/wp-content\/uploads\/2025\/12\/ChatGPT-Image-23-de-dez.-de-2025-19_31_34-1-1024x576.png\" alt=\"\"\/><figcaption class=\"wp-element-caption\">O corte m\u00e9dio feminino combina com todos os tipos de cabelo<\/figcaption><\/figure>\n\n\n\n<h2 class=\"wp-block-heading\">Como escolher um corte de cabelo sofisticado para cada tipo de rosto<\/h2>\n\n\n\n<p>Para encontrar um corte de cabelo sofisticado feminino, observar o formato do rosto \u00e9 um passo estrat\u00e9gico. N\u00e3o existem regras r\u00edgidas, mas alguns direcionamentos ajudam a criar um resultado mais harm\u00f4nico, especialmente para quem deseja uma imagem polida em diferentes contextos.<\/p>\n\n\n\n<p>Nos fios cacheados e crespos, camadas bem planejadas distribuem o volume de forma uniforme, garantindo naturalidade e requinte. J\u00e1 nos cabelos lisos, a precis\u00e3o das linhas \u00e9 determinante, pois qualquer irregularidade aparece com facilidade e pode comprometer o resultado final.<\/p>\n\n\n\n<ul class=\"wp-block-list\">\n<li><strong>Rosto oval<\/strong>: combina com quase todos os cortes, do pixie ao longo.<\/li>\n\n\n\n<li><strong>Rosto redondo<\/strong>: linhas verticais, bobs retos e lobs ajudam a alongar visualmente.<\/li>\n\n\n\n<li><strong>Rosto quadrado<\/strong>: pontas com movimento suavizam a regi\u00e3o da mand\u00edbula.<\/li>\n\n\n\n<li><strong>Rosto alongado<\/strong>: franjas cheias ou cortininhas e comprimentos m\u00e9dios equilibram propor\u00e7\u00f5es.<\/li>\n<\/ul>\n\n\n\n<h2 class=\"wp-block-heading\">Quais cuidados mant\u00eam o corte de cabelo feminino sempre sofisticado<\/h2>\n\n\n\n<p>Depois de escolher um corte alinhado ao estilo pessoal, a manuten\u00e7\u00e3o \u00e9 decisiva para preservar a apar\u00eancia refinada. Em geral, recomenda-se ajustar o corte a cada 6 a 10 semanas, com intervalos menores para modelos muito curtos, como o pixie estruturado.<\/p>\n\n\n\n<p>Alguns cuidados simples prolongam o efeito de um corte de cabelo feminino sofisticado e mant\u00eam a sa\u00fade dos fios em dia:<\/p>\n\n\n\n<ul class=\"wp-block-list\">\n<li>Usar shampoo e condicionador espec\u00edficos para o tipo de cabelo.<\/li>\n\n\n\n<li>Aplicar protetor t\u00e9rmico antes de secador, chapinha ou babyliss.<\/li>\n\n\n\n<li>Investir em finalizadores leves, como s\u00e9runs ou cremes de pentear.<\/li>\n\n\n\n<li>Evitar excesso de qu\u00edmicas sobrepostas, que deformam o desenho do corte.<\/li>\n<\/ul>\n\n\n\n<p>No v\u00eddeo abaixo da <a href=\"https:\/\/www.tiktok.com\/@ludpatricia\" target=\"_blank\" rel=\"noreferrer noopener\">Lud Patricia<\/a> que faz sucesso no TikTok com suas dicas e ensina como fazer a manuten\u00e7\u00e3o do corte:<\/p>\n\n\n\n<figure class=\"wp-block-embed is-type-video is-provider-tiktok wp-block-embed-tiktok\"><div class=\"wp-block-embed__wrapper\">\n<blockquote class=\"tiktok-embed\" cite=\"https:\/\/www.tiktok.com\/@ludpatricia\/video\/7343952646757240069\" data-video-id=\"7343952646757240069\" data-embed-from=\"oembed\" style=\"max-width:605px; min-width:325px;\"> <section> <a target=\"_blank\" title=\"@ludpatricia\" href=\"https:\/\/www.tiktok.com\/@ludpatricia?refer=embed\">@ludpatricia<\/a> <p>\u00c9 um cabelo que precisa de manuten\u00e7\u00e3o mas vale a pena \ud83d\ude0d <a title=\"cabelopixie\" target=\"_blank\" href=\"https:\/\/www.tiktok.com\/tag\/cabelopixie?refer=embed\">#cabelopixie<\/a> <a title=\"pixiecut\" target=\"_blank\" href=\"https:\/\/www.tiktok.com\/tag\/pixiecut?refer=embed\">#pixiecut<\/a> <a title=\"pixiehaircut\" target=\"_blank\" href=\"https:\/\/www.tiktok.com\/tag\/pixiehaircut?refer=embed\">#pixiehaircut<\/a> <a title=\"mulherdecabelocurto\" target=\"_blank\" href=\"https:\/\/www.tiktok.com\/tag\/mulherdecabelocurto?refer=embed\">#mulherdecabelocurto<\/a> <a title=\"cabelojoaozinho\" target=\"_blank\" href=\"https:\/\/www.tiktok.com\/tag\/cabelojoaozinho?refer=embed\">#cabelojoaozinho<\/a> <a title=\"tiktokbr\" target=\"_blank\" href=\"https:\/\/www.tiktok.com\/tag\/tiktokbr?refer=embed\">#tiktokbr<\/a> <a title=\"fy\" target=\"_blank\" href=\"https:\/\/www.tiktok.com\/tag\/fy?refer=embed\">#fy<\/a> <a title=\"corteimeucabelo\" target=\"_blank\" href=\"https:\/\/www.tiktok.com\/tag\/corteimeucabelo?refer=embed\">#corteimeucabelo<\/a> <\/p> <a target=\"_blank\" title=\"\u266c som original - Lud Patricia\" href=\"https:\/\/www.tiktok.com\/music\/som-original-7343952651589716742?refer=embed\">\u266c som original &#8211; Lud Patricia<\/a> <\/section> <\/blockquote> <script async src=\"https:\/\/www.tiktok.com\/embed.js\"><\/script>\n<\/div><\/figure>\n\n\n\n<h2 class=\"wp-block-heading\">Por que atualizar seu corte agora pode transformar sua imagem<\/h2>\n\n\n\n<p>Para quem busca renovar a imagem em 2025, a grande tend\u00eancia \u00e9 valorizar cabelos com aspecto saud\u00e1vel, brilho equilibrado e movimento natural. Um bom corte se torna aliado estrat\u00e9gico, refor\u00e7ando postura segura e elegante sem depender de produ\u00e7\u00f5es complicadas no dia a dia.<\/p>\n\n\n\n<p>Se voc\u00ea sente que seu visual n\u00e3o traduz mais quem voc\u00ea \u00e9 hoje, este \u00e9 o momento de agir: agende ainda nesta semana uma avalia\u00e7\u00e3o com um profissional de confian\u00e7a, leve refer\u00eancias de cortes que admire e se permita experimentar um estilo sofisticado que eleve sua autoestima e sua presen\u00e7a em qualquer ambiente.<\/p>\n\n\n\n<p><\/p>\n","protected":false},"excerpt":{"rendered":"<p>Entre as diversas formas de construir uma imagem elegante, o corte de cabelo feminino ocupa um lugar de destaque. Hoje, ele funciona como um verdadeiro cart\u00e3o de visita, ajudando a transmitir sofistica\u00e7\u00e3o, cuidado com a apar\u00eancia e conex\u00e3o com as tend\u00eancias, influenciando tanto o visual quanto a forma como a pessoa se apresenta em ambientes [&hellip;]<\/p>\n","protected":false},"author":11,"featured_media":145203,"comment_status":"open","ping_status":"open","sticky":false,"template":"","format":"standard","meta":{"jnews-multi-image_gallery":[],"jnews_single_post":{"format":"standard"},"jnews_primary_category":[],"jnews_social_meta":[],"jnews_override_counter":[],"footnotes":""},"categories":[8819,1],"tags":[5257,4906,18112,10560],"class_list":["post-151626","post","type-post","status-publish","format-standard","has-post-thumbnail","hentry","category-curiosidades","category-noticias","tag-corte","tag-corte-de-cabelo","tag-corte-de-cabelo-feminino","tag-feminino"],"yoast_head":"<!-- This site is optimized with the Yoast SEO plugin v23.8 - https:\/\/yoast.com\/wordpress\/plugins\/seo\/ -->\n<title>Cortes ideais para quem ama mudar de cabelo: estilos que acompanham fases e personalidade - Estado de Minas - Em foco<\/title>\n<meta name=\"description\" content=\"Linhas bem definidas e praticidade explicam por que esse corte de cabelo feminino virou o xod\u00f3 de quem busca sofistica\u00e7\u00e3o no dia a dia.\" \/>\n<meta name=\"robots\" content=\"index, follow, max-snippet:-1, max-image-preview:large, max-video-preview:-1\" \/>\n<link rel=\"canonical\" href=\"https:\/\/www.em.com.br\/emfoco\/2026\/01\/11\/cortes-ideais-para-quem-ama-mudar-de-cabelo-estilos-que-acompanham-fases-e-personalidade\/\" \/>\n<meta property=\"og:locale\" content=\"pt_BR\" \/>\n<meta property=\"og:type\" content=\"article\" \/>\n<meta property=\"og:title\" content=\"Cortes ideais para quem ama mudar de cabelo: estilos que acompanham fases e personalidade - Estado de Minas - Em foco\" \/>\n<meta property=\"og:description\" content=\"Linhas bem definidas e praticidade explicam por que esse corte de cabelo feminino virou o xod\u00f3 de quem busca sofistica\u00e7\u00e3o no dia a dia.\" \/>\n<meta property=\"og:url\" content=\"https:\/\/www.em.com.br\/emfoco\/2026\/01\/11\/cortes-ideais-para-quem-ama-mudar-de-cabelo-estilos-que-acompanham-fases-e-personalidade\/\" \/>\n<meta property=\"og:site_name\" content=\"Estado de Minas - Em foco\" \/>\n<meta property=\"article:published_time\" content=\"2026-01-11T13:25:00+00:00\" \/>\n<meta property=\"article:modified_time\" content=\"2026-01-09T20:39:20+00:00\" \/>\n<meta property=\"og:image\" content=\"https:\/\/www.em.com.br\/emfoco\/wp-content\/uploads\/2025\/12\/unnamed-1-10.jpg\" \/>\n\t<meta property=\"og:image:width\" content=\"1280\" \/>\n\t<meta property=\"og:image:height\" content=\"720\" \/>\n\t<meta property=\"og:image:type\" content=\"image\/jpeg\" \/>\n<meta name=\"author\" content=\"Andre\u0301 Rangel\u00a0\" \/>\n<meta name=\"twitter:card\" content=\"summary_large_image\" \/>\n<meta name=\"twitter:label1\" content=\"Escrito por\" \/>\n\t<meta name=\"twitter:data1\" content=\"Andre\u0301 Rangel\u00a0\" \/>\n\t<meta name=\"twitter:label2\" content=\"Est. tempo de leitura\" \/>\n\t<meta name=\"twitter:data2\" content=\"5 minutos\" \/>\n<!-- \/ Yoast SEO plugin. -->","yoast_head_json":{"title":"Cortes ideais para quem ama mudar de cabelo: estilos que acompanham fases e personalidade - Estado de Minas - Em foco","description":"Linhas bem definidas e praticidade explicam por que esse corte de cabelo feminino virou o xod\u00f3 de quem busca sofistica\u00e7\u00e3o no dia a dia.","robots":{"index":"index","follow":"follow","max-snippet":"max-snippet:-1","max-image-preview":"max-image-preview:large","max-video-preview":"max-video-preview:-1"},"canonical":"https:\/\/www.em.com.br\/emfoco\/2026\/01\/11\/cortes-ideais-para-quem-ama-mudar-de-cabelo-estilos-que-acompanham-fases-e-personalidade\/","og_locale":"pt_BR","og_type":"article","og_title":"Cortes ideais para quem ama mudar de cabelo: estilos que acompanham fases e personalidade - Estado de Minas - Em foco","og_description":"Linhas bem definidas e praticidade explicam por que esse corte de cabelo feminino virou o xod\u00f3 de quem busca sofistica\u00e7\u00e3o no dia a dia.","og_url":"https:\/\/www.em.com.br\/emfoco\/2026\/01\/11\/cortes-ideais-para-quem-ama-mudar-de-cabelo-estilos-que-acompanham-fases-e-personalidade\/","og_site_name":"Estado de Minas - Em foco","article_published_time":"2026-01-11T13:25:00+00:00","article_modified_time":"2026-01-09T20:39:20+00:00","og_image":[{"width":1280,"height":720,"url":"https:\/\/www.em.com.br\/emfoco\/wp-content\/uploads\/2025\/12\/unnamed-1-10.jpg","type":"image\/jpeg"}],"author":"Andre\u0301 Rangel\u00a0","twitter_card":"summary_large_image","twitter_misc":{"Escrito por":"Andre\u0301 Rangel\u00a0","Est. tempo de leitura":"5 minutos"},"schema":{"@context":"https:\/\/schema.org","@graph":[{"@type":"WebPage","@id":"https:\/\/www.em.com.br\/emfoco\/2026\/01\/11\/cortes-ideais-para-quem-ama-mudar-de-cabelo-estilos-que-acompanham-fases-e-personalidade\/","url":"https:\/\/www.em.com.br\/emfoco\/2026\/01\/11\/cortes-ideais-para-quem-ama-mudar-de-cabelo-estilos-que-acompanham-fases-e-personalidade\/","name":"Cortes ideais para quem ama mudar de cabelo: estilos que acompanham fases e personalidade - Estado de Minas - Em foco","isPartOf":{"@id":"https:\/\/www.em.com.br\/emfoco\/#website"},"primaryImageOfPage":{"@id":"https:\/\/www.em.com.br\/emfoco\/2026\/01\/11\/cortes-ideais-para-quem-ama-mudar-de-cabelo-estilos-que-acompanham-fases-e-personalidade\/#primaryimage"},"image":{"@id":"https:\/\/www.em.com.br\/emfoco\/2026\/01\/11\/cortes-ideais-para-quem-ama-mudar-de-cabelo-estilos-que-acompanham-fases-e-personalidade\/#primaryimage"},"thumbnailUrl":"https:\/\/www.em.com.br\/emfoco\/wp-content\/uploads\/2025\/12\/unnamed-1-10.jpg","datePublished":"2026-01-11T13:25:00+00:00","dateModified":"2026-01-09T20:39:20+00:00","author":{"@id":"https:\/\/www.em.com.br\/emfoco\/#\/schema\/person\/60eda09c1fedf0d6891f4cef4b60b8b8"},"description":"Linhas bem definidas e praticidade explicam por que esse corte de cabelo feminino virou o xod\u00f3 de quem busca sofistica\u00e7\u00e3o no dia a dia.","breadcrumb":{"@id":"https:\/\/www.em.com.br\/emfoco\/2026\/01\/11\/cortes-ideais-para-quem-ama-mudar-de-cabelo-estilos-que-acompanham-fases-e-personalidade\/#breadcrumb"},"inLanguage":"pt-BR","potentialAction":[{"@type":"ReadAction","target":["https:\/\/www.em.com.br\/emfoco\/2026\/01\/11\/cortes-ideais-para-quem-ama-mudar-de-cabelo-estilos-que-acompanham-fases-e-personalidade\/"]}]},{"@type":"ImageObject","inLanguage":"pt-BR","@id":"https:\/\/www.em.com.br\/emfoco\/2026\/01\/11\/cortes-ideais-para-quem-ama-mudar-de-cabelo-estilos-que-acompanham-fases-e-personalidade\/#primaryimage","url":"https:\/\/www.em.com.br\/emfoco\/wp-content\/uploads\/2025\/12\/unnamed-1-10.jpg","contentUrl":"https:\/\/www.em.com.br\/emfoco\/wp-content\/uploads\/2025\/12\/unnamed-1-10.jpg","width":1280,"height":720,"caption":"O corte feminino combina com todos os tipos de cabelo"},{"@type":"BreadcrumbList","@id":"https:\/\/www.em.com.br\/emfoco\/2026\/01\/11\/cortes-ideais-para-quem-ama-mudar-de-cabelo-estilos-que-acompanham-fases-e-personalidade\/#breadcrumb","itemListElement":[{"@type":"ListItem","position":1,"name":"In\u00edcio","item":"https:\/\/www.em.com.br\/emfoco\/"},{"@type":"ListItem","position":2,"name":"Cortes ideais para quem ama mudar de cabelo: estilos que acompanham fases e personalidade"}]},{"@type":"WebSite","@id":"https:\/\/www.em.com.br\/emfoco\/#website","url":"https:\/\/www.em.com.br\/emfoco\/","name":"Estado de Minas - Em foco","description":"Acompanhe as \u00faltimas not\u00edcias e fique bem informado sobre tudo o que acontece em Minas Gerais, Brasil e no mundo.","potentialAction":[{"@type":"SearchAction","target":{"@type":"EntryPoint","urlTemplate":"https:\/\/www.em.com.br\/emfoco\/?s={search_term_string}"},"query-input":{"@type":"PropertyValueSpecification","valueRequired":true,"valueName":"search_term_string"}}],"inLanguage":"pt-BR"},{"@type":"Person","@id":"https:\/\/www.em.com.br\/emfoco\/#\/schema\/person\/60eda09c1fedf0d6891f4cef4b60b8b8","name":"Andre\u0301 Rangel\u00a0","image":{"@type":"ImageObject","inLanguage":"pt-BR","@id":"https:\/\/www.em.com.br\/emfoco\/#\/schema\/person\/image\/","url":"https:\/\/secure.gravatar.com\/avatar\/6234dc814c77c8ef6d8bba622c787efc?s=96&d=mm&r=g","contentUrl":"https:\/\/secure.gravatar.com\/avatar\/6234dc814c77c8ef6d8bba622c787efc?s=96&d=mm&r=g","caption":"Andre\u0301 Rangel\u00a0"},"url":"https:\/\/www.em.com.br\/emfoco\/author\/luizmyth\/"}]}},"_links":{"self":[{"href":"https:\/\/www.em.com.br\/emfoco\/wp-json\/wp\/v2\/posts\/151626","targetHints":{"allow":["GET"]}}],"collection":[{"href":"https:\/\/www.em.com.br\/emfoco\/wp-json\/wp\/v2\/posts"}],"about":[{"href":"https:\/\/www.em.com.br\/emfoco\/wp-json\/wp\/v2\/types\/post"}],"author":[{"embeddable":true,"href":"https:\/\/www.em.com.br\/emfoco\/wp-json\/wp\/v2\/users\/11"}],"replies":[{"embeddable":true,"href":"https:\/\/www.em.com.br\/emfoco\/wp-json\/wp\/v2\/comments?post=151626"}],"version-history":[{"count":2,"href":"https:\/\/www.em.com.br\/emfoco\/wp-json\/wp\/v2\/posts\/151626\/revisions"}],"predecessor-version":[{"id":151673,"href":"https:\/\/www.em.com.br\/emfoco\/wp-json\/wp\/v2\/posts\/151626\/revisions\/151673"}],"wp:featuredmedia":[{"embeddable":true,"href":"https:\/\/www.em.com.br\/emfoco\/wp-json\/wp\/v2\/media\/145203"}],"wp:attachment":[{"href":"https:\/\/www.em.com.br\/emfoco\/wp-json\/wp\/v2\/media?parent=151626"}],"wp:term":[{"taxonomy":"category","embeddable":true,"href":"https:\/\/www.em.com.br\/emfoco\/wp-json\/wp\/v2\/categories?post=151626"},{"taxonomy":"post_tag","embeddable":true,"href":"https:\/\/www.em.com.br\/emfoco\/wp-json\/wp\/v2\/tags?post=151626"}],"curies":[{"name":"wp","href":"https:\/\/api.w.org\/{rel}","templated":true}]}}