{"id":151609,"date":"2026-01-09T17:15:00","date_gmt":"2026-01-09T20:15:00","guid":{"rendered":"https:\/\/www.em.com.br\/emfoco\/?p=151609"},"modified":"2026-01-07T13:47:53","modified_gmt":"2026-01-07T16:47:53","slug":"aposentados-comemoram-novo-salario-de-r-1-621-mas-quem-recebe-acima-do-minimo-nao-tera-aumento-real","status":"publish","type":"post","link":"https:\/\/www.em.com.br\/emfoco\/2026\/01\/09\/aposentados-comemoram-novo-salario-de-r-1-621-mas-quem-recebe-acima-do-minimo-nao-tera-aumento-real\/","title":{"rendered":"Aposentados comemoram novo sal\u00e1rio de R$ 1.621, mas quem recebe acima do m\u00ednimo n\u00e3o ter\u00e1 aumento real"},"content":{"rendered":"\n<h2 class=\"wp-block-heading\">A partir de 26 de janeiro de 2026, aposentados e pensionistas que recebem at\u00e9 um sal\u00e1rio m\u00ednimo passam a receber R$ 1.621, ap\u00f3s reajuste de 6,79%. Benef\u00edcios acima do piso ter\u00e3o corre\u00e7\u00e3o pelo INPC, com pagamentos a partir de fevereiro.<\/h2>\n\n\n\n<p>A partir de 26 de janeiro, aposentados e pensionistas passam a receber o <strong>novo piso do INSS<\/strong> de R$ 1.621. O reajuste de 6,79% acompanha a valoriza\u00e7\u00e3o do sal\u00e1rio m\u00ednimo e impacta milh\u00f5es de segurados que dependem desse valor para equilibrar o or\u00e7amento mensal.<\/p>\n\n\n\n<h2 class=\"wp-block-heading\">Quando os aposentados come\u00e7am a receber o novo valor?<\/h2>\n\n\n\n<p>O <strong>pagamento do INSS em 2026<\/strong> segue o calend\u00e1rio tradicional, organizado pelo n\u00famero final do benef\u00edcio. Quem recebe at\u00e9 um sal\u00e1rio m\u00ednimo come\u00e7a a ver o dinheiro cair na conta a partir de 26 de janeiro.<\/p>\n\n\n\n<p>J\u00e1 os segurados com renda acima do piso ter\u00e3o os dep\u00f3sitos liberados a partir de fevereiro. A divis\u00e3o busca evitar filas, garantir organiza\u00e7\u00e3o banc\u00e1ria e facilitar o acompanhamento dos valores reajustados.<\/p>\n\n\n\n<figure class=\"wp-block-image size-large\"><img loading=\"lazy\" decoding=\"async\" width=\"1024\" height=\"576\" src=\"https:\/\/www.em.com.br\/emfoco\/wp-content\/uploads\/2026\/01\/IA-10-18-1024x576.jpg\" alt=\"Aposentados comemoram novo sal\u00e1rio de R$ 1.621, mas quem recebe acima do m\u00ednimo n\u00e3o ter\u00e1 aumento real\" class=\"wp-image-151702\" srcset=\"https:\/\/www.em.com.br\/emfoco\/wp-content\/uploads\/2026\/01\/IA-10-18-1024x576.jpg 1024w, https:\/\/www.em.com.br\/emfoco\/wp-content\/uploads\/2026\/01\/IA-10-18-300x169.jpg 300w, https:\/\/www.em.com.br\/emfoco\/wp-content\/uploads\/2026\/01\/IA-10-18-768x432.jpg 768w, https:\/\/www.em.com.br\/emfoco\/wp-content\/uploads\/2026\/01\/IA-10-18-750x422.jpg 750w, https:\/\/www.em.com.br\/emfoco\/wp-content\/uploads\/2026\/01\/IA-10-18-1140x641.jpg 1140w, https:\/\/www.em.com.br\/emfoco\/wp-content\/uploads\/2026\/01\/IA-10-18.jpg 1280w\" sizes=\"auto, (max-width: 1024px) 100vw, 1024px\" \/><figcaption class=\"wp-element-caption\">Novo valor come\u00e7a a ser pago a partir de 26 janeiro<\/figcaption><\/figure>\n\n\n\n<h2 class=\"wp-block-heading\">Como funciona o calend\u00e1rio de pagamentos do INSS?<\/h2>\n\n\n\n<p>O cronograma considera o valor do benef\u00edcio e o n\u00famero final do cart\u00e3o, sem o d\u00edgito verificador. Para facilitar o entendimento, veja abaixo como os dep\u00f3sitos s\u00e3o organizados.<\/p>\n\n\n\n<ul class=\"wp-block-list\">\n<li>At\u00e9 um sal\u00e1rio m\u00ednimo: dep\u00f3sitos entre 26 de janeiro e 6 de fevereiro.<\/li>\n\n\n\n<li>Acima do piso nacional: pagamentos iniciados a partir de 2 de fevereiro.<\/li>\n\n\n\n<li>Ordem dos cr\u00e9ditos: definida pelo n\u00famero final do benef\u00edcio do segurado.<\/li>\n<\/ul>\n\n\n\n<p><em>Leia mais: <em><strong><a href=\"https:\/\/www.em.com.br\/emfoco\/2026\/01\/07\/mudancas-na-lei-do-inquilinato-e-nos-impostos-ja-afetam-locacoes-o-que-inquilinos-precisam-observar-agora-em-2026\/\" target=\"_blank\" rel=\"noreferrer noopener\">Mudan\u00e7as na Lei do Inquilinato e nos impostos j\u00e1 afetam loca\u00e7\u00f5es: o que inquilinos precisam observar agora em 2026<\/a><\/strong><\/em><\/em><\/p>\n\n\n\n<h2 class=\"wp-block-heading\">O que muda para quem recebe acima de um sal\u00e1rio m\u00ednimo?<\/h2>\n\n\n\n<p>Diferente do piso previdenci\u00e1rio, os benef\u00edcios acima do m\u00ednimo n\u00e3o t\u00eam ganho real. Eles s\u00e3o corrigidos apenas pela <strong><a href=\"https:\/\/agenciabrasil.ebc.com.br\/economia\/noticia\/2025-10\/inflacao-medida-pelo-inpc-registra-052-em-setembro#:~:text=A%20infla%C3%A7%C3%A3o%20apurada%20pelo%20%C3%8Dndice,Geografia%20e%20Estat%C3%ADstica%20(IBGE).\" target=\"_blank\" rel=\"noreferrer noopener\">infla\u00e7\u00e3o medida pelo INPC<\/a><\/strong>, \u00edndice que recomp\u00f5e o poder de compra perdido no ano anterior.<\/p>\n\n\n\n<p>Em 2026, o percentual considerado foi de cerca de 4,18%. Esse \u00edndice tamb\u00e9m serve de base para o reajuste do <strong>teto da Previd\u00eancia Social<\/strong>, afetando aposentadorias maiores e pens\u00f5es de maior valor.<\/p>\n\n\n\n<figure class=\"wp-block-image size-large\"><img loading=\"lazy\" decoding=\"async\" width=\"1024\" height=\"576\" src=\"https:\/\/www.em.com.br\/emfoco\/wp-content\/uploads\/2026\/01\/IA-11-15-1024x576.jpg\" alt=\"Aposentados comemoram novo sal\u00e1rio de R$ 1.621, mas quem recebe acima do m\u00ednimo n\u00e3o ter\u00e1 aumento real\" class=\"wp-image-151704\" srcset=\"https:\/\/www.em.com.br\/emfoco\/wp-content\/uploads\/2026\/01\/IA-11-15-1024x576.jpg 1024w, https:\/\/www.em.com.br\/emfoco\/wp-content\/uploads\/2026\/01\/IA-11-15-300x169.jpg 300w, https:\/\/www.em.com.br\/emfoco\/wp-content\/uploads\/2026\/01\/IA-11-15-768x432.jpg 768w, https:\/\/www.em.com.br\/emfoco\/wp-content\/uploads\/2026\/01\/IA-11-15-750x422.jpg 750w, https:\/\/www.em.com.br\/emfoco\/wp-content\/uploads\/2026\/01\/IA-11-15-1140x641.jpg 1140w, https:\/\/www.em.com.br\/emfoco\/wp-content\/uploads\/2026\/01\/IA-11-15.jpg 1280w\" sizes=\"auto, (max-width: 1024px) 100vw, 1024px\" \/><figcaption class=\"wp-element-caption\">Benef\u00edcios acima do m\u00ednimo t\u00eam reajuste apenas pela infla\u00e7\u00e3o<\/figcaption><\/figure>\n\n\n\n<h2 class=\"wp-block-heading\">Quais outros benef\u00edcios sobem junto com o piso do INSS?<\/h2>\n\n\n\n<p>O <strong>sal\u00e1rio m\u00ednimo de R$ 1.621<\/strong> serve como refer\u00eancia para diversos programas sociais e trabalhistas. Com o reajuste, v\u00e1rios pagamentos autom\u00e1ticos tamb\u00e9m s\u00e3o atualizados, conforme voc\u00ea confere a seguir.<\/p>\n\n\n\n<ul class=\"wp-block-list\">\n<li>BPC LOAS: benef\u00edcio assistencial pago a idosos e pessoas com defici\u00eancia de baixa renda.<\/li>\n\n\n\n<li>Seguro-desemprego: nenhuma parcela pode ser inferior ao novo sal\u00e1rio m\u00ednimo.<\/li>\n\n\n\n<li>MEI: contribui\u00e7\u00e3o previdenci\u00e1ria sobe para 5% do piso, chegando a R$ 81,05.<\/li>\n<\/ul>\n\n\n\n<h2 class=\"wp-block-heading\">Qual \u00e9 o impacto econ\u00f4mico do reajuste do INSS em 2026?<\/h2>\n\n\n\n<p>O aumento do <strong>piso previdenci\u00e1rio<\/strong> deve injetar mais de R$ 80 bilh\u00f5es na economia ao longo do ano. Em cidades menores, onde o INSS \u00e9 a principal fonte de renda, o efeito no com\u00e9rcio local tende a ser imediato.<\/p>\n\n\n\n<p>Ao mesmo tempo, cada real de aumento eleva os gastos p\u00fablicos, j\u00e1 que muitos benef\u00edcios s\u00e3o indexados ao m\u00ednimo. O equil\u00edbrio entre <strong>prote\u00e7\u00e3o social<\/strong> e responsabilidade fiscal segue no centro do debate econ\u00f4mico em 2026.<\/p>\n","protected":false},"excerpt":{"rendered":"<p>A partir de 26 de janeiro de 2026, aposentados e pensionistas que recebem at\u00e9 um sal\u00e1rio m\u00ednimo passam a receber R$ 1.621, ap\u00f3s reajuste de 6,79%. Benef\u00edcios acima do piso ter\u00e3o corre\u00e7\u00e3o pelo INPC, com pagamentos a partir de fevereiro. A partir de 26 de janeiro, aposentados e pensionistas passam a receber o novo piso [&hellip;]<\/p>\n","protected":false},"author":13,"featured_media":151701,"comment_status":"open","ping_status":"open","sticky":false,"template":"","format":"standard","meta":{"jnews-multi-image_gallery":[],"jnews_single_post":{"format":"standard"},"jnews_primary_category":[],"jnews_social_meta":[],"jnews_override_counter":[],"footnotes":""},"categories":[28],"tags":[22093,22094,22092],"class_list":["post-151609","post","type-post","status-publish","format-standard","has-post-thumbnail","hentry","category-economia","tag-pagamento-inss","tag-pagamentos-do-inss","tag-piso-do-inss"],"yoast_head":"<!-- This site is optimized with the Yoast SEO plugin v23.8 - https:\/\/yoast.com\/wordpress\/plugins\/seo\/ -->\n<title>Aposentados comemoram novo sal\u00e1rio de R$ 1.621, mas quem recebe acima do m\u00ednimo n\u00e3o ter\u00e1 aumento real - Estado de Minas - Em foco<\/title>\n<meta name=\"description\" content=\"INSS confirma reajuste para quem recebe at\u00e9 um sal\u00e1rio m\u00ednimo. Pagamentos com o novo valor de R$ 1.621 iniciam no fim de janeiro.\" \/>\n<meta name=\"robots\" content=\"index, follow, max-snippet:-1, max-image-preview:large, max-video-preview:-1\" \/>\n<link rel=\"canonical\" href=\"https:\/\/www.em.com.br\/emfoco\/2026\/01\/09\/aposentados-comemoram-novo-salario-de-r-1-621-mas-quem-recebe-acima-do-minimo-nao-tera-aumento-real\/\" \/>\n<meta property=\"og:locale\" content=\"pt_BR\" \/>\n<meta property=\"og:type\" content=\"article\" \/>\n<meta property=\"og:title\" content=\"Aposentados comemoram novo sal\u00e1rio de R$ 1.621, mas quem recebe acima do m\u00ednimo n\u00e3o ter\u00e1 aumento real - Estado de Minas - Em foco\" \/>\n<meta property=\"og:description\" content=\"INSS confirma reajuste para quem recebe at\u00e9 um sal\u00e1rio m\u00ednimo. Pagamentos com o novo valor de R$ 1.621 iniciam no fim de janeiro.\" \/>\n<meta property=\"og:url\" content=\"https:\/\/www.em.com.br\/emfoco\/2026\/01\/09\/aposentados-comemoram-novo-salario-de-r-1-621-mas-quem-recebe-acima-do-minimo-nao-tera-aumento-real\/\" \/>\n<meta property=\"og:site_name\" content=\"Estado de Minas - Em foco\" \/>\n<meta property=\"article:published_time\" content=\"2026-01-09T20:15:00+00:00\" \/>\n<meta property=\"article:modified_time\" content=\"2026-01-07T16:47:53+00:00\" \/>\n<meta property=\"og:image\" content=\"https:\/\/www.em.com.br\/emfoco\/wp-content\/uploads\/2026\/01\/IA-9-19.jpg\" \/>\n\t<meta property=\"og:image:width\" content=\"1280\" \/>\n\t<meta property=\"og:image:height\" content=\"720\" \/>\n\t<meta property=\"og:image:type\" content=\"image\/jpeg\" \/>\n<meta name=\"author\" content=\"Gabriel Martins\" \/>\n<meta name=\"twitter:card\" content=\"summary_large_image\" \/>\n<meta name=\"twitter:label1\" content=\"Escrito por\" \/>\n\t<meta name=\"twitter:data1\" content=\"Gabriel Martins\" \/>\n\t<meta name=\"twitter:label2\" content=\"Est. tempo de leitura\" \/>\n\t<meta name=\"twitter:data2\" content=\"4 minutos\" \/>\n<!-- \/ Yoast SEO plugin. -->","yoast_head_json":{"title":"Aposentados comemoram novo sal\u00e1rio de R$ 1.621, mas quem recebe acima do m\u00ednimo n\u00e3o ter\u00e1 aumento real - Estado de Minas - Em foco","description":"INSS confirma reajuste para quem recebe at\u00e9 um sal\u00e1rio m\u00ednimo. Pagamentos com o novo valor de R$ 1.621 iniciam no fim de janeiro.","robots":{"index":"index","follow":"follow","max-snippet":"max-snippet:-1","max-image-preview":"max-image-preview:large","max-video-preview":"max-video-preview:-1"},"canonical":"https:\/\/www.em.com.br\/emfoco\/2026\/01\/09\/aposentados-comemoram-novo-salario-de-r-1-621-mas-quem-recebe-acima-do-minimo-nao-tera-aumento-real\/","og_locale":"pt_BR","og_type":"article","og_title":"Aposentados comemoram novo sal\u00e1rio de R$ 1.621, mas quem recebe acima do m\u00ednimo n\u00e3o ter\u00e1 aumento real - Estado de Minas - Em foco","og_description":"INSS confirma reajuste para quem recebe at\u00e9 um sal\u00e1rio m\u00ednimo. Pagamentos com o novo valor de R$ 1.621 iniciam no fim de janeiro.","og_url":"https:\/\/www.em.com.br\/emfoco\/2026\/01\/09\/aposentados-comemoram-novo-salario-de-r-1-621-mas-quem-recebe-acima-do-minimo-nao-tera-aumento-real\/","og_site_name":"Estado de Minas - Em foco","article_published_time":"2026-01-09T20:15:00+00:00","article_modified_time":"2026-01-07T16:47:53+00:00","og_image":[{"width":1280,"height":720,"url":"https:\/\/www.em.com.br\/emfoco\/wp-content\/uploads\/2026\/01\/IA-9-19.jpg","type":"image\/jpeg"}],"author":"Gabriel Martins","twitter_card":"summary_large_image","twitter_misc":{"Escrito por":"Gabriel Martins","Est. tempo de leitura":"4 minutos"},"schema":{"@context":"https:\/\/schema.org","@graph":[{"@type":"WebPage","@id":"https:\/\/www.em.com.br\/emfoco\/2026\/01\/09\/aposentados-comemoram-novo-salario-de-r-1-621-mas-quem-recebe-acima-do-minimo-nao-tera-aumento-real\/","url":"https:\/\/www.em.com.br\/emfoco\/2026\/01\/09\/aposentados-comemoram-novo-salario-de-r-1-621-mas-quem-recebe-acima-do-minimo-nao-tera-aumento-real\/","name":"Aposentados comemoram novo sal\u00e1rio de R$ 1.621, mas quem recebe acima do m\u00ednimo n\u00e3o ter\u00e1 aumento real - Estado de Minas - Em foco","isPartOf":{"@id":"https:\/\/www.em.com.br\/emfoco\/#website"},"primaryImageOfPage":{"@id":"https:\/\/www.em.com.br\/emfoco\/2026\/01\/09\/aposentados-comemoram-novo-salario-de-r-1-621-mas-quem-recebe-acima-do-minimo-nao-tera-aumento-real\/#primaryimage"},"image":{"@id":"https:\/\/www.em.com.br\/emfoco\/2026\/01\/09\/aposentados-comemoram-novo-salario-de-r-1-621-mas-quem-recebe-acima-do-minimo-nao-tera-aumento-real\/#primaryimage"},"thumbnailUrl":"https:\/\/www.em.com.br\/emfoco\/wp-content\/uploads\/2026\/01\/IA-9-19.jpg","datePublished":"2026-01-09T20:15:00+00:00","dateModified":"2026-01-07T16:47:53+00:00","author":{"@id":"https:\/\/www.em.com.br\/emfoco\/#\/schema\/person\/1c9ddeab18b98abeffef834667bcf08a"},"description":"INSS confirma reajuste para quem recebe at\u00e9 um sal\u00e1rio m\u00ednimo. Pagamentos com o novo valor de R$ 1.621 iniciam no fim de janeiro.","breadcrumb":{"@id":"https:\/\/www.em.com.br\/emfoco\/2026\/01\/09\/aposentados-comemoram-novo-salario-de-r-1-621-mas-quem-recebe-acima-do-minimo-nao-tera-aumento-real\/#breadcrumb"},"inLanguage":"pt-BR","potentialAction":[{"@type":"ReadAction","target":["https:\/\/www.em.com.br\/emfoco\/2026\/01\/09\/aposentados-comemoram-novo-salario-de-r-1-621-mas-quem-recebe-acima-do-minimo-nao-tera-aumento-real\/"]}]},{"@type":"ImageObject","inLanguage":"pt-BR","@id":"https:\/\/www.em.com.br\/emfoco\/2026\/01\/09\/aposentados-comemoram-novo-salario-de-r-1-621-mas-quem-recebe-acima-do-minimo-nao-tera-aumento-real\/#primaryimage","url":"https:\/\/www.em.com.br\/emfoco\/wp-content\/uploads\/2026\/01\/IA-9-19.jpg","contentUrl":"https:\/\/www.em.com.br\/emfoco\/wp-content\/uploads\/2026\/01\/IA-9-19.jpg","width":1280,"height":720,"caption":"Reajuste do piso do INSS impacta aposentados e economia em 2026"},{"@type":"BreadcrumbList","@id":"https:\/\/www.em.com.br\/emfoco\/2026\/01\/09\/aposentados-comemoram-novo-salario-de-r-1-621-mas-quem-recebe-acima-do-minimo-nao-tera-aumento-real\/#breadcrumb","itemListElement":[{"@type":"ListItem","position":1,"name":"In\u00edcio","item":"https:\/\/www.em.com.br\/emfoco\/"},{"@type":"ListItem","position":2,"name":"Aposentados comemoram novo sal\u00e1rio de R$ 1.621, mas quem recebe acima do m\u00ednimo n\u00e3o ter\u00e1 aumento real"}]},{"@type":"WebSite","@id":"https:\/\/www.em.com.br\/emfoco\/#website","url":"https:\/\/www.em.com.br\/emfoco\/","name":"Estado de Minas - Em foco","description":"Acompanhe as \u00faltimas not\u00edcias e fique bem informado sobre tudo o que acontece em Minas Gerais, Brasil e no mundo.","potentialAction":[{"@type":"SearchAction","target":{"@type":"EntryPoint","urlTemplate":"https:\/\/www.em.com.br\/emfoco\/?s={search_term_string}"},"query-input":{"@type":"PropertyValueSpecification","valueRequired":true,"valueName":"search_term_string"}}],"inLanguage":"pt-BR"},{"@type":"Person","@id":"https:\/\/www.em.com.br\/emfoco\/#\/schema\/person\/1c9ddeab18b98abeffef834667bcf08a","name":"Gabriel Martins","image":{"@type":"ImageObject","inLanguage":"pt-BR","@id":"https:\/\/www.em.com.br\/emfoco\/#\/schema\/person\/image\/","url":"https:\/\/secure.gravatar.com\/avatar\/f0f1e2efdfd88f1ad2cb08c5c2731e50?s=96&d=mm&r=g","contentUrl":"https:\/\/secure.gravatar.com\/avatar\/f0f1e2efdfd88f1ad2cb08c5c2731e50?s=96&d=mm&r=g","caption":"Gabriel Martins"},"sameAs":["https:\/\/www.em.com.br\/emfoco\/"],"url":"https:\/\/www.em.com.br\/emfoco\/author\/gabrielmartinsmyth\/"}]}},"_links":{"self":[{"href":"https:\/\/www.em.com.br\/emfoco\/wp-json\/wp\/v2\/posts\/151609","targetHints":{"allow":["GET"]}}],"collection":[{"href":"https:\/\/www.em.com.br\/emfoco\/wp-json\/wp\/v2\/posts"}],"about":[{"href":"https:\/\/www.em.com.br\/emfoco\/wp-json\/wp\/v2\/types\/post"}],"author":[{"embeddable":true,"href":"https:\/\/www.em.com.br\/emfoco\/wp-json\/wp\/v2\/users\/13"}],"replies":[{"embeddable":true,"href":"https:\/\/www.em.com.br\/emfoco\/wp-json\/wp\/v2\/comments?post=151609"}],"version-history":[{"count":1,"href":"https:\/\/www.em.com.br\/emfoco\/wp-json\/wp\/v2\/posts\/151609\/revisions"}],"predecessor-version":[{"id":151706,"href":"https:\/\/www.em.com.br\/emfoco\/wp-json\/wp\/v2\/posts\/151609\/revisions\/151706"}],"wp:featuredmedia":[{"embeddable":true,"href":"https:\/\/www.em.com.br\/emfoco\/wp-json\/wp\/v2\/media\/151701"}],"wp:attachment":[{"href":"https:\/\/www.em.com.br\/emfoco\/wp-json\/wp\/v2\/media?parent=151609"}],"wp:term":[{"taxonomy":"category","embeddable":true,"href":"https:\/\/www.em.com.br\/emfoco\/wp-json\/wp\/v2\/categories?post=151609"},{"taxonomy":"post_tag","embeddable":true,"href":"https:\/\/www.em.com.br\/emfoco\/wp-json\/wp\/v2\/tags?post=151609"}],"curies":[{"name":"wp","href":"https:\/\/api.w.org\/{rel}","templated":true}]}}