{"id":151513,"date":"2026-01-08T17:45:00","date_gmt":"2026-01-08T20:45:00","guid":{"rendered":"https:\/\/www.em.com.br\/emfoco\/?p=151513"},"modified":"2026-01-07T19:24:18","modified_gmt":"2026-01-07T22:24:18","slug":"7-looks-de-praia-praticos-e-estilosos-para-o-verao-como-adaptar-com-pecas-do-seu-guarda-roupa","status":"publish","type":"post","link":"https:\/\/www.em.com.br\/emfoco\/2026\/01\/08\/7-looks-de-praia-praticos-e-estilosos-para-o-verao-como-adaptar-com-pecas-do-seu-guarda-roupa\/","title":{"rendered":"7 looks de praia pr\u00e1ticos e estilosos para o ver\u00e3o: como adaptar com pe\u00e7as do seu guarda-roupa"},"content":{"rendered":"\n<p>Montar looks de praia f\u00e1ceis e estilosos \u00e9 mais simples do que parece. Com poucas pe\u00e7as bem pensadas, d\u00e1 para criar combina\u00e7\u00f5es vers\u00e1teis, confort\u00e1veis e atuais, usando o que voc\u00ea j\u00e1 tem no arm\u00e1rio e adaptando biqu\u00ednis, sa\u00eddas e roupas leves para diferentes momentos do dia, do banho de mar ao p\u00f3s-praia.<\/p>\n\n\n\n<h2 class=\"wp-block-heading\">O que s\u00e3o looks de praia pr\u00e1ticos e reais<\/h2>\n\n\n\n<p>Looks de <a href=\"https:\/\/www.em.com.br\/emfoco\/2026\/01\/06\/a-praia-catarinense-onde-as-trilhas-e-o-mar-criaram-um-dos-cenarios-mais-desejados-do-brasil\/\" target=\"_blank\" rel=\"noreferrer noopener\">praia <\/a>pr\u00e1ticos n\u00e3o t\u00eam a ver com produ\u00e7\u00f5es complexas ou cheias de tend\u00eancias passageiras. O foco est\u00e1 em combina\u00e7\u00f5es que funcionam na vida real: f\u00e1ceis de vestir, de lavar, de repetir e de combinar entre si, transitando da areia ao almo\u00e7o informal com poucos ajustes.<\/p>\n\n\n\n<p>Esses&nbsp;<strong>looks de praia estilosos<\/strong>&nbsp;se apoiam em poucos elementos-chave: pe\u00e7as leves, tecidos respir\u00e1veis, cores f\u00e1ceis de combinar e modelagens confort\u00e1veis. Em vez de um arm\u00e1rio abarrotado, a ideia \u00e9 ter um conjunto reduzido de itens que conversam entre si e rendem v\u00e1rios visuais.<\/p>\n\n\n\n<figure class=\"wp-block-image size-large\"><img loading=\"lazy\" decoding=\"async\" width=\"1024\" height=\"576\" src=\"https:\/\/www.em.com.br\/emfoco\/wp-content\/uploads\/2026\/01\/Gemini_Generated_Image_ost93dost93dost9-1-1024x576.png\" alt=\"O segredo dos looks de praia que funcionam na vida real\" class=\"wp-image-151548\" srcset=\"https:\/\/www.em.com.br\/emfoco\/wp-content\/uploads\/2026\/01\/Gemini_Generated_Image_ost93dost93dost9-1-1024x576.png 1024w, https:\/\/www.em.com.br\/emfoco\/wp-content\/uploads\/2026\/01\/Gemini_Generated_Image_ost93dost93dost9-1-300x169.png 300w, https:\/\/www.em.com.br\/emfoco\/wp-content\/uploads\/2026\/01\/Gemini_Generated_Image_ost93dost93dost9-1-768x432.png 768w, https:\/\/www.em.com.br\/emfoco\/wp-content\/uploads\/2026\/01\/Gemini_Generated_Image_ost93dost93dost9-1-750x422.png 750w, https:\/\/www.em.com.br\/emfoco\/wp-content\/uploads\/2026\/01\/Gemini_Generated_Image_ost93dost93dost9-1-1140x641.png 1140w, https:\/\/www.em.com.br\/emfoco\/wp-content\/uploads\/2026\/01\/Gemini_Generated_Image_ost93dost93dost9-1.png 1280w\" sizes=\"auto, (max-width: 1024px) 100vw, 1024px\" \/><figcaption class=\"wp-element-caption\">O segredo dos looks de praia que funcionam na vida real<\/figcaption><\/figure>\n\n\n\n<h2 class=\"wp-block-heading\">Quais pe\u00e7as s\u00e3o essenciais em looks de praia estilosos<\/h2>\n\n\n\n<p>Algumas pe\u00e7as aparecem com frequ\u00eancia nos looks de ver\u00e3o porque resolvem o visual com pouco esfor\u00e7o. Elas funcionam como base para diferentes&nbsp;<strong>looks de praia femininos<\/strong>&nbsp;e podem ser adaptadas ao estilo pessoal de cada pessoa, idade e tipo de corpo.<\/p>\n\n\n\n<p>Ao entender quais itens funcionam como curingas, fica mais f\u00e1cil montar combina\u00e7\u00f5es r\u00e1pidas e inteligentes. Confira algumas das pe\u00e7as mais vers\u00e1teis para colocar em uso j\u00e1 na pr\u00f3xima temporada:<\/p>\n\n\n\n<ul class=\"wp-block-list\">\n<li><strong>Camisa ou chemise leve:<\/strong>\u00a0usada aberta, fechada, como vestido curto ou terceira pe\u00e7a.<\/li>\n\n\n\n<li><strong>Short de tecido fluido ou alfaiataria leve:<\/strong>\u00a0combina com biqu\u00edni, mai\u00f4 ou tops simples.<\/li>\n\n\n\n<li><strong>Vestido midi ou curto esvoa\u00e7ante:<\/strong>\u00a0resolve o look sozinho e vai bem do mar ao restaurante.<\/li>\n\n\n\n<li><strong>Conjunto de linho ou algod\u00e3o:<\/strong>\u00a0short com top ou camisa cria unidade visual imediata.<\/li>\n\n\n\n<li><strong>Canga pare\u00f4:<\/strong>\u00a0transforma-se em saia, vestido improvisado ou sa\u00edda r\u00e1pida.<\/li>\n\n\n\n<li><strong>Cal\u00e7a pantalona fluida:<\/strong>\u00a0adiciona movimento e alonga visualmente a silhueta.<\/li>\n<\/ul>\n\n\n\n<iframe loading=\"lazy\" src=\"https:\/\/assets.pinterest.com\/ext\/embed.html?id=261419953359126195\" height=\"532\" width=\"345\" frameborder=\"0\" scrolling=\"no\" ><\/iframe>\n\n\n\n<h2 class=\"wp-block-heading\">Quais s\u00e3o 7 ideias de looks de praia f\u00e1ceis para usar j\u00e1<\/h2>\n\n\n\n<p>Com um pouco de criatividade, d\u00e1 para montar&nbsp;<strong>looks de praia f\u00e1ceis<\/strong>&nbsp;usando roupas comuns do dia a dia. Abaixo, voc\u00ea encontra combina\u00e7\u00f5es que muitas pessoas conseguem reproduzir sem precisar comprar nada novo.<\/p>\n\n\n\n<ol class=\"wp-block-list\">\n<li><strong>Camisa branca + biqu\u00edni neutro<\/strong><br>Uma camisa branca ampla, de algod\u00e3o ou linho, funciona como sa\u00edda pr\u00e1tica. Abotoada, vira vestido curto; aberta, atua como terceira pe\u00e7a sobre o biqu\u00edni ou mai\u00f4.<\/li>\n\n\n\n<li><strong>Short estruturado + biqu\u00edni + pe\u00e7a leve por cima<\/strong><br>Um short de tecido mais alinhado com a parte de cima do biqu\u00edni cria um look que sai da areia sem troca completa. Um kimono, camisa aberta ou sa\u00edda longa adiciona movimento.<\/li>\n\n\n\n<li><strong>Vestido midi fluido<\/strong><br>O vestido midi leve \u00e9 um cl\u00e1ssico. Vai por cima do biqu\u00edni e segue direto para o p\u00f3s-praia. Estampas discretas e tons claros facilitam a combina\u00e7\u00e3o com rasteiras e chinelos.<\/li>\n\n\n\n<li><strong>Conjunto leve de linho ou algod\u00e3o<\/strong><br>Short com top, ou short com camisa no mesmo tecido, cria visual coeso com pouco esfor\u00e7o. Tons neutros mant\u00eam o conjunto atual por mais tempo e combinam com v\u00e1rios biqu\u00ednis.<\/li>\n\n\n\n<li><strong>Canga como saia pare\u00f4 + top ou biqu\u00edni estruturado<\/strong><br>Amarrada na cintura, a canga vira saia pare\u00f4 que acompanha o corpo. Com um top firme ou biqu\u00edni de boa sustenta\u00e7\u00e3o, o look fica simples, mas bem organizado.<\/li>\n\n\n\n<li><strong>Macaquinho leve + acess\u00f3rios pontuais<\/strong><br>O macaquinho substitui o vestido para quem quer mais mobilidade. Em tecido fresco, pode receber poucos acess\u00f3rios de destaque, como brinco maior ou colar curto.<\/li>\n\n\n\n<li><strong>Top simples + cal\u00e7a pantalona fluida<\/strong><br>Um top b\u00e1sico com cal\u00e7a larga e leve cria um dos\u00a0<strong>melhores looks de praia<\/strong>\u00a0para quem busca mobilidade e apar\u00eancia alinhada, com visual ventilado e alongado.<\/li>\n<\/ol>\n\n\n\n<p>NO v\u00eddeo abaixo voc\u00ea vai aprender com a <a href=\"https:\/\/br.pinterest.com\/oficialfecarvalho\/\" target=\"_blank\" rel=\"noreferrer noopener\">Fernanda Carvalho | Consultora de Imagem e Stylist<\/a> como usar uma pare\u00f4:<\/p>\n\n\n\n<iframe loading=\"lazy\" src=\"https:\/\/assets.pinterest.com\/ext\/embed.html?id=520869513164411038\" height=\"714\" width=\"345\" frameborder=\"0\" scrolling=\"no\" ><\/iframe>\n\n\n\n<h2 class=\"wp-block-heading\">Como adaptar seus looks de praia ao pr\u00f3prio estilo<\/h2>\n\n\n\n<p>Os mesmos&nbsp;<strong>looks de praia para o ver\u00e3o<\/strong>&nbsp;podem ter resultados diferentes com pequenos ajustes. Trocas de cor, tipo de estampa, modelo de top ou comprimento de saia j\u00e1 mudam a leitura do visual, sem exigir novas compras.<\/p>\n\n\n\n<p>Algumas estrat\u00e9gias simples ajudam a aproveitar melhor o que voc\u00ea j\u00e1 tem no arm\u00e1rio, garantindo conforto e praticidade durante toda a temporada de calor.<\/p>\n\n\n\n<ul class=\"wp-block-list\">\n<li>Priorizar\u00a0<strong>tecidos naturais<\/strong>, como algod\u00e3o e linho, para mais conforto t\u00e9rmico.<\/li>\n\n\n\n<li>Escolher uma\u00a0<strong>cartela de cores<\/strong>\u00a0que combine entre si, facilitando misturas.<\/li>\n\n\n\n<li>Manter poucos\u00a0<strong>acess\u00f3rios funcionais<\/strong>, como chap\u00e9u, \u00f3culos escuros e bolsa resistente.<\/li>\n\n\n\n<li>Repetir pe\u00e7as-chave em diferentes combina\u00e7\u00f5es, mudando apenas o biqu\u00edni ou a parte de cima.<\/li>\n<\/ul>\n\n\n\n<p>Para acrescentar mais ideias de looks de ver\u00e3o 2026, selecionamos o v\u00eddeo da <strong><a href=\"https:\/\/www.youtube.com\/c\/Vit%C3%B3riaPortes\" target=\"_blank\" rel=\"noreferrer noopener\">Vit\u00f3ria Portes<\/a><\/strong> que faz sucesso em seu canal do YouTube com suas dicas:<\/p>\n\n\n\n<figure class=\"wp-block-embed is-type-video is-provider-youtube wp-block-embed-youtube wp-embed-aspect-16-9 wp-has-aspect-ratio\"><div class=\"wp-block-embed__wrapper\">\n<div class=\"jeg_video_container jeg_video_content\"><iframe loading=\"lazy\" title=\"LOOKS PARA PRAIA: VER\u00c3O 26 - Vit\u00f3ria Portes\" width=\"500\" height=\"281\" src=\"https:\/\/www.youtube.com\/embed\/EzC_EQN-UUA?feature=oembed\" frameborder=\"0\" allow=\"accelerometer; autoplay; clipboard-write; encrypted-media; gyroscope; picture-in-picture; web-share\" referrerpolicy=\"strict-origin-when-cross-origin\" allowfullscreen><\/iframe><\/div>\n<\/div><\/figure>\n\n\n\n<h2 class=\"wp-block-heading\">Como criar looks de praia reais e usar melhor o seu guarda-roupa<\/h2>\n\n\n\n<p>Dessa forma, os&nbsp;<strong>looks de praia estilosos e reais<\/strong>&nbsp;deixam de ser algo distante e passam a fazer parte da rotina. Com foco em conforto, praticidade e escolhas conscientes, o ver\u00e3o fica mais leve, com menos excessos e mais uso inteligente do que j\u00e1 est\u00e1 no guarda-roupa.<\/p>\n\n\n\n<p>N\u00e3o espere o calor chegar para improvisar: separe hoje suas pe\u00e7as-chave, teste combina\u00e7\u00f5es em frente ao espelho e j\u00e1 deixe seus looks de praia prontos. Assim, quando surgir o convite de \u00faltima hora, voc\u00ea s\u00f3 precisa vestir, sair e aproveitar ao m\u00e1ximo cada minuto de sol.<\/p>\n\n\n\n<p><\/p>\n","protected":false},"excerpt":{"rendered":"<p>Montar looks de praia f\u00e1ceis e estilosos \u00e9 mais simples do que parece. Com poucas pe\u00e7as bem pensadas, d\u00e1 para criar combina\u00e7\u00f5es vers\u00e1teis, confort\u00e1veis e atuais, usando o que voc\u00ea j\u00e1 tem no arm\u00e1rio e adaptando biqu\u00ednis, sa\u00eddas e roupas leves para diferentes momentos do dia, do banho de mar ao p\u00f3s-praia. O que s\u00e3o [&hellip;]<\/p>\n","protected":false},"author":11,"featured_media":151547,"comment_status":"open","ping_status":"open","sticky":false,"template":"","format":"standard","meta":{"jnews-multi-image_gallery":[],"jnews_single_post":{"format":"standard"},"jnews_primary_category":[],"jnews_social_meta":[],"jnews_override_counter":[],"footnotes":""},"categories":[8819,1],"tags":[22085,22086,4977,1827],"class_list":["post-151513","post","type-post","status-publish","format-standard","has-post-thumbnail","hentry","category-curiosidades","category-noticias","tag-aprenda-a-montar-looks-de-praia","tag-looks-de-praia","tag-moda","tag-verao"],"yoast_head":"<!-- This site is optimized with the Yoast SEO plugin v23.8 - https:\/\/yoast.com\/wordpress\/plugins\/seo\/ -->\n<title>7 looks de praia pr\u00e1ticos e estilosos para o ver\u00e3o: como adaptar com pe\u00e7as do seu guarda-roupa - Estado de Minas - Em foco<\/title>\n<meta name=\"description\" content=\"Aprenda a montar looks de praia f\u00e1ceis, confort\u00e1veis e estilosos usando poucas pe\u00e7as e o que voc\u00ea j\u00e1 tem no arm\u00e1rio.\" \/>\n<meta name=\"robots\" content=\"index, follow, max-snippet:-1, max-image-preview:large, max-video-preview:-1\" \/>\n<link rel=\"canonical\" href=\"https:\/\/www.em.com.br\/emfoco\/2026\/01\/08\/7-looks-de-praia-praticos-e-estilosos-para-o-verao-como-adaptar-com-pecas-do-seu-guarda-roupa\/\" \/>\n<meta property=\"og:locale\" content=\"pt_BR\" \/>\n<meta property=\"og:type\" content=\"article\" \/>\n<meta property=\"og:title\" content=\"7 looks de praia pr\u00e1ticos e estilosos para o ver\u00e3o: como adaptar com pe\u00e7as do seu guarda-roupa - Estado de Minas - Em foco\" \/>\n<meta property=\"og:description\" content=\"Aprenda a montar looks de praia f\u00e1ceis, confort\u00e1veis e estilosos usando poucas pe\u00e7as e o que voc\u00ea j\u00e1 tem no arm\u00e1rio.\" \/>\n<meta property=\"og:url\" content=\"https:\/\/www.em.com.br\/emfoco\/2026\/01\/08\/7-looks-de-praia-praticos-e-estilosos-para-o-verao-como-adaptar-com-pecas-do-seu-guarda-roupa\/\" \/>\n<meta property=\"og:site_name\" content=\"Estado de Minas - Em foco\" \/>\n<meta property=\"article:published_time\" content=\"2026-01-08T20:45:00+00:00\" \/>\n<meta property=\"article:modified_time\" content=\"2026-01-07T22:24:18+00:00\" \/>\n<meta property=\"og:image\" content=\"https:\/\/www.em.com.br\/emfoco\/wp-content\/uploads\/2026\/01\/Gemini_Generated_Image_h0pfuih0pfuih0pf-1.png\" \/>\n\t<meta property=\"og:image:width\" content=\"1280\" \/>\n\t<meta property=\"og:image:height\" content=\"720\" \/>\n\t<meta property=\"og:image:type\" content=\"image\/png\" \/>\n<meta name=\"author\" content=\"Andre\u0301 Rangel\u00a0\" \/>\n<meta name=\"twitter:card\" content=\"summary_large_image\" \/>\n<meta name=\"twitter:label1\" content=\"Escrito por\" \/>\n\t<meta name=\"twitter:data1\" content=\"Andre\u0301 Rangel\u00a0\" \/>\n\t<meta name=\"twitter:label2\" content=\"Est. tempo de leitura\" \/>\n\t<meta name=\"twitter:data2\" content=\"6 minutos\" \/>\n<!-- \/ Yoast SEO plugin. -->","yoast_head_json":{"title":"7 looks de praia pr\u00e1ticos e estilosos para o ver\u00e3o: como adaptar com pe\u00e7as do seu guarda-roupa - Estado de Minas - Em foco","description":"Aprenda a montar looks de praia f\u00e1ceis, confort\u00e1veis e estilosos usando poucas pe\u00e7as e o que voc\u00ea j\u00e1 tem no arm\u00e1rio.","robots":{"index":"index","follow":"follow","max-snippet":"max-snippet:-1","max-image-preview":"max-image-preview:large","max-video-preview":"max-video-preview:-1"},"canonical":"https:\/\/www.em.com.br\/emfoco\/2026\/01\/08\/7-looks-de-praia-praticos-e-estilosos-para-o-verao-como-adaptar-com-pecas-do-seu-guarda-roupa\/","og_locale":"pt_BR","og_type":"article","og_title":"7 looks de praia pr\u00e1ticos e estilosos para o ver\u00e3o: como adaptar com pe\u00e7as do seu guarda-roupa - Estado de Minas - Em foco","og_description":"Aprenda a montar looks de praia f\u00e1ceis, confort\u00e1veis e estilosos usando poucas pe\u00e7as e o que voc\u00ea j\u00e1 tem no arm\u00e1rio.","og_url":"https:\/\/www.em.com.br\/emfoco\/2026\/01\/08\/7-looks-de-praia-praticos-e-estilosos-para-o-verao-como-adaptar-com-pecas-do-seu-guarda-roupa\/","og_site_name":"Estado de Minas - Em foco","article_published_time":"2026-01-08T20:45:00+00:00","article_modified_time":"2026-01-07T22:24:18+00:00","og_image":[{"width":1280,"height":720,"url":"https:\/\/www.em.com.br\/emfoco\/wp-content\/uploads\/2026\/01\/Gemini_Generated_Image_h0pfuih0pfuih0pf-1.png","type":"image\/png"}],"author":"Andre\u0301 Rangel\u00a0","twitter_card":"summary_large_image","twitter_misc":{"Escrito por":"Andre\u0301 Rangel\u00a0","Est. tempo de leitura":"6 minutos"},"schema":{"@context":"https:\/\/schema.org","@graph":[{"@type":"WebPage","@id":"https:\/\/www.em.com.br\/emfoco\/2026\/01\/08\/7-looks-de-praia-praticos-e-estilosos-para-o-verao-como-adaptar-com-pecas-do-seu-guarda-roupa\/","url":"https:\/\/www.em.com.br\/emfoco\/2026\/01\/08\/7-looks-de-praia-praticos-e-estilosos-para-o-verao-como-adaptar-com-pecas-do-seu-guarda-roupa\/","name":"7 looks de praia pr\u00e1ticos e estilosos para o ver\u00e3o: como adaptar com pe\u00e7as do seu guarda-roupa - Estado de Minas - Em foco","isPartOf":{"@id":"https:\/\/www.em.com.br\/emfoco\/#website"},"primaryImageOfPage":{"@id":"https:\/\/www.em.com.br\/emfoco\/2026\/01\/08\/7-looks-de-praia-praticos-e-estilosos-para-o-verao-como-adaptar-com-pecas-do-seu-guarda-roupa\/#primaryimage"},"image":{"@id":"https:\/\/www.em.com.br\/emfoco\/2026\/01\/08\/7-looks-de-praia-praticos-e-estilosos-para-o-verao-como-adaptar-com-pecas-do-seu-guarda-roupa\/#primaryimage"},"thumbnailUrl":"https:\/\/www.em.com.br\/emfoco\/wp-content\/uploads\/2026\/01\/Gemini_Generated_Image_h0pfuih0pfuih0pf-1.png","datePublished":"2026-01-08T20:45:00+00:00","dateModified":"2026-01-07T22:24:18+00:00","author":{"@id":"https:\/\/www.em.com.br\/emfoco\/#\/schema\/person\/60eda09c1fedf0d6891f4cef4b60b8b8"},"description":"Aprenda a montar looks de praia f\u00e1ceis, confort\u00e1veis e estilosos usando poucas pe\u00e7as e o que voc\u00ea j\u00e1 tem no arm\u00e1rio.","breadcrumb":{"@id":"https:\/\/www.em.com.br\/emfoco\/2026\/01\/08\/7-looks-de-praia-praticos-e-estilosos-para-o-verao-como-adaptar-com-pecas-do-seu-guarda-roupa\/#breadcrumb"},"inLanguage":"pt-BR","potentialAction":[{"@type":"ReadAction","target":["https:\/\/www.em.com.br\/emfoco\/2026\/01\/08\/7-looks-de-praia-praticos-e-estilosos-para-o-verao-como-adaptar-com-pecas-do-seu-guarda-roupa\/"]}]},{"@type":"ImageObject","inLanguage":"pt-BR","@id":"https:\/\/www.em.com.br\/emfoco\/2026\/01\/08\/7-looks-de-praia-praticos-e-estilosos-para-o-verao-como-adaptar-com-pecas-do-seu-guarda-roupa\/#primaryimage","url":"https:\/\/www.em.com.br\/emfoco\/wp-content\/uploads\/2026\/01\/Gemini_Generated_Image_h0pfuih0pfuih0pf-1.png","contentUrl":"https:\/\/www.em.com.br\/emfoco\/wp-content\/uploads\/2026\/01\/Gemini_Generated_Image_h0pfuih0pfuih0pf-1.png","width":1280,"height":720,"caption":"O segredo dos looks de praia que funcionam na vida real"},{"@type":"BreadcrumbList","@id":"https:\/\/www.em.com.br\/emfoco\/2026\/01\/08\/7-looks-de-praia-praticos-e-estilosos-para-o-verao-como-adaptar-com-pecas-do-seu-guarda-roupa\/#breadcrumb","itemListElement":[{"@type":"ListItem","position":1,"name":"In\u00edcio","item":"https:\/\/www.em.com.br\/emfoco\/"},{"@type":"ListItem","position":2,"name":"7 looks de praia pr\u00e1ticos e estilosos para o ver\u00e3o: como adaptar com pe\u00e7as do seu guarda-roupa"}]},{"@type":"WebSite","@id":"https:\/\/www.em.com.br\/emfoco\/#website","url":"https:\/\/www.em.com.br\/emfoco\/","name":"Estado de Minas - Em foco","description":"Acompanhe as \u00faltimas not\u00edcias e fique bem informado sobre tudo o que acontece em Minas Gerais, Brasil e no mundo.","potentialAction":[{"@type":"SearchAction","target":{"@type":"EntryPoint","urlTemplate":"https:\/\/www.em.com.br\/emfoco\/?s={search_term_string}"},"query-input":{"@type":"PropertyValueSpecification","valueRequired":true,"valueName":"search_term_string"}}],"inLanguage":"pt-BR"},{"@type":"Person","@id":"https:\/\/www.em.com.br\/emfoco\/#\/schema\/person\/60eda09c1fedf0d6891f4cef4b60b8b8","name":"Andre\u0301 Rangel\u00a0","image":{"@type":"ImageObject","inLanguage":"pt-BR","@id":"https:\/\/www.em.com.br\/emfoco\/#\/schema\/person\/image\/","url":"https:\/\/secure.gravatar.com\/avatar\/6234dc814c77c8ef6d8bba622c787efc?s=96&d=mm&r=g","contentUrl":"https:\/\/secure.gravatar.com\/avatar\/6234dc814c77c8ef6d8bba622c787efc?s=96&d=mm&r=g","caption":"Andre\u0301 Rangel\u00a0"},"url":"https:\/\/www.em.com.br\/emfoco\/author\/luizmyth\/"}]}},"_links":{"self":[{"href":"https:\/\/www.em.com.br\/emfoco\/wp-json\/wp\/v2\/posts\/151513","targetHints":{"allow":["GET"]}}],"collection":[{"href":"https:\/\/www.em.com.br\/emfoco\/wp-json\/wp\/v2\/posts"}],"about":[{"href":"https:\/\/www.em.com.br\/emfoco\/wp-json\/wp\/v2\/types\/post"}],"author":[{"embeddable":true,"href":"https:\/\/www.em.com.br\/emfoco\/wp-json\/wp\/v2\/users\/11"}],"replies":[{"embeddable":true,"href":"https:\/\/www.em.com.br\/emfoco\/wp-json\/wp\/v2\/comments?post=151513"}],"version-history":[{"count":5,"href":"https:\/\/www.em.com.br\/emfoco\/wp-json\/wp\/v2\/posts\/151513\/revisions"}],"predecessor-version":[{"id":151549,"href":"https:\/\/www.em.com.br\/emfoco\/wp-json\/wp\/v2\/posts\/151513\/revisions\/151549"}],"wp:featuredmedia":[{"embeddable":true,"href":"https:\/\/www.em.com.br\/emfoco\/wp-json\/wp\/v2\/media\/151547"}],"wp:attachment":[{"href":"https:\/\/www.em.com.br\/emfoco\/wp-json\/wp\/v2\/media?parent=151513"}],"wp:term":[{"taxonomy":"category","embeddable":true,"href":"https:\/\/www.em.com.br\/emfoco\/wp-json\/wp\/v2\/categories?post=151513"},{"taxonomy":"post_tag","embeddable":true,"href":"https:\/\/www.em.com.br\/emfoco\/wp-json\/wp\/v2\/tags?post=151513"}],"curies":[{"name":"wp","href":"https:\/\/api.w.org\/{rel}","templated":true}]}}