{"id":151390,"date":"2026-01-08T19:45:00","date_gmt":"2026-01-08T22:45:00","guid":{"rendered":"https:\/\/www.em.com.br\/emfoco\/?p=151390"},"modified":"2026-01-06T17:41:46","modified_gmt":"2026-01-06T20:41:46","slug":"alta-performance-ou-auto-sabotagem-excesso-de-trabalho-ativa-modo-de-sobrevivencia-e-destroi-sua-produtividade","status":"publish","type":"post","link":"https:\/\/www.em.com.br\/emfoco\/2026\/01\/08\/alta-performance-ou-auto-sabotagem-excesso-de-trabalho-ativa-modo-de-sobrevivencia-e-destroi-sua-produtividade\/","title":{"rendered":"Alta performance ou auto sabotagem? Excesso de trabalho ativa modo de sobreviv\u00eancia e destr\u00f3i sua produtividade"},"content":{"rendered":"\n<h2 class=\"wp-block-heading\">Excesso de trabalho gera estresse cr\u00f4nico, eleva cortisol e altera c\u00f3rtex pr\u00e9-frontal, am\u00edgdala e hipocampo, reduzindo mem\u00f3ria, controle emocional e decis\u00f5es, o que derruba a produtividade e aumenta danos cerebrais.<\/h2>\n\n\n\n<p>O <strong>excesso de trabalho<\/strong> deixou de ser apenas um problema de cansa\u00e7o. Estudos em neuroci\u00eancia mostram que horas extras cr\u00f4nicas provocam mudan\u00e7as f\u00edsicas no c\u00e9rebro, afetando emo\u00e7\u00f5es, mem\u00f3ria e decis\u00f5es. Em 2026, o alerta cient\u00edfico ganhou for\u00e7a.<\/p>\n\n\n\n<h2 class=\"wp-block-heading\">Por que trabalhar al\u00e9m do limite reduz sua produtividade?<\/h2>\n\n\n\n<p>A chamada cultura da alta performance empurra profissionais ao limite, mas o <strong>estresse cr\u00f4nico<\/strong> leva o c\u00e9rebro a operar em modo de sobreviv\u00eancia. Nesse estado, fun\u00e7\u00f5es como criatividade, planejamento e empatia perdem espa\u00e7o para respostas autom\u00e1ticas.<\/p>\n\n\n\n<p>O resultado \u00e9 paradoxal. Quanto mais horas se trabalha, menor tende a ser a qualidade das decis\u00f5es. A <strong>neuroplasticidade negativa<\/strong> refor\u00e7a circuitos ligados \u00e0 urg\u00eancia, enquanto enfraquece \u00e1reas respons\u00e1veis por vis\u00e3o estrat\u00e9gica e controle emocional.<\/p>\n\n\n\n<p>Confira a reflex\u00e3o compartilhada pela especialista do canal do TikTok <strong><a href=\"https:\/\/www.tiktok.com\/@andreavermontdiz\" target=\"_blank\" rel=\"noreferrer noopener\"><strong>andreavermontdiz<\/strong><\/a><\/strong> sobre o burnout no trabalho e como isso impacta al\u00e9m da sua vida profissional. <\/p>\n\n\n\n<blockquote class=\"tiktok-embed\" cite=\"https:\/\/www.tiktok.com\/@andreavermontdiz\/video\/7567025930942631186\" data-video-id=\"7567025930942631186\" style=\"max-width: 605px;min-width: 325px;\" > <section> <a target=\"_blank\" title=\"@andreavermontdiz\" href=\"https:\/\/www.tiktok.com\/@andreavermontdiz?refer=embed\">@andreavermontdiz<\/a> Burnout n\u00e3o chega de repente. Ele avisa e voc\u00ea finge que \u00e9 s\u00f3 cansa\u00e7o. \ud83d\udea8 . . . <a title=\"burnout\" target=\"_blank\" href=\"https:\/\/www.tiktok.com\/tag\/burnout?refer=embed\">#burnout<\/a> #saudemental <a title=\"trabalhoduro\" target=\"_blank\" href=\"https:\/\/www.tiktok.com\/tag\/trabalhoduro?refer=embed\">#trabalhoduro<\/a> <a title=\"ansiedade\" target=\"_blank\" href=\"https:\/\/www.tiktok.com\/tag\/ansiedade?refer=embed\">#ansiedade<\/a> <a target=\"_blank\" title=\"\u266c Easy On Me - Adele\" href=\"https:\/\/www.tiktok.com\/music\/Easy-On-Me-7038499596947720199?refer=embed\">\u266c Easy On Me &#8211; Adele<\/a> <\/section> <\/blockquote> <script async src=\"https:\/\/www.tiktok.com\/embed.js\"><\/script>\n\n\n\n<h2 class=\"wp-block-heading\">Quais \u00e1reas do c\u00e9rebro sofrem altera\u00e7\u00f5es estruturais?<\/h2>\n\n\n\n<p>Pesquisas mostram que o <strong>excesso de horas extras<\/strong> altera regi\u00f5es-chave do c\u00e9rebro, afetando diretamente comportamento e desempenho. Entre as mudan\u00e7as mais relevantes observadas em exames de imagem, destacam-se as seguintes.<\/p>\n\n\n\n<ul class=\"wp-block-list\">\n<li>C\u00f3rtex Pr\u00e9-Frontal: redu\u00e7\u00e3o da massa cinzenta ligada a falhas de planejamento e impulsividade.<\/li>\n\n\n\n<li>Am\u00edgdala: hiperatividade emocional que aumenta irritabilidade, ansiedade e rea\u00e7\u00f5es exageradas.<\/li>\n\n\n\n<li>Hipocampo: preju\u00edzo na mem\u00f3ria e na aprendizagem por queda da neurog\u00eanese.<\/li>\n<\/ul>\n\n\n\n<p><em>Leia mais: <strong><a href=\"https:\/\/www.em.com.br\/emfoco\/2026\/01\/05\/como-o-silencio-antes-de-deitar-reduz-o-estresse-e-prepara-o-cerebro-para-dormir\/\" target=\"_blank\" rel=\"noreferrer noopener\">Como o sil\u00eancio antes de deitar reduz o estresse e prepara o c\u00e9rebro para dormir<\/a><\/strong><\/em><\/p>\n\n\n\n<h2 class=\"wp-block-heading\">Qual \u00e9 o papel do cortisol nesse processo cerebral?<\/h2>\n\n\n\n<p>O principal agente qu\u00edmico envolvido \u00e9 o <strong>cortisol<\/strong>, liberado pelo eixo HPA em situa\u00e7\u00f5es de estresse cont\u00ednuo. Em n\u00edveis elevados e prolongados, ele se torna neurot\u00f3xico e acelera o desgaste das conex\u00f5es neurais.<\/p>\n\n\n\n<p>Al\u00e9m disso, o estresse persistente provoca <strong>neuroinflama\u00e7\u00e3o<\/strong>, uma resposta imunol\u00f3gica do c\u00e9rebro que favorece envelhecimento cognitivo precoce. Esse ambiente inflamat\u00f3rio est\u00e1 associado a maior risco de doen\u00e7as neurodegenerativas no futuro.<\/p>\n\n\n\n<figure class=\"wp-block-image size-large\"><img loading=\"lazy\" decoding=\"async\" width=\"1024\" height=\"576\" src=\"https:\/\/www.em.com.br\/emfoco\/wp-content\/uploads\/2026\/01\/IA-23-3-1024x576.jpg\" alt=\"Alta performance ou auto sabotagem? Excesso de trabalho ativa modo de sobreviv\u00eancia e destr\u00f3i sua produtividade\" class=\"wp-image-151461\" srcset=\"https:\/\/www.em.com.br\/emfoco\/wp-content\/uploads\/2026\/01\/IA-23-3-1024x576.jpg 1024w, https:\/\/www.em.com.br\/emfoco\/wp-content\/uploads\/2026\/01\/IA-23-3-300x169.jpg 300w, https:\/\/www.em.com.br\/emfoco\/wp-content\/uploads\/2026\/01\/IA-23-3-768x432.jpg 768w, https:\/\/www.em.com.br\/emfoco\/wp-content\/uploads\/2026\/01\/IA-23-3-750x422.jpg 750w, https:\/\/www.em.com.br\/emfoco\/wp-content\/uploads\/2026\/01\/IA-23-3-1140x641.jpg 1140w, https:\/\/www.em.com.br\/emfoco\/wp-content\/uploads\/2026\/01\/IA-23-3.jpg 1280w\" sizes=\"auto, (max-width: 1024px) 100vw, 1024px\" \/><figcaption class=\"wp-element-caption\">Cortisol elevado por estresse prolongado acelera desgaste e neuroinflama\u00e7\u00e3o cerebral<\/figcaption><\/figure>\n\n\n\n<h2 class=\"wp-block-heading\">Quais sinais indicam que seu c\u00e9rebro est\u00e1 em sobrecarga?<\/h2>\n\n\n\n<p>Antes que os danos se tornem profundos, o corpo e a mente emitem alertas claros de <strong>sobrecarga mental<\/strong>. Reconhecer esses sinais ajuda a interromper o ciclo nocivo e evitar preju\u00edzos duradouros, como mostrado a seguir.<\/p>\n\n\n\n<ul class=\"wp-block-list\">\n<li>Esquecimento frequente: lapsos de mem\u00f3ria e dificuldade em aprender novas tarefas.<\/li>\n\n\n\n<li>Irritabilidade constante: rea\u00e7\u00f5es emocionais desproporcionais a situa\u00e7\u00f5es simples.<\/li>\n\n\n\n<li>Ins\u00f4nia recorrente: incapacidade de desligar a mente e recuperar o c\u00e9rebro durante o sono.<\/li>\n<\/ul>\n\n\n\n<h2 class=\"wp-block-heading\">\u00c9 poss\u00edvel reverter os danos causados pelo excesso de trabalho?<\/h2>\n\n\n\n<p>A boa not\u00edcia \u00e9 que o c\u00e9rebro mant\u00e9m <strong>neuroplasticidade positiva<\/strong>. Pausas reais, f\u00e9rias sem telas e limites claros permitem que o c\u00f3rtex pr\u00e9-frontal recupere volume e estabilidade funcional ao longo do tempo.<\/p>\n\n\n\n<p>Pr\u00e1ticas simples, como micro-pausas ativas e aten\u00e7\u00e3o \u00e0 sa\u00fade mental, ajudam a regular o <strong>n\u00edvel de estresse<\/strong>. Proteger o c\u00e9rebro n\u00e3o \u00e9 luxo, \u00e9 estrat\u00e9gia essencial para sustentar carreira, intelig\u00eancia emocional e qualidade de vida.<\/p>\n\n\n\n<p>No fim das contas, trabalhar sem limites n\u00e3o \u00e9 sinal de sucesso, mas de risco silencioso para o c\u00e9rebro que decide seu futuro todos os dias.<\/p>\n","protected":false},"excerpt":{"rendered":"<p>Excesso de trabalho gera estresse cr\u00f4nico, eleva cortisol e altera c\u00f3rtex pr\u00e9-frontal, am\u00edgdala e hipocampo, reduzindo mem\u00f3ria, controle emocional e decis\u00f5es, o que derruba a produtividade e aumenta danos cerebrais. O excesso de trabalho deixou de ser apenas um problema de cansa\u00e7o. Estudos em neuroci\u00eancia mostram que horas extras cr\u00f4nicas provocam mudan\u00e7as f\u00edsicas no c\u00e9rebro, [&hellip;]<\/p>\n","protected":false},"author":13,"featured_media":151459,"comment_status":"open","ping_status":"open","sticky":false,"template":"","format":"standard","meta":{"jnews-multi-image_gallery":[],"jnews_single_post":{"format":"standard"},"jnews_primary_category":[],"jnews_social_meta":[],"jnews_override_counter":[],"footnotes":""},"categories":[9053],"tags":[9319,22075,22074],"class_list":["post-151390","post","type-post","status-publish","format-standard","has-post-thumbnail","hentry","category-saude","tag-controle-emocional","tag-estresse-cronico","tag-excesso-de-trabalho"],"yoast_head":"<!-- This site is optimized with the Yoast SEO plugin v23.8 - https:\/\/yoast.com\/wordpress\/plugins\/seo\/ -->\n<title>Alta performance ou auto sabotagem? Excesso de trabalho ativa modo de sobreviv\u00eancia e destr\u00f3i sua produtividade - Estado de Minas - Em foco<\/title>\n<meta name=\"description\" content=\"Excesso de trabalho reduz massa cinzenta, altera emo\u00e7\u00f5es e piora decis\u00f5es. Entenda os efeitos neurol\u00f3gicos de jornadas prolongadas.\" \/>\n<meta name=\"robots\" content=\"index, follow, max-snippet:-1, max-image-preview:large, max-video-preview:-1\" \/>\n<link rel=\"canonical\" href=\"https:\/\/www.em.com.br\/emfoco\/2026\/01\/08\/alta-performance-ou-auto-sabotagem-excesso-de-trabalho-ativa-modo-de-sobrevivencia-e-destroi-sua-produtividade\/\" \/>\n<meta property=\"og:locale\" content=\"pt_BR\" \/>\n<meta property=\"og:type\" content=\"article\" \/>\n<meta property=\"og:title\" content=\"Alta performance ou auto sabotagem? Excesso de trabalho ativa modo de sobreviv\u00eancia e destr\u00f3i sua produtividade - Estado de Minas - Em foco\" \/>\n<meta property=\"og:description\" content=\"Excesso de trabalho reduz massa cinzenta, altera emo\u00e7\u00f5es e piora decis\u00f5es. Entenda os efeitos neurol\u00f3gicos de jornadas prolongadas.\" \/>\n<meta property=\"og:url\" content=\"https:\/\/www.em.com.br\/emfoco\/2026\/01\/08\/alta-performance-ou-auto-sabotagem-excesso-de-trabalho-ativa-modo-de-sobrevivencia-e-destroi-sua-produtividade\/\" \/>\n<meta property=\"og:site_name\" content=\"Estado de Minas - Em foco\" \/>\n<meta property=\"article:published_time\" content=\"2026-01-08T22:45:00+00:00\" \/>\n<meta property=\"article:modified_time\" content=\"2026-01-06T20:41:46+00:00\" \/>\n<meta property=\"og:image\" content=\"https:\/\/www.em.com.br\/emfoco\/wp-content\/uploads\/2026\/01\/IA-22-3.jpg\" \/>\n\t<meta property=\"og:image:width\" content=\"1280\" \/>\n\t<meta property=\"og:image:height\" content=\"720\" \/>\n\t<meta property=\"og:image:type\" content=\"image\/jpeg\" \/>\n<meta name=\"author\" content=\"Gabriel Martins\" \/>\n<meta name=\"twitter:card\" content=\"summary_large_image\" \/>\n<meta name=\"twitter:label1\" content=\"Escrito por\" \/>\n\t<meta name=\"twitter:data1\" content=\"Gabriel Martins\" \/>\n\t<meta name=\"twitter:label2\" content=\"Est. tempo de leitura\" \/>\n\t<meta name=\"twitter:data2\" content=\"4 minutos\" \/>\n<!-- \/ Yoast SEO plugin. -->","yoast_head_json":{"title":"Alta performance ou auto sabotagem? Excesso de trabalho ativa modo de sobreviv\u00eancia e destr\u00f3i sua produtividade - Estado de Minas - Em foco","description":"Excesso de trabalho reduz massa cinzenta, altera emo\u00e7\u00f5es e piora decis\u00f5es. Entenda os efeitos neurol\u00f3gicos de jornadas prolongadas.","robots":{"index":"index","follow":"follow","max-snippet":"max-snippet:-1","max-image-preview":"max-image-preview:large","max-video-preview":"max-video-preview:-1"},"canonical":"https:\/\/www.em.com.br\/emfoco\/2026\/01\/08\/alta-performance-ou-auto-sabotagem-excesso-de-trabalho-ativa-modo-de-sobrevivencia-e-destroi-sua-produtividade\/","og_locale":"pt_BR","og_type":"article","og_title":"Alta performance ou auto sabotagem? Excesso de trabalho ativa modo de sobreviv\u00eancia e destr\u00f3i sua produtividade - Estado de Minas - Em foco","og_description":"Excesso de trabalho reduz massa cinzenta, altera emo\u00e7\u00f5es e piora decis\u00f5es. Entenda os efeitos neurol\u00f3gicos de jornadas prolongadas.","og_url":"https:\/\/www.em.com.br\/emfoco\/2026\/01\/08\/alta-performance-ou-auto-sabotagem-excesso-de-trabalho-ativa-modo-de-sobrevivencia-e-destroi-sua-produtividade\/","og_site_name":"Estado de Minas - Em foco","article_published_time":"2026-01-08T22:45:00+00:00","article_modified_time":"2026-01-06T20:41:46+00:00","og_image":[{"width":1280,"height":720,"url":"https:\/\/www.em.com.br\/emfoco\/wp-content\/uploads\/2026\/01\/IA-22-3.jpg","type":"image\/jpeg"}],"author":"Gabriel Martins","twitter_card":"summary_large_image","twitter_misc":{"Escrito por":"Gabriel Martins","Est. tempo de leitura":"4 minutos"},"schema":{"@context":"https:\/\/schema.org","@graph":[{"@type":"WebPage","@id":"https:\/\/www.em.com.br\/emfoco\/2026\/01\/08\/alta-performance-ou-auto-sabotagem-excesso-de-trabalho-ativa-modo-de-sobrevivencia-e-destroi-sua-produtividade\/","url":"https:\/\/www.em.com.br\/emfoco\/2026\/01\/08\/alta-performance-ou-auto-sabotagem-excesso-de-trabalho-ativa-modo-de-sobrevivencia-e-destroi-sua-produtividade\/","name":"Alta performance ou auto sabotagem? Excesso de trabalho ativa modo de sobreviv\u00eancia e destr\u00f3i sua produtividade - Estado de Minas - Em foco","isPartOf":{"@id":"https:\/\/www.em.com.br\/emfoco\/#website"},"primaryImageOfPage":{"@id":"https:\/\/www.em.com.br\/emfoco\/2026\/01\/08\/alta-performance-ou-auto-sabotagem-excesso-de-trabalho-ativa-modo-de-sobrevivencia-e-destroi-sua-produtividade\/#primaryimage"},"image":{"@id":"https:\/\/www.em.com.br\/emfoco\/2026\/01\/08\/alta-performance-ou-auto-sabotagem-excesso-de-trabalho-ativa-modo-de-sobrevivencia-e-destroi-sua-produtividade\/#primaryimage"},"thumbnailUrl":"https:\/\/www.em.com.br\/emfoco\/wp-content\/uploads\/2026\/01\/IA-22-3.jpg","datePublished":"2026-01-08T22:45:00+00:00","dateModified":"2026-01-06T20:41:46+00:00","author":{"@id":"https:\/\/www.em.com.br\/emfoco\/#\/schema\/person\/1c9ddeab18b98abeffef834667bcf08a"},"description":"Excesso de trabalho reduz massa cinzenta, altera emo\u00e7\u00f5es e piora decis\u00f5es. Entenda os efeitos neurol\u00f3gicos de jornadas prolongadas.","breadcrumb":{"@id":"https:\/\/www.em.com.br\/emfoco\/2026\/01\/08\/alta-performance-ou-auto-sabotagem-excesso-de-trabalho-ativa-modo-de-sobrevivencia-e-destroi-sua-produtividade\/#breadcrumb"},"inLanguage":"pt-BR","potentialAction":[{"@type":"ReadAction","target":["https:\/\/www.em.com.br\/emfoco\/2026\/01\/08\/alta-performance-ou-auto-sabotagem-excesso-de-trabalho-ativa-modo-de-sobrevivencia-e-destroi-sua-produtividade\/"]}]},{"@type":"ImageObject","inLanguage":"pt-BR","@id":"https:\/\/www.em.com.br\/emfoco\/2026\/01\/08\/alta-performance-ou-auto-sabotagem-excesso-de-trabalho-ativa-modo-de-sobrevivencia-e-destroi-sua-produtividade\/#primaryimage","url":"https:\/\/www.em.com.br\/emfoco\/wp-content\/uploads\/2026\/01\/IA-22-3.jpg","contentUrl":"https:\/\/www.em.com.br\/emfoco\/wp-content\/uploads\/2026\/01\/IA-22-3.jpg","width":1280,"height":720,"caption":"Excesso de trabalho provoca mudan\u00e7as f\u00edsicas no c\u00e9rebro e reduz desempenho cognitivo"},{"@type":"BreadcrumbList","@id":"https:\/\/www.em.com.br\/emfoco\/2026\/01\/08\/alta-performance-ou-auto-sabotagem-excesso-de-trabalho-ativa-modo-de-sobrevivencia-e-destroi-sua-produtividade\/#breadcrumb","itemListElement":[{"@type":"ListItem","position":1,"name":"In\u00edcio","item":"https:\/\/www.em.com.br\/emfoco\/"},{"@type":"ListItem","position":2,"name":"Alta performance ou auto sabotagem? Excesso de trabalho ativa modo de sobreviv\u00eancia e destr\u00f3i sua produtividade"}]},{"@type":"WebSite","@id":"https:\/\/www.em.com.br\/emfoco\/#website","url":"https:\/\/www.em.com.br\/emfoco\/","name":"Estado de Minas - Em foco","description":"Acompanhe as \u00faltimas not\u00edcias e fique bem informado sobre tudo o que acontece em Minas Gerais, Brasil e no mundo.","potentialAction":[{"@type":"SearchAction","target":{"@type":"EntryPoint","urlTemplate":"https:\/\/www.em.com.br\/emfoco\/?s={search_term_string}"},"query-input":{"@type":"PropertyValueSpecification","valueRequired":true,"valueName":"search_term_string"}}],"inLanguage":"pt-BR"},{"@type":"Person","@id":"https:\/\/www.em.com.br\/emfoco\/#\/schema\/person\/1c9ddeab18b98abeffef834667bcf08a","name":"Gabriel Martins","image":{"@type":"ImageObject","inLanguage":"pt-BR","@id":"https:\/\/www.em.com.br\/emfoco\/#\/schema\/person\/image\/","url":"https:\/\/secure.gravatar.com\/avatar\/f0f1e2efdfd88f1ad2cb08c5c2731e50?s=96&d=mm&r=g","contentUrl":"https:\/\/secure.gravatar.com\/avatar\/f0f1e2efdfd88f1ad2cb08c5c2731e50?s=96&d=mm&r=g","caption":"Gabriel Martins"},"sameAs":["https:\/\/www.em.com.br\/emfoco\/"],"url":"https:\/\/www.em.com.br\/emfoco\/author\/gabrielmartinsmyth\/"}]}},"_links":{"self":[{"href":"https:\/\/www.em.com.br\/emfoco\/wp-json\/wp\/v2\/posts\/151390","targetHints":{"allow":["GET"]}}],"collection":[{"href":"https:\/\/www.em.com.br\/emfoco\/wp-json\/wp\/v2\/posts"}],"about":[{"href":"https:\/\/www.em.com.br\/emfoco\/wp-json\/wp\/v2\/types\/post"}],"author":[{"embeddable":true,"href":"https:\/\/www.em.com.br\/emfoco\/wp-json\/wp\/v2\/users\/13"}],"replies":[{"embeddable":true,"href":"https:\/\/www.em.com.br\/emfoco\/wp-json\/wp\/v2\/comments?post=151390"}],"version-history":[{"count":1,"href":"https:\/\/www.em.com.br\/emfoco\/wp-json\/wp\/v2\/posts\/151390\/revisions"}],"predecessor-version":[{"id":151462,"href":"https:\/\/www.em.com.br\/emfoco\/wp-json\/wp\/v2\/posts\/151390\/revisions\/151462"}],"wp:featuredmedia":[{"embeddable":true,"href":"https:\/\/www.em.com.br\/emfoco\/wp-json\/wp\/v2\/media\/151459"}],"wp:attachment":[{"href":"https:\/\/www.em.com.br\/emfoco\/wp-json\/wp\/v2\/media?parent=151390"}],"wp:term":[{"taxonomy":"category","embeddable":true,"href":"https:\/\/www.em.com.br\/emfoco\/wp-json\/wp\/v2\/categories?post=151390"},{"taxonomy":"post_tag","embeddable":true,"href":"https:\/\/www.em.com.br\/emfoco\/wp-json\/wp\/v2\/tags?post=151390"}],"curies":[{"name":"wp","href":"https:\/\/api.w.org\/{rel}","templated":true}]}}