{"id":151185,"date":"2026-01-07T07:05:00","date_gmt":"2026-01-07T10:05:00","guid":{"rendered":"https:\/\/www.em.com.br\/emfoco\/?p=151185"},"modified":"2026-01-06T12:58:06","modified_gmt":"2026-01-06T15:58:06","slug":"o-que-e-vacuum-abdominal-e-como-praticar-corretamente","status":"publish","type":"post","link":"https:\/\/www.em.com.br\/emfoco\/2026\/01\/07\/o-que-e-vacuum-abdominal-e-como-praticar-corretamente\/","title":{"rendered":"O que \u00e9 vacuum abdominal e como praticar corretamente"},"content":{"rendered":"\n<p>O vacuum abdominal surge como uma pr\u00e1tica popular entre entusiastas do fitness e celebridades. Trata-se de uma t\u00e9cnica que envolve a\u00a0<strong>Respira\u00e7\u00e3o Profunda<\/strong>\u00a0para\u00a0<em>fortalecer a musculatura abdominal<\/em>\u00a0e, dessa forma, contribuir para um visual mais definido da cintura. Pessoas famosas como Gracyanne Barbosa t\u00eam inclu\u00eddo essa pr\u00e1tica em suas rotinas de treino, destacando n\u00e3o apenas os benef\u00edcios est\u00e9ticos, mas tamb\u00e9m os relacionados \u00e0 sa\u00fade.<\/p>\n\n\n\n<p>Embora \u00e0 primeira vista o principal atrativo do vacuum abdominal possa parecer est\u00e9tico, h\u00e1 um conjunto de benef\u00edcios mais amplos que envolve\u00a0<strong>a melhora da respira\u00e7\u00e3o e a preven\u00e7\u00e3o de les\u00f5es<\/strong>, particularmente na regi\u00e3o lombar. A pr\u00e1tica est\u00e1 ganhando adeptos entre v\u00e1rias celebridades e atletas, aumentando assim o interesse e a visibilidade da t\u00e9cnica no mundo da <a href=\"https:\/\/www.correiobraziliense.com.br\/cbradar\/a-fruta-rara-que-protege-celulas-e-fortalece-a-imunidade\/\" target=\"_blank\" rel=\"noreferrer noopener\">sa\u00fade <\/a>e do bem-estar.<\/p>\n\n\n\n<h2 class=\"wp-block-heading\">Quais s\u00e3o os benef\u00edcios do vacuum abdominal?<\/h2>\n\n\n\n<p>O vacuum abdominal oferece uma gama de benef\u00edcios al\u00e9m da redu\u00e7\u00e3o de cintura. Entre eles, o fortalecimento dos m\u00fasculos profundos do abd\u00f4men, aumento da estabilidade e melhoria postural est\u00e3o entre os mais significativos. Isso ocorre porque a pr\u00e1tica deste exerc\u00edcio ativa o&nbsp;<strong>transverso do abd\u00f4men<\/strong>, um m\u00fasculo essencial para a sustenta\u00e7\u00e3o do core. Com o fortalecimento dessa \u00e1rea, melhora-se a postura, o que pode reduzir dores e desconfortos relacionados \u00e0 postura inadequada.<\/p>\n\n\n<div class=\"wp-block-image\">\n<figure class=\"aligncenter size-large\"><img loading=\"lazy\" decoding=\"async\" width=\"1024\" height=\"576\" src=\"https:\/\/www.em.com.br\/emfoco\/wp-content\/uploads\/2026\/01\/vacuum-abdominal_1767715060176-1024x576.jpg\" alt=\"\" class=\"wp-image-151186\" srcset=\"https:\/\/www.em.com.br\/emfoco\/wp-content\/uploads\/2026\/01\/vacuum-abdominal_1767715060176-1024x576.jpg 1024w, https:\/\/www.em.com.br\/emfoco\/wp-content\/uploads\/2026\/01\/vacuum-abdominal_1767715060176-300x169.jpg 300w, https:\/\/www.em.com.br\/emfoco\/wp-content\/uploads\/2026\/01\/vacuum-abdominal_1767715060176-768x432.jpg 768w, https:\/\/www.em.com.br\/emfoco\/wp-content\/uploads\/2026\/01\/vacuum-abdominal_1767715060176-750x422.jpg 750w, https:\/\/www.em.com.br\/emfoco\/wp-content\/uploads\/2026\/01\/vacuum-abdominal_1767715060176-1140x641.jpg 1140w, https:\/\/www.em.com.br\/emfoco\/wp-content\/uploads\/2026\/01\/vacuum-abdominal_1767715060176.jpg 1280w\" sizes=\"auto, (max-width: 1024px) 100vw, 1024px\" \/><figcaption class=\"wp-element-caption\">vacuum abdominal &#8211; Cr\u00e9ditos: depositphotos.com \/ LENATA1313<\/figcaption><\/figure><\/div>\n\n\n<p>Al\u00e9m do fortalecimento, o vacuum tamb\u00e9m \u00e9 recomendado para quem deseja melhorar a di\u00e1stase abdominal \u2013 uma condi\u00e7\u00e3o comum ap\u00f3s a gravidez, onde ocorre a separa\u00e7\u00e3o dos m\u00fasculos abdominais. A pr\u00e1tica regular pode ajudar na reaproxima\u00e7\u00e3o desses m\u00fasculos e, consequentemente, no retorno \u00e0 funcionalidade normal do abd\u00f4men.<\/p>\n\n\n\n<h2 class=\"wp-block-heading\">Como praticar o vacuum abdominal de maneira eficaz?<\/h2>\n\n\n\n<p>Para a execu\u00e7\u00e3o correta do vacuum abdominal, \u00e9 importante buscar um espa\u00e7o tranquilo e livre de interrup\u00e7\u00f5es. Inicia-se soltando todo o ar dos pulm\u00f5es, seguido por uma inspira\u00e7\u00e3o profunda, expandindo o t\u00f3rax e mantendo o abd\u00f4men retra\u00eddo para dentro. Durante este exerc\u00edcio \u00e9 crucial&nbsp;<strong>manter a concentra\u00e7\u00e3o e o controle da respira\u00e7\u00e3o<\/strong>, sustentar a posi\u00e7\u00e3o por alguns segundos e repetir em s\u00e9ries conforme adequado ao n\u00edvel de pr\u00e1tica.<\/p>\n\n\n\n<p>Essa t\u00e9cnica \u00e9 frequentemente utilizada em momentos de relaxamento ou final do treino, dada sua natureza tranquila e foco na respira\u00e7\u00e3o consciente. Praticar o vacuum regularmente pode conduzir a uma execu\u00e7\u00e3o mais eficaz e aos v\u00e1rios benef\u00edcios mencionados.<\/p>\n\n\n\n<h2 class=\"wp-block-heading\">A harmoniza\u00e7\u00e3o facial e sua popularidade entre os famosos<\/h2>\n\n\n\n<p>Numa perspectiva estetica mais ampla que vai al\u00e9m do corpo,&nbsp;<strong>a harmoniza\u00e7\u00e3o facial<\/strong>&nbsp;tamb\u00e9m vem ganhando destaque, especialmente entre as celebridades. V\u00e1rios famosos t\u00eam recorrido a esse procedimento em busca de uma apar\u00eancia rejuvenescida e equilibrada, j\u00e1 que ele pode ajustar propor\u00e7\u00f5es faciais de forma n\u00e3o invasiva.<\/p>\n\n\n\n<p>A harmoniza\u00e7\u00e3o facial envolve t\u00e9cnicas diversas, como preenchimentos e aplica\u00e7\u00e3o de toxina botul\u00ednica, e pode mudar significativamente a apar\u00eancia, como demonstrado em v\u00e1rias fotos de antes e depois. Celebridades como Frank Aguiar, Larissa Santos e Deolane Bezerra compartilham frequentemente suas mudan\u00e7as, atraindo seguidores e gerando curiosidade sobre esses tratamentos. No entanto, \u00e9 fundamental buscar o apoio de profissionais capacitados para garantir resultados seguros e satisfat\u00f3rios.<\/p>\n\n\n<a href=\"https:\/\/www.instagram.com\/dra.annaluisabf\/\" target=\"_blank\" style=\"text-decoration: none; color: inherit;\">\n  <span style=\"display:inline-block; border:1px solid #ccc; border-radius:10px; padding:15px; max-width:550px; font-family:sans-serif; box-shadow:0 2px 5px rgba(0,0,0,0.1);\">\n    <span style=\"margin:0 0 15px 0; font-weight:bold; color:#2c3e50; text-align: center;\">Entre em contato:<\/span>\n\n    <span style=\"display:flex; align-items:center;\">\n      <img decoding=\"async\" src=\"https:\/\/www.correiobraziliense.com.br\/cbradar\/wp-content\/uploads\/2025\/08\/dra_anna_luisa.jpeg\" alt=\"Dra Anna Lu\u00edsa\" style=\"border-radius:50%; width:80px; height:80px; margin-right:15px;\">\n      <span style=\"flex:1;\">\n        <h3 style=\"margin:0 0 5px 0;\">Dra. Anna Lu\u00edsa Barbosa Fernandes<\/h3>\n        <p style=\"margin:0 0 10px 0;\">CRM-GO 33.271<\/p>\n        <span style=\"display:flex; gap:10px;\">\n          <img decoding=\"async\" src=\"https:\/\/cdn-icons-png.flaticon.com\/24\/1384\/1384063.png\" alt=\"Instagram\">\n        <\/span>\n      <\/span>\n    <\/span>\n  <\/span>\n<\/a>","protected":false},"excerpt":{"rendered":"<p>O vacuum abdominal surge como uma pr\u00e1tica popular entre entusiastas do fitness e celebridades. Trata-se de uma t\u00e9cnica que envolve a\u00a0Respira\u00e7\u00e3o Profunda\u00a0para\u00a0fortalecer a musculatura abdominal\u00a0e, dessa forma, contribuir para um visual mais definido da cintura. Pessoas famosas como Gracyanne Barbosa t\u00eam inclu\u00eddo essa pr\u00e1tica em suas rotinas de treino, destacando n\u00e3o apenas os benef\u00edcios est\u00e9ticos, [&hellip;]<\/p>\n","protected":false},"author":25,"featured_media":99621,"comment_status":"open","ping_status":"open","sticky":false,"template":"","format":"standard","meta":{"jnews-multi-image_gallery":[],"jnews_single_post":{"format":"standard"},"jnews_primary_category":[],"jnews_social_meta":[],"jnews_override_counter":[],"footnotes":""},"categories":[9053],"tags":[327,10097,415],"class_list":["post-151185","post","type-post","status-publish","format-standard","has-post-thumbnail","hentry","category-saude","tag-qualidade-de-vida","tag-respiracao-profunda","tag-saude"],"yoast_head":"<!-- This site is optimized with the Yoast SEO plugin v23.8 - https:\/\/yoast.com\/wordpress\/plugins\/seo\/ -->\n<title>O que \u00e9 vacuum abdominal e como praticar corretamente - Estado de Minas - Em foco<\/title>\n<meta name=\"description\" content=\"O vacuum abdominal fortalece o core, melhora a postura e ajuda a afinar a cintura quando feito corretamente.\" \/>\n<meta name=\"robots\" content=\"index, follow, max-snippet:-1, max-image-preview:large, max-video-preview:-1\" \/>\n<link rel=\"canonical\" href=\"https:\/\/www.em.com.br\/emfoco\/2026\/01\/07\/o-que-e-vacuum-abdominal-e-como-praticar-corretamente\/\" \/>\n<meta property=\"og:locale\" content=\"pt_BR\" \/>\n<meta property=\"og:type\" content=\"article\" \/>\n<meta property=\"og:title\" content=\"O que \u00e9 vacuum abdominal e como praticar corretamente - Estado de Minas - Em foco\" \/>\n<meta property=\"og:description\" content=\"O vacuum abdominal fortalece o core, melhora a postura e ajuda a afinar a cintura quando feito corretamente.\" \/>\n<meta property=\"og:url\" content=\"https:\/\/www.em.com.br\/emfoco\/2026\/01\/07\/o-que-e-vacuum-abdominal-e-como-praticar-corretamente\/\" \/>\n<meta property=\"og:site_name\" content=\"Estado de Minas - Em foco\" \/>\n<meta property=\"article:published_time\" content=\"2026-01-07T10:05:00+00:00\" \/>\n<meta property=\"article:modified_time\" content=\"2026-01-06T15:58:06+00:00\" \/>\n<meta property=\"og:image\" content=\"https:\/\/www.em.com.br\/emfoco\/wp-content\/uploads\/2025\/09\/Gordura-Abdominal_1756782163724.jpg\" \/>\n\t<meta property=\"og:image:width\" content=\"1280\" \/>\n\t<meta property=\"og:image:height\" content=\"720\" \/>\n\t<meta property=\"og:image:type\" content=\"image\/jpeg\" \/>\n<meta name=\"author\" content=\"Guilherme Lopes\" \/>\n<meta name=\"twitter:card\" content=\"summary_large_image\" \/>\n<meta name=\"twitter:label1\" content=\"Escrito por\" \/>\n\t<meta name=\"twitter:data1\" content=\"Guilherme Lopes\" \/>\n\t<meta name=\"twitter:label2\" content=\"Est. tempo de leitura\" \/>\n\t<meta name=\"twitter:data2\" content=\"4 minutos\" \/>\n<!-- \/ Yoast SEO plugin. -->","yoast_head_json":{"title":"O que \u00e9 vacuum abdominal e como praticar corretamente - Estado de Minas - Em foco","description":"O vacuum abdominal fortalece o core, melhora a postura e ajuda a afinar a cintura quando feito corretamente.","robots":{"index":"index","follow":"follow","max-snippet":"max-snippet:-1","max-image-preview":"max-image-preview:large","max-video-preview":"max-video-preview:-1"},"canonical":"https:\/\/www.em.com.br\/emfoco\/2026\/01\/07\/o-que-e-vacuum-abdominal-e-como-praticar-corretamente\/","og_locale":"pt_BR","og_type":"article","og_title":"O que \u00e9 vacuum abdominal e como praticar corretamente - Estado de Minas - Em foco","og_description":"O vacuum abdominal fortalece o core, melhora a postura e ajuda a afinar a cintura quando feito corretamente.","og_url":"https:\/\/www.em.com.br\/emfoco\/2026\/01\/07\/o-que-e-vacuum-abdominal-e-como-praticar-corretamente\/","og_site_name":"Estado de Minas - Em foco","article_published_time":"2026-01-07T10:05:00+00:00","article_modified_time":"2026-01-06T15:58:06+00:00","og_image":[{"width":1280,"height":720,"url":"https:\/\/www.em.com.br\/emfoco\/wp-content\/uploads\/2025\/09\/Gordura-Abdominal_1756782163724.jpg","type":"image\/jpeg"}],"author":"Guilherme Lopes","twitter_card":"summary_large_image","twitter_misc":{"Escrito por":"Guilherme Lopes","Est. tempo de leitura":"4 minutos"},"schema":{"@context":"https:\/\/schema.org","@graph":[{"@type":"WebPage","@id":"https:\/\/www.em.com.br\/emfoco\/2026\/01\/07\/o-que-e-vacuum-abdominal-e-como-praticar-corretamente\/","url":"https:\/\/www.em.com.br\/emfoco\/2026\/01\/07\/o-que-e-vacuum-abdominal-e-como-praticar-corretamente\/","name":"O que \u00e9 vacuum abdominal e como praticar corretamente - Estado de Minas - Em foco","isPartOf":{"@id":"https:\/\/www.em.com.br\/emfoco\/#website"},"primaryImageOfPage":{"@id":"https:\/\/www.em.com.br\/emfoco\/2026\/01\/07\/o-que-e-vacuum-abdominal-e-como-praticar-corretamente\/#primaryimage"},"image":{"@id":"https:\/\/www.em.com.br\/emfoco\/2026\/01\/07\/o-que-e-vacuum-abdominal-e-como-praticar-corretamente\/#primaryimage"},"thumbnailUrl":"https:\/\/www.em.com.br\/emfoco\/wp-content\/uploads\/2025\/09\/Gordura-Abdominal_1756782163724.jpg","datePublished":"2026-01-07T10:05:00+00:00","dateModified":"2026-01-06T15:58:06+00:00","author":{"@id":"https:\/\/www.em.com.br\/emfoco\/#\/schema\/person\/f6eade2e287023da170a1b2b329f68e5"},"description":"O vacuum abdominal fortalece o core, melhora a postura e ajuda a afinar a cintura quando feito corretamente.","breadcrumb":{"@id":"https:\/\/www.em.com.br\/emfoco\/2026\/01\/07\/o-que-e-vacuum-abdominal-e-como-praticar-corretamente\/#breadcrumb"},"inLanguage":"pt-BR","potentialAction":[{"@type":"ReadAction","target":["https:\/\/www.em.com.br\/emfoco\/2026\/01\/07\/o-que-e-vacuum-abdominal-e-como-praticar-corretamente\/"]}]},{"@type":"ImageObject","inLanguage":"pt-BR","@id":"https:\/\/www.em.com.br\/emfoco\/2026\/01\/07\/o-que-e-vacuum-abdominal-e-como-praticar-corretamente\/#primaryimage","url":"https:\/\/www.em.com.br\/emfoco\/wp-content\/uploads\/2025\/09\/Gordura-Abdominal_1756782163724.jpg","contentUrl":"https:\/\/www.em.com.br\/emfoco\/wp-content\/uploads\/2025\/09\/Gordura-Abdominal_1756782163724.jpg","width":1280,"height":720,"caption":"Gordura Abdominal - Cr\u00e9ditos: depositphotos.com \/ sframe"},{"@type":"BreadcrumbList","@id":"https:\/\/www.em.com.br\/emfoco\/2026\/01\/07\/o-que-e-vacuum-abdominal-e-como-praticar-corretamente\/#breadcrumb","itemListElement":[{"@type":"ListItem","position":1,"name":"In\u00edcio","item":"https:\/\/www.em.com.br\/emfoco\/"},{"@type":"ListItem","position":2,"name":"O que \u00e9 vacuum abdominal e como praticar corretamente"}]},{"@type":"WebSite","@id":"https:\/\/www.em.com.br\/emfoco\/#website","url":"https:\/\/www.em.com.br\/emfoco\/","name":"Estado de Minas - Em foco","description":"Acompanhe as \u00faltimas not\u00edcias e fique bem informado sobre tudo o que acontece em Minas Gerais, Brasil e no mundo.","potentialAction":[{"@type":"SearchAction","target":{"@type":"EntryPoint","urlTemplate":"https:\/\/www.em.com.br\/emfoco\/?s={search_term_string}"},"query-input":{"@type":"PropertyValueSpecification","valueRequired":true,"valueName":"search_term_string"}}],"inLanguage":"pt-BR"},{"@type":"Person","@id":"https:\/\/www.em.com.br\/emfoco\/#\/schema\/person\/f6eade2e287023da170a1b2b329f68e5","name":"Guilherme Lopes","image":{"@type":"ImageObject","inLanguage":"pt-BR","@id":"https:\/\/www.em.com.br\/emfoco\/#\/schema\/person\/image\/","url":"https:\/\/secure.gravatar.com\/avatar\/df9adfb835d344bc0af109d41756253f?s=96&d=mm&r=g","contentUrl":"https:\/\/secure.gravatar.com\/avatar\/df9adfb835d344bc0af109d41756253f?s=96&d=mm&r=g","caption":"Guilherme Lopes"},"url":"https:\/\/www.em.com.br\/emfoco\/author\/guilherme_saude\/"}]}},"_links":{"self":[{"href":"https:\/\/www.em.com.br\/emfoco\/wp-json\/wp\/v2\/posts\/151185","targetHints":{"allow":["GET"]}}],"collection":[{"href":"https:\/\/www.em.com.br\/emfoco\/wp-json\/wp\/v2\/posts"}],"about":[{"href":"https:\/\/www.em.com.br\/emfoco\/wp-json\/wp\/v2\/types\/post"}],"author":[{"embeddable":true,"href":"https:\/\/www.em.com.br\/emfoco\/wp-json\/wp\/v2\/users\/25"}],"replies":[{"embeddable":true,"href":"https:\/\/www.em.com.br\/emfoco\/wp-json\/wp\/v2\/comments?post=151185"}],"version-history":[{"count":1,"href":"https:\/\/www.em.com.br\/emfoco\/wp-json\/wp\/v2\/posts\/151185\/revisions"}],"predecessor-version":[{"id":151187,"href":"https:\/\/www.em.com.br\/emfoco\/wp-json\/wp\/v2\/posts\/151185\/revisions\/151187"}],"wp:featuredmedia":[{"embeddable":true,"href":"https:\/\/www.em.com.br\/emfoco\/wp-json\/wp\/v2\/media\/99621"}],"wp:attachment":[{"href":"https:\/\/www.em.com.br\/emfoco\/wp-json\/wp\/v2\/media?parent=151185"}],"wp:term":[{"taxonomy":"category","embeddable":true,"href":"https:\/\/www.em.com.br\/emfoco\/wp-json\/wp\/v2\/categories?post=151185"},{"taxonomy":"post_tag","embeddable":true,"href":"https:\/\/www.em.com.br\/emfoco\/wp-json\/wp\/v2\/tags?post=151185"}],"curies":[{"name":"wp","href":"https:\/\/api.w.org\/{rel}","templated":true}]}}