{"id":151176,"date":"2026-01-07T08:55:00","date_gmt":"2026-01-07T11:55:00","guid":{"rendered":"https:\/\/www.em.com.br\/emfoco\/?p=151176"},"modified":"2026-01-06T18:42:09","modified_gmt":"2026-01-06T21:42:09","slug":"crie-este-lindo-abajur-para-decorar-sua-casa-usando-uma-lata","status":"publish","type":"post","link":"https:\/\/www.em.com.br\/emfoco\/2026\/01\/07\/crie-este-lindo-abajur-para-decorar-sua-casa-usando-uma-lata\/","title":{"rendered":"Crie este lindo abajur para decorar sua casa usando uma lata"},"content":{"rendered":"\n<p>Em muitas casas, as latas de conserva ainda s\u00e3o vistas apenas como lixo, mas elas podem ganhar uma segunda vida com um uso decorativo e funcional. Transformar latas em lumin\u00e1rias \u00e9 uma forma simples de reciclagem criativa, que aproveita um material resistente e abundante, reduz o lixo gerado e ainda permite criar pe\u00e7as personalizadas, com baixo custo e muito estilo para o dia a dia.<\/p>\n\n\n\n<h2 class=\"wp-block-heading\">Por que transformar latas de conserva em l\u00e2mpadas decorativas<\/h2>\n\n\n\n<p>A reciclagem de latas de conserva em <a href=\"https:\/\/www.em.com.br\/emfoco\/2025\/11\/16\/recicle-suas-lampadas-queimadas-com-esta-bela-ideia-decorativa-para-todos-os-lugares\/\" target=\"_blank\" rel=\"noreferrer noopener\">l\u00e2mpadas <\/a>decorativas une reaproveitamento de material e cria\u00e7\u00e3o de um item de ilumina\u00e7\u00e3o diferenciado. A lata met\u00e1lica suporta bem o calor de l\u00e2mpadas adequadas, pode ser perfurada, pintada, suspensa com facilidade e direciona o facho de luz conforme o tipo de recorte.<\/p>\n\n\n\n<p>Do ponto de vista ambiental, dar um novo uso \u00e0s latas atrasa o envio desses recipientes para aterros e amplia seu tempo de vida \u00fatil. Em 2025, com o consumo consciente e a economia circular em alta, a l\u00e2mpada de lata reciclada surge como alternativa acess\u00edvel para lumin\u00e1ria de mesa, pendente ou ponto de luz em \u00e1reas internas e externas cobertas.<\/p>\n\n\n\n<figure class=\"wp-block-image size-large\"><img loading=\"lazy\" decoding=\"async\" width=\"1024\" height=\"576\" src=\"https:\/\/www.em.com.br\/emfoco\/wp-content\/uploads\/2026\/01\/Gemini_Generated_Image_cdumuycdumuycdum-1-1024x576.png\" alt=\"Uma simples lata pode virar a pe\u00e7a mais charmosa da casa\" class=\"wp-image-151234\" srcset=\"https:\/\/www.em.com.br\/emfoco\/wp-content\/uploads\/2026\/01\/Gemini_Generated_Image_cdumuycdumuycdum-1-1024x576.png 1024w, https:\/\/www.em.com.br\/emfoco\/wp-content\/uploads\/2026\/01\/Gemini_Generated_Image_cdumuycdumuycdum-1-300x169.png 300w, https:\/\/www.em.com.br\/emfoco\/wp-content\/uploads\/2026\/01\/Gemini_Generated_Image_cdumuycdumuycdum-1-768x432.png 768w, https:\/\/www.em.com.br\/emfoco\/wp-content\/uploads\/2026\/01\/Gemini_Generated_Image_cdumuycdumuycdum-1-750x422.png 750w, https:\/\/www.em.com.br\/emfoco\/wp-content\/uploads\/2026\/01\/Gemini_Generated_Image_cdumuycdumuycdum-1-1140x641.png 1140w, https:\/\/www.em.com.br\/emfoco\/wp-content\/uploads\/2026\/01\/Gemini_Generated_Image_cdumuycdumuycdum-1.png 1280w\" sizes=\"auto, (max-width: 1024px) 100vw, 1024px\" \/><figcaption class=\"wp-element-caption\">Uma simples lata pode virar a pe\u00e7a mais charmosa da casa<\/figcaption><\/figure>\n\n\n\n<h2 class=\"wp-block-heading\">Como preparar a lata de conserva para virar lumin\u00e1ria<\/h2>\n\n\n\n<p>Para transformar uma lata de conserva em lumin\u00e1ria, o primeiro passo \u00e9 a prepara\u00e7\u00e3o correta do material. A lata deve estar totalmente vazia, lavada com \u00e1gua e detergente neutro, bem seca e sem <a href=\"https:\/\/www.ype.ind.br\/ype-explica\/ferrugem\" target=\"_blank\" rel=\"noreferrer noopener\">ferrugem<\/a>, amassados fortes ou bordas cortantes que possam causar acidentes.<\/p>\n\n\n\n<p>Com a lata pronta, \u00e9 hora de organizar os itens b\u00e1sicos para a montagem da l\u00e2mpada com lata reciclada, garantindo seguran\u00e7a e bom acabamento em cada etapa do processo.<\/p>\n\n\n\n<ul class=\"wp-block-list\">\n<li>Lata de conserva limpa, seca e sem ferrugem<\/li>\n\n\n\n<li>Tinta acr\u00edlica e verniz para prote\u00e7\u00e3o da superf\u00edcie<\/li>\n\n\n\n<li>Pinc\u00e9is, est\u00eanceis e guardanapos de decoupage (opcional)<\/li>\n\n\n\n<li>Cabo el\u00e9trico, soquete, l\u00e2mpada LED compat\u00edvel e plugue<\/li>\n\n\n\n<li>Ferramentas para furo em metal, luvas e \u00f3culos de prote\u00e7\u00e3o<\/li>\n<\/ul>\n\n\n\n<figure class=\"wp-block-image size-large\"><img loading=\"lazy\" decoding=\"async\" width=\"1024\" height=\"576\" src=\"https:\/\/www.em.com.br\/emfoco\/wp-content\/uploads\/2026\/01\/Gemini_Generated_Image_ah2mobah2mobah2m-1-1024x576.png\" alt=\"Uma simples lata pode virar a pe\u00e7a mais charmosa da casa\" class=\"wp-image-151236\" srcset=\"https:\/\/www.em.com.br\/emfoco\/wp-content\/uploads\/2026\/01\/Gemini_Generated_Image_ah2mobah2mobah2m-1-1024x576.png 1024w, https:\/\/www.em.com.br\/emfoco\/wp-content\/uploads\/2026\/01\/Gemini_Generated_Image_ah2mobah2mobah2m-1-300x169.png 300w, https:\/\/www.em.com.br\/emfoco\/wp-content\/uploads\/2026\/01\/Gemini_Generated_Image_ah2mobah2mobah2m-1-768x432.png 768w, https:\/\/www.em.com.br\/emfoco\/wp-content\/uploads\/2026\/01\/Gemini_Generated_Image_ah2mobah2mobah2m-1-750x422.png 750w, https:\/\/www.em.com.br\/emfoco\/wp-content\/uploads\/2026\/01\/Gemini_Generated_Image_ah2mobah2mobah2m-1-1140x641.png 1140w, https:\/\/www.em.com.br\/emfoco\/wp-content\/uploads\/2026\/01\/Gemini_Generated_Image_ah2mobah2mobah2m-1.png 1280w\" sizes=\"auto, (max-width: 1024px) 100vw, 1024px\" \/><figcaption class=\"wp-element-caption\">Uma simples lata pode virar a pe\u00e7a mais charmosa da casa<\/figcaption><\/figure>\n\n\n\n<h2 class=\"wp-block-heading\">Como fazer o furo e montar a parte el\u00e9trica com seguran\u00e7a<\/h2>\n\n\n\n<p>O primeiro passo t\u00e9cnico \u00e9 abrir um furo na base ou na parte superior da lata, por onde o fio el\u00e9trico ir\u00e1 passar. Esse furo n\u00e3o deve ser muito largo, para que o soquete fique firme, e deve ser feito com a lata apoiada em superf\u00edcie est\u00e1vel, usando furadeira com broca para metal ou prego robusto, sempre com EPI adequado.<\/p>\n\n\n\n<p>Na parte el\u00e9trica, \u00e9 essencial usar soquete e fios pr\u00f3prios para lumin\u00e1rias, bem isolados, sem emendas improvisadas e longe de partes met\u00e1licas expostas. Priorize l\u00e2mpadas LED, que aquecem menos, e verifique se plugue, interruptor e soquete est\u00e3o firmes antes de ligar na tomada.<\/p>\n\n\n\n<h2 class=\"wp-block-heading\">Como decorar a l\u00e2mpada de lata e criar efeitos de luz<\/h2>\n\n\n\n<p>Depois do furo e da parte el\u00e9trica planejada, vem a personaliza\u00e7\u00e3o da superf\u00edcie externa. Uma base de tinta acr\u00edlica muda o visual met\u00e1lico e cria um fundo uniforme para desenhos, padr\u00f5es geom\u00e9tricos, est\u00eanceis ou colagens por decoupage, sempre finalizados com verniz para maior durabilidade.<\/p>\n\n\n\n<p>Para um efeito c\u00eanico, muitos artes\u00e3os perfuram as laterais da lata, formando pontos de luz que lembram constela\u00e7\u00f5es ou flores. No interior, pintar de branco ajuda a refletir melhor a luminosidade, tornando a lumin\u00e1ria mais eficiente para leitura, estudo ou uso em mesas e bancadas.<\/p>\n\n\n\n<figure class=\"wp-block-image size-large\"><img loading=\"lazy\" decoding=\"async\" width=\"1024\" height=\"576\" src=\"https:\/\/www.em.com.br\/emfoco\/wp-content\/uploads\/2026\/01\/Gemini_Generated_Image_i57m6ei57m6ei57m-1-1024x576.png\" alt=\"Uma simples lata pode virar a pe\u00e7a mais charmosa da casa\" class=\"wp-image-151232\" srcset=\"https:\/\/www.em.com.br\/emfoco\/wp-content\/uploads\/2026\/01\/Gemini_Generated_Image_i57m6ei57m6ei57m-1-1024x576.png 1024w, https:\/\/www.em.com.br\/emfoco\/wp-content\/uploads\/2026\/01\/Gemini_Generated_Image_i57m6ei57m6ei57m-1-300x169.png 300w, https:\/\/www.em.com.br\/emfoco\/wp-content\/uploads\/2026\/01\/Gemini_Generated_Image_i57m6ei57m6ei57m-1-768x432.png 768w, https:\/\/www.em.com.br\/emfoco\/wp-content\/uploads\/2026\/01\/Gemini_Generated_Image_i57m6ei57m6ei57m-1-750x422.png 750w, https:\/\/www.em.com.br\/emfoco\/wp-content\/uploads\/2026\/01\/Gemini_Generated_Image_i57m6ei57m6ei57m-1-1140x641.png 1140w, https:\/\/www.em.com.br\/emfoco\/wp-content\/uploads\/2026\/01\/Gemini_Generated_Image_i57m6ei57m6ei57m-1.png 1280w\" sizes=\"auto, (max-width: 1024px) 100vw, 1024px\" \/><figcaption class=\"wp-element-caption\">Uma simples lata pode virar a pe\u00e7a mais charmosa da casa<\/figcaption><\/figure>\n\n\n\n<h2 class=\"wp-block-heading\">Quais s\u00e3o as melhores formas de uso e por que come\u00e7ar agora<\/h2>\n\n\n\n<p>A partir do modelo b\u00e1sico, voc\u00ea pode criar trilhos de ilumina\u00e7\u00e3o com v\u00e1rias latas, abajures com p\u00e9s de madeira ou metal e pontos de luz em nichos, corredores, varandas cobertas e quartos infantis, sempre mantendo dist\u00e2ncia segura de materiais inflam\u00e1veis. Assim, um objeto que seria descartado vira parte fixa da casa, somando funcionalidade e design.<\/p>\n\n\n\n<p>N\u00e3o deixe suas latas irem para o lixo: separe o material, escolha um modelo simples e fa\u00e7a hoje mesmo sua primeira l\u00e2mpada de lata reciclada. Quanto antes voc\u00ea come\u00e7ar, mais r\u00e1pido transforma res\u00edduos em pe\u00e7as \u00fanicas, economiza dinheiro e ainda contribui, de forma pr\u00e1tica e emocionante, para um futuro mais sustent\u00e1vel.<\/p>\n\n\n\n<p><\/p>\n","protected":false},"excerpt":{"rendered":"<p>Em muitas casas, as latas de conserva ainda s\u00e3o vistas apenas como lixo, mas elas podem ganhar uma segunda vida com um uso decorativo e funcional. Transformar latas em lumin\u00e1rias \u00e9 uma forma simples de reciclagem criativa, que aproveita um material resistente e abundante, reduz o lixo gerado e ainda permite criar pe\u00e7as personalizadas, com [&hellip;]<\/p>\n","protected":false},"author":11,"featured_media":151237,"comment_status":"open","ping_status":"open","sticky":false,"template":"","format":"standard","meta":{"jnews-multi-image_gallery":[],"jnews_single_post":{"format":"standard"},"jnews_primary_category":[],"jnews_social_meta":[],"jnews_override_counter":[],"footnotes":""},"categories":[8819,1],"tags":[4687,19135,20019,2595],"class_list":["post-151176","post","type-post","status-publish","format-standard","has-post-thumbnail","hentry","category-curiosidades","category-noticias","tag-decoracao","tag-latas","tag-luminaria","tag-reciclagem"],"yoast_head":"<!-- This site is optimized with the Yoast SEO plugin v23.8 - https:\/\/yoast.com\/wordpress\/plugins\/seo\/ -->\n<title>Crie este lindo abajur para decorar sua casa usando uma lata - Estado de Minas - Em foco<\/title>\n<meta name=\"description\" content=\"Transformar lata em lumin\u00e1ria \u00e9 uma ideia barata, criativa e funcional. Aprenda o passo a passo e d\u00ea nova vida ao que iria para o lixo.\" \/>\n<meta name=\"robots\" content=\"index, follow, max-snippet:-1, max-image-preview:large, max-video-preview:-1\" \/>\n<link rel=\"canonical\" href=\"https:\/\/www.em.com.br\/emfoco\/2026\/01\/07\/crie-este-lindo-abajur-para-decorar-sua-casa-usando-uma-lata\/\" \/>\n<meta property=\"og:locale\" content=\"pt_BR\" \/>\n<meta property=\"og:type\" content=\"article\" \/>\n<meta property=\"og:title\" content=\"Crie este lindo abajur para decorar sua casa usando uma lata - Estado de Minas - Em foco\" \/>\n<meta property=\"og:description\" content=\"Transformar lata em lumin\u00e1ria \u00e9 uma ideia barata, criativa e funcional. Aprenda o passo a passo e d\u00ea nova vida ao que iria para o lixo.\" \/>\n<meta property=\"og:url\" content=\"https:\/\/www.em.com.br\/emfoco\/2026\/01\/07\/crie-este-lindo-abajur-para-decorar-sua-casa-usando-uma-lata\/\" \/>\n<meta property=\"og:site_name\" content=\"Estado de Minas - Em foco\" \/>\n<meta property=\"article:published_time\" content=\"2026-01-07T11:55:00+00:00\" \/>\n<meta property=\"article:modified_time\" content=\"2026-01-06T21:42:09+00:00\" \/>\n<meta property=\"og:image\" content=\"https:\/\/www.em.com.br\/emfoco\/wp-content\/uploads\/2026\/01\/latas-_1767718731848.jpg\" \/>\n\t<meta property=\"og:image:width\" content=\"1280\" \/>\n\t<meta property=\"og:image:height\" content=\"720\" \/>\n\t<meta property=\"og:image:type\" content=\"image\/jpeg\" \/>\n<meta name=\"author\" content=\"Andre\u0301 Rangel\u00a0\" \/>\n<meta name=\"twitter:card\" content=\"summary_large_image\" \/>\n<meta name=\"twitter:label1\" content=\"Escrito por\" \/>\n\t<meta name=\"twitter:data1\" content=\"Andre\u0301 Rangel\u00a0\" \/>\n\t<meta name=\"twitter:label2\" content=\"Est. tempo de leitura\" \/>\n\t<meta name=\"twitter:data2\" content=\"5 minutos\" \/>\n<!-- \/ Yoast SEO plugin. -->","yoast_head_json":{"title":"Crie este lindo abajur para decorar sua casa usando uma lata - Estado de Minas - Em foco","description":"Transformar lata em lumin\u00e1ria \u00e9 uma ideia barata, criativa e funcional. Aprenda o passo a passo e d\u00ea nova vida ao que iria para o lixo.","robots":{"index":"index","follow":"follow","max-snippet":"max-snippet:-1","max-image-preview":"max-image-preview:large","max-video-preview":"max-video-preview:-1"},"canonical":"https:\/\/www.em.com.br\/emfoco\/2026\/01\/07\/crie-este-lindo-abajur-para-decorar-sua-casa-usando-uma-lata\/","og_locale":"pt_BR","og_type":"article","og_title":"Crie este lindo abajur para decorar sua casa usando uma lata - Estado de Minas - Em foco","og_description":"Transformar lata em lumin\u00e1ria \u00e9 uma ideia barata, criativa e funcional. Aprenda o passo a passo e d\u00ea nova vida ao que iria para o lixo.","og_url":"https:\/\/www.em.com.br\/emfoco\/2026\/01\/07\/crie-este-lindo-abajur-para-decorar-sua-casa-usando-uma-lata\/","og_site_name":"Estado de Minas - Em foco","article_published_time":"2026-01-07T11:55:00+00:00","article_modified_time":"2026-01-06T21:42:09+00:00","og_image":[{"width":1280,"height":720,"url":"https:\/\/www.em.com.br\/emfoco\/wp-content\/uploads\/2026\/01\/latas-_1767718731848.jpg","type":"image\/jpeg"}],"author":"Andre\u0301 Rangel\u00a0","twitter_card":"summary_large_image","twitter_misc":{"Escrito por":"Andre\u0301 Rangel\u00a0","Est. tempo de leitura":"5 minutos"},"schema":{"@context":"https:\/\/schema.org","@graph":[{"@type":"WebPage","@id":"https:\/\/www.em.com.br\/emfoco\/2026\/01\/07\/crie-este-lindo-abajur-para-decorar-sua-casa-usando-uma-lata\/","url":"https:\/\/www.em.com.br\/emfoco\/2026\/01\/07\/crie-este-lindo-abajur-para-decorar-sua-casa-usando-uma-lata\/","name":"Crie este lindo abajur para decorar sua casa usando uma lata - Estado de Minas - Em foco","isPartOf":{"@id":"https:\/\/www.em.com.br\/emfoco\/#website"},"primaryImageOfPage":{"@id":"https:\/\/www.em.com.br\/emfoco\/2026\/01\/07\/crie-este-lindo-abajur-para-decorar-sua-casa-usando-uma-lata\/#primaryimage"},"image":{"@id":"https:\/\/www.em.com.br\/emfoco\/2026\/01\/07\/crie-este-lindo-abajur-para-decorar-sua-casa-usando-uma-lata\/#primaryimage"},"thumbnailUrl":"https:\/\/www.em.com.br\/emfoco\/wp-content\/uploads\/2026\/01\/latas-_1767718731848.jpg","datePublished":"2026-01-07T11:55:00+00:00","dateModified":"2026-01-06T21:42:09+00:00","author":{"@id":"https:\/\/www.em.com.br\/emfoco\/#\/schema\/person\/60eda09c1fedf0d6891f4cef4b60b8b8"},"description":"Transformar lata em lumin\u00e1ria \u00e9 uma ideia barata, criativa e funcional. Aprenda o passo a passo e d\u00ea nova vida ao que iria para o lixo.","breadcrumb":{"@id":"https:\/\/www.em.com.br\/emfoco\/2026\/01\/07\/crie-este-lindo-abajur-para-decorar-sua-casa-usando-uma-lata\/#breadcrumb"},"inLanguage":"pt-BR","potentialAction":[{"@type":"ReadAction","target":["https:\/\/www.em.com.br\/emfoco\/2026\/01\/07\/crie-este-lindo-abajur-para-decorar-sua-casa-usando-uma-lata\/"]}]},{"@type":"ImageObject","inLanguage":"pt-BR","@id":"https:\/\/www.em.com.br\/emfoco\/2026\/01\/07\/crie-este-lindo-abajur-para-decorar-sua-casa-usando-uma-lata\/#primaryimage","url":"https:\/\/www.em.com.br\/emfoco\/wp-content\/uploads\/2026\/01\/latas-_1767718731848.jpg","contentUrl":"https:\/\/www.em.com.br\/emfoco\/wp-content\/uploads\/2026\/01\/latas-_1767718731848.jpg","width":1280,"height":720,"caption":"Uma simples lata pode virar a pe\u00e7a mais charmosa da casa - Cr\u00e9ditos: depositphotos.com \/ AllaSerebrina"},{"@type":"BreadcrumbList","@id":"https:\/\/www.em.com.br\/emfoco\/2026\/01\/07\/crie-este-lindo-abajur-para-decorar-sua-casa-usando-uma-lata\/#breadcrumb","itemListElement":[{"@type":"ListItem","position":1,"name":"In\u00edcio","item":"https:\/\/www.em.com.br\/emfoco\/"},{"@type":"ListItem","position":2,"name":"Crie este lindo abajur para decorar sua casa usando uma lata"}]},{"@type":"WebSite","@id":"https:\/\/www.em.com.br\/emfoco\/#website","url":"https:\/\/www.em.com.br\/emfoco\/","name":"Estado de Minas - Em foco","description":"Acompanhe as \u00faltimas not\u00edcias e fique bem informado sobre tudo o que acontece em Minas Gerais, Brasil e no mundo.","potentialAction":[{"@type":"SearchAction","target":{"@type":"EntryPoint","urlTemplate":"https:\/\/www.em.com.br\/emfoco\/?s={search_term_string}"},"query-input":{"@type":"PropertyValueSpecification","valueRequired":true,"valueName":"search_term_string"}}],"inLanguage":"pt-BR"},{"@type":"Person","@id":"https:\/\/www.em.com.br\/emfoco\/#\/schema\/person\/60eda09c1fedf0d6891f4cef4b60b8b8","name":"Andre\u0301 Rangel\u00a0","image":{"@type":"ImageObject","inLanguage":"pt-BR","@id":"https:\/\/www.em.com.br\/emfoco\/#\/schema\/person\/image\/","url":"https:\/\/secure.gravatar.com\/avatar\/6234dc814c77c8ef6d8bba622c787efc?s=96&d=mm&r=g","contentUrl":"https:\/\/secure.gravatar.com\/avatar\/6234dc814c77c8ef6d8bba622c787efc?s=96&d=mm&r=g","caption":"Andre\u0301 Rangel\u00a0"},"url":"https:\/\/www.em.com.br\/emfoco\/author\/luizmyth\/"}]}},"_links":{"self":[{"href":"https:\/\/www.em.com.br\/emfoco\/wp-json\/wp\/v2\/posts\/151176","targetHints":{"allow":["GET"]}}],"collection":[{"href":"https:\/\/www.em.com.br\/emfoco\/wp-json\/wp\/v2\/posts"}],"about":[{"href":"https:\/\/www.em.com.br\/emfoco\/wp-json\/wp\/v2\/types\/post"}],"author":[{"embeddable":true,"href":"https:\/\/www.em.com.br\/emfoco\/wp-json\/wp\/v2\/users\/11"}],"replies":[{"embeddable":true,"href":"https:\/\/www.em.com.br\/emfoco\/wp-json\/wp\/v2\/comments?post=151176"}],"version-history":[{"count":4,"href":"https:\/\/www.em.com.br\/emfoco\/wp-json\/wp\/v2\/posts\/151176\/revisions"}],"predecessor-version":[{"id":151238,"href":"https:\/\/www.em.com.br\/emfoco\/wp-json\/wp\/v2\/posts\/151176\/revisions\/151238"}],"wp:featuredmedia":[{"embeddable":true,"href":"https:\/\/www.em.com.br\/emfoco\/wp-json\/wp\/v2\/media\/151237"}],"wp:attachment":[{"href":"https:\/\/www.em.com.br\/emfoco\/wp-json\/wp\/v2\/media?parent=151176"}],"wp:term":[{"taxonomy":"category","embeddable":true,"href":"https:\/\/www.em.com.br\/emfoco\/wp-json\/wp\/v2\/categories?post=151176"},{"taxonomy":"post_tag","embeddable":true,"href":"https:\/\/www.em.com.br\/emfoco\/wp-json\/wp\/v2\/tags?post=151176"}],"curies":[{"name":"wp","href":"https:\/\/api.w.org\/{rel}","templated":true}]}}