{"id":151165,"date":"2026-01-08T06:55:00","date_gmt":"2026-01-08T09:55:00","guid":{"rendered":"https:\/\/www.em.com.br\/emfoco\/?p=151165"},"modified":"2026-01-07T19:43:57","modified_gmt":"2026-01-07T22:43:57","slug":"maior-aspirador-do-planeta-entra-em-acao-para-limpar-os-oceanos-de-plastico","status":"publish","type":"post","link":"https:\/\/www.em.com.br\/emfoco\/2026\/01\/08\/maior-aspirador-do-planeta-entra-em-acao-para-limpar-os-oceanos-de-plastico\/","title":{"rendered":"Maior aspirador do planeta entra em a\u00e7\u00e3o para limpar os oceanos de pl\u00e1stico"},"content":{"rendered":"\n<h2 class=\"wp-block-heading\">Em 2026, a maior aspirador oce\u00e2nico entrou em opera\u00e7\u00e3o usando barreiras flutuantes de mais de 2 km e correntes naturais para concentrar e remover pl\u00e1stico de forma cont\u00ednua, protegendo a fauna e destinando res\u00edduos \u00e0 reciclagem.<\/h2>\n\n\n\n<p>A chamada <strong>maior aspirador<\/strong> <strong>do planeta<\/strong> entrou em opera\u00e7\u00e3o em 2026 e marca um avan\u00e7o hist\u00f3rico na luta contra a polui\u00e7\u00e3o marinha. A megaestrutura usa correntes naturais e engenharia de larga escala para remover pl\u00e1stico dos oceanos de forma cont\u00ednua e sustent\u00e1vel.<\/p>\n\n\n\n<h2 class=\"wp-block-heading\">Por que a polui\u00e7\u00e3o dos oceanos chegou a um ponto cr\u00edtico?<\/h2>\n\n\n\n<p>A presen\u00e7a de <strong>pl\u00e1stico nos oceanos<\/strong> atingiu n\u00edveis alarmantes, com estimativas que superam 1,8 trilh\u00e3o de fragmentos apenas na <a href=\"https:\/\/jornal.usp.br\/radio-usp\/mancha-de-lixo-do-pacifico-se-tornou-lar-para-ecossistema-proprio\/\" target=\"_blank\" rel=\"noreferrer noopener\"><strong>Grande Mancha de Lixo do Pac\u00edfico<\/strong><\/a>. Esses res\u00edduos amea\u00e7am ecossistemas inteiros e entram na cadeia alimentar humana.<\/p>\n\n\n\n<p>Redes de pesca abandonadas, embalagens e <strong>micropl\u00e1sticos<\/strong> persistem por d\u00e9cadas no ambiente marinho. M\u00e9todos tradicionais de limpeza se mostraram insuficientes, abrindo espa\u00e7o para solu\u00e7\u00f5es tecnol\u00f3gicas capazes de atuar em escala global.<\/p>\n\n\n\n<figure class=\"wp-block-image size-large\"><img loading=\"lazy\" decoding=\"async\" width=\"1024\" height=\"576\" src=\"https:\/\/www.em.com.br\/emfoco\/wp-content\/uploads\/2026\/01\/IA-12-12-1024x576.jpg\" alt=\"Maior aspiradora do planeta entra em a\u00e7\u00e3o para limpar os oceanos de pl\u00e1stico\" class=\"wp-image-151244\" srcset=\"https:\/\/www.em.com.br\/emfoco\/wp-content\/uploads\/2026\/01\/IA-12-12-1024x576.jpg 1024w, https:\/\/www.em.com.br\/emfoco\/wp-content\/uploads\/2026\/01\/IA-12-12-300x169.jpg 300w, https:\/\/www.em.com.br\/emfoco\/wp-content\/uploads\/2026\/01\/IA-12-12-768x432.jpg 768w, https:\/\/www.em.com.br\/emfoco\/wp-content\/uploads\/2026\/01\/IA-12-12-750x422.jpg 750w, https:\/\/www.em.com.br\/emfoco\/wp-content\/uploads\/2026\/01\/IA-12-12-1140x641.jpg 1140w, https:\/\/www.em.com.br\/emfoco\/wp-content\/uploads\/2026\/01\/IA-12-12.jpg 1280w\" sizes=\"auto, (max-width: 1024px) 100vw, 1024px\" \/><figcaption class=\"wp-element-caption\">Ac\u00famulo de pl\u00e1stico marinho atingiu n\u00edveis cr\u00edticos para ecossistemas globais<\/figcaption><\/figure>\n\n\n\n<h2 class=\"wp-block-heading\">Como funciona a maior aspirador do planeta?<\/h2>\n\n\n\n<p>A tecnologia por tr\u00e1s da <strong>aspirador oce\u00e2nico<\/strong> \u00e9 passiva e n\u00e3o utiliza motores de suc\u00e7\u00e3o. O sistema aproveita vento e correntes para concentrar o lixo em uma zona central, como uma costa artificial em mar aberto. Entre os principais elementos, est\u00e3o os seguintes.<\/p>\n\n\n\n<ul class=\"wp-block-list\">\n<li>Barreira flutuante em U: estrutura com mais de 2 km que canaliza o pl\u00e1stico.<\/li>\n\n\n\n<li>Cora\u00e7\u00e3o do sistema: \u00e1rea central onde os res\u00edduos ficam concentrados.<\/li>\n\n\n\n<li>Movimento passivo: deslocamento lento que acompanha as correntes naturais.<\/li>\n<\/ul>\n\n\n\n<p><em>Leia mai<\/em>s: <strong><a href=\"https:\/\/www.em.com.br\/emfoco\/2026\/01\/06\/os-5-melhores-aspiradores-robos-custo-beneficio-pra-comprar-em-2026\/\" target=\"_blank\" rel=\"noreferrer noopener\">Os 5 melhores aspiradores rob\u00f4s custo-benef\u00edcio pra comprar em 2026<\/a><\/strong><\/p>\n\n\n\n<h2 class=\"wp-block-heading\">De que forma a vida marinha \u00e9 protegida durante a coleta?<\/h2>\n\n\n\n<p>Um dos pilares do projeto \u00e9 a <strong>prote\u00e7\u00e3o da vida marinha<\/strong>. A velocidade da barreira foi calculada para permitir que peixes, tartarugas e outros animais nadem para fora do sistema sem dificuldade.<\/p>\n\n\n\n<p>As redes de reten\u00e7\u00e3o passaram por melhorias em 2026 e conseguem capturar <strong>res\u00edduos pl\u00e1sticos microsc\u00f3picos<\/strong> sem aprisionar organismos vivos. Isso torna a opera\u00e7\u00e3o segura e reduz impactos negativos nos ecossistemas.<\/p>\n\n\n\n<figure class=\"wp-block-image size-large\"><img loading=\"lazy\" decoding=\"async\" width=\"1024\" height=\"576\" src=\"https:\/\/www.em.com.br\/emfoco\/wp-content\/uploads\/2026\/01\/IA-13-9-1024x576.jpg\" alt=\"Maior aspiradora do planeta entra em a\u00e7\u00e3o para limpar os oceanos de pl\u00e1stico\" class=\"wp-image-151245\" srcset=\"https:\/\/www.em.com.br\/emfoco\/wp-content\/uploads\/2026\/01\/IA-13-9-1024x576.jpg 1024w, https:\/\/www.em.com.br\/emfoco\/wp-content\/uploads\/2026\/01\/IA-13-9-300x169.jpg 300w, https:\/\/www.em.com.br\/emfoco\/wp-content\/uploads\/2026\/01\/IA-13-9-768x432.jpg 768w, https:\/\/www.em.com.br\/emfoco\/wp-content\/uploads\/2026\/01\/IA-13-9-750x422.jpg 750w, https:\/\/www.em.com.br\/emfoco\/wp-content\/uploads\/2026\/01\/IA-13-9-1140x641.jpg 1140w, https:\/\/www.em.com.br\/emfoco\/wp-content\/uploads\/2026\/01\/IA-13-9.jpg 1280w\" sizes=\"auto, (max-width: 1024px) 100vw, 1024px\" \/><figcaption class=\"wp-element-caption\">Projeto prioriza seguran\u00e7a da fauna marinha durante o processo de coleta<\/figcaption><\/figure>\n\n\n\n<h2 class=\"wp-block-heading\">O que acontece com o pl\u00e1stico ap\u00f3s sair do oceano?<\/h2>\n\n\n\n<p>Depois de concentrado, o lixo \u00e9 removido por embarca\u00e7\u00f5es de apoio e segue para reciclagem em terra firme. O projeto aposta na <strong>economia circular<\/strong>, transformando res\u00edduos em produtos de alto valor agregado, como voc\u00ea v\u00ea a seguir.<\/p>\n\n\n\n<ul class=\"wp-block-list\">\n<li>Rastreabilidade total: cada lote de pl\u00e1stico \u00e9 identificado e certificado.<\/li>\n\n\n\n<li>Produtos de valor: res\u00edduos viram \u00f3culos, roupas e m\u00f3veis de design.<\/li>\n\n\n\n<li>Autossustenta\u00e7\u00e3o financeira: lucro \u00e9 reinvestido na pr\u00f3pria opera\u00e7\u00e3o.<\/li>\n<\/ul>\n\n\n\n<p>O avan\u00e7o da <strong>maior aspirador<\/strong> <strong>do planeta<\/strong> coincide com a press\u00e3o internacional do Tratado Global contra a Polui\u00e7\u00e3o Pl\u00e1stica. A iniciativa mostra que tecnologia pode corrigir erros hist\u00f3ricos, mas tamb\u00e9m levanta a reflex\u00e3o final: limpar os oceanos basta ou \u00e9 preciso reduzir drasticamente a produ\u00e7\u00e3o de pl\u00e1stico?<\/p>\n","protected":false},"excerpt":{"rendered":"<p>Em 2026, a maior aspirador oce\u00e2nico entrou em opera\u00e7\u00e3o usando barreiras flutuantes de mais de 2 km e correntes naturais para concentrar e remover pl\u00e1stico de forma cont\u00ednua, protegendo a fauna e destinando res\u00edduos \u00e0 reciclagem. A chamada maior aspirador do planeta entrou em opera\u00e7\u00e3o em 2026 e marca um avan\u00e7o hist\u00f3rico na luta contra [&hellip;]<\/p>\n","protected":false},"author":13,"featured_media":151243,"comment_status":"open","ping_status":"open","sticky":false,"template":"","format":"standard","meta":{"jnews-multi-image_gallery":[],"jnews_single_post":{"format":"standard"},"jnews_primary_category":[],"jnews_social_meta":[],"jnews_override_counter":[],"footnotes":""},"categories":[8819],"tags":[22045,22043,22044],"class_list":["post-151165","post","type-post","status-publish","format-standard","has-post-thumbnail","hentry","category-curiosidades","tag-aspirador-de-plasticos","tag-limpeza-do-oceano","tag-maior-aspirador-do-mundo"],"yoast_head":"<!-- This site is optimized with the Yoast SEO plugin v23.8 - https:\/\/yoast.com\/wordpress\/plugins\/seo\/ -->\n<title>Maior aspirador do planeta entra em a\u00e7\u00e3o para limpar os oceanos de pl\u00e1stico - Estado de Minas - Em foco<\/title>\n<meta name=\"description\" content=\"Megaestrutura entra em opera\u00e7\u00e3o em 2026 e come\u00e7a a retirar toneladas de pl\u00e1stico do oceano sem motor e sem afetar a vida marinha.\" \/>\n<meta name=\"robots\" content=\"index, follow, max-snippet:-1, max-image-preview:large, max-video-preview:-1\" \/>\n<link rel=\"canonical\" href=\"https:\/\/www.em.com.br\/emfoco\/2026\/01\/08\/maior-aspirador-do-planeta-entra-em-acao-para-limpar-os-oceanos-de-plastico\/\" \/>\n<meta property=\"og:locale\" content=\"pt_BR\" \/>\n<meta property=\"og:type\" content=\"article\" \/>\n<meta property=\"og:title\" content=\"Maior aspirador do planeta entra em a\u00e7\u00e3o para limpar os oceanos de pl\u00e1stico - Estado de Minas - Em foco\" \/>\n<meta property=\"og:description\" content=\"Megaestrutura entra em opera\u00e7\u00e3o em 2026 e come\u00e7a a retirar toneladas de pl\u00e1stico do oceano sem motor e sem afetar a vida marinha.\" \/>\n<meta property=\"og:url\" content=\"https:\/\/www.em.com.br\/emfoco\/2026\/01\/08\/maior-aspirador-do-planeta-entra-em-acao-para-limpar-os-oceanos-de-plastico\/\" \/>\n<meta property=\"og:site_name\" content=\"Estado de Minas - Em foco\" \/>\n<meta property=\"article:published_time\" content=\"2026-01-08T09:55:00+00:00\" \/>\n<meta property=\"article:modified_time\" content=\"2026-01-07T22:43:57+00:00\" \/>\n<meta property=\"og:image\" content=\"https:\/\/www.em.com.br\/emfoco\/wp-content\/uploads\/2026\/01\/IA-11-12.jpg\" \/>\n\t<meta property=\"og:image:width\" content=\"1280\" \/>\n\t<meta property=\"og:image:height\" content=\"720\" \/>\n\t<meta property=\"og:image:type\" content=\"image\/jpeg\" \/>\n<meta name=\"author\" content=\"Gabriel Martins\" \/>\n<meta name=\"twitter:card\" content=\"summary_large_image\" \/>\n<meta name=\"twitter:label1\" content=\"Escrito por\" \/>\n\t<meta name=\"twitter:data1\" content=\"Gabriel Martins\" \/>\n\t<meta name=\"twitter:label2\" content=\"Est. tempo de leitura\" \/>\n\t<meta name=\"twitter:data2\" content=\"4 minutos\" \/>\n<!-- \/ Yoast SEO plugin. -->","yoast_head_json":{"title":"Maior aspirador do planeta entra em a\u00e7\u00e3o para limpar os oceanos de pl\u00e1stico - Estado de Minas - Em foco","description":"Megaestrutura entra em opera\u00e7\u00e3o em 2026 e come\u00e7a a retirar toneladas de pl\u00e1stico do oceano sem motor e sem afetar a vida marinha.","robots":{"index":"index","follow":"follow","max-snippet":"max-snippet:-1","max-image-preview":"max-image-preview:large","max-video-preview":"max-video-preview:-1"},"canonical":"https:\/\/www.em.com.br\/emfoco\/2026\/01\/08\/maior-aspirador-do-planeta-entra-em-acao-para-limpar-os-oceanos-de-plastico\/","og_locale":"pt_BR","og_type":"article","og_title":"Maior aspirador do planeta entra em a\u00e7\u00e3o para limpar os oceanos de pl\u00e1stico - Estado de Minas - Em foco","og_description":"Megaestrutura entra em opera\u00e7\u00e3o em 2026 e come\u00e7a a retirar toneladas de pl\u00e1stico do oceano sem motor e sem afetar a vida marinha.","og_url":"https:\/\/www.em.com.br\/emfoco\/2026\/01\/08\/maior-aspirador-do-planeta-entra-em-acao-para-limpar-os-oceanos-de-plastico\/","og_site_name":"Estado de Minas - Em foco","article_published_time":"2026-01-08T09:55:00+00:00","article_modified_time":"2026-01-07T22:43:57+00:00","og_image":[{"width":1280,"height":720,"url":"https:\/\/www.em.com.br\/emfoco\/wp-content\/uploads\/2026\/01\/IA-11-12.jpg","type":"image\/jpeg"}],"author":"Gabriel Martins","twitter_card":"summary_large_image","twitter_misc":{"Escrito por":"Gabriel Martins","Est. tempo de leitura":"4 minutos"},"schema":{"@context":"https:\/\/schema.org","@graph":[{"@type":"WebPage","@id":"https:\/\/www.em.com.br\/emfoco\/2026\/01\/08\/maior-aspirador-do-planeta-entra-em-acao-para-limpar-os-oceanos-de-plastico\/","url":"https:\/\/www.em.com.br\/emfoco\/2026\/01\/08\/maior-aspirador-do-planeta-entra-em-acao-para-limpar-os-oceanos-de-plastico\/","name":"Maior aspirador do planeta entra em a\u00e7\u00e3o para limpar os oceanos de pl\u00e1stico - Estado de Minas - Em foco","isPartOf":{"@id":"https:\/\/www.em.com.br\/emfoco\/#website"},"primaryImageOfPage":{"@id":"https:\/\/www.em.com.br\/emfoco\/2026\/01\/08\/maior-aspirador-do-planeta-entra-em-acao-para-limpar-os-oceanos-de-plastico\/#primaryimage"},"image":{"@id":"https:\/\/www.em.com.br\/emfoco\/2026\/01\/08\/maior-aspirador-do-planeta-entra-em-acao-para-limpar-os-oceanos-de-plastico\/#primaryimage"},"thumbnailUrl":"https:\/\/www.em.com.br\/emfoco\/wp-content\/uploads\/2026\/01\/IA-11-12.jpg","datePublished":"2026-01-08T09:55:00+00:00","dateModified":"2026-01-07T22:43:57+00:00","author":{"@id":"https:\/\/www.em.com.br\/emfoco\/#\/schema\/person\/1c9ddeab18b98abeffef834667bcf08a"},"description":"Megaestrutura entra em opera\u00e7\u00e3o em 2026 e come\u00e7a a retirar toneladas de pl\u00e1stico do oceano sem motor e sem afetar a vida marinha.","breadcrumb":{"@id":"https:\/\/www.em.com.br\/emfoco\/2026\/01\/08\/maior-aspirador-do-planeta-entra-em-acao-para-limpar-os-oceanos-de-plastico\/#breadcrumb"},"inLanguage":"pt-BR","potentialAction":[{"@type":"ReadAction","target":["https:\/\/www.em.com.br\/emfoco\/2026\/01\/08\/maior-aspirador-do-planeta-entra-em-acao-para-limpar-os-oceanos-de-plastico\/"]}]},{"@type":"ImageObject","inLanguage":"pt-BR","@id":"https:\/\/www.em.com.br\/emfoco\/2026\/01\/08\/maior-aspirador-do-planeta-entra-em-acao-para-limpar-os-oceanos-de-plastico\/#primaryimage","url":"https:\/\/www.em.com.br\/emfoco\/wp-content\/uploads\/2026\/01\/IA-11-12.jpg","contentUrl":"https:\/\/www.em.com.br\/emfoco\/wp-content\/uploads\/2026\/01\/IA-11-12.jpg","width":1280,"height":720,"caption":"Megaestrutura oce\u00e2nica remove pl\u00e1stico em larga escala de forma cont\u00ednua"},{"@type":"BreadcrumbList","@id":"https:\/\/www.em.com.br\/emfoco\/2026\/01\/08\/maior-aspirador-do-planeta-entra-em-acao-para-limpar-os-oceanos-de-plastico\/#breadcrumb","itemListElement":[{"@type":"ListItem","position":1,"name":"In\u00edcio","item":"https:\/\/www.em.com.br\/emfoco\/"},{"@type":"ListItem","position":2,"name":"Maior aspirador do planeta entra em a\u00e7\u00e3o para limpar os oceanos de pl\u00e1stico"}]},{"@type":"WebSite","@id":"https:\/\/www.em.com.br\/emfoco\/#website","url":"https:\/\/www.em.com.br\/emfoco\/","name":"Estado de Minas - Em foco","description":"Acompanhe as \u00faltimas not\u00edcias e fique bem informado sobre tudo o que acontece em Minas Gerais, Brasil e no mundo.","potentialAction":[{"@type":"SearchAction","target":{"@type":"EntryPoint","urlTemplate":"https:\/\/www.em.com.br\/emfoco\/?s={search_term_string}"},"query-input":{"@type":"PropertyValueSpecification","valueRequired":true,"valueName":"search_term_string"}}],"inLanguage":"pt-BR"},{"@type":"Person","@id":"https:\/\/www.em.com.br\/emfoco\/#\/schema\/person\/1c9ddeab18b98abeffef834667bcf08a","name":"Gabriel Martins","image":{"@type":"ImageObject","inLanguage":"pt-BR","@id":"https:\/\/www.em.com.br\/emfoco\/#\/schema\/person\/image\/","url":"https:\/\/secure.gravatar.com\/avatar\/f0f1e2efdfd88f1ad2cb08c5c2731e50?s=96&d=mm&r=g","contentUrl":"https:\/\/secure.gravatar.com\/avatar\/f0f1e2efdfd88f1ad2cb08c5c2731e50?s=96&d=mm&r=g","caption":"Gabriel Martins"},"sameAs":["https:\/\/www.em.com.br\/emfoco\/"],"url":"https:\/\/www.em.com.br\/emfoco\/author\/gabrielmartinsmyth\/"}]}},"_links":{"self":[{"href":"https:\/\/www.em.com.br\/emfoco\/wp-json\/wp\/v2\/posts\/151165","targetHints":{"allow":["GET"]}}],"collection":[{"href":"https:\/\/www.em.com.br\/emfoco\/wp-json\/wp\/v2\/posts"}],"about":[{"href":"https:\/\/www.em.com.br\/emfoco\/wp-json\/wp\/v2\/types\/post"}],"author":[{"embeddable":true,"href":"https:\/\/www.em.com.br\/emfoco\/wp-json\/wp\/v2\/users\/13"}],"replies":[{"embeddable":true,"href":"https:\/\/www.em.com.br\/emfoco\/wp-json\/wp\/v2\/comments?post=151165"}],"version-history":[{"count":3,"href":"https:\/\/www.em.com.br\/emfoco\/wp-json\/wp\/v2\/posts\/151165\/revisions"}],"predecessor-version":[{"id":152184,"href":"https:\/\/www.em.com.br\/emfoco\/wp-json\/wp\/v2\/posts\/151165\/revisions\/152184"}],"wp:featuredmedia":[{"embeddable":true,"href":"https:\/\/www.em.com.br\/emfoco\/wp-json\/wp\/v2\/media\/151243"}],"wp:attachment":[{"href":"https:\/\/www.em.com.br\/emfoco\/wp-json\/wp\/v2\/media?parent=151165"}],"wp:term":[{"taxonomy":"category","embeddable":true,"href":"https:\/\/www.em.com.br\/emfoco\/wp-json\/wp\/v2\/categories?post=151165"},{"taxonomy":"post_tag","embeddable":true,"href":"https:\/\/www.em.com.br\/emfoco\/wp-json\/wp\/v2\/tags?post=151165"}],"curies":[{"name":"wp","href":"https:\/\/api.w.org\/{rel}","templated":true}]}}