{"id":151151,"date":"2026-01-07T12:25:00","date_gmt":"2026-01-07T15:25:00","guid":{"rendered":"https:\/\/www.em.com.br\/emfoco\/?p=151151"},"modified":"2026-01-06T15:22:06","modified_gmt":"2026-01-06T18:22:06","slug":"organizacao-das-metas-de-2026-de-uma-forma-simples-e-inteligente","status":"publish","type":"post","link":"https:\/\/www.em.com.br\/emfoco\/2026\/01\/07\/organizacao-das-metas-de-2026-de-uma-forma-simples-e-inteligente\/","title":{"rendered":"Organiza\u00e7\u00e3o das metas de 2026 de uma forma simples e inteligente"},"content":{"rendered":"\n<p>Planejar metas para 2026 tem ganhado um novo significado em muitos contextos. Em vez de listas extensas feitas no fim do ano e esquecidas em poucas semanas, a proposta atual gira em torno de criar um sistema pr\u00e1tico, revis\u00e1vel e conectado ao dia a dia, com menos promessas vagas e mais a\u00e7\u00f5es pequenas, consistentes e alinhadas ao que realmente importa.<\/p>\n\n\n\n<h2 class=\"wp-block-heading\">Por que a organiza\u00e7\u00e3o de metas para 2026 exige ciclos menores<\/h2>\n\n\n\n<p>A principal mudan\u00e7a est\u00e1 em abandonar o modelo cl\u00e1ssico de \u201cpromessas para o ano inteiro\u201d e dividir 2026 em per\u00edodos curtos, com come\u00e7o, meio e fim bem definidos. Para entender como esse sistema de metas para 2026 funciona na pr\u00e1tica, com ciclos curtos, planejamento trimestral e foco semanal, assista ao v\u00eddeo da <strong>@<a href=\"https:\/\/www.youtube.com\/@juliaalbano\" target=\"_blank\" rel=\"noreferrer noopener\">Julia Albano<\/a><\/strong>, que detalha o m\u00e9todo passo a passo e mostra como transformar objetivos amplos em a\u00e7\u00f5es concretas ao longo do ano. <\/p>\n\n\n\n<iframe loading=\"lazy\" width=\"873\" height=\"491\" src=\"https:\/\/www.youtube.com\/embed\/VBOt_4krJBU\" title=\"Metas 2026: Organiza\u00e7\u00e3o de uma forma simples e inteligente | Produtividade na vida real\" frameborder=\"0\" allow=\"accelerometer; autoplay; clipboard-write; encrypted-media; gyroscope; picture-in-picture; web-share\" referrerpolicy=\"strict-origin-when-cross-origin\" allowfullscreen><\/iframe>\n\n\n\n<p>Essa abordagem aumenta o senso de prioridade e reduz a ilus\u00e3o de que \u201chaver\u00e1 tempo para tudo\u201d ao longo de 12 meses. Ao final de cada per\u00edodo, \u00e9 poss\u00edvel revisar o que funcionou, o que n\u00e3o funcionou e o que j\u00e1 n\u00e3o faz sentido manter como meta, ajustando o planejamento com base na realidade.<\/p>\n\n\n\n<h2 class=\"wp-block-heading\">Como criar uma vis\u00e3o de futuro ligada \u00e0s metas para 2026<\/h2>\n\n\n\n<p>Antes de listar tarefas, a organiza\u00e7\u00e3o de metas para 2026 costuma come\u00e7ar por uma vis\u00e3o mais ampla de futuro. Trata-se de descrever, de forma livre, como se imagina a pr\u00f3pria vida em alguns anos, considerando diferentes \u00e1reas e n\u00e3o apenas carreira ou dinheiro, funcionando como um mapa para decis\u00f5es de curto prazo.<\/p>\n\n\n\n<p>Uma forma simples de estruturar essa reflex\u00e3o \u00e9 separar a vida em campos como vida pessoal, trabalho e estudos, corpo e sa\u00fade, al\u00e9m de sentido e valores. Depois de registrar essa vis\u00e3o, o passo seguinte \u00e9 aproxim\u00e1-la da realidade, perguntando o que seria poss\u00edvel construir em um horizonte intermedi\u00e1rio, como tr\u00eas anos.<\/p>\n\n\n\n<p>Leia mais: <a href=\"https:\/\/www.em.com.br\/emfoco\/2026\/01\/06\/como-organizar-seu-cronograma-capilar-para-ter-um-resultado-profissional-de-salao\/\" target=\"_blank\" rel=\"noreferrer noopener\">Como organizar seu cronograma capilar para ter um resultado profissional de sal\u00e3o<\/a><\/p>\n\n\n\n<h2 class=\"wp-block-heading\">Como organizar metas para 2026 em um plano trimestral pr\u00e1tico<\/h2>\n\n\n\n<p>Com a vis\u00e3o de m\u00e9dio prazo definida, a organiza\u00e7\u00e3o de metas para 2026 se torna mais concreta ao focar em um primeiro bloco de cerca de tr\u00eas meses. Em vez de tentar resolver tudo de uma vez, o ano \u00e9 iniciado com um conjunto enxuto de metas para o primeiro trimestre, alinhadas \u00e0 vis\u00e3o maior, mas adequadas \u00e0 rotina atual.<\/p>\n\n\n\n<p>Um plano trimestral eficiente seleciona poucas frentes priorit\u00e1rias, define resultados claros e conecta cada meta a h\u00e1bitos recorrentes. Esse trimestre funciona como um degrau: preparar o corpo para provas futuras, acumular conhecimento para uma transi\u00e7\u00e3o profissional ou organizar finan\u00e7as para passos maiores ao longo do ano.<\/p>\n\n\n\n<h2 class=\"wp-block-heading\">Como distribuir o foco ao longo das semanas de 2026<\/h2>\n\n\n<div class=\"wp-block-image\">\n<figure class=\"aligncenter size-large\"><img loading=\"lazy\" decoding=\"async\" width=\"1024\" height=\"576\" src=\"https:\/\/www.em.com.br\/emfoco\/wp-content\/uploads\/2025\/12\/imagem_2026-01-03_114100320-e1767723627779-1024x576.png\" alt=\"\" class=\"wp-image-151319\" srcset=\"https:\/\/www.em.com.br\/emfoco\/wp-content\/uploads\/2025\/12\/imagem_2026-01-03_114100320-e1767723627779-1024x576.png 1024w, https:\/\/www.em.com.br\/emfoco\/wp-content\/uploads\/2025\/12\/imagem_2026-01-03_114100320-e1767723627779-300x169.png 300w, https:\/\/www.em.com.br\/emfoco\/wp-content\/uploads\/2025\/12\/imagem_2026-01-03_114100320-e1767723627779-768x432.png 768w, https:\/\/www.em.com.br\/emfoco\/wp-content\/uploads\/2025\/12\/imagem_2026-01-03_114100320-e1767723627779-750x422.png 750w, https:\/\/www.em.com.br\/emfoco\/wp-content\/uploads\/2025\/12\/imagem_2026-01-03_114100320-e1767723627779-1140x641.png 1140w, https:\/\/www.em.com.br\/emfoco\/wp-content\/uploads\/2025\/12\/imagem_2026-01-03_114100320-e1767723627779.png 1280w\" sizes=\"auto, (max-width: 1024px) 100vw, 1024px\" \/><figcaption class=\"wp-element-caption\">Metas de 2026 em ciclos curtos e pr\u00e1ticos<\/figcaption><\/figure><\/div>\n\n\n<p>Depois de definidas as metas para o primeiro trimestre de 2026, o planejamento avan\u00e7a para o n\u00edvel semanal. Em vez de uma lista extensa de tarefas sem prioridade, cada semana recebe um foco principal, ligado a uma ou duas metas do trimestre, reduzindo a sensa\u00e7\u00e3o de estar \u201ccorrendo atr\u00e1s de tudo ao mesmo tempo\u201d.<\/p>\n\n\n\n<p>Para transformar esse foco em a\u00e7\u00f5es pr\u00e1ticas, vale adotar um modelo simples de organiza\u00e7\u00e3o semanal, que ajude a visualizar compromissos e proteger tempo para o que realmente importa naquela etapa.<\/p>\n\n\n\n<ul class=\"wp-block-list\">\n<li>No in\u00edcio da semana, escolher um foco central, como avan\u00e7ar em um curso ou consolidar treinos.<\/li>\n\n\n\n<li>Escrever de tr\u00eas a cinco a\u00e7\u00f5es-chave que, se cumpridas, representem avan\u00e7o real nessa meta.<\/li>\n\n\n\n<li>Bloquear hor\u00e1rios espec\u00edficos na agenda para executar essas a\u00e7\u00f5es priorit\u00e1rias.<\/li>\n\n\n\n<li>Manter uma lista di\u00e1ria curta, derivada do foco semanal, evitando tarefas gen\u00e9ricas demais.<\/li>\n<\/ul>\n\n\n\n<p>Leia mais: <a href=\"https:\/\/www.em.com.br\/emfoco\/2026\/01\/06\/famosa-marca-brasileira-apelidada-por-muitos-de-zara-brasileira-por-seu-estilo-vibrante-inaugurou-sua-primeira-loja\/\" target=\"_blank\" rel=\"noreferrer noopener\">Famosa marca brasileira apelidada por muitos de\u00a0\u201cZara brasileira\u201d\u00a0por seu estilo vibrante, inaugurou sua primeira loja<\/a><\/p>\n\n\n\n<h2 class=\"wp-block-heading\">Quais ferramentas podem apoiar a organiza\u00e7\u00e3o de metas para 2026<\/h2>\n\n\n\n<p>A organiza\u00e7\u00e3o de metas para 2026 tende a ser mais eficiente quando o sistema \u00e9 registrado em algum lugar acess\u00edvel e f\u00e1cil de atualizar. Muitos utilizam plataformas digitais para guardar a vis\u00e3o de longo prazo, o plano de tr\u00eas anos e as metas trimestrais, enquanto reservam cadernos ou planners f\u00edsicos para o acompanhamento semanal e di\u00e1rio.<\/p>\n\n\n\n<p> Entre os recursos digitais, destacam-se aplicativos de notas e bancos de dados para organizar \u00e1reas da vida, planilhas para monitorar indicadores num\u00e9ricos e aplicativos de tarefas para lembrar a\u00e7\u00f5es espec\u00edficas. Ao longo de 2026, o sistema ganha robustez \u00e0 medida que \u00e9 testado, ajustado e simplificado, transformando objetivos em processos cont\u00ednuos que acompanham o ritmo real da vida.<\/p>\n","protected":false},"excerpt":{"rendered":"<p>Planejar metas para 2026 tem ganhado um novo significado em muitos contextos. Em vez de listas extensas feitas no fim do ano e esquecidas em poucas semanas, a proposta atual gira em torno de criar um sistema pr\u00e1tico, revis\u00e1vel e conectado ao dia a dia, com menos promessas vagas e mais a\u00e7\u00f5es pequenas, consistentes e [&hellip;]<\/p>\n","protected":false},"author":20,"featured_media":151320,"comment_status":"open","ping_status":"open","sticky":false,"template":"","format":"standard","meta":{"jnews-multi-image_gallery":[],"jnews_single_post":{"format":"standard"},"jnews_primary_category":[],"jnews_social_meta":[],"jnews_override_counter":[],"footnotes":""},"categories":[8819,1],"tags":[22040,20932,22041],"class_list":["post-151151","post","type-post","status-publish","format-standard","has-post-thumbnail","hentry","category-curiosidades","category-noticias","tag-ciclos","tag-metas","tag-objetivos"],"yoast_head":"<!-- This site is optimized with the Yoast SEO plugin v23.8 - https:\/\/yoast.com\/wordpress\/plugins\/seo\/ -->\n<title>Organiza\u00e7\u00e3o das metas de 2026 de uma forma simples e inteligente - Estado de Minas - Em foco<\/title>\n<meta name=\"description\" content=\"Organize 2026 com metas trimestrais, foco semanal e a\u00e7\u00f5es pr\u00e1ticas, transformando objetivos em resultados reais sem listas esquecidas.\" \/>\n<meta name=\"robots\" content=\"index, follow, max-snippet:-1, max-image-preview:large, max-video-preview:-1\" \/>\n<link rel=\"canonical\" href=\"https:\/\/www.em.com.br\/emfoco\/2026\/01\/07\/organizacao-das-metas-de-2026-de-uma-forma-simples-e-inteligente\/\" \/>\n<meta property=\"og:locale\" content=\"pt_BR\" \/>\n<meta property=\"og:type\" content=\"article\" \/>\n<meta property=\"og:title\" content=\"Organiza\u00e7\u00e3o das metas de 2026 de uma forma simples e inteligente - Estado de Minas - Em foco\" \/>\n<meta property=\"og:description\" content=\"Organize 2026 com metas trimestrais, foco semanal e a\u00e7\u00f5es pr\u00e1ticas, transformando objetivos em resultados reais sem listas esquecidas.\" \/>\n<meta property=\"og:url\" content=\"https:\/\/www.em.com.br\/emfoco\/2026\/01\/07\/organizacao-das-metas-de-2026-de-uma-forma-simples-e-inteligente\/\" \/>\n<meta property=\"og:site_name\" content=\"Estado de Minas - Em foco\" \/>\n<meta property=\"article:published_time\" content=\"2026-01-07T15:25:00+00:00\" \/>\n<meta property=\"article:modified_time\" content=\"2026-01-06T18:22:06+00:00\" \/>\n<meta property=\"og:image\" content=\"https:\/\/www.em.com.br\/emfoco\/wp-content\/uploads\/2025\/12\/imagem_2026-01-03_114200317-e1767723699147.png\" \/>\n\t<meta property=\"og:image:width\" content=\"1280\" \/>\n\t<meta property=\"og:image:height\" content=\"720\" \/>\n\t<meta property=\"og:image:type\" content=\"image\/png\" \/>\n<meta name=\"author\" content=\"Ingrid Diniz\" \/>\n<meta name=\"twitter:card\" content=\"summary_large_image\" \/>\n<meta name=\"twitter:label1\" content=\"Escrito por\" \/>\n\t<meta name=\"twitter:data1\" content=\"Ingrid Diniz\" \/>\n\t<meta name=\"twitter:label2\" content=\"Est. tempo de leitura\" \/>\n\t<meta name=\"twitter:data2\" content=\"5 minutos\" \/>\n<!-- \/ Yoast SEO plugin. -->","yoast_head_json":{"title":"Organiza\u00e7\u00e3o das metas de 2026 de uma forma simples e inteligente - Estado de Minas - Em foco","description":"Organize 2026 com metas trimestrais, foco semanal e a\u00e7\u00f5es pr\u00e1ticas, transformando objetivos em resultados reais sem listas esquecidas.","robots":{"index":"index","follow":"follow","max-snippet":"max-snippet:-1","max-image-preview":"max-image-preview:large","max-video-preview":"max-video-preview:-1"},"canonical":"https:\/\/www.em.com.br\/emfoco\/2026\/01\/07\/organizacao-das-metas-de-2026-de-uma-forma-simples-e-inteligente\/","og_locale":"pt_BR","og_type":"article","og_title":"Organiza\u00e7\u00e3o das metas de 2026 de uma forma simples e inteligente - Estado de Minas - Em foco","og_description":"Organize 2026 com metas trimestrais, foco semanal e a\u00e7\u00f5es pr\u00e1ticas, transformando objetivos em resultados reais sem listas esquecidas.","og_url":"https:\/\/www.em.com.br\/emfoco\/2026\/01\/07\/organizacao-das-metas-de-2026-de-uma-forma-simples-e-inteligente\/","og_site_name":"Estado de Minas - Em foco","article_published_time":"2026-01-07T15:25:00+00:00","article_modified_time":"2026-01-06T18:22:06+00:00","og_image":[{"width":1280,"height":720,"url":"https:\/\/www.em.com.br\/emfoco\/wp-content\/uploads\/2025\/12\/imagem_2026-01-03_114200317-e1767723699147.png","type":"image\/png"}],"author":"Ingrid Diniz","twitter_card":"summary_large_image","twitter_misc":{"Escrito por":"Ingrid Diniz","Est. tempo de leitura":"5 minutos"},"schema":{"@context":"https:\/\/schema.org","@graph":[{"@type":"WebPage","@id":"https:\/\/www.em.com.br\/emfoco\/2026\/01\/07\/organizacao-das-metas-de-2026-de-uma-forma-simples-e-inteligente\/","url":"https:\/\/www.em.com.br\/emfoco\/2026\/01\/07\/organizacao-das-metas-de-2026-de-uma-forma-simples-e-inteligente\/","name":"Organiza\u00e7\u00e3o das metas de 2026 de uma forma simples e inteligente - Estado de Minas - Em foco","isPartOf":{"@id":"https:\/\/www.em.com.br\/emfoco\/#website"},"primaryImageOfPage":{"@id":"https:\/\/www.em.com.br\/emfoco\/2026\/01\/07\/organizacao-das-metas-de-2026-de-uma-forma-simples-e-inteligente\/#primaryimage"},"image":{"@id":"https:\/\/www.em.com.br\/emfoco\/2026\/01\/07\/organizacao-das-metas-de-2026-de-uma-forma-simples-e-inteligente\/#primaryimage"},"thumbnailUrl":"https:\/\/www.em.com.br\/emfoco\/wp-content\/uploads\/2025\/12\/imagem_2026-01-03_114200317-e1767723699147.png","datePublished":"2026-01-07T15:25:00+00:00","dateModified":"2026-01-06T18:22:06+00:00","author":{"@id":"https:\/\/www.em.com.br\/emfoco\/#\/schema\/person\/649e610b4eb8fff87ff394e54fe17b2b"},"description":"Organize 2026 com metas trimestrais, foco semanal e a\u00e7\u00f5es pr\u00e1ticas, transformando objetivos em resultados reais sem listas esquecidas.","breadcrumb":{"@id":"https:\/\/www.em.com.br\/emfoco\/2026\/01\/07\/organizacao-das-metas-de-2026-de-uma-forma-simples-e-inteligente\/#breadcrumb"},"inLanguage":"pt-BR","potentialAction":[{"@type":"ReadAction","target":["https:\/\/www.em.com.br\/emfoco\/2026\/01\/07\/organizacao-das-metas-de-2026-de-uma-forma-simples-e-inteligente\/"]}]},{"@type":"ImageObject","inLanguage":"pt-BR","@id":"https:\/\/www.em.com.br\/emfoco\/2026\/01\/07\/organizacao-das-metas-de-2026-de-uma-forma-simples-e-inteligente\/#primaryimage","url":"https:\/\/www.em.com.br\/emfoco\/wp-content\/uploads\/2025\/12\/imagem_2026-01-03_114200317-e1767723699147.png","contentUrl":"https:\/\/www.em.com.br\/emfoco\/wp-content\/uploads\/2025\/12\/imagem_2026-01-03_114200317-e1767723699147.png","width":1280,"height":720,"caption":"Metas de 2026 em ciclos curtos e pr\u00e1ticos"},{"@type":"BreadcrumbList","@id":"https:\/\/www.em.com.br\/emfoco\/2026\/01\/07\/organizacao-das-metas-de-2026-de-uma-forma-simples-e-inteligente\/#breadcrumb","itemListElement":[{"@type":"ListItem","position":1,"name":"In\u00edcio","item":"https:\/\/www.em.com.br\/emfoco\/"},{"@type":"ListItem","position":2,"name":"Organiza\u00e7\u00e3o das metas de 2026 de uma forma simples e inteligente"}]},{"@type":"WebSite","@id":"https:\/\/www.em.com.br\/emfoco\/#website","url":"https:\/\/www.em.com.br\/emfoco\/","name":"Estado de Minas - Em foco","description":"Acompanhe as \u00faltimas not\u00edcias e fique bem informado sobre tudo o que acontece em Minas Gerais, Brasil e no mundo.","potentialAction":[{"@type":"SearchAction","target":{"@type":"EntryPoint","urlTemplate":"https:\/\/www.em.com.br\/emfoco\/?s={search_term_string}"},"query-input":{"@type":"PropertyValueSpecification","valueRequired":true,"valueName":"search_term_string"}}],"inLanguage":"pt-BR"},{"@type":"Person","@id":"https:\/\/www.em.com.br\/emfoco\/#\/schema\/person\/649e610b4eb8fff87ff394e54fe17b2b","name":"Ingrid Diniz","image":{"@type":"ImageObject","inLanguage":"pt-BR","@id":"https:\/\/www.em.com.br\/emfoco\/#\/schema\/person\/image\/","url":"https:\/\/secure.gravatar.com\/avatar\/a3baa1449ec5c39b4c42babc9d4f3951?s=96&d=mm&r=g","contentUrl":"https:\/\/secure.gravatar.com\/avatar\/a3baa1449ec5c39b4c42babc9d4f3951?s=96&d=mm&r=g","caption":"Ingrid Diniz"},"sameAs":["https:\/\/www.em.com.br\/"],"url":"https:\/\/www.em.com.br\/emfoco\/author\/ingridmyth\/"}]}},"_links":{"self":[{"href":"https:\/\/www.em.com.br\/emfoco\/wp-json\/wp\/v2\/posts\/151151","targetHints":{"allow":["GET"]}}],"collection":[{"href":"https:\/\/www.em.com.br\/emfoco\/wp-json\/wp\/v2\/posts"}],"about":[{"href":"https:\/\/www.em.com.br\/emfoco\/wp-json\/wp\/v2\/types\/post"}],"author":[{"embeddable":true,"href":"https:\/\/www.em.com.br\/emfoco\/wp-json\/wp\/v2\/users\/20"}],"replies":[{"embeddable":true,"href":"https:\/\/www.em.com.br\/emfoco\/wp-json\/wp\/v2\/comments?post=151151"}],"version-history":[{"count":1,"href":"https:\/\/www.em.com.br\/emfoco\/wp-json\/wp\/v2\/posts\/151151\/revisions"}],"predecessor-version":[{"id":151323,"href":"https:\/\/www.em.com.br\/emfoco\/wp-json\/wp\/v2\/posts\/151151\/revisions\/151323"}],"wp:featuredmedia":[{"embeddable":true,"href":"https:\/\/www.em.com.br\/emfoco\/wp-json\/wp\/v2\/media\/151320"}],"wp:attachment":[{"href":"https:\/\/www.em.com.br\/emfoco\/wp-json\/wp\/v2\/media?parent=151151"}],"wp:term":[{"taxonomy":"category","embeddable":true,"href":"https:\/\/www.em.com.br\/emfoco\/wp-json\/wp\/v2\/categories?post=151151"},{"taxonomy":"post_tag","embeddable":true,"href":"https:\/\/www.em.com.br\/emfoco\/wp-json\/wp\/v2\/tags?post=151151"}],"curies":[{"name":"wp","href":"https:\/\/api.w.org\/{rel}","templated":true}]}}