{"id":151123,"date":"2026-01-07T15:25:33","date_gmt":"2026-01-07T18:25:33","guid":{"rendered":"https:\/\/www.em.com.br\/emfoco\/?p=151123"},"modified":"2026-01-06T15:44:24","modified_gmt":"2026-01-06T18:44:24","slug":"como-afinar-o-rosto-e-parecer-mais-magra-usando-apenas-2-produtos","status":"publish","type":"post","link":"https:\/\/www.em.com.br\/emfoco\/2026\/01\/07\/como-afinar-o-rosto-e-parecer-mais-magra-usando-apenas-2-produtos\/","title":{"rendered":"Como afinar o rosto e parecer mais magra usando apenas 2 produtos"},"content":{"rendered":"\n<h2 class=\"wp-block-heading\">A t\u00e9cnica usa luz e sombra para afinar. Aplique tons escuros abaixo das ma\u00e7\u00e3s, na testa e maxilar, e ilumine o centro. \u00c9 essencial esfumar bem para n\u00e3o marcar. O blush diagonal ajuda a levantar o rosto.<\/h2>\n\n\n\n<p><b>Voc\u00ea j\u00e1 se olhou no espelho<\/b> e pensou \u201cmeu rosto parece mais redondo hoje\u201d? Muitas vezes n\u00e3o \u00e9 o <b>formato do rosto<\/b> que incomoda, mas como a luz e as sombras aparecem na pele. A boa not\u00edcia \u00e9 que, com alguns truques simples de <b>maquiagem para afinar o rosto<\/b>, d\u00e1 para criar um visual mais harmonioso sem mudar quem voc\u00ea \u00e9 \u2014 apenas valorizando seus pontos fortes com um pouco de cor, luz e esfuma\u00e7o.<\/p>\n\n\n\n<h2 class=\"wp-block-heading\">Como a maquiagem pode deixar o rosto visualmente mais fino<\/h2>\n\n\n\n<p>O efeito de um <b>rosto mais fino com maquiagem<\/b> acontece ao brincar com luz e sombra. As partes que voc\u00ea <b>escurece parecem \u201crecuar\u201d<\/b>, enquanto as \u00e1reas mais claras ganham destaque e criam a sensa\u00e7\u00e3o de afinar e alongar a face. Em peles maduras ou oleosas, ajustar a textura dos produtos, como preferir <b>acabamentos mais naturais<\/b> ou opacos, tamb\u00e9m influencia muito no resultado.<\/p>\n\n\n\n<p>N\u00e3o \u00e9 preciso ser profissional: com pr\u00e1tica e um <b>espelho em boa luz<\/b>, voc\u00ea aprende onde seu rosto tem mais volume e onde a luz bate naturalmente. Assim, a <b>maquiagem vira uma aliada<\/b> para equilibrar o visual, sem pesar ou esconder totalmente a pele. Voc\u00ea pode ainda observar seu rosto em fotos e v\u00eddeos, o que ajuda a identificar melhor os pontos que deseja suavizar ou ressaltar.<\/p>\n\n\n\n<figure class=\"wp-block-embed is-type-rich is-provider-pinterest wp-block-embed-pinterest\"><div class=\"wp-block-embed__wrapper\">\n<iframe loading=\"lazy\" title=\" \" src=\"https:\/\/assets.pinterest.com\/ext\/embed.html?id=1125968651075263&#038;src=oembed\" height=\"899\" width=\"450\" frameborder=\"0\" scrolling=\"no\" ><\/iframe>\n<\/div><\/figure>\n\n\n\n<p>Leia tamb\u00e9m:&nbsp;<a href=\"https:\/\/www.em.com.br\/emfoco\/2026\/01\/06\/tecnicas-de-maquiagem-que-toda-mulher-precisa-dominar-em-2026\/\" target=\"_blank\" rel=\"noopener\">T\u00e9cnicas de maquiagem que toda mulher precisa dominar em 2026<\/a><\/p>\n\n\n\n<h2 class=\"wp-block-heading\">Como funciona na pr\u00e1tica a maquiagem para afinar o rosto<\/h2>\n\n\n\n<p>Para deixar o rosto mais definido, vale come\u00e7ar com uma <b>base leve ou m\u00e9dia<\/b>, apenas para uniformizar o tom sem criar uma \u201cm\u00e1scara\u201d. Em seguida, entra o contorno com <b>bronzer, p\u00f3 ou produto cremoso<\/b> em um tom de 1 a 3 n\u00edveis mais escuro que a sua pele. Escolha texturas que se misturem bem com a pele, como produtos cremosos para efeito mais natural ou p\u00f3s para maior durabilidade.<\/p>\n\n\n\n<p>A ideia \u00e9 adaptar a t\u00e9cnica ao seu <b>formato de rosto<\/b>: redondo, oval, quadrado ou alongado. O segredo est\u00e1 em <b>esfumar bem<\/b>, para que n\u00e3o fiquem linhas marcadas e o resultado pare\u00e7a natural, como se o rosto fosse assim mesmo. Se quiser um efeito mais suave para o dia, use pinc\u00e9is fofos; para ocasi\u00f5es especiais, um pincel mais preciso ajuda a marcar melhor sem perder a naturalidade.<\/p>\n\n\n\n<h2 class=\"wp-block-heading\">Passo a passo simples para um rosto mais fino com maquiagem<\/h2>\n\n\n\n<p>Se voc\u00ea fica perdida na hora de come\u00e7ar, seguir uma <b>ordem ajuda bastante<\/b>. Esse passo a passo pode ser adaptado para sua rotina, seja para o <b>dia a dia<\/b> ou para uma maquiagem mais elaborada \u00e0 noite. Ajuste a intensidade dos produtos conforme o evento e o tipo de ilumina\u00e7\u00e3o do ambiente.<\/p>\n\n\n<div class=\"wp-block-image\">\n<figure class=\"aligncenter size-large\"><img loading=\"lazy\" decoding=\"async\" width=\"1024\" height=\"576\" src=\"https:\/\/www.em.com.br\/emfoco\/wp-content\/uploads\/2026\/01\/Gemini_Generated_Image_htc4e0htc4e0htc4-1-1024x576.png\" alt=\"\" class=\"wp-image-151341\" srcset=\"https:\/\/www.em.com.br\/emfoco\/wp-content\/uploads\/2026\/01\/Gemini_Generated_Image_htc4e0htc4e0htc4-1-1024x576.png 1024w, https:\/\/www.em.com.br\/emfoco\/wp-content\/uploads\/2026\/01\/Gemini_Generated_Image_htc4e0htc4e0htc4-1-300x169.png 300w, https:\/\/www.em.com.br\/emfoco\/wp-content\/uploads\/2026\/01\/Gemini_Generated_Image_htc4e0htc4e0htc4-1-768x432.png 768w, https:\/\/www.em.com.br\/emfoco\/wp-content\/uploads\/2026\/01\/Gemini_Generated_Image_htc4e0htc4e0htc4-1-750x422.png 750w, https:\/\/www.em.com.br\/emfoco\/wp-content\/uploads\/2026\/01\/Gemini_Generated_Image_htc4e0htc4e0htc4-1-1140x641.png 1140w, https:\/\/www.em.com.br\/emfoco\/wp-content\/uploads\/2026\/01\/Gemini_Generated_Image_htc4e0htc4e0htc4-1.png 1280w\" sizes=\"auto, (max-width: 1024px) 100vw, 1024px\" \/><figcaption class=\"wp-element-caption\">O efeito de um rosto mais fino com maquiagem acontece ao brincar com luz e sombra<\/figcaption><\/figure><\/div>\n\n\n<p>O contorno costuma ser aplicado abaixo dos <b>ossos das ma\u00e7\u00e3s<\/b>, nas laterais da testa, na linha do maxilar e ao longo das laterais do nariz. O <b>iluminador entra no centro<\/b> da testa, topo do nariz, alto das ma\u00e7\u00e3s, arco da sobrancelha e queixo, criando contraste e afinando visualmente a face. Em peles muito oleosas, prefira iluminadores mais discretos ou cremosos selados com p\u00f3.<\/p>\n\n\n\n<h2 class=\"wp-block-heading\">Quais pontos do rosto contornar para um efeito mais fino<\/h2>\n\n\n\n<p>Alguns <b>pontos estrat\u00e9gicos<\/b> fazem muita diferen\u00e7a quando o objetivo \u00e9 afinar o rosto com o m\u00ednimo de produto poss\u00edvel. Em vez de carregar na maquiagem, o ideal \u00e9 <b>escolher bem onde aplicar<\/b> o contorno e o iluminador. Assim, voc\u00ea mant\u00e9m a pele leve, confort\u00e1vel e com apar\u00eancia mais natural durante todo o dia.<\/p>\n\n\n\n<figure class=\"wp-block-embed is-type-rich is-provider-pinterest wp-block-embed-pinterest\"><div class=\"wp-block-embed__wrapper\">\n<iframe loading=\"lazy\" title=\" \" src=\"https:\/\/assets.pinterest.com\/ext\/embed.html?id=304063412362046137&#038;src=oembed\" height=\"899\" width=\"450\" frameborder=\"0\" scrolling=\"no\" ><\/iframe>\n<\/div><\/figure>\n\n\n\n<ul class=\"wp-block-list\">\n<li><b>Bochechas<\/b>: aplicar produto escuro logo abaixo do osso, em dire\u00e7\u00e3o \u00e0s t\u00eamporas, para \u201cafundar\u201d a parte mais cheinha e criar um <b>efeito de sombra natural<\/b>.<\/li>\n\n\n\n<li><b>Mand\u00edbula<\/b>: sombrear levemente a linha do maxilar ajuda a <b>delimitar o rosto<\/b> e suavizar a apar\u00eancia de papada.<\/li>\n\n\n\n<li><b>Nariz<\/b>: tra\u00e7os finos nas laterais, bem esfumados, d\u00e3o a sensa\u00e7\u00e3o de <b>nariz mais estreito<\/b>; um toque de luz no centro refor\u00e7a o efeito.<\/li>\n\n\n\n<li><b>Testa<\/b>: em testas maiores, <b>escurecer perto da raiz<\/b> do cabelo traz mais propor\u00e7\u00e3o ao rosto.<\/li>\n<\/ul>\n\n\n\n<p>Para voc\u00ea que gosta de se maquiar, separamos um v\u00eddeo do canal da <a class=\"yt-simple-endpoint style-scope yt-formatted-string\" spellcheck=\"false\" href=\"https:\/\/www.youtube.com\/@FernandaPetrizimakeup\" target=\"_blank\" rel=\"noopener\">Fernanda Petrizi<\/a> com dicas para uma t\u00e9cnica que deixa o rosto mais fino:<\/p>\n\n\n\n<figure class=\"wp-block-embed is-type-video is-provider-youtube wp-block-embed-youtube wp-embed-aspect-16-9 wp-has-aspect-ratio\"><div class=\"wp-block-embed__wrapper\">\n<div class=\"jeg_video_container jeg_video_content\"><iframe loading=\"lazy\" title=\"A T\u00c9CNICA DE MAKE DAS GRINGA QUE PARECE CIRURGIA!!! (FACE LIFT)\" width=\"500\" height=\"281\" src=\"https:\/\/www.youtube.com\/embed\/_3-U-ibxVmc?feature=oembed\" frameborder=\"0\" allow=\"accelerometer; autoplay; clipboard-write; encrypted-media; gyroscope; picture-in-picture; web-share\" referrerpolicy=\"strict-origin-when-cross-origin\" allowfullscreen><\/iframe><\/div>\n<\/div><\/figure>\n\n\n\n<h2 class=\"wp-block-heading\">Como finalizar a maquiagem para manter o efeito afinador<\/h2>\n\n\n\n<p>Depois de contornar e iluminar, a <b>finaliza\u00e7\u00e3o \u00e9 o que deixa<\/b> tudo com cara de \u201cpele real\u201d. O blush aplicado em dire\u00e7\u00e3o \u00e0s t\u00eamporas cria uma linha mais diagonal, <b>levantando visualmente<\/b> as bochechas e alongando o rosto. Opte por tons que conversem com o seu subtom de pele, como p\u00eassego, rosado ou terroso.<\/p>\n\n\n\n<p><b>Sobrancelhas definidas<\/b> e olhos bem marcados com m\u00e1scara e, se quiser, um delineado discreto, ajudam a direcionar o olhar para a parte superior do rosto. Nos l\u00e1bios, tanto <b>tons neutros quanto cores intensas<\/b> podem funcionar, desde que combinem com a proposta. Um pouco de p\u00f3 transl\u00facido s\u00f3 nas \u00e1reas de brilho garante que o contorno dure mais sem pesar.<\/p>\n","protected":false},"excerpt":{"rendered":"<p>A t\u00e9cnica usa luz e sombra para afinar. Aplique tons escuros abaixo das ma\u00e7\u00e3s, na testa e maxilar, e ilumine o centro. \u00c9 essencial esfumar bem para n\u00e3o marcar. O blush diagonal ajuda a levantar o rosto. Voc\u00ea j\u00e1 se olhou no espelho e pensou \u201cmeu rosto parece mais redondo hoje\u201d? Muitas vezes n\u00e3o \u00e9 [&hellip;]<\/p>\n","protected":false},"author":9,"featured_media":119203,"comment_status":"open","ping_status":"open","sticky":false,"template":"","format":"standard","meta":{"jnews-multi-image_gallery":[],"jnews_single_post":{"format":"standard"},"jnews_primary_category":[],"jnews_social_meta":[],"jnews_override_counter":[],"footnotes":""},"categories":[8691,8819,1],"tags":[712,22034,5777],"class_list":["post-151123","post","type-post","status-publish","format-standard","has-post-thumbnail","hentry","category-bem-estar","category-curiosidades","category-noticias","tag-autocuidado","tag-formato-fino","tag-rosto"],"yoast_head":"<!-- This site is optimized with the Yoast SEO plugin v23.8 - https:\/\/yoast.com\/wordpress\/plugins\/seo\/ -->\n<title>Como afinar o rosto e parecer mais magra usando apenas 2 produtos - Estado de Minas - Em foco<\/title>\n<meta name=\"description\" content=\"Descubra como afinar o rosto usando t\u00e9cnicas simples de luz e sombra. Veja o passo a passo de contorno para bochechas, nariz e maxilar com acabamento natural.\" \/>\n<meta name=\"robots\" content=\"index, follow, max-snippet:-1, max-image-preview:large, max-video-preview:-1\" \/>\n<link rel=\"canonical\" href=\"https:\/\/www.em.com.br\/emfoco\/2026\/01\/07\/como-afinar-o-rosto-e-parecer-mais-magra-usando-apenas-2-produtos\/\" \/>\n<meta property=\"og:locale\" content=\"pt_BR\" \/>\n<meta property=\"og:type\" content=\"article\" \/>\n<meta property=\"og:title\" content=\"Como afinar o rosto e parecer mais magra usando apenas 2 produtos - Estado de Minas - Em foco\" \/>\n<meta property=\"og:description\" content=\"Descubra como afinar o rosto usando t\u00e9cnicas simples de luz e sombra. Veja o passo a passo de contorno para bochechas, nariz e maxilar com acabamento natural.\" \/>\n<meta property=\"og:url\" content=\"https:\/\/www.em.com.br\/emfoco\/2026\/01\/07\/como-afinar-o-rosto-e-parecer-mais-magra-usando-apenas-2-produtos\/\" \/>\n<meta property=\"og:site_name\" content=\"Estado de Minas - Em foco\" \/>\n<meta property=\"article:published_time\" content=\"2026-01-07T18:25:33+00:00\" \/>\n<meta property=\"article:modified_time\" content=\"2026-01-06T18:44:24+00:00\" \/>\n<meta property=\"og:image\" content=\"https:\/\/www.em.com.br\/emfoco\/wp-content\/uploads\/2025\/10\/maquiagem-pincel_1761338162318.jpg\" \/>\n\t<meta property=\"og:image:width\" content=\"1280\" \/>\n\t<meta property=\"og:image:height\" content=\"720\" \/>\n\t<meta property=\"og:image:type\" content=\"image\/jpeg\" \/>\n<meta name=\"author\" content=\"Daniely Cardoso\" \/>\n<meta name=\"twitter:card\" content=\"summary_large_image\" \/>\n<meta name=\"twitter:label1\" content=\"Escrito por\" \/>\n\t<meta name=\"twitter:data1\" content=\"Daniely Cardoso\" \/>\n\t<meta name=\"twitter:label2\" content=\"Est. tempo de leitura\" \/>\n\t<meta name=\"twitter:data2\" content=\"6 minutos\" \/>\n<!-- \/ Yoast SEO plugin. -->","yoast_head_json":{"title":"Como afinar o rosto e parecer mais magra usando apenas 2 produtos - Estado de Minas - Em foco","description":"Descubra como afinar o rosto usando t\u00e9cnicas simples de luz e sombra. Veja o passo a passo de contorno para bochechas, nariz e maxilar com acabamento natural.","robots":{"index":"index","follow":"follow","max-snippet":"max-snippet:-1","max-image-preview":"max-image-preview:large","max-video-preview":"max-video-preview:-1"},"canonical":"https:\/\/www.em.com.br\/emfoco\/2026\/01\/07\/como-afinar-o-rosto-e-parecer-mais-magra-usando-apenas-2-produtos\/","og_locale":"pt_BR","og_type":"article","og_title":"Como afinar o rosto e parecer mais magra usando apenas 2 produtos - Estado de Minas - Em foco","og_description":"Descubra como afinar o rosto usando t\u00e9cnicas simples de luz e sombra. Veja o passo a passo de contorno para bochechas, nariz e maxilar com acabamento natural.","og_url":"https:\/\/www.em.com.br\/emfoco\/2026\/01\/07\/como-afinar-o-rosto-e-parecer-mais-magra-usando-apenas-2-produtos\/","og_site_name":"Estado de Minas - Em foco","article_published_time":"2026-01-07T18:25:33+00:00","article_modified_time":"2026-01-06T18:44:24+00:00","og_image":[{"width":1280,"height":720,"url":"https:\/\/www.em.com.br\/emfoco\/wp-content\/uploads\/2025\/10\/maquiagem-pincel_1761338162318.jpg","type":"image\/jpeg"}],"author":"Daniely Cardoso","twitter_card":"summary_large_image","twitter_misc":{"Escrito por":"Daniely Cardoso","Est. tempo de leitura":"6 minutos"},"schema":{"@context":"https:\/\/schema.org","@graph":[{"@type":"WebPage","@id":"https:\/\/www.em.com.br\/emfoco\/2026\/01\/07\/como-afinar-o-rosto-e-parecer-mais-magra-usando-apenas-2-produtos\/","url":"https:\/\/www.em.com.br\/emfoco\/2026\/01\/07\/como-afinar-o-rosto-e-parecer-mais-magra-usando-apenas-2-produtos\/","name":"Como afinar o rosto e parecer mais magra usando apenas 2 produtos - Estado de Minas - Em foco","isPartOf":{"@id":"https:\/\/www.em.com.br\/emfoco\/#website"},"primaryImageOfPage":{"@id":"https:\/\/www.em.com.br\/emfoco\/2026\/01\/07\/como-afinar-o-rosto-e-parecer-mais-magra-usando-apenas-2-produtos\/#primaryimage"},"image":{"@id":"https:\/\/www.em.com.br\/emfoco\/2026\/01\/07\/como-afinar-o-rosto-e-parecer-mais-magra-usando-apenas-2-produtos\/#primaryimage"},"thumbnailUrl":"https:\/\/www.em.com.br\/emfoco\/wp-content\/uploads\/2025\/10\/maquiagem-pincel_1761338162318.jpg","datePublished":"2026-01-07T18:25:33+00:00","dateModified":"2026-01-06T18:44:24+00:00","author":{"@id":"https:\/\/www.em.com.br\/emfoco\/#\/schema\/person\/0a8186d72f2c3a5c6276d90b41f271a0"},"description":"Descubra como afinar o rosto usando t\u00e9cnicas simples de luz e sombra. Veja o passo a passo de contorno para bochechas, nariz e maxilar com acabamento natural.","breadcrumb":{"@id":"https:\/\/www.em.com.br\/emfoco\/2026\/01\/07\/como-afinar-o-rosto-e-parecer-mais-magra-usando-apenas-2-produtos\/#breadcrumb"},"inLanguage":"pt-BR","potentialAction":[{"@type":"ReadAction","target":["https:\/\/www.em.com.br\/emfoco\/2026\/01\/07\/como-afinar-o-rosto-e-parecer-mais-magra-usando-apenas-2-produtos\/"]}]},{"@type":"ImageObject","inLanguage":"pt-BR","@id":"https:\/\/www.em.com.br\/emfoco\/2026\/01\/07\/como-afinar-o-rosto-e-parecer-mais-magra-usando-apenas-2-produtos\/#primaryimage","url":"https:\/\/www.em.com.br\/emfoco\/wp-content\/uploads\/2025\/10\/maquiagem-pincel_1761338162318.jpg","contentUrl":"https:\/\/www.em.com.br\/emfoco\/wp-content\/uploads\/2025\/10\/maquiagem-pincel_1761338162318.jpg","width":1280,"height":720,"caption":"Ap\u00f3s os 50 anos, a pele perde elasticidade e firmeza porque diminui a produ\u00e7\u00e3o de col\u00e1geno e elastina.- Cr\u00e9ditos: depositphotos.com \/ VitalikRadko"},{"@type":"BreadcrumbList","@id":"https:\/\/www.em.com.br\/emfoco\/2026\/01\/07\/como-afinar-o-rosto-e-parecer-mais-magra-usando-apenas-2-produtos\/#breadcrumb","itemListElement":[{"@type":"ListItem","position":1,"name":"In\u00edcio","item":"https:\/\/www.em.com.br\/emfoco\/"},{"@type":"ListItem","position":2,"name":"Como afinar o rosto e parecer mais magra usando apenas 2 produtos"}]},{"@type":"WebSite","@id":"https:\/\/www.em.com.br\/emfoco\/#website","url":"https:\/\/www.em.com.br\/emfoco\/","name":"Estado de Minas - Em foco","description":"Acompanhe as \u00faltimas not\u00edcias e fique bem informado sobre tudo o que acontece em Minas Gerais, Brasil e no mundo.","potentialAction":[{"@type":"SearchAction","target":{"@type":"EntryPoint","urlTemplate":"https:\/\/www.em.com.br\/emfoco\/?s={search_term_string}"},"query-input":{"@type":"PropertyValueSpecification","valueRequired":true,"valueName":"search_term_string"}}],"inLanguage":"pt-BR"},{"@type":"Person","@id":"https:\/\/www.em.com.br\/emfoco\/#\/schema\/person\/0a8186d72f2c3a5c6276d90b41f271a0","name":"Daniely Cardoso","image":{"@type":"ImageObject","inLanguage":"pt-BR","@id":"https:\/\/www.em.com.br\/emfoco\/#\/schema\/person\/image\/","url":"https:\/\/secure.gravatar.com\/avatar\/4b80ddbd124d1f071b626d52d62e5dff?s=96&d=mm&r=g","contentUrl":"https:\/\/secure.gravatar.com\/avatar\/4b80ddbd124d1f071b626d52d62e5dff?s=96&d=mm&r=g","caption":"Daniely Cardoso"},"url":"https:\/\/www.em.com.br\/emfoco\/author\/danielymyth\/"}]}},"_links":{"self":[{"href":"https:\/\/www.em.com.br\/emfoco\/wp-json\/wp\/v2\/posts\/151123","targetHints":{"allow":["GET"]}}],"collection":[{"href":"https:\/\/www.em.com.br\/emfoco\/wp-json\/wp\/v2\/posts"}],"about":[{"href":"https:\/\/www.em.com.br\/emfoco\/wp-json\/wp\/v2\/types\/post"}],"author":[{"embeddable":true,"href":"https:\/\/www.em.com.br\/emfoco\/wp-json\/wp\/v2\/users\/9"}],"replies":[{"embeddable":true,"href":"https:\/\/www.em.com.br\/emfoco\/wp-json\/wp\/v2\/comments?post=151123"}],"version-history":[{"count":3,"href":"https:\/\/www.em.com.br\/emfoco\/wp-json\/wp\/v2\/posts\/151123\/revisions"}],"predecessor-version":[{"id":151342,"href":"https:\/\/www.em.com.br\/emfoco\/wp-json\/wp\/v2\/posts\/151123\/revisions\/151342"}],"wp:featuredmedia":[{"embeddable":true,"href":"https:\/\/www.em.com.br\/emfoco\/wp-json\/wp\/v2\/media\/119203"}],"wp:attachment":[{"href":"https:\/\/www.em.com.br\/emfoco\/wp-json\/wp\/v2\/media?parent=151123"}],"wp:term":[{"taxonomy":"category","embeddable":true,"href":"https:\/\/www.em.com.br\/emfoco\/wp-json\/wp\/v2\/categories?post=151123"},{"taxonomy":"post_tag","embeddable":true,"href":"https:\/\/www.em.com.br\/emfoco\/wp-json\/wp\/v2\/tags?post=151123"}],"curies":[{"name":"wp","href":"https:\/\/api.w.org\/{rel}","templated":true}]}}