{"id":151105,"date":"2026-01-07T12:05:00","date_gmt":"2026-01-07T15:05:00","guid":{"rendered":"https:\/\/www.em.com.br\/emfoco\/?p=151105"},"modified":"2026-01-06T23:10:19","modified_gmt":"2026-01-07T02:10:19","slug":"o-aliado-da-saciedade-que-evita-beliscos-e-ajuda-na-perda-de-peso","status":"publish","type":"post","link":"https:\/\/www.em.com.br\/emfoco\/2026\/01\/07\/o-aliado-da-saciedade-que-evita-beliscos-e-ajuda-na-perda-de-peso\/","title":{"rendered":"O aliado da saciedade que evita beliscos e ajuda na perda de peso"},"content":{"rendered":"\n<h2 class=\"wp-block-heading\">A fruta \u00e9 rica em gorduras monoinsaturadas, fibras, vitaminas E, K e pot\u00e1ssio. Auxilia no controle do colesterol, sa\u00fade intestinal e saciedade. O consumo deve ser moderado devido ao alto valor cal\u00f3rico.<\/h2>\n\n\n\n<p><b>Voc\u00ea j\u00e1 percebeu<\/b> como o <b>abacate<\/b> est\u00e1 cada vez mais presente nas mesas, em caf\u00e9s da manh\u00e3, saladas e at\u00e9 sobremesas mais saud\u00e1veis? Essa fruta cremosa, que antes muita gente s\u00f3 comia com <b>a\u00e7\u00facar<\/b>, hoje \u00e9 vista como uma aliada da sa\u00fade, da saciedade e at\u00e9 da beleza. Vers\u00e1til e f\u00e1cil de combinar, o abacate pode entrar em receitas doces e salgadas, tornando a alimenta\u00e7\u00e3o mais saborosa e <b>equilibrada<\/b> ao mesmo tempo.<\/p>\n\n\n\n<h2 class=\"wp-block-heading\">O que torna os benef\u00edcios do abacate t\u00e3o especiais para o dia a dia?<\/h2>\n\n\n\n<p>A palavra-chave central aqui \u00e9 <strong>benef\u00edcios do abacate<\/strong>, muito ligada \u00e0 sua combina\u00e7\u00e3o de <strong>gorduras boas<\/strong>, fibras e vitaminas. Ele \u00e9 rico em gorduras monoinsaturadas, como o <strong>\u00e1cido oleico<\/strong>, tamb\u00e9m encontrado no azeite de oliva, que pode ajudar a manter o colesterol em n\u00edveis adequados dentro de uma alimenta\u00e7\u00e3o equilibrada.<\/p>\n\n\n<div class=\"wp-block-image\">\n<figure class=\"aligncenter size-large\"><img loading=\"lazy\" decoding=\"async\" width=\"1024\" height=\"576\" src=\"https:\/\/www.em.com.br\/emfoco\/wp-content\/uploads\/2025\/10\/abacateiro_1761139550679-1024x576.jpg\" alt=\"\" class=\"wp-image-118076\" srcset=\"https:\/\/www.em.com.br\/emfoco\/wp-content\/uploads\/2025\/10\/abacateiro_1761139550679-1024x576.jpg 1024w, https:\/\/www.em.com.br\/emfoco\/wp-content\/uploads\/2025\/10\/abacateiro_1761139550679-300x169.jpg 300w, https:\/\/www.em.com.br\/emfoco\/wp-content\/uploads\/2025\/10\/abacateiro_1761139550679-768x432.jpg 768w, https:\/\/www.em.com.br\/emfoco\/wp-content\/uploads\/2025\/10\/abacateiro_1761139550679-750x422.jpg 750w, https:\/\/www.em.com.br\/emfoco\/wp-content\/uploads\/2025\/10\/abacateiro_1761139550679-1140x641.jpg 1140w, https:\/\/www.em.com.br\/emfoco\/wp-content\/uploads\/2025\/10\/abacateiro_1761139550679.jpg 1280w\" sizes=\"auto, (max-width: 1024px) 100vw, 1024px\" \/><figcaption class=\"wp-element-caption\">Propagar um \u00e1rvore de palta ou abacate &#8211; Cr\u00e9ditos: depositphotos.com \/ microgen<\/figcaption><\/figure><\/div>\n\n\n<p>Al\u00e9m das <b>gorduras boas<\/b>, o abacate oferece <b>fibras<\/b> que ajudam no funcionamento do intestino e aumentam a sensa\u00e7\u00e3o de saciedade. Na polpa, tamb\u00e9m encontramos <b>vitaminas do complexo B<\/b>, vitamina E, vitamina K e minerais como pot\u00e1ssio e magn\u00e9sio, que participam de fun\u00e7\u00f5es como contra\u00e7\u00e3o muscular, press\u00e3o arterial e prote\u00e7\u00e3o das c\u00e9lulas.<\/p>\n\n\n\n<p>Leia tamb\u00e9m:&nbsp;<a href=\"https:\/\/www.em.com.br\/emfoco\/2025\/12\/30\/colesterol-alto-veja-como-o-jilo-ajuda-a-limpar-gordura-e-proteger-o-coracao\/\" target=\"_blank\" rel=\"noopener\">Colesterol alto? Veja como o jil\u00f3 ajuda a limpar gordura e proteger o seu cora\u00e7\u00e3o<\/a><\/p>\n\n\n\n<h2 class=\"wp-block-heading\">Quais s\u00e3o os principais benef\u00edcios do abacate para a sa\u00fade do corpo?<\/h2>\n\n\n\n<p>Entre os <strong>benef\u00edcios do abacate para a sa\u00fade<\/strong>, se destacam os efeitos sobre o <strong>cora\u00e7\u00e3o<\/strong> e a circula\u00e7\u00e3o. As gorduras monoinsaturadas podem contribuir para aumentar o HDL (o \u201cbom colesterol\u201d) e favorecer a redu\u00e7\u00e3o do LDL, quando inseridas em uma rotina alimentar saud\u00e1vel, rica em <strong>frutas e verduras<\/strong> e pouca fritura.<\/p>\n\n\n\n<figure class=\"wp-block-embed is-type-rich is-provider-pinterest wp-block-embed-pinterest\"><div class=\"wp-block-embed__wrapper\">\n<iframe loading=\"lazy\" title=\" \" src=\"https:\/\/assets.pinterest.com\/ext\/embed.html?id=4785143351096897&#038;src=oembed\" height=\"796\" width=\"450\" frameborder=\"0\" scrolling=\"no\" ><\/iframe>\n<\/div><\/figure>\n\n\n\n<p>Embora seja cal\u00f3rico, o abacate ajuda no <b>controle do peso<\/b> por causa das fibras e gorduras que d\u00e3o mais saciedade. Assim, pode ajudar a evitar beliscos em excesso ao longo do dia. Suas fibras tamb\u00e9m apoiam a <b>sa\u00fade intestinal<\/b>, ajudando o tr\u00e2nsito a funcionar de forma mais regular e confort\u00e1vel, o que pode ser \u00fatil em rotinas com maior <b>estresse<\/b> ou pouca ingest\u00e3o de \u00e1gua.<\/p>\n\n\n\n<h2 class=\"wp-block-heading\">Como o abacate pode contribuir para a beleza da pele e dos cabelos?<\/h2>\n\n\n\n<p>No campo da est\u00e9tica, o abacate \u00e9 muitas vezes associado a pele mais <strong>vi\u00e7osa<\/strong> e cabelos mais saud\u00e1veis. Ele concentra <strong>antioxidantes<\/strong>, como a vitamina E e alguns carotenoides, que ajudam a proteger as c\u00e9lulas contra o <strong>estresse oxidativo<\/strong>, processo ligado ao envelhecimento precoce da pele.<\/p>\n\n\n\n<p>Por isso, \u00e9 comum ver o abacate em dietas que buscam cuidar de dentro para fora, al\u00e9m de aparecer em <b>m\u00e1scaras caseiras<\/b> e cosm\u00e9ticos espec\u00edficos. Nesses casos, a efic\u00e1cia depende muito da <b>formula\u00e7\u00e3o<\/b> e \u00e9 sempre interessante consultar um <b>profissional da \u00e1rea<\/b> para orienta\u00e7\u00f5es mais personalizadas.<\/p>\n\n\n<div class=\"wp-block-image\">\n<figure class=\"aligncenter size-large\"><img loading=\"lazy\" decoding=\"async\" width=\"1024\" height=\"576\" src=\"https:\/\/www.em.com.br\/emfoco\/wp-content\/uploads\/2025\/03\/abacate_1742573592497-1024x576.jpg\" alt=\"Cultive abacates em casa e adicione essa fruta vers\u00e1til \u00e0 sua dieta\" class=\"wp-image-31198\" srcset=\"https:\/\/www.em.com.br\/emfoco\/wp-content\/uploads\/2025\/03\/abacate_1742573592497-1024x576.jpg 1024w, https:\/\/www.em.com.br\/emfoco\/wp-content\/uploads\/2025\/03\/abacate_1742573592497-300x169.jpg 300w, https:\/\/www.em.com.br\/emfoco\/wp-content\/uploads\/2025\/03\/abacate_1742573592497-768x432.jpg 768w, https:\/\/www.em.com.br\/emfoco\/wp-content\/uploads\/2025\/03\/abacate_1742573592497-750x422.jpg 750w, https:\/\/www.em.com.br\/emfoco\/wp-content\/uploads\/2025\/03\/abacate_1742573592497-1140x641.jpg 1140w, https:\/\/www.em.com.br\/emfoco\/wp-content\/uploads\/2025\/03\/abacate_1742573592497.jpg 1280w\" sizes=\"auto, (max-width: 1024px) 100vw, 1024px\" \/><figcaption class=\"wp-element-caption\">ele combina bem com refei\u00e7\u00f5es do caf\u00e9 da manh\u00e3 ao jantar. A \u00fanica aten\u00e7\u00e3o \u00e9 com a quantidade, j\u00e1 que \u00e9 uma fruta mais cal\u00f3rica do que a maioria das outras &#8211; Cr\u00e9ditos: depositphotos.com \/ alebloshka<\/figcaption><\/figure><\/div>\n\n\n<h2 class=\"wp-block-heading\">Como incluir o abacate na alimenta\u00e7\u00e3o de forma simples e saborosa?<\/h2>\n\n\n\n<p>Para aproveitar os <strong>benef\u00edcios do abacate<\/strong>, n\u00e3o \u00e9 preciso receitas complicadas: ele combina bem com refei\u00e7\u00f5es do <strong>caf\u00e9 da manh\u00e3<\/strong> ao jantar. A \u00fanica aten\u00e7\u00e3o \u00e9 com a quantidade, j\u00e1 que \u00e9 uma fruta mais cal\u00f3rica do que a maioria das outras, exigindo <strong>modera\u00e7\u00e3o<\/strong> nas por\u00e7\u00f5es di\u00e1rias.<\/p>\n\n\n\n<p>Uma forma pr\u00e1tica de variar o card\u00e1pio \u00e9 usar o abacate tanto em pratos salgados quanto em prepara\u00e7\u00f5es mais cremosas, substituindo ingredientes gordurosos de origem animal. Veja algumas ideias f\u00e1ceis para o dia a dia:<\/p>\n\n\n\n<ul class=\"wp-block-list\">\n<li><b>Fatias de abacate<\/b> com p\u00e3o integral e uma fonte de <b>prote\u00edna magra<\/b>, como ovo ou frango desfiado.<\/li>\n\n\n\n<li><b>Guacamole<\/b> ou pasta de abacate para acompanhar <b>saladas<\/b>, torradas ou sandu\u00edches.<\/li>\n\n\n\n<li>Cubos de <b>abacate<\/b> em saladas com folhas verdes, tomate e outros <b>legumes<\/b>.<\/li>\n\n\n\n<li>Vitaminas com <b>abacate<\/b> e leite ou bebida vegetal, evitando <b>excesso de a\u00e7\u00facar<\/b>.<\/li>\n<\/ul>\n\n\n\n<p>Para voc\u00ea que gosta de abacate, separamos um v\u00eddeo do canal <a class=\"yt-simple-endpoint style-scope yt-formatted-string\" spellcheck=\"false\" href=\"https:\/\/www.youtube.com\/@CardioDF\" target=\"_blank\" rel=\"noopener\">Cardio DF<\/a> com dicas de consumo e benef\u00edcios desse alimento:<\/p>\n\n\n\n<figure class=\"wp-block-embed is-type-video is-provider-youtube wp-block-embed-youtube wp-embed-aspect-16-9 wp-has-aspect-ratio\"><div class=\"wp-block-embed__wrapper\">\n<div class=\"jeg_video_container jeg_video_content\"><iframe loading=\"lazy\" title=\"COMA ABACATE TODOS OS DIAS e VEJA O QUE ACONTECE COM SEU CORPO (10 BENEF\u00cdCIOS PROVADOS E RISCOS)\" width=\"500\" height=\"281\" src=\"https:\/\/www.youtube.com\/embed\/inSJAye5pDM?start=2&#038;feature=oembed\" frameborder=\"0\" allow=\"accelerometer; autoplay; clipboard-write; encrypted-media; gyroscope; picture-in-picture; web-share\" referrerpolicy=\"strict-origin-when-cross-origin\" allowfullscreen><\/iframe><\/div>\n<\/div><\/figure>\n\n\n\n<h2 class=\"wp-block-heading\">Quais cuidados s\u00e3o importantes ao consumir abacate regularmente?<\/h2>\n\n\n\n<p>Apesar dos diversos <strong>benef\u00edcios do abacate<\/strong>, alguns cuidados simples ajudam a manter o equil\u00edbrio. Por ser uma fruta <strong>energ\u00e9tica<\/strong>, exagerar na quantidade pode atrapalhar planos de perda de peso, principalmente em dietas com controle mais r\u00edgido de <strong>calorias<\/strong>.<\/p>\n\n\n\n<p>Tamb\u00e9m vale ficar atento a poss\u00edveis desconfortos <b>digestivos<\/b> ou alergias, ainda que n\u00e3o sejam comuns, e ao consumo de <b>pot\u00e1ssio<\/b> em casos de problemas renais. Nesses casos, \u00e9 importante seguir a orienta\u00e7\u00e3o de um <b>profissional de sa\u00fade<\/b> e focar sempre na polpa madura, que \u00e9 a parte mais estudada e utilizada da fruta.<\/p>\n","protected":false},"excerpt":{"rendered":"<p>A fruta \u00e9 rica em gorduras monoinsaturadas, fibras, vitaminas E, K e pot\u00e1ssio. Auxilia no controle do colesterol, sa\u00fade intestinal e saciedade. O consumo deve ser moderado devido ao alto valor cal\u00f3rico. Voc\u00ea j\u00e1 percebeu como o abacate est\u00e1 cada vez mais presente nas mesas, em caf\u00e9s da manh\u00e3, saladas e at\u00e9 sobremesas mais saud\u00e1veis? [&hellip;]<\/p>\n","protected":false},"author":9,"featured_media":32392,"comment_status":"open","ping_status":"open","sticky":false,"template":"","format":"standard","meta":{"jnews-multi-image_gallery":[],"jnews_single_post":{"format":"standard"},"jnews_primary_category":[],"jnews_social_meta":[],"jnews_override_counter":[],"footnotes":""},"categories":[8691,8819,1],"tags":[2868,256,1988],"class_list":["post-151105","post","type-post","status-publish","format-standard","has-post-thumbnail","hentry","category-bem-estar","category-curiosidades","category-noticias","tag-abacate","tag-beneficios","tag-fruta"],"yoast_head":"<!-- This site is optimized with the Yoast SEO plugin v23.8 - https:\/\/yoast.com\/wordpress\/plugins\/seo\/ -->\n<title>O aliado da saciedade que evita beliscos e ajuda na perda de peso - Estado de Minas - Em foco<\/title>\n<meta name=\"description\" content=\"Saiba como uma fruta rica em gorduras boas e fibras melhora a sa\u00fade do cora\u00e7\u00e3o, pele e intestino, garantindo saciedade no dia a dia.\" \/>\n<meta name=\"robots\" content=\"index, follow, max-snippet:-1, max-image-preview:large, max-video-preview:-1\" \/>\n<link rel=\"canonical\" href=\"https:\/\/www.em.com.br\/emfoco\/2026\/01\/07\/o-aliado-da-saciedade-que-evita-beliscos-e-ajuda-na-perda-de-peso\/\" \/>\n<meta property=\"og:locale\" content=\"pt_BR\" \/>\n<meta property=\"og:type\" content=\"article\" \/>\n<meta property=\"og:title\" content=\"O aliado da saciedade que evita beliscos e ajuda na perda de peso - Estado de Minas - Em foco\" \/>\n<meta property=\"og:description\" content=\"Saiba como uma fruta rica em gorduras boas e fibras melhora a sa\u00fade do cora\u00e7\u00e3o, pele e intestino, garantindo saciedade no dia a dia.\" \/>\n<meta property=\"og:url\" content=\"https:\/\/www.em.com.br\/emfoco\/2026\/01\/07\/o-aliado-da-saciedade-que-evita-beliscos-e-ajuda-na-perda-de-peso\/\" \/>\n<meta property=\"og:site_name\" content=\"Estado de Minas - Em foco\" \/>\n<meta property=\"article:published_time\" content=\"2026-01-07T15:05:00+00:00\" \/>\n<meta property=\"article:modified_time\" content=\"2026-01-07T02:10:19+00:00\" \/>\n<meta property=\"og:image\" content=\"https:\/\/www.em.com.br\/emfoco\/wp-content\/uploads\/2025\/03\/abacate_1742958045065.jpg\" \/>\n\t<meta property=\"og:image:width\" content=\"1280\" \/>\n\t<meta property=\"og:image:height\" content=\"720\" \/>\n\t<meta property=\"og:image:type\" content=\"image\/jpeg\" \/>\n<meta name=\"author\" content=\"Daniely Cardoso\" \/>\n<meta name=\"twitter:card\" content=\"summary_large_image\" \/>\n<meta name=\"twitter:label1\" content=\"Escrito por\" \/>\n\t<meta name=\"twitter:data1\" content=\"Daniely Cardoso\" \/>\n\t<meta name=\"twitter:label2\" content=\"Est. tempo de leitura\" \/>\n\t<meta name=\"twitter:data2\" content=\"5 minutos\" \/>\n<!-- \/ Yoast SEO plugin. -->","yoast_head_json":{"title":"O aliado da saciedade que evita beliscos e ajuda na perda de peso - Estado de Minas - Em foco","description":"Saiba como uma fruta rica em gorduras boas e fibras melhora a sa\u00fade do cora\u00e7\u00e3o, pele e intestino, garantindo saciedade no dia a dia.","robots":{"index":"index","follow":"follow","max-snippet":"max-snippet:-1","max-image-preview":"max-image-preview:large","max-video-preview":"max-video-preview:-1"},"canonical":"https:\/\/www.em.com.br\/emfoco\/2026\/01\/07\/o-aliado-da-saciedade-que-evita-beliscos-e-ajuda-na-perda-de-peso\/","og_locale":"pt_BR","og_type":"article","og_title":"O aliado da saciedade que evita beliscos e ajuda na perda de peso - Estado de Minas - Em foco","og_description":"Saiba como uma fruta rica em gorduras boas e fibras melhora a sa\u00fade do cora\u00e7\u00e3o, pele e intestino, garantindo saciedade no dia a dia.","og_url":"https:\/\/www.em.com.br\/emfoco\/2026\/01\/07\/o-aliado-da-saciedade-que-evita-beliscos-e-ajuda-na-perda-de-peso\/","og_site_name":"Estado de Minas - Em foco","article_published_time":"2026-01-07T15:05:00+00:00","article_modified_time":"2026-01-07T02:10:19+00:00","og_image":[{"width":1280,"height":720,"url":"https:\/\/www.em.com.br\/emfoco\/wp-content\/uploads\/2025\/03\/abacate_1742958045065.jpg","type":"image\/jpeg"}],"author":"Daniely Cardoso","twitter_card":"summary_large_image","twitter_misc":{"Escrito por":"Daniely Cardoso","Est. tempo de leitura":"5 minutos"},"schema":{"@context":"https:\/\/schema.org","@graph":[{"@type":"WebPage","@id":"https:\/\/www.em.com.br\/emfoco\/2026\/01\/07\/o-aliado-da-saciedade-que-evita-beliscos-e-ajuda-na-perda-de-peso\/","url":"https:\/\/www.em.com.br\/emfoco\/2026\/01\/07\/o-aliado-da-saciedade-que-evita-beliscos-e-ajuda-na-perda-de-peso\/","name":"O aliado da saciedade que evita beliscos e ajuda na perda de peso - Estado de Minas - Em foco","isPartOf":{"@id":"https:\/\/www.em.com.br\/emfoco\/#website"},"primaryImageOfPage":{"@id":"https:\/\/www.em.com.br\/emfoco\/2026\/01\/07\/o-aliado-da-saciedade-que-evita-beliscos-e-ajuda-na-perda-de-peso\/#primaryimage"},"image":{"@id":"https:\/\/www.em.com.br\/emfoco\/2026\/01\/07\/o-aliado-da-saciedade-que-evita-beliscos-e-ajuda-na-perda-de-peso\/#primaryimage"},"thumbnailUrl":"https:\/\/www.em.com.br\/emfoco\/wp-content\/uploads\/2025\/03\/abacate_1742958045065.jpg","datePublished":"2026-01-07T15:05:00+00:00","dateModified":"2026-01-07T02:10:19+00:00","author":{"@id":"https:\/\/www.em.com.br\/emfoco\/#\/schema\/person\/0a8186d72f2c3a5c6276d90b41f271a0"},"description":"Saiba como uma fruta rica em gorduras boas e fibras melhora a sa\u00fade do cora\u00e7\u00e3o, pele e intestino, garantindo saciedade no dia a dia.","breadcrumb":{"@id":"https:\/\/www.em.com.br\/emfoco\/2026\/01\/07\/o-aliado-da-saciedade-que-evita-beliscos-e-ajuda-na-perda-de-peso\/#breadcrumb"},"inLanguage":"pt-BR","potentialAction":[{"@type":"ReadAction","target":["https:\/\/www.em.com.br\/emfoco\/2026\/01\/07\/o-aliado-da-saciedade-que-evita-beliscos-e-ajuda-na-perda-de-peso\/"]}]},{"@type":"ImageObject","inLanguage":"pt-BR","@id":"https:\/\/www.em.com.br\/emfoco\/2026\/01\/07\/o-aliado-da-saciedade-que-evita-beliscos-e-ajuda-na-perda-de-peso\/#primaryimage","url":"https:\/\/www.em.com.br\/emfoco\/wp-content\/uploads\/2025\/03\/abacate_1742958045065.jpg","contentUrl":"https:\/\/www.em.com.br\/emfoco\/wp-content\/uploads\/2025\/03\/abacate_1742958045065.jpg","width":1280,"height":720,"caption":"Abacate - Cr\u00e9ditos: depositphotos.com \/ VadimVasenin"},{"@type":"BreadcrumbList","@id":"https:\/\/www.em.com.br\/emfoco\/2026\/01\/07\/o-aliado-da-saciedade-que-evita-beliscos-e-ajuda-na-perda-de-peso\/#breadcrumb","itemListElement":[{"@type":"ListItem","position":1,"name":"In\u00edcio","item":"https:\/\/www.em.com.br\/emfoco\/"},{"@type":"ListItem","position":2,"name":"O aliado da saciedade que evita beliscos e ajuda na perda de peso"}]},{"@type":"WebSite","@id":"https:\/\/www.em.com.br\/emfoco\/#website","url":"https:\/\/www.em.com.br\/emfoco\/","name":"Estado de Minas - Em foco","description":"Acompanhe as \u00faltimas not\u00edcias e fique bem informado sobre tudo o que acontece em Minas Gerais, Brasil e no mundo.","potentialAction":[{"@type":"SearchAction","target":{"@type":"EntryPoint","urlTemplate":"https:\/\/www.em.com.br\/emfoco\/?s={search_term_string}"},"query-input":{"@type":"PropertyValueSpecification","valueRequired":true,"valueName":"search_term_string"}}],"inLanguage":"pt-BR"},{"@type":"Person","@id":"https:\/\/www.em.com.br\/emfoco\/#\/schema\/person\/0a8186d72f2c3a5c6276d90b41f271a0","name":"Daniely Cardoso","image":{"@type":"ImageObject","inLanguage":"pt-BR","@id":"https:\/\/www.em.com.br\/emfoco\/#\/schema\/person\/image\/","url":"https:\/\/secure.gravatar.com\/avatar\/4b80ddbd124d1f071b626d52d62e5dff?s=96&d=mm&r=g","contentUrl":"https:\/\/secure.gravatar.com\/avatar\/4b80ddbd124d1f071b626d52d62e5dff?s=96&d=mm&r=g","caption":"Daniely Cardoso"},"url":"https:\/\/www.em.com.br\/emfoco\/author\/danielymyth\/"}]}},"_links":{"self":[{"href":"https:\/\/www.em.com.br\/emfoco\/wp-json\/wp\/v2\/posts\/151105","targetHints":{"allow":["GET"]}}],"collection":[{"href":"https:\/\/www.em.com.br\/emfoco\/wp-json\/wp\/v2\/posts"}],"about":[{"href":"https:\/\/www.em.com.br\/emfoco\/wp-json\/wp\/v2\/types\/post"}],"author":[{"embeddable":true,"href":"https:\/\/www.em.com.br\/emfoco\/wp-json\/wp\/v2\/users\/9"}],"replies":[{"embeddable":true,"href":"https:\/\/www.em.com.br\/emfoco\/wp-json\/wp\/v2\/comments?post=151105"}],"version-history":[{"count":3,"href":"https:\/\/www.em.com.br\/emfoco\/wp-json\/wp\/v2\/posts\/151105\/revisions"}],"predecessor-version":[{"id":151325,"href":"https:\/\/www.em.com.br\/emfoco\/wp-json\/wp\/v2\/posts\/151105\/revisions\/151325"}],"wp:featuredmedia":[{"embeddable":true,"href":"https:\/\/www.em.com.br\/emfoco\/wp-json\/wp\/v2\/media\/32392"}],"wp:attachment":[{"href":"https:\/\/www.em.com.br\/emfoco\/wp-json\/wp\/v2\/media?parent=151105"}],"wp:term":[{"taxonomy":"category","embeddable":true,"href":"https:\/\/www.em.com.br\/emfoco\/wp-json\/wp\/v2\/categories?post=151105"},{"taxonomy":"post_tag","embeddable":true,"href":"https:\/\/www.em.com.br\/emfoco\/wp-json\/wp\/v2\/tags?post=151105"}],"curies":[{"name":"wp","href":"https:\/\/api.w.org\/{rel}","templated":true}]}}