{"id":151029,"date":"2026-01-07T17:55:00","date_gmt":"2026-01-07T20:55:00","guid":{"rendered":"https:\/\/www.em.com.br\/emfoco\/?p=151029"},"modified":"2026-01-06T11:20:43","modified_gmt":"2026-01-06T14:20:43","slug":"casal-ve-sonho-da-casa-propria-virar-pesadelo-apos-obra-parar-e-construtora-entrar-em-recuperacao-judicial","status":"publish","type":"post","link":"https:\/\/www.em.com.br\/emfoco\/2026\/01\/07\/casal-ve-sonho-da-casa-propria-virar-pesadelo-apos-obra-parar-e-construtora-entrar-em-recuperacao-judicial\/","title":{"rendered":"Casal v\u00ea sonho da casa pr\u00f3pria virar pesadelo ap\u00f3s obra parar e construtora entrar em recupera\u00e7\u00e3o judicial"},"content":{"rendered":"\n<h2 class=\"wp-block-heading\">A paralisa\u00e7\u00e3o de obra ap\u00f3s construtora entrar em recupera\u00e7\u00e3o judicial exp\u00f5e riscos da compra na planta. Atraso acima de 180 dias permite rescis\u00e3o, mas valores viram cr\u00e9dito judicial; patrim\u00f4nio de afeta\u00e7\u00e3o reduz perdas.<\/h2>\n\n\n\n<p>O sonho da casa pr\u00f3pria virou incerteza quando um casal viu a obra do im\u00f3vel parar ap\u00f3s a construtora entrar em <strong>recupera\u00e7\u00e3o judicial<\/strong>. Com mais de um ano de atraso, o caso escancara riscos da compra na planta e os caminhos legais para tentar proteger o investimento.<\/p>\n\n\n\n<h2 class=\"wp-block-heading\">Como uma obra parada transforma o sonho em pesadelo?<\/h2>\n\n\n\n<p>O sil\u00eancio no canteiro de obras representa mais do que atraso. Para quem comprou na planta, a <strong>obra paralisada<\/strong> significa seguir pagando aluguel, lidar com presta\u00e7\u00f5es j\u00e1 quitadas e conviver com a inseguran\u00e7a de n\u00e3o saber quando, ou se, o im\u00f3vel ser\u00e1 entregue.<\/p>\n\n\n\n<p>No caso relatado, o casal aguardava o in\u00edcio de uma nova etapa de vida quando a construtora entrou em crise financeira. A paralisa\u00e7\u00e3o prolongada gera impacto emocional, desorganiza o or\u00e7amento familiar e mina a confian\u00e7a no mercado imobili\u00e1rio.<\/p>\n\n\n\n<figure class=\"wp-block-image size-large\"><img loading=\"lazy\" decoding=\"async\" width=\"1024\" height=\"576\" src=\"https:\/\/www.em.com.br\/emfoco\/wp-content\/uploads\/2026\/01\/IA-65-1024x576.jpg\" alt=\"Casal v\u00ea sonho da casa pr\u00f3pria virar pesadelo ap\u00f3s obra parar e construtora entrar em recupera\u00e7\u00e3o judicial\" class=\"wp-image-151099\" srcset=\"https:\/\/www.em.com.br\/emfoco\/wp-content\/uploads\/2026\/01\/IA-65-1024x576.jpg 1024w, https:\/\/www.em.com.br\/emfoco\/wp-content\/uploads\/2026\/01\/IA-65-300x169.jpg 300w, https:\/\/www.em.com.br\/emfoco\/wp-content\/uploads\/2026\/01\/IA-65-768x432.jpg 768w, https:\/\/www.em.com.br\/emfoco\/wp-content\/uploads\/2026\/01\/IA-65-750x422.jpg 750w, https:\/\/www.em.com.br\/emfoco\/wp-content\/uploads\/2026\/01\/IA-65-1140x641.jpg 1140w, https:\/\/www.em.com.br\/emfoco\/wp-content\/uploads\/2026\/01\/IA-65.jpg 1280w\" sizes=\"auto, (max-width: 1024px) 100vw, 1024px\" \/><figcaption class=\"wp-element-caption\">Paralisa\u00e7\u00e3o prolongada gera impacto financeiro emocional e incerteza ao comprador<\/figcaption><\/figure>\n\n\n\n<h2 class=\"wp-block-heading\">O que significa a construtora entrar em concurso de credores?<\/h2>\n\n\n\n<p>Quando uma empresa declara <strong>concurso de credores<\/strong>, ela admite n\u00e3o conseguir pagar suas d\u00edvidas. A Justi\u00e7a congela bens e define uma ordem de pagamento, o que costuma colocar compradores em posi\u00e7\u00e3o desfavor\u00e1vel. Entenda os principais efeitos a seguir.<\/p>\n\n\n\n<ul class=\"wp-block-list\">\n<li>Fila de pagamentos: bancos e d\u00edvidas trabalhistas costumam ter prioridade.<\/li>\n\n\n\n<li>Obra suspensa: projetos ficam parados at\u00e9 decis\u00e3o judicial ou novo acordo.<\/li>\n\n\n\n<li>Cr\u00e9dito do comprador: valores pagos viram cr\u00e9ditos sujeitos a longa espera.<\/li>\n<\/ul>\n\n\n\n<p><em>Leia mais: <strong><a href=\"https:\/\/www.em.com.br\/emfoco\/2026\/01\/06\/obras-irregulares-em-condominios-viram-alvo-da-justica-lei-de-propriedade-horizontal-explica-por-que-demolicoes-estao-aumentando\/\" target=\"_blank\" rel=\"noreferrer noopener\">Obras irregulares em condom\u00ednios viram alvo da Justi\u00e7a: Lei de Propriedade Horizontal explica por que demoli\u00e7\u00f5es est\u00e3o aumentando<\/a><\/strong><\/em><\/p>\n\n\n\n<h2 class=\"wp-block-heading\">Quando o atraso vira quebra de contrato para o comprador?<\/h2>\n\n\n\n<p>No Brasil, atrasos superiores a 180 dias ap\u00f3s o prazo contratual caracterizam <strong>inadimpl\u00eancia da construtora<\/strong>. A partir da\u00ed, o consumidor pode pedir rescis\u00e3o e devolu\u00e7\u00e3o dos valores pagos, ainda que o recebimento n\u00e3o seja imediato.<\/p>\n\n\n\n<p>Em situa\u00e7\u00f5es de fal\u00eancia ou recupera\u00e7\u00e3o judicial, o direito existe, mas o dinheiro entra na disputa judicial. Al\u00e9m disso, podem ser solicitados <strong><a href=\"https:\/\/www.tjdft.jus.br\/institucional\/imprensa\/campanhas-e-produtos\/direito-facil\/edicao-semanal\/lucros-cessantes-x-perda-de-uma-chance\" target=\"_blank\" rel=\"noreferrer noopener\">lucros cessantes<\/a><\/strong> e danos morais, que tamb\u00e9m se transformam em cr\u00e9ditos sujeitos ao processo.<\/p>\n\n\n\n<figure class=\"wp-block-image size-large\"><img loading=\"lazy\" decoding=\"async\" width=\"1024\" height=\"576\" src=\"https:\/\/www.em.com.br\/emfoco\/wp-content\/uploads\/2026\/01\/IA-1-21-1024x576.jpg\" alt=\"Casal v\u00ea sonho da casa pr\u00f3pria virar pesadelo ap\u00f3s obra parar e construtora entrar em recupera\u00e7\u00e3o judicial\" class=\"wp-image-151101\" srcset=\"https:\/\/www.em.com.br\/emfoco\/wp-content\/uploads\/2026\/01\/IA-1-21-1024x576.jpg 1024w, https:\/\/www.em.com.br\/emfoco\/wp-content\/uploads\/2026\/01\/IA-1-21-300x169.jpg 300w, https:\/\/www.em.com.br\/emfoco\/wp-content\/uploads\/2026\/01\/IA-1-21-768x432.jpg 768w, https:\/\/www.em.com.br\/emfoco\/wp-content\/uploads\/2026\/01\/IA-1-21-750x422.jpg 750w, https:\/\/www.em.com.br\/emfoco\/wp-content\/uploads\/2026\/01\/IA-1-21-1140x641.jpg 1140w, https:\/\/www.em.com.br\/emfoco\/wp-content\/uploads\/2026\/01\/IA-1-21.jpg 1280w\" sizes=\"auto, (max-width: 1024px) 100vw, 1024px\" \/><figcaption class=\"wp-element-caption\">Atraso superior a cento e oitenta dias caracteriza quebra contratual<\/figcaption><\/figure>\n\n\n\n<h2 class=\"wp-block-heading\">Por que o patrim\u00f4nio de afeta\u00e7\u00e3o pode salvar o investimento?<\/h2>\n\n\n\n<p>Nem todo comprador perde tudo. O <strong>patrim\u00f4nio de afeta\u00e7\u00e3o<\/strong> separa aquele empreendimento do restante da construtora, impedindo que ele entre na massa falida. Esse detalhe jur\u00eddico faz toda a diferen\u00e7a, como mostram os pontos abaixo.<\/p>\n\n\n\n<ul class=\"wp-block-list\">\n<li>Empreendimento protegido: terreno e recursos ficam vinculados apenas \u00e0 obra.<\/li>\n\n\n\n<li>Continuidade poss\u00edvel: compradores podem assumir e concluir o projeto.<\/li>\n\n\n\n<li>Seguran\u00e7a extra: reduz o risco de perda total em caso de fal\u00eancia.<\/li>\n<\/ul>\n\n\n\n<p>Casos como esse refor\u00e7am um alerta essencial: antes de assinar um contrato, investigar a sa\u00fade financeira da construtora e as garantias legais n\u00e3o \u00e9 excesso de cuidado, mas a linha que separa o sonho realizado de um preju\u00edzo que pode durar anos.<\/p>\n","protected":false},"excerpt":{"rendered":"<p>A paralisa\u00e7\u00e3o de obra ap\u00f3s construtora entrar em recupera\u00e7\u00e3o judicial exp\u00f5e riscos da compra na planta. Atraso acima de 180 dias permite rescis\u00e3o, mas valores viram cr\u00e9dito judicial; patrim\u00f4nio de afeta\u00e7\u00e3o reduz perdas. O sonho da casa pr\u00f3pria virou incerteza quando um casal viu a obra do im\u00f3vel parar ap\u00f3s a construtora entrar em recupera\u00e7\u00e3o [&hellip;]<\/p>\n","protected":false},"author":13,"featured_media":151098,"comment_status":"open","ping_status":"open","sticky":false,"template":"","format":"standard","meta":{"jnews-multi-image_gallery":[],"jnews_single_post":{"format":"standard"},"jnews_primary_category":[],"jnews_social_meta":[],"jnews_override_counter":[],"footnotes":""},"categories":[28],"tags":[5478,12376,22027],"class_list":["post-151029","post","type-post","status-publish","format-standard","has-post-thumbnail","hentry","category-economia","tag-falencia","tag-imovel","tag-obras-paradas"],"yoast_head":"<!-- This site is optimized with the Yoast SEO plugin v23.8 - https:\/\/yoast.com\/wordpress\/plugins\/seo\/ -->\n<title>Casal v\u00ea sonho da casa pr\u00f3pria virar pesadelo ap\u00f3s obra parar e construtora entrar em recupera\u00e7\u00e3o judicial - Estado de Minas - Em foco<\/title>\n<meta name=\"description\" content=\"Obra parada e construtora em crise: casal que comprou im\u00f3vel na planta enfrenta aluguel e incerteza ap\u00f3s 1 ano de atraso.\" \/>\n<meta name=\"robots\" content=\"index, follow, max-snippet:-1, max-image-preview:large, max-video-preview:-1\" \/>\n<link rel=\"canonical\" href=\"https:\/\/www.em.com.br\/emfoco\/2026\/01\/07\/casal-ve-sonho-da-casa-propria-virar-pesadelo-apos-obra-parar-e-construtora-entrar-em-recuperacao-judicial\/\" \/>\n<meta property=\"og:locale\" content=\"pt_BR\" \/>\n<meta property=\"og:type\" content=\"article\" \/>\n<meta property=\"og:title\" content=\"Casal v\u00ea sonho da casa pr\u00f3pria virar pesadelo ap\u00f3s obra parar e construtora entrar em recupera\u00e7\u00e3o judicial - Estado de Minas - Em foco\" \/>\n<meta property=\"og:description\" content=\"Obra parada e construtora em crise: casal que comprou im\u00f3vel na planta enfrenta aluguel e incerteza ap\u00f3s 1 ano de atraso.\" \/>\n<meta property=\"og:url\" content=\"https:\/\/www.em.com.br\/emfoco\/2026\/01\/07\/casal-ve-sonho-da-casa-propria-virar-pesadelo-apos-obra-parar-e-construtora-entrar-em-recuperacao-judicial\/\" \/>\n<meta property=\"og:site_name\" content=\"Estado de Minas - Em foco\" \/>\n<meta property=\"article:published_time\" content=\"2026-01-07T20:55:00+00:00\" \/>\n<meta property=\"article:modified_time\" content=\"2026-01-06T14:20:43+00:00\" \/>\n<meta property=\"og:image\" content=\"https:\/\/www.em.com.br\/emfoco\/wp-content\/uploads\/2026\/01\/IA-17-6.jpg\" \/>\n\t<meta property=\"og:image:width\" content=\"1280\" \/>\n\t<meta property=\"og:image:height\" content=\"720\" \/>\n\t<meta property=\"og:image:type\" content=\"image\/jpeg\" \/>\n<meta name=\"author\" content=\"Gabriel Martins\" \/>\n<meta name=\"twitter:card\" content=\"summary_large_image\" \/>\n<meta name=\"twitter:label1\" content=\"Escrito por\" \/>\n\t<meta name=\"twitter:data1\" content=\"Gabriel Martins\" \/>\n\t<meta name=\"twitter:label2\" content=\"Est. tempo de leitura\" \/>\n\t<meta name=\"twitter:data2\" content=\"4 minutos\" \/>\n<!-- \/ Yoast SEO plugin. -->","yoast_head_json":{"title":"Casal v\u00ea sonho da casa pr\u00f3pria virar pesadelo ap\u00f3s obra parar e construtora entrar em recupera\u00e7\u00e3o judicial - Estado de Minas - Em foco","description":"Obra parada e construtora em crise: casal que comprou im\u00f3vel na planta enfrenta aluguel e incerteza ap\u00f3s 1 ano de atraso.","robots":{"index":"index","follow":"follow","max-snippet":"max-snippet:-1","max-image-preview":"max-image-preview:large","max-video-preview":"max-video-preview:-1"},"canonical":"https:\/\/www.em.com.br\/emfoco\/2026\/01\/07\/casal-ve-sonho-da-casa-propria-virar-pesadelo-apos-obra-parar-e-construtora-entrar-em-recuperacao-judicial\/","og_locale":"pt_BR","og_type":"article","og_title":"Casal v\u00ea sonho da casa pr\u00f3pria virar pesadelo ap\u00f3s obra parar e construtora entrar em recupera\u00e7\u00e3o judicial - Estado de Minas - Em foco","og_description":"Obra parada e construtora em crise: casal que comprou im\u00f3vel na planta enfrenta aluguel e incerteza ap\u00f3s 1 ano de atraso.","og_url":"https:\/\/www.em.com.br\/emfoco\/2026\/01\/07\/casal-ve-sonho-da-casa-propria-virar-pesadelo-apos-obra-parar-e-construtora-entrar-em-recuperacao-judicial\/","og_site_name":"Estado de Minas - Em foco","article_published_time":"2026-01-07T20:55:00+00:00","article_modified_time":"2026-01-06T14:20:43+00:00","og_image":[{"width":1280,"height":720,"url":"https:\/\/www.em.com.br\/emfoco\/wp-content\/uploads\/2026\/01\/IA-17-6.jpg","type":"image\/jpeg"}],"author":"Gabriel Martins","twitter_card":"summary_large_image","twitter_misc":{"Escrito por":"Gabriel Martins","Est. tempo de leitura":"4 minutos"},"schema":{"@context":"https:\/\/schema.org","@graph":[{"@type":"WebPage","@id":"https:\/\/www.em.com.br\/emfoco\/2026\/01\/07\/casal-ve-sonho-da-casa-propria-virar-pesadelo-apos-obra-parar-e-construtora-entrar-em-recuperacao-judicial\/","url":"https:\/\/www.em.com.br\/emfoco\/2026\/01\/07\/casal-ve-sonho-da-casa-propria-virar-pesadelo-apos-obra-parar-e-construtora-entrar-em-recuperacao-judicial\/","name":"Casal v\u00ea sonho da casa pr\u00f3pria virar pesadelo ap\u00f3s obra parar e construtora entrar em recupera\u00e7\u00e3o judicial - Estado de Minas - Em foco","isPartOf":{"@id":"https:\/\/www.em.com.br\/emfoco\/#website"},"primaryImageOfPage":{"@id":"https:\/\/www.em.com.br\/emfoco\/2026\/01\/07\/casal-ve-sonho-da-casa-propria-virar-pesadelo-apos-obra-parar-e-construtora-entrar-em-recuperacao-judicial\/#primaryimage"},"image":{"@id":"https:\/\/www.em.com.br\/emfoco\/2026\/01\/07\/casal-ve-sonho-da-casa-propria-virar-pesadelo-apos-obra-parar-e-construtora-entrar-em-recuperacao-judicial\/#primaryimage"},"thumbnailUrl":"https:\/\/www.em.com.br\/emfoco\/wp-content\/uploads\/2026\/01\/IA-17-6.jpg","datePublished":"2026-01-07T20:55:00+00:00","dateModified":"2026-01-06T14:20:43+00:00","author":{"@id":"https:\/\/www.em.com.br\/emfoco\/#\/schema\/person\/1c9ddeab18b98abeffef834667bcf08a"},"description":"Obra parada e construtora em crise: casal que comprou im\u00f3vel na planta enfrenta aluguel e incerteza ap\u00f3s 1 ano de atraso.","breadcrumb":{"@id":"https:\/\/www.em.com.br\/emfoco\/2026\/01\/07\/casal-ve-sonho-da-casa-propria-virar-pesadelo-apos-obra-parar-e-construtora-entrar-em-recuperacao-judicial\/#breadcrumb"},"inLanguage":"pt-BR","potentialAction":[{"@type":"ReadAction","target":["https:\/\/www.em.com.br\/emfoco\/2026\/01\/07\/casal-ve-sonho-da-casa-propria-virar-pesadelo-apos-obra-parar-e-construtora-entrar-em-recuperacao-judicial\/"]}]},{"@type":"ImageObject","inLanguage":"pt-BR","@id":"https:\/\/www.em.com.br\/emfoco\/2026\/01\/07\/casal-ve-sonho-da-casa-propria-virar-pesadelo-apos-obra-parar-e-construtora-entrar-em-recuperacao-judicial\/#primaryimage","url":"https:\/\/www.em.com.br\/emfoco\/wp-content\/uploads\/2026\/01\/IA-17-6.jpg","contentUrl":"https:\/\/www.em.com.br\/emfoco\/wp-content\/uploads\/2026\/01\/IA-17-6.jpg","width":1280,"height":720,"caption":"Obra parada ap\u00f3s recupera\u00e7\u00e3o judicial exp\u00f5e riscos da compra na planta"},{"@type":"BreadcrumbList","@id":"https:\/\/www.em.com.br\/emfoco\/2026\/01\/07\/casal-ve-sonho-da-casa-propria-virar-pesadelo-apos-obra-parar-e-construtora-entrar-em-recuperacao-judicial\/#breadcrumb","itemListElement":[{"@type":"ListItem","position":1,"name":"In\u00edcio","item":"https:\/\/www.em.com.br\/emfoco\/"},{"@type":"ListItem","position":2,"name":"Casal v\u00ea sonho da casa pr\u00f3pria virar pesadelo ap\u00f3s obra parar e construtora entrar em recupera\u00e7\u00e3o judicial"}]},{"@type":"WebSite","@id":"https:\/\/www.em.com.br\/emfoco\/#website","url":"https:\/\/www.em.com.br\/emfoco\/","name":"Estado de Minas - Em foco","description":"Acompanhe as \u00faltimas not\u00edcias e fique bem informado sobre tudo o que acontece em Minas Gerais, Brasil e no mundo.","potentialAction":[{"@type":"SearchAction","target":{"@type":"EntryPoint","urlTemplate":"https:\/\/www.em.com.br\/emfoco\/?s={search_term_string}"},"query-input":{"@type":"PropertyValueSpecification","valueRequired":true,"valueName":"search_term_string"}}],"inLanguage":"pt-BR"},{"@type":"Person","@id":"https:\/\/www.em.com.br\/emfoco\/#\/schema\/person\/1c9ddeab18b98abeffef834667bcf08a","name":"Gabriel Martins","image":{"@type":"ImageObject","inLanguage":"pt-BR","@id":"https:\/\/www.em.com.br\/emfoco\/#\/schema\/person\/image\/","url":"https:\/\/secure.gravatar.com\/avatar\/f0f1e2efdfd88f1ad2cb08c5c2731e50?s=96&d=mm&r=g","contentUrl":"https:\/\/secure.gravatar.com\/avatar\/f0f1e2efdfd88f1ad2cb08c5c2731e50?s=96&d=mm&r=g","caption":"Gabriel Martins"},"sameAs":["https:\/\/www.em.com.br\/emfoco\/"],"url":"https:\/\/www.em.com.br\/emfoco\/author\/gabrielmartinsmyth\/"}]}},"_links":{"self":[{"href":"https:\/\/www.em.com.br\/emfoco\/wp-json\/wp\/v2\/posts\/151029","targetHints":{"allow":["GET"]}}],"collection":[{"href":"https:\/\/www.em.com.br\/emfoco\/wp-json\/wp\/v2\/posts"}],"about":[{"href":"https:\/\/www.em.com.br\/emfoco\/wp-json\/wp\/v2\/types\/post"}],"author":[{"embeddable":true,"href":"https:\/\/www.em.com.br\/emfoco\/wp-json\/wp\/v2\/users\/13"}],"replies":[{"embeddable":true,"href":"https:\/\/www.em.com.br\/emfoco\/wp-json\/wp\/v2\/comments?post=151029"}],"version-history":[{"count":2,"href":"https:\/\/www.em.com.br\/emfoco\/wp-json\/wp\/v2\/posts\/151029\/revisions"}],"predecessor-version":[{"id":151104,"href":"https:\/\/www.em.com.br\/emfoco\/wp-json\/wp\/v2\/posts\/151029\/revisions\/151104"}],"wp:featuredmedia":[{"embeddable":true,"href":"https:\/\/www.em.com.br\/emfoco\/wp-json\/wp\/v2\/media\/151098"}],"wp:attachment":[{"href":"https:\/\/www.em.com.br\/emfoco\/wp-json\/wp\/v2\/media?parent=151029"}],"wp:term":[{"taxonomy":"category","embeddable":true,"href":"https:\/\/www.em.com.br\/emfoco\/wp-json\/wp\/v2\/categories?post=151029"},{"taxonomy":"post_tag","embeddable":true,"href":"https:\/\/www.em.com.br\/emfoco\/wp-json\/wp\/v2\/tags?post=151029"}],"curies":[{"name":"wp","href":"https:\/\/api.w.org\/{rel}","templated":true}]}}