{"id":151011,"date":"2026-01-07T10:25:00","date_gmt":"2026-01-07T13:25:00","guid":{"rendered":"https:\/\/www.em.com.br\/emfoco\/?p=151011"},"modified":"2026-01-06T18:42:52","modified_gmt":"2026-01-06T21:42:52","slug":"o-primeiro-caso-de-gripe-a-h3n2-foi-confirmado-o-paciente-havia-viajado-para-a-europa","status":"publish","type":"post","link":"https:\/\/www.em.com.br\/emfoco\/2026\/01\/07\/o-primeiro-caso-de-gripe-a-h3n2-foi-confirmado-o-paciente-havia-viajado-para-a-europa\/","title":{"rendered":"O primeiro caso de gripe A H3N2 foi confirmado: o paciente havia viajado para a Europa"},"content":{"rendered":"\n<p>O registro do primeiro caso de influenza A <strong>H3N2<\/strong> em <strong>Mendoza<\/strong>, ligado a uma viagem internacional, reacende o alerta para a circula\u00e7\u00e3o desse tipo de gripe em 2025 e mostra, na pr\u00e1tica, como a vigil\u00e2ncia em sa\u00fade atua para conter rapidamente v\u00edrus respirat\u00f3rios com alto potencial de dissemina\u00e7\u00e3o, ainda mais diante da chegada da chamada <strong>Gripe K<\/strong> ao <strong>Brasil <\/strong>no fim de 2025.<\/p>\n\n\n\n<h2 class=\"wp-block-heading\">O que \u00e9 a influenza A H3N2 e por que ela preocupa em 2025<\/h2>\n\n\n\n<p>A <a href=\"https:\/\/bvsms.saude.gov.br\/h3n2-novo-virus-influenza-em-circulacao-no-pais\/\" target=\"_blank\" rel=\"noreferrer noopener\">influenza A H3N2<\/a> \u00e9 um subtipo do v\u00edrus da gripe que circula sazonalmente em v\u00e1rias partes do mundo, com maior for\u00e7a no inverno, e sofre muta\u00e7\u00f5es frequentes que exigem atualiza\u00e7\u00e3o das vacinas. Variantes como o subclado K, popularmente conhecido como Gripe K, podem alterar o padr\u00e3o de transmiss\u00e3o e demandam monitoramento mais intenso.<\/p>\n\n\n\n<p>Em 2025, pa\u00edses da Europa e da Am\u00e9rica do Sul acompanham de perto essa cepa, incluindo a variante K, j\u00e1 em franca circula\u00e7\u00e3o internacional. No Brasil, essa mesma linhagem foi oficialmente identificada no final de 2025, o que refor\u00e7a a necessidade de vigil\u00e2ncia cont\u00ednua e aten\u00e7\u00e3o \u00e0s recomenda\u00e7\u00f5es oficiais e dados epidemiol\u00f3gicos atualizados.<\/p>\n\n\n\n<figure class=\"wp-block-image\"><img decoding=\"async\" src=\"https:\/\/www.em.com.br\/emfoco\/wp-content\/uploads\/2025\/06\/gripe_1749676812273-1024x576.jpg\" alt=\"\"\/><\/figure>\n\n\n\n<h2 class=\"wp-block-heading\">Quais s\u00e3o os sintomas da influenza A H3N2 e quem corre mais risco<\/h2>\n\n\n\n<p>Os sintomas da influenza A H3N2 se assemelham aos de outras gripes, mas podem ser mais intensos em pessoas vulner\u00e1veis e levar a complica\u00e7\u00f5es respirat\u00f3rias. No caso espec\u00edfico da Gripe K, at\u00e9 janeiro de 2026, n\u00e3o h\u00e1 evid\u00eancia de sintomas mais graves, mas o potencial de maior dissemina\u00e7\u00e3o exige acompanhamento rigoroso.<\/p>\n\n\n\n<p>Febre alta de in\u00edcio s\u00fabito, tosse seca ou produtiva, dor no corpo, mal-estar, dor de cabe\u00e7a, dor de garganta e cansa\u00e7o intenso s\u00e3o comuns, podendo evoluir para dificuldade para respirar em quadros moderados ou graves. Idosos, pessoas com doen\u00e7as cr\u00f4nicas, gestantes, crian\u00e7as pequenas e imunossuprimidos t\u00eam maior risco de pneumonia, interna\u00e7\u00e3o e at\u00e9 \u00f3bito, especialmente diante de falta de ar, febre persistente ou piora s\u00fabita.<\/p>\n\n\n\n<h2 class=\"wp-block-heading\">Como funciona o protocolo de vigil\u00e2ncia da influenza A H3N2 no Brasil<\/h2>\n\n\n\n<p>Quando um caso de influenza A H3N2 \u00e9 confirmado, especialmente em pessoas com hist\u00f3rico recente de viagem, \u00e9 acionado um protocolo de vigil\u00e2ncia epidemiol\u00f3gica para identificar rapidamente poss\u00edveis cadeias de transmiss\u00e3o. Em cen\u00e1rios sem evid\u00eancia de circula\u00e7\u00e3o comunit\u00e1ria, esse monitoramento ajuda a classificar o epis\u00f3dio como caso importado e ajustar a resposta de forma proporcional.<\/p>\n\n\n\n<p>Com a introdu\u00e7\u00e3o da Gripe K no Brasil, a vigil\u00e2ncia vem sendo intensificada em servi\u00e7os de sa\u00fade, laborat\u00f3rios de refer\u00eancia e redes sentinela, com prioridade para a an\u00e1lise gen\u00f4mica de amostras suspeitas. Opas e OMS recomendam que os pa\u00edses mantenham capacidade de identificar novas linhagens e compartilhem dados em tempo real, o que \u00e9 fundamental para antecipar surtos e orientar campanhas de vacina\u00e7\u00e3o.<\/p>\n\n\n\n<h2 class=\"wp-block-heading\">Como se proteger da influenza A H3N2 com vacina e cuidados di\u00e1rios<\/h2>\n\n\n\n<p>A <a href=\"https:\/\/www.em.com.br\/emfoco\/2025\/10\/04\/atualizado-o-calendario-para-vacinacao-das-criancas\/\" target=\"_blank\" rel=\"noreferrer noopener\">vacina\u00e7\u00e3o <\/a>anual contra a gripe \u00e9 a principal estrat\u00e9gia para reduzir formas graves de influenza A H3N2 e de outros subtipos, especialmente em grupos de risco. No Brasil, a vacina trivalente continua sendo a base da preven\u00e7\u00e3o, incluindo prote\u00e7\u00e3o contra H1N1, H3N2 (com seus subclados mais relevantes, como o K) e influenza B, conforme composi\u00e7\u00e3o definida pela Anvisa para a campanha de 2026.<\/p>\n\n\n\n<figure class=\"wp-block-image is-resized\"><img decoding=\"async\" src=\"https:\/\/www.em.com.br\/emfoco\/wp-content\/uploads\/2025\/06\/febre-_1748957711338-1024x576.jpg\" alt=\"\" style=\"width:1170px;height:auto\"\/><figcaption class=\"wp-element-caption\">Essa gripe voltou a preocupar autoridades e j\u00e1 acendeu o radar no Brasil &#8211; Cr\u00e9ditos: depositphotos.com \/ tonodiaz<\/figcaption><\/figure>\n\n\n\n<p>Al\u00e9m da imuniza\u00e7\u00e3o, alguns cuidados di\u00e1rios reduzem significativamente a circula\u00e7\u00e3o do v\u00edrus, principalmente em ambientes fechados e muito movimentados. Essas medidas complementam a vacina e ajudam a proteger tanto quem j\u00e1 se vacinou quanto quem ainda n\u00e3o p\u00f4de se imunizar:<\/p>\n\n\n\n<ul class=\"wp-block-list\">\n<li><strong>Lavar as m\u00e3os<\/strong>\u00a0com \u00e1gua e sab\u00e3o ou usar \u00e1lcool em gel regularmente, especialmente ap\u00f3s tossir, espirrar ou usar transporte p\u00fablico;<\/li>\n\n\n\n<li><strong>Ventilar ambientes<\/strong>, abrindo janelas e evitando locais fechados, lotados e com pouca circula\u00e7\u00e3o de ar;<\/li>\n\n\n\n<li><strong>Cobrir boca e nariz<\/strong>\u00a0ao tossir ou espirrar, usando o antebra\u00e7o ou len\u00e7o descart\u00e1vel e descartando-o logo em seguida;<\/li>\n\n\n\n<li><strong>Evitar contato pr\u00f3ximo<\/strong>\u00a0com pessoas com sintomas gripais intensos e n\u00e3o compartilhar objetos de uso pessoal;<\/li>\n\n\n\n<li><strong>Buscar atendimento m\u00e9dico<\/strong>\u00a0diante de febre alta, tosse persistente, dificuldade para respirar, dor no peito ou piora s\u00fabita ap\u00f3s melhora inicial.<\/li>\n<\/ul>\n\n\n\n<h2 class=\"wp-block-heading\">Por que agir agora contra a influenza A H3N2 e a Gripe K \u00e9 essencial<\/h2>\n\n\n\n<p>Com a circula\u00e7\u00e3o simult\u00e2nea de diversos v\u00edrus respirat\u00f3rios, cada caso de influenza A H3N2 \u00e9 um lembrete de que preven\u00e7\u00e3o n\u00e3o pode ser adiada. A confirma\u00e7\u00e3o da Gripe K no Brasil no fim de 2025 e os alertas da Opas e da OMS para uma temporada de gripe possivelmente mais intensa em 2026 tornam urgente vacinar-se, reconhecer sinais de alerta e adotar cuidados respirat\u00f3rios di\u00e1rios.<\/p>\n\n\n\n<p>Se voc\u00ea faz parte de grupo de risco ou convive com pessoas vulner\u00e1veis, n\u00e3o espere o inverno avan\u00e7ar: procure imediatamente um servi\u00e7o de sa\u00fade para se vacinar, informe-se sobre sintomas graves e incentive quem est\u00e1 \u00e0 sua volta a fazer o mesmo. Sua decis\u00e3o hoje pode evitar uma interna\u00e7\u00e3o ou at\u00e9 salvar uma vida, por isso acompanhe com aten\u00e7\u00e3o os comunicados oficiais do Minist\u00e9rio da Sa\u00fade e da Fiocruz e aja agora, enquanto ainda h\u00e1 tempo de se proteger.<\/p>\n","protected":false},"excerpt":{"rendered":"<p>O registro do primeiro caso de influenza A H3N2 em Mendoza, ligado a uma viagem internacional, reacende o alerta para a circula\u00e7\u00e3o desse tipo de gripe em 2025 e mostra, na pr\u00e1tica, como a vigil\u00e2ncia em sa\u00fade atua para conter rapidamente v\u00edrus respirat\u00f3rios com alto potencial de dissemina\u00e7\u00e3o, ainda mais diante da chegada da chamada [&hellip;]<\/p>\n","protected":false},"author":11,"featured_media":59146,"comment_status":"open","ping_status":"open","sticky":false,"template":"","format":"standard","meta":{"jnews-multi-image_gallery":[],"jnews_single_post":{"format":"standard"},"jnews_primary_category":[],"jnews_social_meta":[],"jnews_override_counter":[],"footnotes":""},"categories":[1,9053],"tags":[8806,22013,8389,8974],"class_list":["post-151011","post","type-post","status-publish","format-standard","has-post-thumbnail","hentry","category-noticias","category-saude","tag-gripe","tag-h3n2","tag-influenza","tag-sintomas"],"yoast_head":"<!-- This site is optimized with the Yoast SEO plugin v23.8 - https:\/\/yoast.com\/wordpress\/plugins\/seo\/ -->\n<title>O primeiro caso de gripe A H3N2 foi confirmado: o paciente havia viajado para a Europa - Estado de Minas - Em foco<\/title>\n<meta name=\"description\" content=\"O registro de influenza H3N2 reacende o alerta para a gripe em 2025. Entenda os sintomas, riscos e por que a vigil\u00e2ncia foi intensificada.\" \/>\n<meta name=\"robots\" content=\"index, follow, max-snippet:-1, max-image-preview:large, max-video-preview:-1\" \/>\n<link rel=\"canonical\" href=\"https:\/\/www.em.com.br\/emfoco\/2026\/01\/07\/o-primeiro-caso-de-gripe-a-h3n2-foi-confirmado-o-paciente-havia-viajado-para-a-europa\/\" \/>\n<meta property=\"og:locale\" content=\"pt_BR\" \/>\n<meta property=\"og:type\" content=\"article\" \/>\n<meta property=\"og:title\" content=\"O primeiro caso de gripe A H3N2 foi confirmado: o paciente havia viajado para a Europa - Estado de Minas - Em foco\" \/>\n<meta property=\"og:description\" content=\"O registro de influenza H3N2 reacende o alerta para a gripe em 2025. Entenda os sintomas, riscos e por que a vigil\u00e2ncia foi intensificada.\" \/>\n<meta property=\"og:url\" content=\"https:\/\/www.em.com.br\/emfoco\/2026\/01\/07\/o-primeiro-caso-de-gripe-a-h3n2-foi-confirmado-o-paciente-havia-viajado-para-a-europa\/\" \/>\n<meta property=\"og:site_name\" content=\"Estado de Minas - Em foco\" \/>\n<meta property=\"article:published_time\" content=\"2026-01-07T13:25:00+00:00\" \/>\n<meta property=\"article:modified_time\" content=\"2026-01-06T21:42:52+00:00\" \/>\n<meta property=\"og:image\" content=\"https:\/\/www.em.com.br\/emfoco\/wp-content\/uploads\/2025\/06\/gripado_1749676886547.jpg\" \/>\n\t<meta property=\"og:image:width\" content=\"1280\" \/>\n\t<meta property=\"og:image:height\" content=\"720\" \/>\n\t<meta property=\"og:image:type\" content=\"image\/jpeg\" \/>\n<meta name=\"author\" content=\"Andre\u0301 Rangel\u00a0\" \/>\n<meta name=\"twitter:card\" content=\"summary_large_image\" \/>\n<meta name=\"twitter:label1\" content=\"Escrito por\" \/>\n\t<meta name=\"twitter:data1\" content=\"Andre\u0301 Rangel\u00a0\" \/>\n\t<meta name=\"twitter:label2\" content=\"Est. tempo de leitura\" \/>\n\t<meta name=\"twitter:data2\" content=\"6 minutos\" \/>\n<!-- \/ Yoast SEO plugin. -->","yoast_head_json":{"title":"O primeiro caso de gripe A H3N2 foi confirmado: o paciente havia viajado para a Europa - Estado de Minas - Em foco","description":"O registro de influenza H3N2 reacende o alerta para a gripe em 2025. Entenda os sintomas, riscos e por que a vigil\u00e2ncia foi intensificada.","robots":{"index":"index","follow":"follow","max-snippet":"max-snippet:-1","max-image-preview":"max-image-preview:large","max-video-preview":"max-video-preview:-1"},"canonical":"https:\/\/www.em.com.br\/emfoco\/2026\/01\/07\/o-primeiro-caso-de-gripe-a-h3n2-foi-confirmado-o-paciente-havia-viajado-para-a-europa\/","og_locale":"pt_BR","og_type":"article","og_title":"O primeiro caso de gripe A H3N2 foi confirmado: o paciente havia viajado para a Europa - Estado de Minas - Em foco","og_description":"O registro de influenza H3N2 reacende o alerta para a gripe em 2025. Entenda os sintomas, riscos e por que a vigil\u00e2ncia foi intensificada.","og_url":"https:\/\/www.em.com.br\/emfoco\/2026\/01\/07\/o-primeiro-caso-de-gripe-a-h3n2-foi-confirmado-o-paciente-havia-viajado-para-a-europa\/","og_site_name":"Estado de Minas - Em foco","article_published_time":"2026-01-07T13:25:00+00:00","article_modified_time":"2026-01-06T21:42:52+00:00","og_image":[{"width":1280,"height":720,"url":"https:\/\/www.em.com.br\/emfoco\/wp-content\/uploads\/2025\/06\/gripado_1749676886547.jpg","type":"image\/jpeg"}],"author":"Andre\u0301 Rangel\u00a0","twitter_card":"summary_large_image","twitter_misc":{"Escrito por":"Andre\u0301 Rangel\u00a0","Est. tempo de leitura":"6 minutos"},"schema":{"@context":"https:\/\/schema.org","@graph":[{"@type":"WebPage","@id":"https:\/\/www.em.com.br\/emfoco\/2026\/01\/07\/o-primeiro-caso-de-gripe-a-h3n2-foi-confirmado-o-paciente-havia-viajado-para-a-europa\/","url":"https:\/\/www.em.com.br\/emfoco\/2026\/01\/07\/o-primeiro-caso-de-gripe-a-h3n2-foi-confirmado-o-paciente-havia-viajado-para-a-europa\/","name":"O primeiro caso de gripe A H3N2 foi confirmado: o paciente havia viajado para a Europa - Estado de Minas - Em foco","isPartOf":{"@id":"https:\/\/www.em.com.br\/emfoco\/#website"},"primaryImageOfPage":{"@id":"https:\/\/www.em.com.br\/emfoco\/2026\/01\/07\/o-primeiro-caso-de-gripe-a-h3n2-foi-confirmado-o-paciente-havia-viajado-para-a-europa\/#primaryimage"},"image":{"@id":"https:\/\/www.em.com.br\/emfoco\/2026\/01\/07\/o-primeiro-caso-de-gripe-a-h3n2-foi-confirmado-o-paciente-havia-viajado-para-a-europa\/#primaryimage"},"thumbnailUrl":"https:\/\/www.em.com.br\/emfoco\/wp-content\/uploads\/2025\/06\/gripado_1749676886547.jpg","datePublished":"2026-01-07T13:25:00+00:00","dateModified":"2026-01-06T21:42:52+00:00","author":{"@id":"https:\/\/www.em.com.br\/emfoco\/#\/schema\/person\/60eda09c1fedf0d6891f4cef4b60b8b8"},"description":"O registro de influenza H3N2 reacende o alerta para a gripe em 2025. Entenda os sintomas, riscos e por que a vigil\u00e2ncia foi intensificada.","breadcrumb":{"@id":"https:\/\/www.em.com.br\/emfoco\/2026\/01\/07\/o-primeiro-caso-de-gripe-a-h3n2-foi-confirmado-o-paciente-havia-viajado-para-a-europa\/#breadcrumb"},"inLanguage":"pt-BR","potentialAction":[{"@type":"ReadAction","target":["https:\/\/www.em.com.br\/emfoco\/2026\/01\/07\/o-primeiro-caso-de-gripe-a-h3n2-foi-confirmado-o-paciente-havia-viajado-para-a-europa\/"]}]},{"@type":"ImageObject","inLanguage":"pt-BR","@id":"https:\/\/www.em.com.br\/emfoco\/2026\/01\/07\/o-primeiro-caso-de-gripe-a-h3n2-foi-confirmado-o-paciente-havia-viajado-para-a-europa\/#primaryimage","url":"https:\/\/www.em.com.br\/emfoco\/wp-content\/uploads\/2025\/06\/gripado_1749676886547.jpg","contentUrl":"https:\/\/www.em.com.br\/emfoco\/wp-content\/uploads\/2025\/06\/gripado_1749676886547.jpg","width":1280,"height":720,"caption":"Essa gripe voltou a preocupar autoridades e j\u00e1 acendeu o radar no Brasil - Cr\u00e9ditos: depositphotos.com \/ HayDmitriy"},{"@type":"BreadcrumbList","@id":"https:\/\/www.em.com.br\/emfoco\/2026\/01\/07\/o-primeiro-caso-de-gripe-a-h3n2-foi-confirmado-o-paciente-havia-viajado-para-a-europa\/#breadcrumb","itemListElement":[{"@type":"ListItem","position":1,"name":"In\u00edcio","item":"https:\/\/www.em.com.br\/emfoco\/"},{"@type":"ListItem","position":2,"name":"O primeiro caso de gripe A H3N2 foi confirmado: o paciente havia viajado para a Europa"}]},{"@type":"WebSite","@id":"https:\/\/www.em.com.br\/emfoco\/#website","url":"https:\/\/www.em.com.br\/emfoco\/","name":"Estado de Minas - Em foco","description":"Acompanhe as \u00faltimas not\u00edcias e fique bem informado sobre tudo o que acontece em Minas Gerais, Brasil e no mundo.","potentialAction":[{"@type":"SearchAction","target":{"@type":"EntryPoint","urlTemplate":"https:\/\/www.em.com.br\/emfoco\/?s={search_term_string}"},"query-input":{"@type":"PropertyValueSpecification","valueRequired":true,"valueName":"search_term_string"}}],"inLanguage":"pt-BR"},{"@type":"Person","@id":"https:\/\/www.em.com.br\/emfoco\/#\/schema\/person\/60eda09c1fedf0d6891f4cef4b60b8b8","name":"Andre\u0301 Rangel\u00a0","image":{"@type":"ImageObject","inLanguage":"pt-BR","@id":"https:\/\/www.em.com.br\/emfoco\/#\/schema\/person\/image\/","url":"https:\/\/secure.gravatar.com\/avatar\/6234dc814c77c8ef6d8bba622c787efc?s=96&d=mm&r=g","contentUrl":"https:\/\/secure.gravatar.com\/avatar\/6234dc814c77c8ef6d8bba622c787efc?s=96&d=mm&r=g","caption":"Andre\u0301 Rangel\u00a0"},"url":"https:\/\/www.em.com.br\/emfoco\/author\/luizmyth\/"}]}},"_links":{"self":[{"href":"https:\/\/www.em.com.br\/emfoco\/wp-json\/wp\/v2\/posts\/151011","targetHints":{"allow":["GET"]}}],"collection":[{"href":"https:\/\/www.em.com.br\/emfoco\/wp-json\/wp\/v2\/posts"}],"about":[{"href":"https:\/\/www.em.com.br\/emfoco\/wp-json\/wp\/v2\/types\/post"}],"author":[{"embeddable":true,"href":"https:\/\/www.em.com.br\/emfoco\/wp-json\/wp\/v2\/users\/11"}],"replies":[{"embeddable":true,"href":"https:\/\/www.em.com.br\/emfoco\/wp-json\/wp\/v2\/comments?post=151011"}],"version-history":[{"count":3,"href":"https:\/\/www.em.com.br\/emfoco\/wp-json\/wp\/v2\/posts\/151011\/revisions"}],"predecessor-version":[{"id":151074,"href":"https:\/\/www.em.com.br\/emfoco\/wp-json\/wp\/v2\/posts\/151011\/revisions\/151074"}],"wp:featuredmedia":[{"embeddable":true,"href":"https:\/\/www.em.com.br\/emfoco\/wp-json\/wp\/v2\/media\/59146"}],"wp:attachment":[{"href":"https:\/\/www.em.com.br\/emfoco\/wp-json\/wp\/v2\/media?parent=151011"}],"wp:term":[{"taxonomy":"category","embeddable":true,"href":"https:\/\/www.em.com.br\/emfoco\/wp-json\/wp\/v2\/categories?post=151011"},{"taxonomy":"post_tag","embeddable":true,"href":"https:\/\/www.em.com.br\/emfoco\/wp-json\/wp\/v2\/tags?post=151011"}],"curies":[{"name":"wp","href":"https:\/\/api.w.org\/{rel}","templated":true}]}}