{"id":15089,"date":"2025-02-10T11:00:00","date_gmt":"2025-02-10T14:00:00","guid":{"rendered":"https:\/\/www.em.com.br\/emfoco\/?p=15089"},"modified":"2025-02-05T18:10:36","modified_gmt":"2025-02-05T21:10:36","slug":"preco-do-iphone-11-despenca-veja-se-ainda-compensa-em-2025","status":"publish","type":"post","link":"https:\/\/www.em.com.br\/emfoco\/2025\/02\/10\/preco-do-iphone-11-despenca-veja-se-ainda-compensa-em-2025\/","title":{"rendered":"Pre\u00e7o do iPhone 11 despenca! Veja se ainda compensa em 2025"},"content":{"rendered":"\n<p>Lan\u00e7ado em 2019, o<strong> iPhone 11<\/strong> marcou uma nova era na linha de smartphones da <strong>Apple<\/strong> ao introduzir um design ic\u00f4nico que ainda se mant\u00e9m nas vers\u00f5es modernas. Mesmo ap\u00f3s seis anos desde sua estreia, o aparelho continua a ser uma op\u00e7\u00e3o atraente no mercado gra\u00e7as ao seu design dur\u00e1vel, qualidade de constru\u00e7\u00e3o e funcionalidades pr\u00e1ticas. Com um pre\u00e7o inicial de R$ 2.146 no final de 2024, ele se destaca como uma alternativa econ\u00f4mica para aqueles que querem experimentar um dispositivo Apple sem gastar uma <strong><a href=\"https:\/\/www.em.com.br\/emfoco\/2025\/01\/02\/de-garcom-a-superastro-a-incrivel-fortuna-de-chris-pratt\/\" target=\"_blank\" rel=\"noreferrer noopener\">fortuna<\/a><\/strong>.<\/p>\n\n\n\n<p>O modelo revolucionou em termos de design ao apresentar um m\u00f3dulo de c\u00e2meras quadrado, garantindo uma sofistica\u00e7\u00e3o que ainda faz parte das vers\u00f5es atuais do iPhone. Este smartphone vem equipado com uma bateria que promete um dia inteiro de uso, superando seu sucessor, o<strong> iPhone 12<\/strong>, em termos de dura\u00e7\u00e3o. Tamb\u00e9m \u00e9 importante mencionar a certifica\u00e7\u00e3o IP68, que assegura resist\u00eancia \u00e0 \u00e1gua e poeira, atributos que continuam a fazer do iPhone 11 uma escolha robusta para o dia a dia.<\/p>\n\n\n\n<h2 class=\"wp-block-heading\">Quanto custa o iPhone 11 em 2025?<\/h2>\n\n\n\n<p>Os pre\u00e7os do iPhone 11 j\u00e1 sofreram v\u00e1rias redu\u00e7\u00f5es desde seu lan\u00e7amento. Inicialmente, o dispositivo era vendido por R$ 4.999. Com o passar dos anos e o lan\u00e7amento de novos modelos da Apple, os valores dispon\u00edveis no varejo online diminu\u00edram significativamente, tornando-se bastante competitivos. Em 2025, por exemplo, a vers\u00e3o de 64 GB ou 128 GB est\u00e1 dispon\u00edvel por valores a partir de R$ 2.146.<\/p>\n\n\n\n<p>Comparar pre\u00e7os \u00e9 essencial, j\u00e1 que houve uma grande varia\u00e7\u00e3o de valores ao longo dos \u00faltimos anos. Em buscadores de pre\u00e7os, como o <strong><a href=\"https:\/\/www.buscape.com.br\/\" target=\"_blank\" rel=\"noreferrer noopener\">Buscap\u00e9<\/a><\/strong>, o dispositivo p\u00f4de ser encontrado por at\u00e9 R$ 1.300 \u2014 o menor valor hist\u00f3rico registrado. No entanto, a flutua\u00e7\u00e3o alta, chegando a R$ 5.499, mostra a import\u00e2ncia de aproveitar boas oportunidades quando surgem.<\/p>\n\n\n\n<figure class=\"wp-block-image size-large\"><img loading=\"lazy\" decoding=\"async\" width=\"1024\" height=\"576\" src=\"https:\/\/www.em.com.br\/emfoco\/wp-content\/uploads\/2025\/01\/iPhone-11_1738321024423-1024x576.jpg\" alt=\"Pre\u00e7o do iPhone 11 despenca! Veja se ainda compensa em 2025\" class=\"wp-image-15091\" srcset=\"https:\/\/www.em.com.br\/emfoco\/wp-content\/uploads\/2025\/01\/iPhone-11_1738321024423-1024x576.jpg 1024w, https:\/\/www.em.com.br\/emfoco\/wp-content\/uploads\/2025\/01\/iPhone-11_1738321024423-300x169.jpg 300w, https:\/\/www.em.com.br\/emfoco\/wp-content\/uploads\/2025\/01\/iPhone-11_1738321024423-768x432.jpg 768w, https:\/\/www.em.com.br\/emfoco\/wp-content\/uploads\/2025\/01\/iPhone-11_1738321024423-750x422.jpg 750w, https:\/\/www.em.com.br\/emfoco\/wp-content\/uploads\/2025\/01\/iPhone-11_1738321024423-1140x641.jpg 1140w, https:\/\/www.em.com.br\/emfoco\/wp-content\/uploads\/2025\/01\/iPhone-11_1738321024423.jpg 1280w\" sizes=\"auto, (max-width: 1024px) 100vw, 1024px\" \/><figcaption class=\"wp-element-caption\">iPhone 11 &#8211; Cr\u00e9ditos: depositphotos.com \/ ifeelstock<\/figcaption><\/figure>\n\n\n\n<h2 class=\"wp-block-heading\">Quando comprar o iPhone 11 vale a pena?<\/h2>\n\n\n\n<p>Para decidir se o iPhone 11 ainda vale a pena, \u00e9 crucial analisar a faixa de pre\u00e7o e o que ele oferece em compara\u00e7\u00e3o aos modelos mais novos. Em certos cen\u00e1rios, ofertas por volta de R$ 2.800 ou menos podem ser extremamente vantajosas. No entanto, valores superiores n\u00e3o s\u00e3o t\u00e3o atrativos, considerando que o iPhone 12 est\u00e1 na mesma faixa de pre\u00e7o e oferece funcionalidades mais modernas.<\/p>\n\n\n\n<p>Entre os destaques, est\u00e3o suas c\u00e2meras duplas de 12 megapixels. A tecnologia de estabiliza\u00e7\u00e3o \u00f3tica e a lente ultrawide garantem fotos de alta qualidade, com o modo noturno e o <strong>Deep Fusion<\/strong>, que elevam ainda mais o potencial de captura de imagens. Esses recursos posicionam o iPhone 11 \u00e0 frente de muitos modelos lan\u00e7ados na mesma \u00e9poca.<\/p>\n\n\n\n<h2 class=\"wp-block-heading\">Quais s\u00e3o as principais caracter\u00edsticas do iPhone 11?<\/h2>\n\n\n\n<p>O iPhone 11 tem como caracter\u00edsticas marcantes sua tela LCD de 6,1 polegadas e um processador A13 Bionic, que, apesar de n\u00e3o ser o mais veloz dentre os modelos da Apple, ainda oferece desempenho satisfat\u00f3rio para grande parte das atividades cotidianas. Possui diversas op\u00e7\u00f5es de armazenamento: 64 GB, 128 GB e 256 GB, o que permite ao consumidor escolher de acordo com suas necessidades de espa\u00e7o.<\/p>\n\n\n\n<ul class=\"wp-block-list\">\n<li><strong>Tela:<\/strong> 6,1 polegadas, resolu\u00e7\u00e3o de 1792 x 828 pixels<\/li>\n\n\n\n<li><strong>C\u00e2meras:<\/strong> Dupla traseira de 12 MP e frontal de 12 MP<\/li>\n\n\n\n<li><strong>Resist\u00eancia:<\/strong> Certifica\u00e7\u00e3o IP68<\/li>\n\n\n\n<li><strong>Processador:<\/strong> Apple A13 Bionic<\/li>\n\n\n\n<li><strong>Armazenamento:<\/strong> 64 GB, 128 GB e 256 GB<\/li>\n\n\n\n<li><strong>Disponibilidade de cores:<\/strong> preto, verde, amarelo, lil\u00e1s, vermelho e branco<\/li>\n<\/ul>\n\n\n\n<p>Desempenho e resist\u00eancia ainda s\u00e3o pontos positivos para o iPhone 11, mas \u00e9 necess\u00e1rio considerar a aus\u00eancia de suporte para 5G e a utiliza\u00e7\u00e3o do antigo conector Lightning. Apesar dessas limita\u00e7\u00f5es, continua a ser um aparelho desej\u00e1vel para muitos consumidores, especialmente para aqueles que procuram um celular da Apple com um pre\u00e7o mais acess\u00edvel.<\/p>\n","protected":false},"excerpt":{"rendered":"<p>Lan\u00e7ado em 2019, o iPhone 11 marcou uma nova era na linha de smartphones da Apple ao introduzir um design ic\u00f4nico que ainda se mant\u00e9m nas vers\u00f5es modernas. Mesmo ap\u00f3s seis anos desde sua estreia, o aparelho continua a ser uma op\u00e7\u00e3o atraente no mercado gra\u00e7as ao seu design dur\u00e1vel, qualidade de constru\u00e7\u00e3o e funcionalidades [&hellip;]<\/p>\n","protected":false},"author":5,"featured_media":15092,"comment_status":"open","ping_status":"open","sticky":false,"template":"","format":"standard","meta":{"jnews-multi-image_gallery":[],"jnews_single_post":{"format":"standard"},"jnews_primary_category":[],"jnews_social_meta":[],"jnews_override_counter":[],"footnotes":""},"categories":[1,4204],"tags":[3662,2580,3608],"class_list":["post-15089","post","type-post","status-publish","format-standard","has-post-thumbnail","hentry","category-noticias","category-tecnologia","tag-apple","tag-celular","tag-iphone"],"yoast_head":"<!-- This site is optimized with the Yoast SEO plugin v23.8 - https:\/\/yoast.com\/wordpress\/plugins\/seo\/ -->\n<title>Pre\u00e7o do iPhone 11 despenca! Veja se ainda compensa em 2025 - Estado de Minas - Em foco<\/title>\n<meta name=\"description\" content=\"O iPhone 11 segue sendo uma op\u00e7\u00e3o vi\u00e1vel em 2025? Descubra o pre\u00e7o atual e se ainda vale a pena investir nesse cl\u00e1ssico da Apple.\" \/>\n<meta name=\"robots\" content=\"index, follow, max-snippet:-1, max-image-preview:large, max-video-preview:-1\" \/>\n<link rel=\"canonical\" href=\"https:\/\/www.em.com.br\/emfoco\/2025\/02\/10\/preco-do-iphone-11-despenca-veja-se-ainda-compensa-em-2025\/\" \/>\n<meta property=\"og:locale\" content=\"pt_BR\" \/>\n<meta property=\"og:type\" content=\"article\" \/>\n<meta property=\"og:title\" content=\"Pre\u00e7o do iPhone 11 despenca! Veja se ainda compensa em 2025 - Estado de Minas - Em foco\" \/>\n<meta property=\"og:description\" content=\"O iPhone 11 segue sendo uma op\u00e7\u00e3o vi\u00e1vel em 2025? Descubra o pre\u00e7o atual e se ainda vale a pena investir nesse cl\u00e1ssico da Apple.\" \/>\n<meta property=\"og:url\" content=\"https:\/\/www.em.com.br\/emfoco\/2025\/02\/10\/preco-do-iphone-11-despenca-veja-se-ainda-compensa-em-2025\/\" \/>\n<meta property=\"og:site_name\" content=\"Estado de Minas - Em foco\" \/>\n<meta property=\"article:published_time\" content=\"2025-02-10T14:00:00+00:00\" \/>\n<meta property=\"article:modified_time\" content=\"2025-02-05T21:10:36+00:00\" \/>\n<meta property=\"og:image\" content=\"https:\/\/www.em.com.br\/emfoco\/wp-content\/uploads\/2025\/01\/iPhone-11_1738321073075.jpg\" \/>\n\t<meta property=\"og:image:width\" content=\"1280\" \/>\n\t<meta property=\"og:image:height\" content=\"720\" \/>\n\t<meta property=\"og:image:type\" content=\"image\/jpeg\" \/>\n<meta name=\"author\" content=\"N\u00fabia Rangel\" \/>\n<meta name=\"twitter:card\" content=\"summary_large_image\" \/>\n<meta name=\"twitter:label1\" content=\"Escrito por\" \/>\n\t<meta name=\"twitter:data1\" content=\"N\u00fabia Rangel\" \/>\n\t<meta name=\"twitter:label2\" content=\"Est. tempo de leitura\" \/>\n\t<meta name=\"twitter:data2\" content=\"4 minutos\" \/>\n<!-- \/ Yoast SEO plugin. -->","yoast_head_json":{"title":"Pre\u00e7o do iPhone 11 despenca! Veja se ainda compensa em 2025 - Estado de Minas - Em foco","description":"O iPhone 11 segue sendo uma op\u00e7\u00e3o vi\u00e1vel em 2025? Descubra o pre\u00e7o atual e se ainda vale a pena investir nesse cl\u00e1ssico da Apple.","robots":{"index":"index","follow":"follow","max-snippet":"max-snippet:-1","max-image-preview":"max-image-preview:large","max-video-preview":"max-video-preview:-1"},"canonical":"https:\/\/www.em.com.br\/emfoco\/2025\/02\/10\/preco-do-iphone-11-despenca-veja-se-ainda-compensa-em-2025\/","og_locale":"pt_BR","og_type":"article","og_title":"Pre\u00e7o do iPhone 11 despenca! Veja se ainda compensa em 2025 - Estado de Minas - Em foco","og_description":"O iPhone 11 segue sendo uma op\u00e7\u00e3o vi\u00e1vel em 2025? Descubra o pre\u00e7o atual e se ainda vale a pena investir nesse cl\u00e1ssico da Apple.","og_url":"https:\/\/www.em.com.br\/emfoco\/2025\/02\/10\/preco-do-iphone-11-despenca-veja-se-ainda-compensa-em-2025\/","og_site_name":"Estado de Minas - Em foco","article_published_time":"2025-02-10T14:00:00+00:00","article_modified_time":"2025-02-05T21:10:36+00:00","og_image":[{"width":1280,"height":720,"url":"https:\/\/www.em.com.br\/emfoco\/wp-content\/uploads\/2025\/01\/iPhone-11_1738321073075.jpg","type":"image\/jpeg"}],"author":"N\u00fabia Rangel","twitter_card":"summary_large_image","twitter_misc":{"Escrito por":"N\u00fabia Rangel","Est. tempo de leitura":"4 minutos"},"schema":{"@context":"https:\/\/schema.org","@graph":[{"@type":"WebPage","@id":"https:\/\/www.em.com.br\/emfoco\/2025\/02\/10\/preco-do-iphone-11-despenca-veja-se-ainda-compensa-em-2025\/","url":"https:\/\/www.em.com.br\/emfoco\/2025\/02\/10\/preco-do-iphone-11-despenca-veja-se-ainda-compensa-em-2025\/","name":"Pre\u00e7o do iPhone 11 despenca! Veja se ainda compensa em 2025 - Estado de Minas - Em foco","isPartOf":{"@id":"https:\/\/www.em.com.br\/emfoco\/#website"},"primaryImageOfPage":{"@id":"https:\/\/www.em.com.br\/emfoco\/2025\/02\/10\/preco-do-iphone-11-despenca-veja-se-ainda-compensa-em-2025\/#primaryimage"},"image":{"@id":"https:\/\/www.em.com.br\/emfoco\/2025\/02\/10\/preco-do-iphone-11-despenca-veja-se-ainda-compensa-em-2025\/#primaryimage"},"thumbnailUrl":"https:\/\/www.em.com.br\/emfoco\/wp-content\/uploads\/2025\/01\/iPhone-11_1738321073075.jpg","datePublished":"2025-02-10T14:00:00+00:00","dateModified":"2025-02-05T21:10:36+00:00","author":{"@id":"https:\/\/www.em.com.br\/emfoco\/#\/schema\/person\/524437ef54f8a5d32591b143307f2e20"},"description":"O iPhone 11 segue sendo uma op\u00e7\u00e3o vi\u00e1vel em 2025? Descubra o pre\u00e7o atual e se ainda vale a pena investir nesse cl\u00e1ssico da Apple.","breadcrumb":{"@id":"https:\/\/www.em.com.br\/emfoco\/2025\/02\/10\/preco-do-iphone-11-despenca-veja-se-ainda-compensa-em-2025\/#breadcrumb"},"inLanguage":"pt-BR","potentialAction":[{"@type":"ReadAction","target":["https:\/\/www.em.com.br\/emfoco\/2025\/02\/10\/preco-do-iphone-11-despenca-veja-se-ainda-compensa-em-2025\/"]}]},{"@type":"ImageObject","inLanguage":"pt-BR","@id":"https:\/\/www.em.com.br\/emfoco\/2025\/02\/10\/preco-do-iphone-11-despenca-veja-se-ainda-compensa-em-2025\/#primaryimage","url":"https:\/\/www.em.com.br\/emfoco\/wp-content\/uploads\/2025\/01\/iPhone-11_1738321073075.jpg","contentUrl":"https:\/\/www.em.com.br\/emfoco\/wp-content\/uploads\/2025\/01\/iPhone-11_1738321073075.jpg","width":1280,"height":720,"caption":"iPhone 11 - Cr\u00e9ditos: depositphotos.com \/ nycruss"},{"@type":"BreadcrumbList","@id":"https:\/\/www.em.com.br\/emfoco\/2025\/02\/10\/preco-do-iphone-11-despenca-veja-se-ainda-compensa-em-2025\/#breadcrumb","itemListElement":[{"@type":"ListItem","position":1,"name":"In\u00edcio","item":"https:\/\/www.em.com.br\/emfoco\/"},{"@type":"ListItem","position":2,"name":"Pre\u00e7o do iPhone 11 despenca! Veja se ainda compensa em 2025"}]},{"@type":"WebSite","@id":"https:\/\/www.em.com.br\/emfoco\/#website","url":"https:\/\/www.em.com.br\/emfoco\/","name":"Estado de Minas - Em foco","description":"Acompanhe as \u00faltimas not\u00edcias e fique bem informado sobre tudo o que acontece em Minas Gerais, Brasil e no mundo.","potentialAction":[{"@type":"SearchAction","target":{"@type":"EntryPoint","urlTemplate":"https:\/\/www.em.com.br\/emfoco\/?s={search_term_string}"},"query-input":{"@type":"PropertyValueSpecification","valueRequired":true,"valueName":"search_term_string"}}],"inLanguage":"pt-BR"},{"@type":"Person","@id":"https:\/\/www.em.com.br\/emfoco\/#\/schema\/person\/524437ef54f8a5d32591b143307f2e20","name":"N\u00fabia Rangel","image":{"@type":"ImageObject","inLanguage":"pt-BR","@id":"https:\/\/www.em.com.br\/emfoco\/#\/schema\/person\/image\/","url":"https:\/\/secure.gravatar.com\/avatar\/47cff2827a5ba23c37e8068c86817ea4?s=96&d=mm&r=g","contentUrl":"https:\/\/secure.gravatar.com\/avatar\/47cff2827a5ba23c37e8068c86817ea4?s=96&d=mm&r=g","caption":"N\u00fabia Rangel"},"sameAs":["https:\/\/www.em.com.br\/emfoco\/"],"url":"https:\/\/www.em.com.br\/emfoco\/author\/nubiamyth\/"}]}},"_links":{"self":[{"href":"https:\/\/www.em.com.br\/emfoco\/wp-json\/wp\/v2\/posts\/15089","targetHints":{"allow":["GET"]}}],"collection":[{"href":"https:\/\/www.em.com.br\/emfoco\/wp-json\/wp\/v2\/posts"}],"about":[{"href":"https:\/\/www.em.com.br\/emfoco\/wp-json\/wp\/v2\/types\/post"}],"author":[{"embeddable":true,"href":"https:\/\/www.em.com.br\/emfoco\/wp-json\/wp\/v2\/users\/5"}],"replies":[{"embeddable":true,"href":"https:\/\/www.em.com.br\/emfoco\/wp-json\/wp\/v2\/comments?post=15089"}],"version-history":[{"count":3,"href":"https:\/\/www.em.com.br\/emfoco\/wp-json\/wp\/v2\/posts\/15089\/revisions"}],"predecessor-version":[{"id":17086,"href":"https:\/\/www.em.com.br\/emfoco\/wp-json\/wp\/v2\/posts\/15089\/revisions\/17086"}],"wp:featuredmedia":[{"embeddable":true,"href":"https:\/\/www.em.com.br\/emfoco\/wp-json\/wp\/v2\/media\/15092"}],"wp:attachment":[{"href":"https:\/\/www.em.com.br\/emfoco\/wp-json\/wp\/v2\/media?parent=15089"}],"wp:term":[{"taxonomy":"category","embeddable":true,"href":"https:\/\/www.em.com.br\/emfoco\/wp-json\/wp\/v2\/categories?post=15089"},{"taxonomy":"post_tag","embeddable":true,"href":"https:\/\/www.em.com.br\/emfoco\/wp-json\/wp\/v2\/tags?post=15089"}],"curies":[{"name":"wp","href":"https:\/\/api.w.org\/{rel}","templated":true}]}}