{"id":150791,"date":"2026-01-07T10:15:00","date_gmt":"2026-01-07T13:15:00","guid":{"rendered":"https:\/\/www.em.com.br\/emfoco\/?p=150791"},"modified":"2026-01-05T16:25:07","modified_gmt":"2026-01-05T19:25:07","slug":"seu-chefe-pode-proibir-o-celular-no-trabalho-entenda-ate-onde-vai-o-direito-da-empresa-em-2026","status":"publish","type":"post","link":"https:\/\/www.em.com.br\/emfoco\/2026\/01\/07\/seu-chefe-pode-proibir-o-celular-no-trabalho-entenda-ate-onde-vai-o-direito-da-empresa-em-2026\/","title":{"rendered":"Seu chefe pode proibir o celular no trabalho? Entenda at\u00e9 onde vai o direito da empresa em 2026"},"content":{"rendered":"\n<h2 class=\"wp-block-heading\">Em 2026, a empresa pode restringir o uso de celular no trabalho com base no poder diretivo da CLT, desde que a regra seja proporcional, geral e justificada. A proibi\u00e7\u00e3o n\u00e3o pode violar privacidade, impedir emerg\u00eancias ou gerar justa causa sem puni\u00e7\u00f5es pr\u00e9vias.<\/h2>\n\n\n\n<p>O uso de celular no ambiente profissional virou um dos maiores focos de conflito em 2026. A <strong>legisla\u00e7\u00e3o trabalhista<\/strong> permite restri\u00e7\u00f5es impostas pela empresa, mas estabelece limites claros para evitar abusos, preservar a <strong>privacidade do trabalhador<\/strong> e impedir puni\u00e7\u00f5es consideradas ilegais.<\/p>\n\n\n\n<h2 class=\"wp-block-heading\">O patr\u00e3o pode mesmo proibir o uso de celular no trabalho?<\/h2>\n\n\n\n<p>A <strong>CLT<\/strong>, no artigo 2\u00ba, garante ao empregador o chamado <strong>poder diretivo<\/strong>, que permite definir regras sobre como o trabalho ser\u00e1 executado. Se o celular comprometer produtividade, foco ou seguran\u00e7a, a restri\u00e7\u00e3o \u00e9 considerada legal.<\/p>\n\n\n\n<p>Essa proibi\u00e7\u00e3o, por\u00e9m, n\u00e3o \u00e9 autom\u00e1tica nem irrestrita. A <strong><a href=\"https:\/\/www.trt9.jus.br\/\" target=\"_blank\" rel=\"noreferrer noopener\">Justi\u00e7a do Trabalho<\/a><\/strong> analisa se a medida \u00e9 razo\u00e1vel, proporcional e aplicada de forma geral, evitando persegui\u00e7\u00e3o individual ou viola\u00e7\u00e3o de direitos fundamentais do empregado.<\/p>\n\n\n\n<figure class=\"wp-block-image size-large\"><img loading=\"lazy\" decoding=\"async\" width=\"1024\" height=\"576\" src=\"https:\/\/www.em.com.br\/emfoco\/wp-content\/uploads\/2026\/01\/IA-4-18-1024x576.jpg\" alt=\"Seu chefe pode proibir o celular no trabalho? Entenda at\u00e9 onde vai o direito da empresa em 2026\" class=\"wp-image-150832\" srcset=\"https:\/\/www.em.com.br\/emfoco\/wp-content\/uploads\/2026\/01\/IA-4-18-1024x576.jpg 1024w, https:\/\/www.em.com.br\/emfoco\/wp-content\/uploads\/2026\/01\/IA-4-18-300x169.jpg 300w, https:\/\/www.em.com.br\/emfoco\/wp-content\/uploads\/2026\/01\/IA-4-18-768x432.jpg 768w, https:\/\/www.em.com.br\/emfoco\/wp-content\/uploads\/2026\/01\/IA-4-18-750x422.jpg 750w, https:\/\/www.em.com.br\/emfoco\/wp-content\/uploads\/2026\/01\/IA-4-18-1140x641.jpg 1140w, https:\/\/www.em.com.br\/emfoco\/wp-content\/uploads\/2026\/01\/IA-4-18.jpg 1280w\" sizes=\"auto, (max-width: 1024px) 100vw, 1024px\" \/><figcaption class=\"wp-element-caption\">Empregador pode proibir celular com base no poder diretivo da CLT<\/figcaption><\/figure>\n\n\n\n<h2 class=\"wp-block-heading\">Em quais situa\u00e7\u00f5es a proibi\u00e7\u00e3o costuma ser aceita pela Justi\u00e7a?<\/h2>\n\n\n\n<p>H\u00e1 cen\u00e1rios em que a restri\u00e7\u00e3o ao <strong>uso de celular no expediente<\/strong> \u00e9 vista como necess\u00e1ria para proteger vidas e evitar acidentes. Nessas situa\u00e7\u00f5es, a jurisprud\u00eancia tende a validar regras mais r\u00edgidas, conforme os casos a seguir.<\/p>\n\n\n\n<ul class=\"wp-block-list\">\n<li>Ambientes de risco: locais industriais, hospitais e \u00e1reas com m\u00e1quinas pesadas.<\/li>\n\n\n\n<li>Normas regulamentadoras: exig\u00eancias de seguran\u00e7a previstas nas <strong>NRs<\/strong> do trabalho.<\/li>\n\n\n\n<li>Risco coletivo: possibilidade de explos\u00f5es, falhas operacionais ou acidentes graves.<\/li>\n<\/ul>\n\n\n\n<p><em>Leia mais: <strong><a href=\"https:\/\/www.em.com.br\/emfoco\/2026\/01\/05\/justica-do-trabalho-reduz-jornada-de-mae-com-filha-com-deficiencia-para-4h-diarias-e-impoe-multa-de-r-10-mil-por-descumprimento\/\" target=\"_blank\" rel=\"noreferrer noopener\">Justi\u00e7a do Trabalho reduz jornada de m\u00e3e com filha com defici\u00eancia para 4h di\u00e1rias e imp\u00f5e multa de R$ 10 mil por descumprimento<\/a><\/strong><\/em><\/p>\n\n\n\n<h2 class=\"wp-block-heading\">A empresa pode demitir por justa causa por causa do celular?<\/h2>\n\n\n\n<p>A <strong>demiss\u00e3o por justa causa<\/strong> \u00e9 poss\u00edvel, mas considerada medida extrema. O artigo 482 da CLT prev\u00ea puni\u00e7\u00e3o por <strong>des\u00eddia<\/strong> ou <strong>indisciplina<\/strong>, desde que o uso do celular seja recorrente e prejudique o trabalho.<\/p>\n\n\n\n<p>Os tribunais exigem <strong>puni\u00e7\u00e3o progressiva<\/strong>. Advert\u00eancias e suspens\u00f5es devem anteceder a demiss\u00e3o. Aplicar justa causa sem hist\u00f3rico de penalidades costuma ser revertido, gerando reintegra\u00e7\u00e3o ou indeniza\u00e7\u00e3o ao trabalhador.<\/p>\n\n\n\n<figure class=\"wp-block-image size-large\"><img loading=\"lazy\" decoding=\"async\" width=\"1024\" height=\"576\" src=\"https:\/\/www.em.com.br\/emfoco\/wp-content\/uploads\/2026\/01\/IA-5-16-1024x576.jpg\" alt=\"Seu chefe pode proibir o celular no trabalho? Entenda at\u00e9 onde vai o direito da empresa em 2026\" class=\"wp-image-150834\" srcset=\"https:\/\/www.em.com.br\/emfoco\/wp-content\/uploads\/2026\/01\/IA-5-16-1024x576.jpg 1024w, https:\/\/www.em.com.br\/emfoco\/wp-content\/uploads\/2026\/01\/IA-5-16-300x169.jpg 300w, https:\/\/www.em.com.br\/emfoco\/wp-content\/uploads\/2026\/01\/IA-5-16-768x432.jpg 768w, https:\/\/www.em.com.br\/emfoco\/wp-content\/uploads\/2026\/01\/IA-5-16-750x422.jpg 750w, https:\/\/www.em.com.br\/emfoco\/wp-content\/uploads\/2026\/01\/IA-5-16-1140x641.jpg 1140w, https:\/\/www.em.com.br\/emfoco\/wp-content\/uploads\/2026\/01\/IA-5-16.jpg 1280w\" sizes=\"auto, (max-width: 1024px) 100vw, 1024px\" \/><figcaption class=\"wp-element-caption\">Justa causa s\u00f3 vale com reincid\u00eancia e puni\u00e7\u00f5es aplicadas gradualmente<\/figcaption><\/figure>\n\n\n\n<h2 class=\"wp-block-heading\">Quais limites a empresa n\u00e3o pode ultrapassar em nenhuma hip\u00f3tese?<\/h2>\n\n\n\n<p>Mesmo com regras internas, h\u00e1 direitos que n\u00e3o podem ser violados. A empresa pode restringir o uso, mas n\u00e3o pode invadir a esfera pessoal do funcion\u00e1rio, conforme pontos pr\u00e1ticos e alertas abaixo.<\/p>\n\n\n\n<ul class=\"wp-block-list\">\n<li>Privacidade: \u00e9 proibido revistar o aparelho ou acessar mensagens e fotos.<\/li>\n\n\n\n<li>Isonomia: a regra deve valer para todos, sem discrimina\u00e7\u00e3o individual.<\/li>\n\n\n\n<li>Emerg\u00eancias: o trabalhador n\u00e3o pode ficar incomunic\u00e1vel, devendo haver alternativa.<\/li>\n<\/ul>\n\n\n\n<p>Quando h\u00e1 monitoramento abusivo ou exig\u00eancia de entrega do celular desbloqueado, a Justi\u00e7a reconhece <strong>danos morais<\/strong>, refor\u00e7ando que produtividade n\u00e3o pode se sobrepor \u00e0 dignidade humana no ambiente de trabalho.<\/p>\n","protected":false},"excerpt":{"rendered":"<p>Em 2026, a empresa pode restringir o uso de celular no trabalho com base no poder diretivo da CLT, desde que a regra seja proporcional, geral e justificada. A proibi\u00e7\u00e3o n\u00e3o pode violar privacidade, impedir emerg\u00eancias ou gerar justa causa sem puni\u00e7\u00f5es pr\u00e9vias. O uso de celular no ambiente profissional virou um dos maiores focos [&hellip;]<\/p>\n","protected":false},"author":13,"featured_media":150831,"comment_status":"open","ping_status":"open","sticky":false,"template":"","format":"standard","meta":{"jnews-multi-image_gallery":[],"jnews_single_post":{"format":"standard"},"jnews_primary_category":[],"jnews_social_meta":[],"jnews_override_counter":[],"footnotes":""},"categories":[28],"tags":[21997,16387,1758],"class_list":["post-150791","post","type-post","status-publish","format-standard","has-post-thumbnail","hentry","category-economia","tag-celular-no-trabalho","tag-justica-do-trabalho","tag-legislacao-trabalhista"],"yoast_head":"<!-- This site is optimized with the Yoast SEO plugin v23.8 - https:\/\/yoast.com\/wordpress\/plugins\/seo\/ -->\n<title>Seu chefe pode proibir o celular no trabalho? Entenda at\u00e9 onde vai o direito da empresa em 2026 - Estado de Minas - Em foco<\/title>\n<meta name=\"description\" content=\"Regras sobre celular no trabalho precisam ser claras e ison\u00f4micas. Monitoramento abusivo pode gerar indeniza\u00e7\u00e3o.\" \/>\n<meta name=\"robots\" content=\"index, follow, max-snippet:-1, max-image-preview:large, max-video-preview:-1\" \/>\n<link rel=\"canonical\" href=\"https:\/\/www.em.com.br\/emfoco\/2026\/01\/07\/seu-chefe-pode-proibir-o-celular-no-trabalho-entenda-ate-onde-vai-o-direito-da-empresa-em-2026\/\" \/>\n<meta property=\"og:locale\" content=\"pt_BR\" \/>\n<meta property=\"og:type\" content=\"article\" \/>\n<meta property=\"og:title\" content=\"Seu chefe pode proibir o celular no trabalho? Entenda at\u00e9 onde vai o direito da empresa em 2026 - Estado de Minas - Em foco\" \/>\n<meta property=\"og:description\" content=\"Regras sobre celular no trabalho precisam ser claras e ison\u00f4micas. Monitoramento abusivo pode gerar indeniza\u00e7\u00e3o.\" \/>\n<meta property=\"og:url\" content=\"https:\/\/www.em.com.br\/emfoco\/2026\/01\/07\/seu-chefe-pode-proibir-o-celular-no-trabalho-entenda-ate-onde-vai-o-direito-da-empresa-em-2026\/\" \/>\n<meta property=\"og:site_name\" content=\"Estado de Minas - Em foco\" \/>\n<meta property=\"article:published_time\" content=\"2026-01-07T13:15:00+00:00\" \/>\n<meta property=\"article:modified_time\" content=\"2026-01-05T19:25:07+00:00\" \/>\n<meta property=\"og:image\" content=\"https:\/\/www.em.com.br\/emfoco\/wp-content\/uploads\/2026\/01\/IA-3-18.jpg\" \/>\n\t<meta property=\"og:image:width\" content=\"1280\" \/>\n\t<meta property=\"og:image:height\" content=\"720\" \/>\n\t<meta property=\"og:image:type\" content=\"image\/jpeg\" \/>\n<meta name=\"author\" content=\"Gabriel Martins\" \/>\n<meta name=\"twitter:card\" content=\"summary_large_image\" \/>\n<meta name=\"twitter:label1\" content=\"Escrito por\" \/>\n\t<meta name=\"twitter:data1\" content=\"Gabriel Martins\" \/>\n\t<meta name=\"twitter:label2\" content=\"Est. tempo de leitura\" \/>\n\t<meta name=\"twitter:data2\" content=\"4 minutos\" \/>\n<!-- \/ Yoast SEO plugin. -->","yoast_head_json":{"title":"Seu chefe pode proibir o celular no trabalho? Entenda at\u00e9 onde vai o direito da empresa em 2026 - Estado de Minas - Em foco","description":"Regras sobre celular no trabalho precisam ser claras e ison\u00f4micas. Monitoramento abusivo pode gerar indeniza\u00e7\u00e3o.","robots":{"index":"index","follow":"follow","max-snippet":"max-snippet:-1","max-image-preview":"max-image-preview:large","max-video-preview":"max-video-preview:-1"},"canonical":"https:\/\/www.em.com.br\/emfoco\/2026\/01\/07\/seu-chefe-pode-proibir-o-celular-no-trabalho-entenda-ate-onde-vai-o-direito-da-empresa-em-2026\/","og_locale":"pt_BR","og_type":"article","og_title":"Seu chefe pode proibir o celular no trabalho? Entenda at\u00e9 onde vai o direito da empresa em 2026 - Estado de Minas - Em foco","og_description":"Regras sobre celular no trabalho precisam ser claras e ison\u00f4micas. Monitoramento abusivo pode gerar indeniza\u00e7\u00e3o.","og_url":"https:\/\/www.em.com.br\/emfoco\/2026\/01\/07\/seu-chefe-pode-proibir-o-celular-no-trabalho-entenda-ate-onde-vai-o-direito-da-empresa-em-2026\/","og_site_name":"Estado de Minas - Em foco","article_published_time":"2026-01-07T13:15:00+00:00","article_modified_time":"2026-01-05T19:25:07+00:00","og_image":[{"width":1280,"height":720,"url":"https:\/\/www.em.com.br\/emfoco\/wp-content\/uploads\/2026\/01\/IA-3-18.jpg","type":"image\/jpeg"}],"author":"Gabriel Martins","twitter_card":"summary_large_image","twitter_misc":{"Escrito por":"Gabriel Martins","Est. tempo de leitura":"4 minutos"},"schema":{"@context":"https:\/\/schema.org","@graph":[{"@type":"WebPage","@id":"https:\/\/www.em.com.br\/emfoco\/2026\/01\/07\/seu-chefe-pode-proibir-o-celular-no-trabalho-entenda-ate-onde-vai-o-direito-da-empresa-em-2026\/","url":"https:\/\/www.em.com.br\/emfoco\/2026\/01\/07\/seu-chefe-pode-proibir-o-celular-no-trabalho-entenda-ate-onde-vai-o-direito-da-empresa-em-2026\/","name":"Seu chefe pode proibir o celular no trabalho? Entenda at\u00e9 onde vai o direito da empresa em 2026 - Estado de Minas - Em foco","isPartOf":{"@id":"https:\/\/www.em.com.br\/emfoco\/#website"},"primaryImageOfPage":{"@id":"https:\/\/www.em.com.br\/emfoco\/2026\/01\/07\/seu-chefe-pode-proibir-o-celular-no-trabalho-entenda-ate-onde-vai-o-direito-da-empresa-em-2026\/#primaryimage"},"image":{"@id":"https:\/\/www.em.com.br\/emfoco\/2026\/01\/07\/seu-chefe-pode-proibir-o-celular-no-trabalho-entenda-ate-onde-vai-o-direito-da-empresa-em-2026\/#primaryimage"},"thumbnailUrl":"https:\/\/www.em.com.br\/emfoco\/wp-content\/uploads\/2026\/01\/IA-3-18.jpg","datePublished":"2026-01-07T13:15:00+00:00","dateModified":"2026-01-05T19:25:07+00:00","author":{"@id":"https:\/\/www.em.com.br\/emfoco\/#\/schema\/person\/1c9ddeab18b98abeffef834667bcf08a"},"description":"Regras sobre celular no trabalho precisam ser claras e ison\u00f4micas. Monitoramento abusivo pode gerar indeniza\u00e7\u00e3o.","breadcrumb":{"@id":"https:\/\/www.em.com.br\/emfoco\/2026\/01\/07\/seu-chefe-pode-proibir-o-celular-no-trabalho-entenda-ate-onde-vai-o-direito-da-empresa-em-2026\/#breadcrumb"},"inLanguage":"pt-BR","potentialAction":[{"@type":"ReadAction","target":["https:\/\/www.em.com.br\/emfoco\/2026\/01\/07\/seu-chefe-pode-proibir-o-celular-no-trabalho-entenda-ate-onde-vai-o-direito-da-empresa-em-2026\/"]}]},{"@type":"ImageObject","inLanguage":"pt-BR","@id":"https:\/\/www.em.com.br\/emfoco\/2026\/01\/07\/seu-chefe-pode-proibir-o-celular-no-trabalho-entenda-ate-onde-vai-o-direito-da-empresa-em-2026\/#primaryimage","url":"https:\/\/www.em.com.br\/emfoco\/wp-content\/uploads\/2026\/01\/IA-3-18.jpg","contentUrl":"https:\/\/www.em.com.br\/emfoco\/wp-content\/uploads\/2026\/01\/IA-3-18.jpg","width":1280,"height":720,"caption":"Uso de celular no trabalho gera conflitos e exige limites legais claros"},{"@type":"BreadcrumbList","@id":"https:\/\/www.em.com.br\/emfoco\/2026\/01\/07\/seu-chefe-pode-proibir-o-celular-no-trabalho-entenda-ate-onde-vai-o-direito-da-empresa-em-2026\/#breadcrumb","itemListElement":[{"@type":"ListItem","position":1,"name":"In\u00edcio","item":"https:\/\/www.em.com.br\/emfoco\/"},{"@type":"ListItem","position":2,"name":"Seu chefe pode proibir o celular no trabalho? Entenda at\u00e9 onde vai o direito da empresa em 2026"}]},{"@type":"WebSite","@id":"https:\/\/www.em.com.br\/emfoco\/#website","url":"https:\/\/www.em.com.br\/emfoco\/","name":"Estado de Minas - Em foco","description":"Acompanhe as \u00faltimas not\u00edcias e fique bem informado sobre tudo o que acontece em Minas Gerais, Brasil e no mundo.","potentialAction":[{"@type":"SearchAction","target":{"@type":"EntryPoint","urlTemplate":"https:\/\/www.em.com.br\/emfoco\/?s={search_term_string}"},"query-input":{"@type":"PropertyValueSpecification","valueRequired":true,"valueName":"search_term_string"}}],"inLanguage":"pt-BR"},{"@type":"Person","@id":"https:\/\/www.em.com.br\/emfoco\/#\/schema\/person\/1c9ddeab18b98abeffef834667bcf08a","name":"Gabriel Martins","image":{"@type":"ImageObject","inLanguage":"pt-BR","@id":"https:\/\/www.em.com.br\/emfoco\/#\/schema\/person\/image\/","url":"https:\/\/secure.gravatar.com\/avatar\/f0f1e2efdfd88f1ad2cb08c5c2731e50?s=96&d=mm&r=g","contentUrl":"https:\/\/secure.gravatar.com\/avatar\/f0f1e2efdfd88f1ad2cb08c5c2731e50?s=96&d=mm&r=g","caption":"Gabriel Martins"},"sameAs":["https:\/\/www.em.com.br\/emfoco\/"],"url":"https:\/\/www.em.com.br\/emfoco\/author\/gabrielmartinsmyth\/"}]}},"_links":{"self":[{"href":"https:\/\/www.em.com.br\/emfoco\/wp-json\/wp\/v2\/posts\/150791","targetHints":{"allow":["GET"]}}],"collection":[{"href":"https:\/\/www.em.com.br\/emfoco\/wp-json\/wp\/v2\/posts"}],"about":[{"href":"https:\/\/www.em.com.br\/emfoco\/wp-json\/wp\/v2\/types\/post"}],"author":[{"embeddable":true,"href":"https:\/\/www.em.com.br\/emfoco\/wp-json\/wp\/v2\/users\/13"}],"replies":[{"embeddable":true,"href":"https:\/\/www.em.com.br\/emfoco\/wp-json\/wp\/v2\/comments?post=150791"}],"version-history":[{"count":1,"href":"https:\/\/www.em.com.br\/emfoco\/wp-json\/wp\/v2\/posts\/150791\/revisions"}],"predecessor-version":[{"id":150835,"href":"https:\/\/www.em.com.br\/emfoco\/wp-json\/wp\/v2\/posts\/150791\/revisions\/150835"}],"wp:featuredmedia":[{"embeddable":true,"href":"https:\/\/www.em.com.br\/emfoco\/wp-json\/wp\/v2\/media\/150831"}],"wp:attachment":[{"href":"https:\/\/www.em.com.br\/emfoco\/wp-json\/wp\/v2\/media?parent=150791"}],"wp:term":[{"taxonomy":"category","embeddable":true,"href":"https:\/\/www.em.com.br\/emfoco\/wp-json\/wp\/v2\/categories?post=150791"},{"taxonomy":"post_tag","embeddable":true,"href":"https:\/\/www.em.com.br\/emfoco\/wp-json\/wp\/v2\/tags?post=150791"}],"curies":[{"name":"wp","href":"https:\/\/api.w.org\/{rel}","templated":true}]}}