{"id":150761,"date":"2026-01-06T22:05:03","date_gmt":"2026-01-07T01:05:03","guid":{"rendered":"https:\/\/www.em.com.br\/emfoco\/?p=150761"},"modified":"2026-01-05T17:35:56","modified_gmt":"2026-01-05T20:35:56","slug":"o-segredo-para-transformar-o-visual-basico-em-pura-elegancia-no-trabalho","status":"publish","type":"post","link":"https:\/\/www.em.com.br\/emfoco\/2026\/01\/06\/o-segredo-para-transformar-o-visual-basico-em-pura-elegancia-no-trabalho\/","title":{"rendered":"O segredo para transformar o visual b\u00e1sico em pura eleg\u00e2ncia no trabalho"},"content":{"rendered":"\n<h2 class=\"wp-block-heading\">A escolha de acess\u00f3rios profissionais prioriza equil\u00edbrio e pe\u00e7as funcionais como rel\u00f3gios, bolsas estruturadas e joias minimalistas. O kit ideal deve ter cores neutras como preto e marrom para facilitar a rotina di\u00e1ria.<\/h2>\n\n\n\n<p><b>Voc\u00ea j\u00e1 precisou sair correndo de casa<\/b>, pegou qualquer acess\u00f3rio e, ao chegar no trabalho, sentiu que <b>algo no visual n\u00e3o encaixava<\/b>? No ambiente corporativo, pequenos detalhes fazem diferen\u00e7a, e os acess\u00f3rios certos ajudam a transmitir <b>cuidado<\/b>, seguran\u00e7a e personalidade, sem perder o profissionalismo. Com escolhas simples e conscientes, \u00e9 poss\u00edvel manter um visual elegante e funcional no dia a dia.<\/p>\n\n\n\n<h2 class=\"wp-block-heading\">Por que os acess\u00f3rios certos fazem diferen\u00e7a no ambiente de trabalho<\/h2>\n\n\n\n<p>Estar em um <b>ambiente corporativo<\/b> n\u00e3o impede que a apar\u00eancia transmita estilo e <b>cuidado com a pr\u00f3pria imagem<\/b>. Com alguns acess\u00f3rios bem escolhidos, d\u00e1 para manter uma <b>postura profissional<\/b> e, ao mesmo tempo, um visual elegante e coerente com o local.<\/p>\n\n\n\n<p>A chave est\u00e1 em optar por pe\u00e7as <b>discretas<\/b>, funcionais e de boa qualidade, que harmonizem com o dress code da empresa. Assim, voc\u00ea mostra que <b>se preocupa com os detalhes<\/b>, sem exagerar ou parecer <b>\u201cproduzido demais\u201d<\/b> para o dia a dia.<\/p>\n\n\n\n<h2 class=\"wp-block-heading\">Como os acess\u00f3rios ajudam a criar uma identidade visual profissional<\/h2>\n\n\n\n<p>Ao escolher acess\u00f3rios para trabalhar, muitas pessoas buscam op\u00e7\u00f5es que <b>combinem com diferentes looks<\/b> ao longo da semana, sem exageros. Pe\u00e7as vers\u00e1teis ajudam a criar uma <b>identidade visual coerente<\/b>, sem chamar aten\u00e7\u00e3o em excesso ou parecer <b>repetitivas<\/b>.<\/p>\n\n\n\n<p>Dessa forma, acess\u00f3rios bem planejados podem se tornar <b>aliados di\u00e1rios<\/b> para quem pretende continuar chique no escrit\u00f3rio, em reuni\u00f5es externas ou no modelo h\u00edbrido, indo do <b>home office ao presencial<\/b> com pequenas adapta\u00e7\u00f5es que preservem o <b>profissionalismo<\/b>.<\/p>\n\n\n<div class=\"wp-block-image\">\n<figure class=\"aligncenter size-large\"><img loading=\"lazy\" decoding=\"async\" width=\"1024\" height=\"576\" src=\"https:\/\/www.em.com.br\/emfoco\/wp-content\/uploads\/2025\/03\/acessorios_1742607136891-1024x576.jpg\" alt=\"\" class=\"wp-image-31251\" srcset=\"https:\/\/www.em.com.br\/emfoco\/wp-content\/uploads\/2025\/03\/acessorios_1742607136891-1024x576.jpg 1024w, https:\/\/www.em.com.br\/emfoco\/wp-content\/uploads\/2025\/03\/acessorios_1742607136891-300x169.jpg 300w, https:\/\/www.em.com.br\/emfoco\/wp-content\/uploads\/2025\/03\/acessorios_1742607136891-768x432.jpg 768w, https:\/\/www.em.com.br\/emfoco\/wp-content\/uploads\/2025\/03\/acessorios_1742607136891-750x422.jpg 750w, https:\/\/www.em.com.br\/emfoco\/wp-content\/uploads\/2025\/03\/acessorios_1742607136891-1140x641.jpg 1140w, https:\/\/www.em.com.br\/emfoco\/wp-content\/uploads\/2025\/03\/acessorios_1742607136891.jpg 1280w\" sizes=\"auto, (max-width: 1024px) 100vw, 1024px\" \/><figcaption class=\"wp-element-caption\">Dessa forma, acess\u00f3rios bem planejados podem se tornar aliados di\u00e1rios para quem pretende- Cr\u00e9ditos: depositphotos.com \/ AllaSerebrina<\/figcaption><\/figure><\/div>\n\n\n<p>Leia tamb\u00e9m:&nbsp;<a href=\"https:\/\/www.em.com.br\/emfoco\/2026\/01\/03\/tendencias-de-2026-para-quem-busca-praticidade-e-pecas-faceis-de-combinar\/\" target=\"_blank\" rel=\"noopener\">Tend\u00eancias de 2026 para quem busca praticidade e pe\u00e7as f\u00e1ceis de combinar<\/a><\/p>\n\n\n\n<h2 class=\"wp-block-heading\">Quais acess\u00f3rios s\u00e3o realmente essenciais para trabalhar com eleg\u00e2ncia<\/h2>\n\n\n\n<p>A palavra-chave para manter eleg\u00e2ncia no dia a dia profissional \u00e9 <b>equil\u00edbrio<\/b>. Os melhores acess\u00f3rios para usar no trabalho n\u00e3o s\u00e3o, necessariamente, os mais <b>caros ou chamativos<\/b>, mas aqueles que complementam a roupa, <b>transmitem organiza\u00e7\u00e3o<\/b> e respeitam o ambiente.<\/p>\n\n\n\n<p>Rel\u00f3gios, bolsas estruturadas, cintos discretos e joias minimalistas comp\u00f5em um conjunto que <b>refor\u00e7a cuidado com os detalhes<\/b>. Al\u00e9m disso, ajudam a comunicar <b>seriedade<\/b>, confian\u00e7a e estilo, sem precisar de produ\u00e7\u00f5es <b>elaboradas<\/b>.<\/p>\n\n\n\n<h2 class=\"wp-block-heading\">Exemplos de acess\u00f3rios curingas para um visual chique no trabalho<\/h2>\n\n\n\n<p>Entre os acess\u00f3rios mais associados a um <b>visual chique no trabalho<\/b>, alguns se destacam pela versatilidade e pela <b>facilidade de combina\u00e7\u00e3o<\/b>. Eles funcionam bem tanto em looks sociais quanto em produ\u00e7\u00f5es mais <b>casuais de escrit\u00f3rio<\/b>.<\/p>\n\n\n\n<ul class=\"wp-block-list\">\n<li><b>Rel\u00f3gio cl\u00e1ssico:<\/b> com pulseira de couro ou metal discreto, passa sensa\u00e7\u00e3o de <b>organiza\u00e7\u00e3o<\/b> e pontualidade.<\/li>\n<\/ul>\n\n\n\n<figure class=\"wp-block-embed is-type-rich is-provider-pinterest wp-block-embed-pinterest\"><div class=\"wp-block-embed__wrapper\">\n<iframe loading=\"lazy\" title=\"Tidl\u00f6sa handgjorda klockor och smycken f\u00f6r kvinnor - Mockberg\" src=\"https:\/\/assets.pinterest.com\/ext\/embed.html?id=4785143351244590&#038;src=oembed\" height=\"775\" width=\"450\" frameborder=\"0\" scrolling=\"no\" ><\/iframe>\n<\/div><\/figure>\n\n\n\n<ul class=\"wp-block-list\">\n<li><b>Bolsas estruturadas ou pastas:<\/b> modelos m\u00e9dios, com boa divis\u00e3o interna, mant\u00eam <b>documentos<\/b>, notebook e itens pessoais em ordem.<\/li>\n<\/ul>\n\n\n\n<figure class=\"wp-block-embed is-type-rich is-provider-pinterest wp-block-embed-pinterest\"><div class=\"wp-block-embed__wrapper\">\n<iframe loading=\"lazy\" title=\"Nunca mais erre na escolha da bolsa! Leia a legenda\ud83d\udc47\ud83c\udffc\u2728\u2714\ufe0f Se a proposta \u00e9 um visual elegante aposte em bolsas mais estruturadas, com um tamanho de m\u00e9dio a grande (isso vai depender da sua propor\u00e7\u00e3o corporal) e escolha bolsas com visual mais polido e sofisticado \u2714\ufe0fJ\u00e1 se a proposta do look for mais despojado, a escolha da bolsa deve acompanhar a proposta. Invista em bolsas estilo bag, com couro mais flex\u00edvel, ou ent\u00e3o o acabamento em palha tamb\u00e9m pode ser uma \u00f3tima escolha! Esse estilo de bo...\" src=\"https:\/\/assets.pinterest.com\/ext\/embed.html?id=677580706472232606&#038;src=oembed\" height=\"899\" width=\"450\" frameborder=\"0\" scrolling=\"no\" ><\/iframe>\n<\/div><\/figure>\n\n\n\n<ul class=\"wp-block-list\">\n<li><b>Cintos neutros:<\/b> em tons como preto, marrom ou caramelo, d\u00e3o <b>acabamento ao look<\/b> e ajustam roupas com caimento mais solto.<\/li>\n<\/ul>\n\n\n\n<figure class=\"wp-block-embed is-type-rich is-provider-pinterest wp-block-embed-pinterest\"><div class=\"wp-block-embed__wrapper\">\n<iframe loading=\"lazy\" title=\"Look todo off white com cinto baz marrom \ud83d\ude31  - toque na sacolinha para comprar \ud83d\uded2\" src=\"https:\/\/assets.pinterest.com\/ext\/embed.html?id=227080006207180101&#038;src=oembed\" height=\"663\" width=\"450\" frameborder=\"0\" scrolling=\"no\" ><\/iframe>\n<\/div><\/figure>\n\n\n\n<ul class=\"wp-block-list\">\n<li><b>Joias e semijoias minimalistas:<\/b> brincos pequenos, correntes finas e an\u00e9is delicados complementam o <b>visual<\/b> sem roubar a cena.<\/li>\n<\/ul>\n\n\n\n<figure class=\"wp-block-embed is-type-rich is-provider-pinterest wp-block-embed-pinterest\"><div class=\"wp-block-embed__wrapper\">\n<iframe loading=\"lazy\" title=\"#jewelry #joias #aestheticvideos\" src=\"https:\/\/assets.pinterest.com\/ext\/embed.html?id=2322237302400412&#038;src=oembed\" height=\"899\" width=\"450\" frameborder=\"0\" scrolling=\"no\" ><\/iframe>\n<\/div><\/figure>\n\n\n\n<ul class=\"wp-block-list\">\n<li><b>Len\u00e7os e echarpes:<\/b> \u00f3timos para lidar com ar-condicionado forte ou mudan\u00e7as de <b>temperatura ao longo do dia<\/b>.<\/li>\n<\/ul>\n\n\n\n<figure class=\"wp-block-embed is-type-rich is-provider-pinterest wp-block-embed-pinterest\"><div class=\"wp-block-embed__wrapper\">\n<iframe loading=\"lazy\" title=\" \" src=\"https:\/\/assets.pinterest.com\/ext\/embed.html?id=68749190048&#038;src=oembed\" height=\"899\" width=\"450\" frameborder=\"0\" scrolling=\"no\" ><\/iframe>\n<\/div><\/figure>\n\n\n\n<h2 class=\"wp-block-heading\">Quais crit\u00e9rios usar ao montar seu kit de acess\u00f3rios profissionais<\/h2>\n\n\n\n<p>Na pr\u00e1tica, vale montar um pequeno <b>\u201ckit base\u201d de acess\u00f3rios<\/b> que combine com quase tudo. Isso facilita a rotina na hora de se arrumar e evita <b>inseguran\u00e7a diante do espelho<\/b> antes de sair de casa, tornando o processo de escolha mais <b>r\u00e1pido<\/b>.<\/p>\n\n\n\n<ol class=\"wp-block-list\">\n<li><b>Observar o dress code da empresa<\/b><br>Ambientes jur\u00eddicos e financeiros costumam pedir acess\u00f3rios <b>cl\u00e1ssicos<\/b>; j\u00e1 \u00e1reas de moda, publicidade ou tecnologia tendem a permitir <b>combina\u00e7\u00f5es mais modernas<\/b> e um pouco mais de ousadia controlada.<\/li>\n\n\n\n<li><b>Priorizar conforto e funcionalidade<\/b><br>Bolsas e mochilas executivas precisam suportar peso, proteger <b>eletr\u00f4nicos<\/b> e ainda ter boa apar\u00eancia, assim como sapatos sociais ou <b>sapatilhas confort\u00e1veis<\/b> que aguentem a rotina sem prejudicar a <b>postura<\/b>.<\/li>\n\n\n\n<li><b>Optar por uma paleta de cores vers\u00e1til<\/b><br>Tons como preto, marrom, nude, cinza e off-white combinam com diversas roupas, permitindo <b>repetir acess\u00f3rios<\/b> sem ficar cansativo e garantindo um <b>visual harm\u00f4nico<\/b> no dia a dia.<\/li>\n<\/ol>\n\n\n\n<h2 class=\"wp-block-heading\">Como manter o visual chique mesmo depois do expediente<\/h2>\n\n\n\n<p>Muitos profissionais procuram acess\u00f3rios que funcionem tanto no escrit\u00f3rio quanto em <b>compromissos ap\u00f3s o trabalho<\/b>, como encontros informais ou eventos r\u00e1pidos. Nesse caso, pe\u00e7as vers\u00e1teis e de <b>bom acabamento<\/b> se tornam ainda mais \u00fateis para preservar uma <b>apar\u00eancia cuidada<\/b>.<\/p>\n\n\n\n<p>Alguns acess\u00f3rios transitam facilmente do ambiente profissional para <b>situa\u00e7\u00f5es sociais<\/b>, permitindo apenas pequenas mudan\u00e7as na maquiagem, no cabelo ou no sapato, mantendo a <b>eleg\u00e2ncia<\/b> sem exigir uma produ\u00e7\u00e3o totalmente nova.<\/p>\n\n\n\n<p>Para voc\u00ea que quer mais dicas, separamos um v\u00eddeo do canal da <a class=\"yt-simple-endpoint style-scope yt-formatted-string\" spellcheck=\"false\" href=\"https:\/\/www.youtube.com\/@MARCELACARRASCO\" target=\"_blank\" rel=\"noopener\">MARCELA CARRASCO<\/a> com ideias para usar acess\u00f3rios e ficar mais elegante:<\/p>\n\n\n\n<figure class=\"wp-block-embed is-type-video is-provider-youtube wp-block-embed-youtube wp-embed-aspect-16-9 wp-has-aspect-ratio\"><div class=\"wp-block-embed__wrapper\">\n<div class=\"jeg_video_container jeg_video_content\"><iframe loading=\"lazy\" title=\"COMO USAR ACESS\u00d3RIOS E PARECER MAIS ESTILOSA? TRANSFORME QUALQUER LOOK COM OS ACESS\u00d3RIOS CERTOS! \" width=\"500\" height=\"281\" src=\"https:\/\/www.youtube.com\/embed\/a1lAg1NoteU?feature=oembed\" frameborder=\"0\" allow=\"accelerometer; autoplay; clipboard-write; encrypted-media; gyroscope; picture-in-picture; web-share\" referrerpolicy=\"strict-origin-when-cross-origin\" allowfullscreen><\/iframe><\/div>\n<\/div><\/figure>\n\n\n\n<h2 class=\"wp-block-heading\">Quais acess\u00f3rios funcionam bem do trabalho ao happy hour<\/h2>\n\n\n\n<p>Para quem sai direto do escrit\u00f3rio para outro compromisso, vale apostar em pe\u00e7as <b>discretas<\/b>, mas com um <b>toque de estilo<\/b>. Elas mant\u00eam a formalidade durante o expediente e ganham mais <b>destaque \u00e0 noite<\/b>.<\/p>\n\n\n\n<ul class=\"wp-block-list\">\n<li><b>Brincos de argola fina<\/b> ou pequenos pontos de luz, que funcionam bem em <b>reuni\u00f5es<\/b> e tamb\u00e9m em encontros informais.<\/li>\n\n\n\n<li><b>Colares curtos e discretos<\/b>, que combinam com camisas, blusas e vestidos, sem <b>pesar no visual<\/b>.<\/li>\n\n\n\n<li><b>Rel\u00f3gios com design atemporal<\/b>, que conversam tanto com roupas sociais quanto com <b>looks casuais<\/b>.<\/li>\n\n\n\n<li><b>Len\u00e7os estampados<\/b> em cores neutras, que podem ir do pesco\u00e7o \u00e0 al\u00e7a da bolsa ou ao <b>cabelo em poucos segundos<\/b>.<\/li>\n<\/ul>\n\n\n\n<h2 class=\"wp-block-heading\">Como os detalhes refor\u00e7am um visual profissional e chique<\/h2>\n\n\n\n<p>Al\u00e9m dos acess\u00f3rios em si, alguns <b>cuidados complementares<\/b> fazem toda a diferen\u00e7a. Manter bolsa organizada, pe\u00e7as limpas e <b>metais bem conservados<\/b> refor\u00e7a a sensa\u00e7\u00e3o de cuidado e <b>organiza\u00e7\u00e3o pessoal<\/b>.<\/p>\n\n\n\n<p>Acess\u00f3rios bem cuidados passam a impress\u00e3o de <b>aten\u00e7\u00e3o aos detalhes<\/b> e comprometimento com a pr\u00f3pria apresenta\u00e7\u00e3o, o que impacta diretamente como voc\u00ea \u00e9 percebido por <b>colegas, clientes e gestores<\/b>, fortalecendo sua <b>imagem profissional<\/b>.<\/p>\n","protected":false},"excerpt":{"rendered":"<p>A escolha de acess\u00f3rios profissionais prioriza equil\u00edbrio e pe\u00e7as funcionais como rel\u00f3gios, bolsas estruturadas e joias minimalistas. O kit ideal deve ter cores neutras como preto e marrom para facilitar a rotina di\u00e1ria. Voc\u00ea j\u00e1 precisou sair correndo de casa, pegou qualquer acess\u00f3rio e, ao chegar no trabalho, sentiu que algo no visual n\u00e3o encaixava? [&hellip;]<\/p>\n","protected":false},"author":9,"featured_media":148331,"comment_status":"open","ping_status":"open","sticky":false,"template":"","format":"standard","meta":{"jnews-multi-image_gallery":[],"jnews_single_post":{"format":"standard"},"jnews_primary_category":[],"jnews_social_meta":[],"jnews_override_counter":[],"footnotes":""},"categories":[8691,8819,1],"tags":[5330,19511,508],"class_list":["post-150761","post","type-post","status-publish","format-standard","has-post-thumbnail","hentry","category-bem-estar","category-curiosidades","category-noticias","tag-acessorios","tag-elegante","tag-trabalho"],"yoast_head":"<!-- This site is optimized with the Yoast SEO plugin v23.8 - https:\/\/yoast.com\/wordpress\/plugins\/seo\/ -->\n<title>O segredo para transformar o visual b\u00e1sico em pura eleg\u00e2ncia no trabalho - Estado de Minas - Em foco<\/title>\n<meta name=\"description\" content=\"Veja como selecionar pe\u00e7as discretas e vers\u00e1teis que valorizam sua imagem e garantem um visual profissional, elegante e funcional no dia a dia.\" \/>\n<meta name=\"robots\" content=\"index, follow, max-snippet:-1, max-image-preview:large, max-video-preview:-1\" \/>\n<link rel=\"canonical\" href=\"https:\/\/www.em.com.br\/emfoco\/2026\/01\/06\/o-segredo-para-transformar-o-visual-basico-em-pura-elegancia-no-trabalho\/\" \/>\n<meta property=\"og:locale\" content=\"pt_BR\" \/>\n<meta property=\"og:type\" content=\"article\" \/>\n<meta property=\"og:title\" content=\"O segredo para transformar o visual b\u00e1sico em pura eleg\u00e2ncia no trabalho - Estado de Minas - Em foco\" \/>\n<meta property=\"og:description\" content=\"Veja como selecionar pe\u00e7as discretas e vers\u00e1teis que valorizam sua imagem e garantem um visual profissional, elegante e funcional no dia a dia.\" \/>\n<meta property=\"og:url\" content=\"https:\/\/www.em.com.br\/emfoco\/2026\/01\/06\/o-segredo-para-transformar-o-visual-basico-em-pura-elegancia-no-trabalho\/\" \/>\n<meta property=\"og:site_name\" content=\"Estado de Minas - Em foco\" \/>\n<meta property=\"article:published_time\" content=\"2026-01-07T01:05:03+00:00\" \/>\n<meta property=\"article:modified_time\" content=\"2026-01-05T20:35:56+00:00\" \/>\n<meta property=\"og:image\" content=\"https:\/\/www.em.com.br\/emfoco\/wp-content\/uploads\/2025\/12\/Gemini_Generated_Image_g4w6csg4w6csg4w6-1.png\" \/>\n\t<meta property=\"og:image:width\" content=\"1280\" \/>\n\t<meta property=\"og:image:height\" content=\"720\" \/>\n\t<meta property=\"og:image:type\" content=\"image\/png\" \/>\n<meta name=\"author\" content=\"Daniely Cardoso\" \/>\n<meta name=\"twitter:card\" content=\"summary_large_image\" \/>\n<meta name=\"twitter:label1\" content=\"Escrito por\" \/>\n\t<meta name=\"twitter:data1\" content=\"Daniely Cardoso\" \/>\n\t<meta name=\"twitter:label2\" content=\"Est. tempo de leitura\" \/>\n\t<meta name=\"twitter:data2\" content=\"6 minutos\" \/>\n<!-- \/ Yoast SEO plugin. -->","yoast_head_json":{"title":"O segredo para transformar o visual b\u00e1sico em pura eleg\u00e2ncia no trabalho - Estado de Minas - Em foco","description":"Veja como selecionar pe\u00e7as discretas e vers\u00e1teis que valorizam sua imagem e garantem um visual profissional, elegante e funcional no dia a dia.","robots":{"index":"index","follow":"follow","max-snippet":"max-snippet:-1","max-image-preview":"max-image-preview:large","max-video-preview":"max-video-preview:-1"},"canonical":"https:\/\/www.em.com.br\/emfoco\/2026\/01\/06\/o-segredo-para-transformar-o-visual-basico-em-pura-elegancia-no-trabalho\/","og_locale":"pt_BR","og_type":"article","og_title":"O segredo para transformar o visual b\u00e1sico em pura eleg\u00e2ncia no trabalho - Estado de Minas - Em foco","og_description":"Veja como selecionar pe\u00e7as discretas e vers\u00e1teis que valorizam sua imagem e garantem um visual profissional, elegante e funcional no dia a dia.","og_url":"https:\/\/www.em.com.br\/emfoco\/2026\/01\/06\/o-segredo-para-transformar-o-visual-basico-em-pura-elegancia-no-trabalho\/","og_site_name":"Estado de Minas - Em foco","article_published_time":"2026-01-07T01:05:03+00:00","article_modified_time":"2026-01-05T20:35:56+00:00","og_image":[{"width":1280,"height":720,"url":"https:\/\/www.em.com.br\/emfoco\/wp-content\/uploads\/2025\/12\/Gemini_Generated_Image_g4w6csg4w6csg4w6-1.png","type":"image\/png"}],"author":"Daniely Cardoso","twitter_card":"summary_large_image","twitter_misc":{"Escrito por":"Daniely Cardoso","Est. tempo de leitura":"6 minutos"},"schema":{"@context":"https:\/\/schema.org","@graph":[{"@type":"WebPage","@id":"https:\/\/www.em.com.br\/emfoco\/2026\/01\/06\/o-segredo-para-transformar-o-visual-basico-em-pura-elegancia-no-trabalho\/","url":"https:\/\/www.em.com.br\/emfoco\/2026\/01\/06\/o-segredo-para-transformar-o-visual-basico-em-pura-elegancia-no-trabalho\/","name":"O segredo para transformar o visual b\u00e1sico em pura eleg\u00e2ncia no trabalho - Estado de Minas - Em foco","isPartOf":{"@id":"https:\/\/www.em.com.br\/emfoco\/#website"},"primaryImageOfPage":{"@id":"https:\/\/www.em.com.br\/emfoco\/2026\/01\/06\/o-segredo-para-transformar-o-visual-basico-em-pura-elegancia-no-trabalho\/#primaryimage"},"image":{"@id":"https:\/\/www.em.com.br\/emfoco\/2026\/01\/06\/o-segredo-para-transformar-o-visual-basico-em-pura-elegancia-no-trabalho\/#primaryimage"},"thumbnailUrl":"https:\/\/www.em.com.br\/emfoco\/wp-content\/uploads\/2025\/12\/Gemini_Generated_Image_g4w6csg4w6csg4w6-1.png","datePublished":"2026-01-07T01:05:03+00:00","dateModified":"2026-01-05T20:35:56+00:00","author":{"@id":"https:\/\/www.em.com.br\/emfoco\/#\/schema\/person\/0a8186d72f2c3a5c6276d90b41f271a0"},"description":"Veja como selecionar pe\u00e7as discretas e vers\u00e1teis que valorizam sua imagem e garantem um visual profissional, elegante e funcional no dia a dia.","breadcrumb":{"@id":"https:\/\/www.em.com.br\/emfoco\/2026\/01\/06\/o-segredo-para-transformar-o-visual-basico-em-pura-elegancia-no-trabalho\/#breadcrumb"},"inLanguage":"pt-BR","potentialAction":[{"@type":"ReadAction","target":["https:\/\/www.em.com.br\/emfoco\/2026\/01\/06\/o-segredo-para-transformar-o-visual-basico-em-pura-elegancia-no-trabalho\/"]}]},{"@type":"ImageObject","inLanguage":"pt-BR","@id":"https:\/\/www.em.com.br\/emfoco\/2026\/01\/06\/o-segredo-para-transformar-o-visual-basico-em-pura-elegancia-no-trabalho\/#primaryimage","url":"https:\/\/www.em.com.br\/emfoco\/wp-content\/uploads\/2025\/12\/Gemini_Generated_Image_g4w6csg4w6csg4w6-1.png","contentUrl":"https:\/\/www.em.com.br\/emfoco\/wp-content\/uploads\/2025\/12\/Gemini_Generated_Image_g4w6csg4w6csg4w6-1.png","width":1280,"height":720,"caption":"Quando falamos em melhores acess\u00f3rios femininos para o Ano Novo, os brincos seguem como protagonistas"},{"@type":"BreadcrumbList","@id":"https:\/\/www.em.com.br\/emfoco\/2026\/01\/06\/o-segredo-para-transformar-o-visual-basico-em-pura-elegancia-no-trabalho\/#breadcrumb","itemListElement":[{"@type":"ListItem","position":1,"name":"In\u00edcio","item":"https:\/\/www.em.com.br\/emfoco\/"},{"@type":"ListItem","position":2,"name":"O segredo para transformar o visual b\u00e1sico em pura eleg\u00e2ncia no trabalho"}]},{"@type":"WebSite","@id":"https:\/\/www.em.com.br\/emfoco\/#website","url":"https:\/\/www.em.com.br\/emfoco\/","name":"Estado de Minas - Em foco","description":"Acompanhe as \u00faltimas not\u00edcias e fique bem informado sobre tudo o que acontece em Minas Gerais, Brasil e no mundo.","potentialAction":[{"@type":"SearchAction","target":{"@type":"EntryPoint","urlTemplate":"https:\/\/www.em.com.br\/emfoco\/?s={search_term_string}"},"query-input":{"@type":"PropertyValueSpecification","valueRequired":true,"valueName":"search_term_string"}}],"inLanguage":"pt-BR"},{"@type":"Person","@id":"https:\/\/www.em.com.br\/emfoco\/#\/schema\/person\/0a8186d72f2c3a5c6276d90b41f271a0","name":"Daniely Cardoso","image":{"@type":"ImageObject","inLanguage":"pt-BR","@id":"https:\/\/www.em.com.br\/emfoco\/#\/schema\/person\/image\/","url":"https:\/\/secure.gravatar.com\/avatar\/4b80ddbd124d1f071b626d52d62e5dff?s=96&d=mm&r=g","contentUrl":"https:\/\/secure.gravatar.com\/avatar\/4b80ddbd124d1f071b626d52d62e5dff?s=96&d=mm&r=g","caption":"Daniely Cardoso"},"url":"https:\/\/www.em.com.br\/emfoco\/author\/danielymyth\/"}]}},"_links":{"self":[{"href":"https:\/\/www.em.com.br\/emfoco\/wp-json\/wp\/v2\/posts\/150761","targetHints":{"allow":["GET"]}}],"collection":[{"href":"https:\/\/www.em.com.br\/emfoco\/wp-json\/wp\/v2\/posts"}],"about":[{"href":"https:\/\/www.em.com.br\/emfoco\/wp-json\/wp\/v2\/types\/post"}],"author":[{"embeddable":true,"href":"https:\/\/www.em.com.br\/emfoco\/wp-json\/wp\/v2\/users\/9"}],"replies":[{"embeddable":true,"href":"https:\/\/www.em.com.br\/emfoco\/wp-json\/wp\/v2\/comments?post=150761"}],"version-history":[{"count":3,"href":"https:\/\/www.em.com.br\/emfoco\/wp-json\/wp\/v2\/posts\/150761\/revisions"}],"predecessor-version":[{"id":150950,"href":"https:\/\/www.em.com.br\/emfoco\/wp-json\/wp\/v2\/posts\/150761\/revisions\/150950"}],"wp:featuredmedia":[{"embeddable":true,"href":"https:\/\/www.em.com.br\/emfoco\/wp-json\/wp\/v2\/media\/148331"}],"wp:attachment":[{"href":"https:\/\/www.em.com.br\/emfoco\/wp-json\/wp\/v2\/media?parent=150761"}],"wp:term":[{"taxonomy":"category","embeddable":true,"href":"https:\/\/www.em.com.br\/emfoco\/wp-json\/wp\/v2\/categories?post=150761"},{"taxonomy":"post_tag","embeddable":true,"href":"https:\/\/www.em.com.br\/emfoco\/wp-json\/wp\/v2\/tags?post=150761"}],"curies":[{"name":"wp","href":"https:\/\/api.w.org\/{rel}","templated":true}]}}