{"id":150746,"date":"2026-01-06T17:35:31","date_gmt":"2026-01-06T20:35:31","guid":{"rendered":"https:\/\/www.em.com.br\/emfoco\/?p=150746"},"modified":"2026-01-05T17:20:38","modified_gmt":"2026-01-05T20:20:38","slug":"o-segredo-para-plantar-o-tempero-que-faz-a-gente-chorar-na-cozinha","status":"publish","type":"post","link":"https:\/\/www.em.com.br\/emfoco\/2026\/01\/06\/o-segredo-para-plantar-o-tempero-que-faz-a-gente-chorar-na-cozinha\/","title":{"rendered":"O segredo para plantar o tempero que faz a gente chorar na cozinha"},"content":{"rendered":"\n<h2 class=\"wp-block-heading\">O cultivo exige 6 a 8 horas de sol e solo drenado. O plantio pede espa\u00e7amento de 10 a 15 cm entre mudas. A colheita ocorre entre 90 e 150 dias, quando as folhas amarelarem e tombarem, seguida pela cura em local seco.<\/h2>\n\n\n\n<p>Imagine colher uma cebola roxa fresquinha no quintal ou at\u00e9 na varanda do apartamento, cortar e sentir aquele cheirinho suave enquanto prepara o almo\u00e7o. Cultivar essa hortali\u00e7a em casa \u00e9 mais simples do que parece, funciona bem em pequenos espa\u00e7os e ainda deixa as receitas mais bonitas e saborosas, com seus bulbos coloridos e de sabor delicado.<\/p>\n\n\n\n<h2 class=\"wp-block-heading\">O que \u00e9 importante saber antes de plantar cebola roxa em casa<\/h2>\n\n\n\n<p>Antes de come\u00e7ar, vale entender se o lugar onde voc\u00ea mora combina com a cebola roxa. Ela gosta de temperaturas amenas, sem calor extremo o dia todo, e precisa de bastante claridade, em torno de 6 a 8 horas de sol direto, seja em canteiro, vaso ou jardineira.<\/p>\n\n\n\n<p>O solo deve ser bem soltinho, f\u00e9rtil e com boa drenagem, para que a \u00e1gua n\u00e3o fique parada e n\u00e3o apodre\u00e7a os bulbos. Em vasos, \u00e9 essencial ter furos no fundo e usar uma mistura de terra vegetal, composto org\u00e2nico e um pouco de areia, garantindo que as ra\u00edzes respirem bem.<\/p>\n\n\n\n<figure class=\"wp-block-embed is-type-rich is-provider-pinterest wp-block-embed-pinterest\"><div class=\"wp-block-embed__wrapper\">\n<iframe loading=\"lazy\" title=\"\ud83e\uddc4 J\u00e1 pensou em cultivar cebola roxa usando apenas meio tambor e um truque com tecido?Esse m\u00e9todo simples mant\u00e9m a umidade ideal e faz as cebolas brotarem r\u00e1pido e com for\u00e7a.\ud83d\udc49 Corte o tambor ao meio, coloque a tira de tecido com n\u00f3, adicione \u00e1gua at\u00e9 a metade, cubra com terra e plante as cebolas a cada 5 cm. Resultado: um canteiro produtivo e econ\u00f4mico.\u2728 Quer mais t\u00e9cnicas naturais para plantar e recuperar suas plantas?\ud83d\udcf2Acesse o link no perfil e transforme sua horta com receitas simple...\" src=\"https:\/\/assets.pinterest.com\/ext\/embed.html?id=930697079319670305&#038;src=oembed\" height=\"898\" width=\"450\" frameborder=\"0\" scrolling=\"no\" ><\/iframe>\n<\/div><\/figure>\n\n\n\n<p>Leia tamb\u00e9m:&nbsp;<a href=\"https:\/\/www.em.com.br\/emfoco\/2025\/12\/19\/por-que-tanta-gente-esta-esfregando-cebola-na-grelha-antes-do-churrasco\/\" target=\"_blank\" rel=\"noopener\">Por que tanta gente est\u00e1 esfregando cebola na grelha antes do churrasco?<\/a><\/p>\n\n\n\n<h2 class=\"wp-block-heading\">Como plantar cebola roxa passo a passo de um jeito simples<\/h2>\n\n\n\n<p>Voc\u00ea pode plantar cebola roxa usando sementes, mudas j\u00e1 crescidas ou pequenos bulbos chamados \u201csets\u201d. Para iniciantes, os bulbinhos ou mudas costumam ser mais pr\u00e1ticos, porque pegam r\u00e1pido e encurtam o tempo at\u00e9 a colheita.<\/p>\n\n\n\n<style>\n  \/* CONFIGURA\u00c7\u00d5ES GERAIS *\/\n  .nutri-wrap {\n    max-width: 900px;\n    margin: 40px auto;\n    padding: 0 20px;\n    font-family: system-ui, -apple-system, Segoe UI, Roboto, sans-serif;\n    color: #1f2a24;\n  }\n\n  \/* T\u00cdTULO *\/\n  .nutri-title {\n    display: flex;\n    align-items: center;\n    gap: 10px;\n    font-size: 28px;\n    margin: 0 0 18px;\n    color: #2e7d32;\n  }\n  .nutri-title span { font-size: 26px; }\n\n  \/* TABELA - ESTRUTURA *\/\n  .nutri-table {\n    width: 100%;\n    border-collapse: separate;\n    border-spacing: 0;\n    border: 2px solid #cfe7d3;\n    border-radius: 18px;\n    overflow: hidden;\n    background: #ffffff;\n    box-shadow: 0 12px 26px rgba(46,125,50,.10);\n  }\n\n  \/* CABE\u00c7ALHO DA TABELA *\/\n  .nutri-table thead {\n    background: linear-gradient(135deg, #e6f4ea, #f1f8f4);\n  }\n\n  .nutri-table th, .nutri-table td {\n    padding: 16px;\n    text-align: left;\n    font-size: 14.5px;\n  }\n\n  .nutri-table th {\n    color: #2e7d32;\n    font-weight: 800;\n    border-bottom: 1px solid #cfe7d3;\n  }\n\n  .nutri-table td {\n    color: #355f3b;\n    border-bottom: 1px solid #eef5f0;\n    vertical-align: top;\n  }\n\n  .nutri-table tr:last-child td { border-bottom: none; }\n\n  \/* EFEITO HOVER NAS LINHAS *\/\n  .nutri-table tbody tr:transition { background: .2s ease; }\n  .nutri-table tbody tr:hover { background: #f1f8f4; }\n\n  \/* RESPONSIVIDADE (MOBILE) *\/\n  @media (max-width: 900px) {\n    .nutri-table thead { display: none; }\n\n    .nutri-table, .nutri-table tbody, .nutri-table tr, .nutri-table td {\n      display: block;\n      width: 100%;\n    }\n\n    .nutri-table tr {\n      margin-bottom: 16px;\n      border: 1px solid #cfe7d3;\n      border-radius: 16px;\n      background: #ffffff;\n      box-shadow: 0 4px 10px rgba(0,0,0,0.05);\n    }\n\n    .nutri-table td {\n      border: none;\n      padding: 12px 16px;\n      position: relative;\n      padding-left: 50%;\n      text-align: right;\n    }\n\n    \/* Labels ajustados *\/\n    .nutri-table td::before {\n      content: attr(data-label);\n      position: absolute;\n      left: 16px;\n      width: 40%;\n      text-align: left;\n      font-size: 13px;\n      font-weight: 800;\n      color: #2e7d32;\n      top: 12px;\n    }\n    \n    .nutri-table td {\n        display: flex;\n        justify-content: space-between;\n        align-items: center;\n        text-align: right;\n        padding-left: 16px;\n    }\n    .nutri-table td::before {\n        position: static;\n        width: auto;\n        margin-right: 10px;\n    }\n  }\n<\/style>\n\n<div class=\"nutri-wrap\">\n  <h2 class=\"nutri-title\">\n    <span>\ud83d\udc69\u200d\ud83c\udf3e<\/span> Guia: Preparo e Plantio\n  <\/h2>\n\n  <table class=\"nutri-table\">\n    <thead>\n      <tr>\n        <th>Etapa<\/th>\n        <th>Procedimento<\/th>\n      <\/tr>\n    <\/thead>\n    <tbody>\n      <tr>\n        <td data-label=\"Etapa\">\ud83d\ude9c 1. Prepara\u00e7\u00e3o do solo<\/td>\n        <td data-label=\"Procedimento\">Revolver a terra, remover pedras e ra\u00edzes antigas, e incorporar mat\u00e9ria org\u00e2nica bem curtida.<\/td>\n      <\/tr>\n\n      <tr>\n        <td data-label=\"Etapa\">\ud83d\udccf 2. Espa\u00e7amento<\/td>\n        <td data-label=\"Procedimento\">Marcar dist\u00e2ncias de 10 a 15 cm entre as plantas e de 25 a 30 cm entre as fileiras.<\/td>\n      <\/tr>\n\n      <tr>\n        <td data-label=\"Etapa\">\ud83d\udd73\ufe0f 3. Abertura de covas<\/td>\n        <td data-label=\"Procedimento\">Fazer buracos rasos (2 a 3 cm de profundidade), apenas o necess\u00e1rio para cobrir a base.<\/td>\n      <\/tr>\n\n      <tr>\n        <td data-label=\"Etapa\">\ud83c\udf31 4. Inser\u00e7\u00e3o<\/td>\n        <td data-label=\"Procedimento\">Posicionar sementes, mudas ou bulbos (com a ponta para cima) e cobrir levemente com terra, sem compactar.<\/td>\n      <\/tr>\n      \n      <tr>\n        <td data-label=\"Etapa\">\ud83d\udebf 5. Rega inicial<\/td>\n        <td data-label=\"Procedimento\">Umedecer o local logo ap\u00f3s o plantio e manter o solo levemente \u00famido nos primeiros dias.<\/td>\n      <\/tr>\n    <\/tbody>\n  <\/table>\n<\/div>\n\n\n\n<p>Quando o plantio \u00e9 por sementes, \u00e9 comum come\u00e7ar em sementeiras ou bandejas e s\u00f3 depois, com 10 a 15 cm de altura, transplantar para o local definitivo. J\u00e1 com os bulbos pequenos, o desenvolvimento costuma ser mais r\u00e1pido, desde que recebam sol direto todos os dias.<\/p>\n\n\n\n<h2 class=\"wp-block-heading\">Quais cuidados manter durante o cultivo da cebola roxa<\/h2>\n\n\n\n<p>Depois de plantar, o segredo \u00e9 manter um equil\u00edbrio entre \u00e1gua, alimenta\u00e7\u00e3o da planta e limpeza do canteiro ou vaso. No come\u00e7o, as regas podem ser um pouco mais frequentes; depois, \u00e0 medida que o bulbo se forma, \u00e9 comum reduzir a quantidade de \u00e1gua para evitar encharcamento.<\/p>\n\n\n\n<p>A aduba\u00e7\u00e3o de cobertura pode ser feita com compostos org\u00e2nicos caseiros bem curtidos ou fertilizantes espec\u00edficos para hortali\u00e7as. Como a cebola tem ra\u00edzes rasas, sofre quando h\u00e1 muita competi\u00e7\u00e3o, ent\u00e3o \u00e9 importante manter o entorno sem mato e, se poss\u00edvel, usar uma camada fina de palha ou folhas secas para proteger o solo.<\/p>\n\n\n<div class=\"wp-block-image\">\n<figure class=\"aligncenter size-large\"><img loading=\"lazy\" decoding=\"async\" width=\"1024\" height=\"576\" src=\"https:\/\/www.em.com.br\/emfoco\/wp-content\/uploads\/2026\/01\/cebola-plantio_1767644317908-1024x576.jpg\" alt=\"\" class=\"wp-image-150922\" srcset=\"https:\/\/www.em.com.br\/emfoco\/wp-content\/uploads\/2026\/01\/cebola-plantio_1767644317908-1024x576.jpg 1024w, https:\/\/www.em.com.br\/emfoco\/wp-content\/uploads\/2026\/01\/cebola-plantio_1767644317908-300x169.jpg 300w, https:\/\/www.em.com.br\/emfoco\/wp-content\/uploads\/2026\/01\/cebola-plantio_1767644317908-768x432.jpg 768w, https:\/\/www.em.com.br\/emfoco\/wp-content\/uploads\/2026\/01\/cebola-plantio_1767644317908-750x422.jpg 750w, https:\/\/www.em.com.br\/emfoco\/wp-content\/uploads\/2026\/01\/cebola-plantio_1767644317908-1140x641.jpg 1140w, https:\/\/www.em.com.br\/emfoco\/wp-content\/uploads\/2026\/01\/cebola-plantio_1767644317908.jpg 1280w\" sizes=\"auto, (max-width: 1024px) 100vw, 1024px\" \/><figcaption class=\"wp-element-caption\">Depois de plantar, o segredo \u00e9 manter um equil\u00edbrio entre \u00e1gua, alimenta\u00e7\u00e3o da planta e limpeza do canteiro ou vaso &#8211; Cr\u00e9ditos: depositphotos.com \/ Kassandra2<\/figcaption><\/figure><\/div>\n\n\n<h2 class=\"wp-block-heading\">Quais cuidados extras ajudam a proteger a planta\u00e7\u00e3o<\/h2>\n\n\n\n<p>Al\u00e9m da \u00e1gua e da aduba\u00e7\u00e3o, observar o dia a dia da horta ajuda a evitar surpresas desagrad\u00e1veis, como pragas ou doen\u00e7as. Pequenos sinais nas folhas ou no bulbo podem indicar que algo n\u00e3o vai bem e que voc\u00ea precisa agir cedo.<\/p>\n\n\n\n<p>Para facilitar, veja alguns pontos simples que vale conferir com frequ\u00eancia durante o cultivo:<\/p>\n\n\n\n<ul class=\"wp-block-list\">\n<li><strong>Regas moderadas:<\/strong> evitar solo totalmente seco ou encharcado por muitos dias.<\/li>\n\n\n\n<li><strong>Sol pleno:<\/strong> garantir boa luminosidade di\u00e1ria para formar bulbos roxos firmes e bem coloridos.<\/li>\n\n\n\n<li><strong>Limpeza do canteiro:<\/strong> retirar ervas daninhas que roubam nutrientes e espa\u00e7o.<\/li>\n\n\n\n<li><strong>Monitoramento de pragas:<\/strong> ficar atento a lagartas, tripes e manchas f\u00fangicas nas folhas.<\/li>\n<\/ul>\n\n\n\n<p>Para voc\u00ea que quer saber mais, separamos um v\u00eddeo do canal <a href=\"https:\/\/www.youtube.com\/@PlanteeCozinhe\" target=\"_blank\" rel=\"noreferrer noopener\">Plante e Cozinhe<\/a> com dicas para plantar e cuidar da cebola roxa:<\/p>\n\n\n\n<figure class=\"wp-block-embed is-type-video is-provider-youtube wp-block-embed-youtube wp-embed-aspect-16-9 wp-has-aspect-ratio\"><div class=\"wp-block-embed__wrapper\">\n<div class=\"jeg_video_container jeg_video_content\"><iframe loading=\"lazy\" title=\"\ud83e\uddc5 COMO PLANTAR CEBOLA ROXA: Passo a Passo Completo pra ter CEBOLAS GRANDES e SABOROSAS!\" width=\"500\" height=\"281\" src=\"https:\/\/www.youtube.com\/embed\/kdM43k08mD4?feature=oembed\" frameborder=\"0\" allow=\"accelerometer; autoplay; clipboard-write; encrypted-media; gyroscope; picture-in-picture; web-share\" referrerpolicy=\"strict-origin-when-cross-origin\" allowfullscreen><\/iframe><\/div>\n<\/div><\/figure>\n\n\n\n<h2 class=\"wp-block-heading\">Quando colher e como armazenar a cebola roxa corretamente<\/h2>\n\n\n\n<p>O momento certo da colheita costuma ser indicado pelas folhas: quando come\u00e7am a amarelar e tombar, \u00e9 sinal de que o bulbo est\u00e1 formado. O ciclo varia, em geral, de 90 a 150 dias, dependendo do clima da regi\u00e3o, da \u00e9poca de plantio e se voc\u00ea usou semente ou bulbo.<\/p>\n\n\n\n<p>Depois de arrancar do solo, muita gente faz a \u201ccura\u201d, deixando as cebolas em local seco, ventilado e protegido da chuva por alguns dias, at\u00e9 a casca ficar mais firme. Em seguida, elas podem ser guardadas em caixas vazadas, cestos ou penduradas em tran\u00e7as, sempre em lugar arejado e sem sol direto, para durarem mais tempo na sua cozinha.<\/p>\n","protected":false},"excerpt":{"rendered":"<p>O cultivo exige 6 a 8 horas de sol e solo drenado. O plantio pede espa\u00e7amento de 10 a 15 cm entre mudas. A colheita ocorre entre 90 e 150 dias, quando as folhas amarelarem e tombarem, seguida pela cura em local seco. Imagine colher uma cebola roxa fresquinha no quintal ou at\u00e9 na varanda [&hellip;]<\/p>\n","protected":false},"author":9,"featured_media":150919,"comment_status":"open","ping_status":"open","sticky":false,"template":"","format":"standard","meta":{"jnews-multi-image_gallery":[],"jnews_single_post":{"format":"standard"},"jnews_primary_category":[],"jnews_social_meta":[],"jnews_override_counter":[],"footnotes":""},"categories":[8691,8819,1],"tags":[6692,7701,14422],"class_list":["post-150746","post","type-post","status-publish","format-standard","has-post-thumbnail","hentry","category-bem-estar","category-curiosidades","category-noticias","tag-cebola-roxa","tag-como-plantar","tag-tempero"],"yoast_head":"<!-- This site is optimized with the Yoast SEO plugin v23.8 - https:\/\/yoast.com\/wordpress\/plugins\/seo\/ -->\n<title>O segredo para plantar o tempero que faz a gente chorar na cozinha - Estado de Minas - Em foco<\/title>\n<meta name=\"description\" content=\"Aprenda a cultivar bulbos roxos em vasos ou canteiros com dicas de solo, rega e colheita para ter tempero fresco sempre \u00e0 m\u00e3o em casa.\" \/>\n<meta name=\"robots\" content=\"index, follow, max-snippet:-1, max-image-preview:large, max-video-preview:-1\" \/>\n<link rel=\"canonical\" href=\"https:\/\/www.em.com.br\/emfoco\/2026\/01\/06\/o-segredo-para-plantar-o-tempero-que-faz-a-gente-chorar-na-cozinha\/\" \/>\n<meta property=\"og:locale\" content=\"pt_BR\" \/>\n<meta property=\"og:type\" content=\"article\" \/>\n<meta property=\"og:title\" content=\"O segredo para plantar o tempero que faz a gente chorar na cozinha - Estado de Minas - Em foco\" \/>\n<meta property=\"og:description\" content=\"Aprenda a cultivar bulbos roxos em vasos ou canteiros com dicas de solo, rega e colheita para ter tempero fresco sempre \u00e0 m\u00e3o em casa.\" \/>\n<meta property=\"og:url\" content=\"https:\/\/www.em.com.br\/emfoco\/2026\/01\/06\/o-segredo-para-plantar-o-tempero-que-faz-a-gente-chorar-na-cozinha\/\" \/>\n<meta property=\"og:site_name\" content=\"Estado de Minas - Em foco\" \/>\n<meta property=\"article:published_time\" content=\"2026-01-06T20:35:31+00:00\" \/>\n<meta property=\"article:modified_time\" content=\"2026-01-05T20:20:38+00:00\" \/>\n<meta property=\"og:image\" content=\"https:\/\/www.em.com.br\/emfoco\/wp-content\/uploads\/2026\/01\/Gemini_Generated_Image_ocyak5ocyak5ocya-1.png\" \/>\n\t<meta property=\"og:image:width\" content=\"1280\" \/>\n\t<meta property=\"og:image:height\" content=\"720\" \/>\n\t<meta property=\"og:image:type\" content=\"image\/png\" \/>\n<meta name=\"author\" content=\"Daniely Cardoso\" \/>\n<meta name=\"twitter:card\" content=\"summary_large_image\" \/>\n<meta name=\"twitter:label1\" content=\"Escrito por\" \/>\n\t<meta name=\"twitter:data1\" content=\"Daniely Cardoso\" \/>\n\t<meta name=\"twitter:label2\" content=\"Est. tempo de leitura\" \/>\n\t<meta name=\"twitter:data2\" content=\"5 minutos\" \/>\n<!-- \/ Yoast SEO plugin. -->","yoast_head_json":{"title":"O segredo para plantar o tempero que faz a gente chorar na cozinha - Estado de Minas - Em foco","description":"Aprenda a cultivar bulbos roxos em vasos ou canteiros com dicas de solo, rega e colheita para ter tempero fresco sempre \u00e0 m\u00e3o em casa.","robots":{"index":"index","follow":"follow","max-snippet":"max-snippet:-1","max-image-preview":"max-image-preview:large","max-video-preview":"max-video-preview:-1"},"canonical":"https:\/\/www.em.com.br\/emfoco\/2026\/01\/06\/o-segredo-para-plantar-o-tempero-que-faz-a-gente-chorar-na-cozinha\/","og_locale":"pt_BR","og_type":"article","og_title":"O segredo para plantar o tempero que faz a gente chorar na cozinha - Estado de Minas - Em foco","og_description":"Aprenda a cultivar bulbos roxos em vasos ou canteiros com dicas de solo, rega e colheita para ter tempero fresco sempre \u00e0 m\u00e3o em casa.","og_url":"https:\/\/www.em.com.br\/emfoco\/2026\/01\/06\/o-segredo-para-plantar-o-tempero-que-faz-a-gente-chorar-na-cozinha\/","og_site_name":"Estado de Minas - Em foco","article_published_time":"2026-01-06T20:35:31+00:00","article_modified_time":"2026-01-05T20:20:38+00:00","og_image":[{"width":1280,"height":720,"url":"https:\/\/www.em.com.br\/emfoco\/wp-content\/uploads\/2026\/01\/Gemini_Generated_Image_ocyak5ocyak5ocya-1.png","type":"image\/png"}],"author":"Daniely Cardoso","twitter_card":"summary_large_image","twitter_misc":{"Escrito por":"Daniely Cardoso","Est. tempo de leitura":"5 minutos"},"schema":{"@context":"https:\/\/schema.org","@graph":[{"@type":"WebPage","@id":"https:\/\/www.em.com.br\/emfoco\/2026\/01\/06\/o-segredo-para-plantar-o-tempero-que-faz-a-gente-chorar-na-cozinha\/","url":"https:\/\/www.em.com.br\/emfoco\/2026\/01\/06\/o-segredo-para-plantar-o-tempero-que-faz-a-gente-chorar-na-cozinha\/","name":"O segredo para plantar o tempero que faz a gente chorar na cozinha - Estado de Minas - Em foco","isPartOf":{"@id":"https:\/\/www.em.com.br\/emfoco\/#website"},"primaryImageOfPage":{"@id":"https:\/\/www.em.com.br\/emfoco\/2026\/01\/06\/o-segredo-para-plantar-o-tempero-que-faz-a-gente-chorar-na-cozinha\/#primaryimage"},"image":{"@id":"https:\/\/www.em.com.br\/emfoco\/2026\/01\/06\/o-segredo-para-plantar-o-tempero-que-faz-a-gente-chorar-na-cozinha\/#primaryimage"},"thumbnailUrl":"https:\/\/www.em.com.br\/emfoco\/wp-content\/uploads\/2026\/01\/Gemini_Generated_Image_ocyak5ocyak5ocya-1.png","datePublished":"2026-01-06T20:35:31+00:00","dateModified":"2026-01-05T20:20:38+00:00","author":{"@id":"https:\/\/www.em.com.br\/emfoco\/#\/schema\/person\/0a8186d72f2c3a5c6276d90b41f271a0"},"description":"Aprenda a cultivar bulbos roxos em vasos ou canteiros com dicas de solo, rega e colheita para ter tempero fresco sempre \u00e0 m\u00e3o em casa.","breadcrumb":{"@id":"https:\/\/www.em.com.br\/emfoco\/2026\/01\/06\/o-segredo-para-plantar-o-tempero-que-faz-a-gente-chorar-na-cozinha\/#breadcrumb"},"inLanguage":"pt-BR","potentialAction":[{"@type":"ReadAction","target":["https:\/\/www.em.com.br\/emfoco\/2026\/01\/06\/o-segredo-para-plantar-o-tempero-que-faz-a-gente-chorar-na-cozinha\/"]}]},{"@type":"ImageObject","inLanguage":"pt-BR","@id":"https:\/\/www.em.com.br\/emfoco\/2026\/01\/06\/o-segredo-para-plantar-o-tempero-que-faz-a-gente-chorar-na-cozinha\/#primaryimage","url":"https:\/\/www.em.com.br\/emfoco\/wp-content\/uploads\/2026\/01\/Gemini_Generated_Image_ocyak5ocyak5ocya-1.png","contentUrl":"https:\/\/www.em.com.br\/emfoco\/wp-content\/uploads\/2026\/01\/Gemini_Generated_Image_ocyak5ocyak5ocya-1.png","width":1280,"height":720,"caption":"Antes de come\u00e7ar, vale entender se o lugar onde voc\u00ea mora combina com a cebola roxa"},{"@type":"BreadcrumbList","@id":"https:\/\/www.em.com.br\/emfoco\/2026\/01\/06\/o-segredo-para-plantar-o-tempero-que-faz-a-gente-chorar-na-cozinha\/#breadcrumb","itemListElement":[{"@type":"ListItem","position":1,"name":"In\u00edcio","item":"https:\/\/www.em.com.br\/emfoco\/"},{"@type":"ListItem","position":2,"name":"O segredo para plantar o tempero que faz a gente chorar na cozinha"}]},{"@type":"WebSite","@id":"https:\/\/www.em.com.br\/emfoco\/#website","url":"https:\/\/www.em.com.br\/emfoco\/","name":"Estado de Minas - Em foco","description":"Acompanhe as \u00faltimas not\u00edcias e fique bem informado sobre tudo o que acontece em Minas Gerais, Brasil e no mundo.","potentialAction":[{"@type":"SearchAction","target":{"@type":"EntryPoint","urlTemplate":"https:\/\/www.em.com.br\/emfoco\/?s={search_term_string}"},"query-input":{"@type":"PropertyValueSpecification","valueRequired":true,"valueName":"search_term_string"}}],"inLanguage":"pt-BR"},{"@type":"Person","@id":"https:\/\/www.em.com.br\/emfoco\/#\/schema\/person\/0a8186d72f2c3a5c6276d90b41f271a0","name":"Daniely Cardoso","image":{"@type":"ImageObject","inLanguage":"pt-BR","@id":"https:\/\/www.em.com.br\/emfoco\/#\/schema\/person\/image\/","url":"https:\/\/secure.gravatar.com\/avatar\/4b80ddbd124d1f071b626d52d62e5dff?s=96&d=mm&r=g","contentUrl":"https:\/\/secure.gravatar.com\/avatar\/4b80ddbd124d1f071b626d52d62e5dff?s=96&d=mm&r=g","caption":"Daniely Cardoso"},"url":"https:\/\/www.em.com.br\/emfoco\/author\/danielymyth\/"}]}},"_links":{"self":[{"href":"https:\/\/www.em.com.br\/emfoco\/wp-json\/wp\/v2\/posts\/150746","targetHints":{"allow":["GET"]}}],"collection":[{"href":"https:\/\/www.em.com.br\/emfoco\/wp-json\/wp\/v2\/posts"}],"about":[{"href":"https:\/\/www.em.com.br\/emfoco\/wp-json\/wp\/v2\/types\/post"}],"author":[{"embeddable":true,"href":"https:\/\/www.em.com.br\/emfoco\/wp-json\/wp\/v2\/users\/9"}],"replies":[{"embeddable":true,"href":"https:\/\/www.em.com.br\/emfoco\/wp-json\/wp\/v2\/comments?post=150746"}],"version-history":[{"count":3,"href":"https:\/\/www.em.com.br\/emfoco\/wp-json\/wp\/v2\/posts\/150746\/revisions"}],"predecessor-version":[{"id":150925,"href":"https:\/\/www.em.com.br\/emfoco\/wp-json\/wp\/v2\/posts\/150746\/revisions\/150925"}],"wp:featuredmedia":[{"embeddable":true,"href":"https:\/\/www.em.com.br\/emfoco\/wp-json\/wp\/v2\/media\/150919"}],"wp:attachment":[{"href":"https:\/\/www.em.com.br\/emfoco\/wp-json\/wp\/v2\/media?parent=150746"}],"wp:term":[{"taxonomy":"category","embeddable":true,"href":"https:\/\/www.em.com.br\/emfoco\/wp-json\/wp\/v2\/categories?post=150746"},{"taxonomy":"post_tag","embeddable":true,"href":"https:\/\/www.em.com.br\/emfoco\/wp-json\/wp\/v2\/tags?post=150746"}],"curies":[{"name":"wp","href":"https:\/\/api.w.org\/{rel}","templated":true}]}}