{"id":150743,"date":"2026-01-06T15:25:14","date_gmt":"2026-01-06T18:25:14","guid":{"rendered":"https:\/\/www.em.com.br\/emfoco\/?p=150743"},"modified":"2026-01-05T17:02:46","modified_gmt":"2026-01-05T20:02:46","slug":"dieta-para-a-pele-o-que-comer-para-reduzir-acne-oleosidade-e-inflamacoes","status":"publish","type":"post","link":"https:\/\/www.em.com.br\/emfoco\/2026\/01\/06\/dieta-para-a-pele-o-que-comer-para-reduzir-acne-oleosidade-e-inflamacoes\/","title":{"rendered":"Dieta para a pele: o que comer para reduzir acne, oleosidade e inflama\u00e7\u00f5es"},"content":{"rendered":"\n<h2 class=\"wp-block-heading\">A ingest\u00e3o de vitaminas C, A e E estimula o col\u00e1geno e protege as c\u00e9lulas. Vegetais e gr\u00e3os reduzem inflama\u00e7\u00f5es, enquanto o a\u00e7\u00facar e ultraprocessados aumentam a oleosidade, a acne e aceleram o envelhecimento da pele.<\/h2>\n\n\n\n<p>Voc\u00ea j\u00e1 reparou como, em alguns per\u00edodos, a pele parece mais vi\u00e7osa e iluminada, e em outros fica opaca, oleosa ou manchada? Em 2026, m\u00e9dicos e nutricionistas refor\u00e7am que isso n\u00e3o \u00e9 s\u00f3 \u201csorte\u201d ou gen\u00e9tica: a rela\u00e7\u00e3o entre o que colocamos no prato e a sa\u00fade da pele \u00e9 direta.<\/p>\n\n\n\n<h2 class=\"wp-block-heading\">O que comer para ter uma pele linda no dia a dia<\/h2>\n\n\n\n<p>Quando falamos em o que comer para ter uma <strong>pele linda<\/strong>, n\u00e3o \u00e9 sobre dietas malucas, mas sobre equil\u00edbrio e const\u00e2ncia. Pequenas trocas, como reduzir ultraprocessados e aumentar o consumo de alimentos frescos, j\u00e1 ajudam na renova\u00e7\u00e3o celular e no controle da oleosidade.<\/p>\n\n\n\n<p>A base de uma alimenta\u00e7\u00e3o amiga da pele costuma incluir <strong>frutas<\/strong>, <strong>verduras<\/strong>, <strong>legumes<\/strong>, <strong>gr\u00e3os<\/strong> <strong>integrais<\/strong>, <strong>gorduras<\/strong> <strong>boas <\/strong>e prote\u00ednas de qualidade. Quanto mais colorido e variado o prato, maior tende a ser o aporte de vitaminas, minerais e antioxidantes que protegem a pele de inflama\u00e7\u00f5es e do envelhecimento precoce.<\/p>\n\n\n\n<figure class=\"wp-block-embed is-type-rich is-provider-pinterest wp-block-embed-pinterest\"><div class=\"wp-block-embed__wrapper\">\n<iframe loading=\"lazy\" title=\"Os Alimentos para ter uma Pele Impec\u00e1vel e evitar acne!&quot;\" src=\"https:\/\/assets.pinterest.com\/ext\/embed.html?id=93449761012455464&#038;src=oembed\" height=\"899\" width=\"450\" frameborder=\"0\" scrolling=\"no\" ><\/iframe>\n<\/div><\/figure>\n\n\n\n<p>Leia tamb\u00e9m:&nbsp;<a href=\"https:\/\/www.em.com.br\/emfoco\/2026\/01\/04\/esse-cuidado-simples-no-banho-deixa-a-pele-mais-macia-e-uniforme\/\" target=\"_blank\" rel=\"noopener\">Esse cuidado simples no banho deixa a pele mais macia e uniforme<\/a><\/p>\n\n\n\n<h2 class=\"wp-block-heading\">Quais alimentos ajudam a deixar a pele mais bonita e saud\u00e1vel<\/h2>\n\n\n\n<p>Entre os alimentos mais ligados a uma pele bonita, as frutas ricas em <strong>vitamina C<\/strong> t\u00eam lugar de destaque: <strong>laranja<\/strong>, <strong>acerola<\/strong>, <strong>kiwi<\/strong>, <strong>morango <\/strong>e at\u00e9 o <strong>abacaxi <\/strong>colaboram na produ\u00e7\u00e3o de col\u00e1geno. Essa prote\u00edna \u00e9 fundamental para manter firmeza e elasticidade, reduzindo a apar\u00eancia de linhas finas.<\/p>\n\n\n\n<p>Vegetais verde-escuros, como<strong> couve, espinafre e br\u00f3colis<\/strong>, trazem fibras e compostos que ajudam o intestino a funcionar bem, algo que se reflete diretamente na pele. Um intestino equilibrado costuma significar menos inflama\u00e7\u00e3o, menos acne e uma apar\u00eancia mais uniforme.<\/p>\n\n\n\n<h2 class=\"wp-block-heading\">Quais nutrientes favorecem uma pele mais firme e uniforme<\/h2>\n\n\n\n<p>Alguns nutrientes se destacam quando o assunto \u00e9 pele jovem e bem cuidada. A vitamina A e o betacaroteno, presentes em cenoura, ab\u00f3bora, mam\u00e3o e manga, ajudam na renova\u00e7\u00e3o das c\u00e9lulas e na prote\u00e7\u00e3o contra os efeitos da luz solar no dia a dia.<\/p>\n\n\n\n<p>A vitamina E, encontrada em sementes, \u00f3leos vegetais e oleaginosas como am\u00eandoas e castanhas, atua como um \u201cescudo antioxidante\u201d, protegendo contra o estresse oxidativo. Minerais como zinco (carnes magras, feij\u00e3o, sementes) e sel\u00eanio (castanha-do-par\u00e1, ovos) s\u00e3o importantes na cicatriza\u00e7\u00e3o e na defesa das c\u00e9lulas da pele.<\/p>\n\n\n\n<figure class=\"wp-block-embed is-type-rich is-provider-pinterest wp-block-embed-pinterest\"><div class=\"wp-block-embed__wrapper\">\n<iframe loading=\"lazy\" title=\"8 Alimentos bons para a sua pele\" src=\"https:\/\/assets.pinterest.com\/ext\/embed.html?id=624522673361187103&#038;src=oembed\" height=\"899\" width=\"450\" frameborder=\"0\" scrolling=\"no\" ><\/iframe>\n<\/div><\/figure>\n\n\n\n<h2 class=\"wp-block-heading\">Quais s\u00e3o os principais aliados nutricionais da pele<\/h2>\n\n\n\n<p>Para facilitar na hora de montar o prato, vale ter em mente alguns grupos de nutrientes que s\u00e3o aliados diretos da beleza e da sa\u00fade da pele. A lista abaixo pode servir como um guia simples para o dia a dia, ajudando a variar as escolhas sem complica\u00e7\u00e3o.<\/p>\n\n\n\n<style>\n  \/* CONFIGURA\u00c7\u00d5ES GERAIS *\/\n  .nutri-wrap {\n    max-width: 900px;\n    margin: 40px auto;\n    padding: 0 20px;\n    font-family: system-ui, -apple-system, Segoe UI, Roboto, sans-serif;\n    color: #1f2a24;\n  }\n\n  \/* T\u00cdTULO *\/\n  .nutri-title {\n    display: flex;\n    align-items: center;\n    gap: 10px;\n    font-size: 28px;\n    margin: 0 0 18px;\n    color: #2e7d32;\n  }\n  .nutri-title span { font-size: 26px; }\n\n  \/* TABELA - ESTRUTURA *\/\n  .nutri-table {\n    width: 100%;\n    border-collapse: separate;\n    border-spacing: 0;\n    border: 2px solid #cfe7d3;\n    border-radius: 18px;\n    overflow: hidden;\n    background: #ffffff;\n    box-shadow: 0 12px 26px rgba(46,125,50,.10);\n  }\n\n  \/* CABE\u00c7ALHO DA TABELA *\/\n  .nutri-table thead {\n    background: linear-gradient(135deg, #e6f4ea, #f1f8f4);\n  }\n\n  .nutri-table th, .nutri-table td {\n    padding: 16px;\n    text-align: left;\n    font-size: 14.5px;\n  }\n\n  .nutri-table th {\n    color: #2e7d32;\n    font-weight: 800;\n    border-bottom: 1px solid #cfe7d3;\n  }\n\n  .nutri-table td {\n    color: #355f3b;\n    border-bottom: 1px solid #eef5f0;\n    vertical-align: top;\n  }\n\n  .nutri-table tr:last-child td { border-bottom: none; }\n\n  \/* EFEITO HOVER NAS LINHAS *\/\n  .nutri-table tbody tr:transition { background: .2s ease; }\n  .nutri-table tbody tr:hover { background: #f1f8f4; }\n\n  \/* RESPONSIVIDADE (MOBILE) *\/\n  @media (max-width: 900px) {\n    .nutri-table thead { display: none; }\n\n    .nutri-table, .nutri-table tbody, .nutri-table tr, .nutri-table td {\n      display: block;\n      width: 100%;\n    }\n\n    .nutri-table tr {\n      margin-bottom: 16px;\n      border: 1px solid #cfe7d3;\n      border-radius: 16px;\n      background: #ffffff;\n      box-shadow: 0 4px 10px rgba(0,0,0,0.05);\n    }\n\n    .nutri-table td {\n      border: none;\n      padding: 12px 16px;\n      position: relative;\n      padding-left: 50%;\n      text-align: right;\n    }\n\n    \/* Labels ajustados *\/\n    .nutri-table td::before {\n      content: attr(data-label);\n      position: absolute;\n      left: 16px;\n      width: 40%;\n      text-align: left;\n      font-size: 13px;\n      font-weight: 800;\n      color: #2e7d32;\n      top: 12px;\n    }\n    \n    .nutri-table td {\n        display: flex;\n        justify-content: space-between;\n        align-items: center;\n        text-align: right;\n        padding-left: 16px;\n    }\n    .nutri-table td::before {\n        position: static;\n        width: auto;\n        margin-right: 10px;\n    }\n  }\n<\/style>\n\n<div class=\"nutri-wrap\">\n  <h2 class=\"nutri-title\">\n    <span>\ud83e\udd57<\/span> Nutrientes e Fontes\n  <\/h2>\n\n  <table class=\"nutri-table\">\n    <thead>\n      <tr>\n        <th>Nutriente<\/th>\n        <th>Fontes alimentares<\/th>\n      <\/tr>\n    <\/thead>\n    <tbody>\n      <tr>\n        <td data-label=\"Nutriente\">\ud83c\udf4a Vitamina C<\/td>\n        <td data-label=\"Fontes alimentares\">Frutas c\u00edtricas, frutas vermelhas, piment\u00e3o.<\/td>\n      <\/tr>\n\n      <tr>\n        <td data-label=\"Nutriente\">\ud83e\udd55 Vitamina A e betacaroteno<\/td>\n        <td data-label=\"Fontes alimentares\">Cenoura, ab\u00f3bora, mam\u00e3o, manga.<\/td>\n      <\/tr>\n\n      <tr>\n        <td data-label=\"Nutriente\">\ud83c\udf3b Vitamina E<\/td>\n        <td data-label=\"Fontes alimentares\">Sementes de girassol, am\u00eandoas, azeite de oliva.<\/td>\n      <\/tr>\n\n      <tr>\n        <td data-label=\"Nutriente\">\ud83d\udc1f \u00d4mega-3<\/td>\n        <td data-label=\"Fontes alimentares\">Peixes gordurosos, linha\u00e7a, chia, nozes.<\/td>\n      <\/tr>\n      \n      <tr>\n        <td data-label=\"Nutriente\">\ud83e\udd69 Zinco<\/td>\n        <td data-label=\"Fontes alimentares\">Carne bovina magra, frango, feij\u00f5es, sementes de ab\u00f3bora.<\/td>\n      <\/tr>\n    <\/tbody>\n  <\/table>\n<\/div>\n\n\n\n<h2 class=\"wp-block-heading\">Como montar refei\u00e7\u00f5es que ajudam a ter uma pele bonita<\/h2>\n\n\n\n<p>No dia a dia, fica mais f\u00e1cil cuidar da pele quando organizamos as refei\u00e7\u00f5es j\u00e1 pensando em combina\u00e7\u00f5es simples e nutritivas. No caf\u00e9 da manh\u00e3, por exemplo, frutas com vitamina C, aveia e sementes ajudam a come\u00e7ar o dia com fibras, antioxidantes e gorduras boas.<\/p>\n\n\n\n<p>Ao longo do dia, procure montar pratos com prote\u00ednas magras, vegetais coloridos e cereais integrais. Assim, voc\u00ea garante energia, saciedade e um pacote de nutrientes que, com o tempo, contribuem para uma pele mais hidratada, firme e uniforme.<\/p>\n\n\n\n<ol class=\"wp-block-list\">\n<li><strong>Caf\u00e9 da manh\u00e3:<\/strong> frutas frescas, aveia, iogurte natural, sementes de chia ou linha\u00e7a.<\/li>\n\n\n\n<li><strong>Almo\u00e7o:<\/strong> metade do prato com saladas e legumes coloridos, um quarto com prote\u00edna (peixe, frango ou leguminosas) e outro quarto com gr\u00e3os integrais, como arroz integral ou quinoa.<\/li>\n\n\n\n<li><strong>Lanches:<\/strong> castanhas, frutas da esta\u00e7\u00e3o, cenoura crua em palitos, homus com vegetais.<\/li>\n\n\n\n<li><strong>Jantar:<\/strong> refei\u00e7\u00f5es leves, com sopas de legumes, omeletes com vegetais ou saladas refor\u00e7adas com fontes de prote\u00edna.<\/li>\n<\/ol>\n\n\n\n<p>Para voc\u00ea que quer saber mais, separamos um v\u00eddeo do canal <a class=\"yt-simple-endpoint style-scope yt-formatted-string\" spellcheck=\"false\" href=\"https:\/\/www.youtube.com\/@tuasaude\" target=\"_blank\" rel=\"noopener\">Tua Sa\u00fade<\/a> com dicas de alimentos para melhorar a pele:<\/p>\n\n\n\n<figure class=\"wp-block-embed is-type-video is-provider-youtube wp-block-embed-youtube wp-embed-aspect-16-9 wp-has-aspect-ratio\"><div class=\"wp-block-embed__wrapper\">\n<div class=\"jeg_video_container jeg_video_content\"><iframe loading=\"lazy\" title=\"5 ALIMENTOS para ter uma PELE FIRME e HIDRATADA\" width=\"500\" height=\"281\" src=\"https:\/\/www.youtube.com\/embed\/G2EP7KY1cz8?start=1&#038;feature=oembed\" frameborder=\"0\" allow=\"accelerometer; autoplay; clipboard-write; encrypted-media; gyroscope; picture-in-picture; web-share\" referrerpolicy=\"strict-origin-when-cross-origin\" allowfullscreen><\/iframe><\/div>\n<\/div><\/figure>\n\n\n\n<h2 class=\"wp-block-heading\">Quais h\u00e1bitos alimentares podem prejudicar a pele<\/h2>\n\n\n\n<p>Al\u00e9m de saber o que ajuda, \u00e9 importante reconhecer o que atrapalha a sa\u00fade da pele. O consumo frequente de ultraprocessados, ricos em a\u00e7\u00facar, gorduras saturadas e aditivos, est\u00e1 ligado a aumento de oleosidade, acne e processos inflamat\u00f3rios.<\/p>\n\n\n\n<p>Bebidas alco\u00f3licas em excesso favorecem a desidrata\u00e7\u00e3o e a apar\u00eancia cansada. J\u00e1 dietas muito restritivas e sem variedade podem levar \u00e0 falta de vitaminas e minerais, resultando em ressecamento, queda de cabelo e unhas fracas. Cuidar da pele pelo prato passa por equil\u00edbrio, bom senso e, quando poss\u00edvel, acompanhamento profissional.<\/p>\n","protected":false},"excerpt":{"rendered":"<p>A ingest\u00e3o de vitaminas C, A e E estimula o col\u00e1geno e protege as c\u00e9lulas. Vegetais e gr\u00e3os reduzem inflama\u00e7\u00f5es, enquanto o a\u00e7\u00facar e ultraprocessados aumentam a oleosidade, a acne e aceleram o envelhecimento da pele. Voc\u00ea j\u00e1 reparou como, em alguns per\u00edodos, a pele parece mais vi\u00e7osa e iluminada, e em outros fica opaca, [&hellip;]<\/p>\n","protected":false},"author":9,"featured_media":150894,"comment_status":"open","ping_status":"open","sticky":false,"template":"","format":"standard","meta":{"jnews-multi-image_gallery":[],"jnews_single_post":{"format":"standard"},"jnews_primary_category":[],"jnews_social_meta":[],"jnews_override_counter":[],"footnotes":""},"categories":[8691,8819,1],"tags":[712,6394,10307],"class_list":["post-150743","post","type-post","status-publish","format-standard","has-post-thumbnail","hentry","category-bem-estar","category-curiosidades","category-noticias","tag-autocuidado","tag-cuidado-com-a-pele","tag-pele-linda"],"yoast_head":"<!-- This site is optimized with the Yoast SEO plugin v23.8 - https:\/\/yoast.com\/wordpress\/plugins\/seo\/ -->\n<title>Dieta para a pele: o que comer para reduzir acne, oleosidade e inflama\u00e7\u00f5es - Estado de Minas - Em foco<\/title>\n<meta name=\"description\" content=\"Entenda como vitaminas e minerais atuam na firmeza e brilho do rosto e veja como montar um prato equilibrado para a sa\u00fade da pele.\" \/>\n<meta name=\"robots\" content=\"index, follow, max-snippet:-1, max-image-preview:large, max-video-preview:-1\" \/>\n<link rel=\"canonical\" href=\"https:\/\/www.em.com.br\/emfoco\/2026\/01\/06\/dieta-para-a-pele-o-que-comer-para-reduzir-acne-oleosidade-e-inflamacoes\/\" \/>\n<meta property=\"og:locale\" content=\"pt_BR\" \/>\n<meta property=\"og:type\" content=\"article\" \/>\n<meta property=\"og:title\" content=\"Dieta para a pele: o que comer para reduzir acne, oleosidade e inflama\u00e7\u00f5es - Estado de Minas - Em foco\" \/>\n<meta property=\"og:description\" content=\"Entenda como vitaminas e minerais atuam na firmeza e brilho do rosto e veja como montar um prato equilibrado para a sa\u00fade da pele.\" \/>\n<meta property=\"og:url\" content=\"https:\/\/www.em.com.br\/emfoco\/2026\/01\/06\/dieta-para-a-pele-o-que-comer-para-reduzir-acne-oleosidade-e-inflamacoes\/\" \/>\n<meta property=\"og:site_name\" content=\"Estado de Minas - Em foco\" \/>\n<meta property=\"article:published_time\" content=\"2026-01-06T18:25:14+00:00\" \/>\n<meta property=\"article:modified_time\" content=\"2026-01-05T20:02:46+00:00\" \/>\n<meta property=\"og:image\" content=\"https:\/\/www.em.com.br\/emfoco\/wp-content\/uploads\/2026\/01\/Gemini_Generated_Image_ogqahjogqahjogqa-2.png\" \/>\n\t<meta property=\"og:image:width\" content=\"1280\" \/>\n\t<meta property=\"og:image:height\" content=\"720\" \/>\n\t<meta property=\"og:image:type\" content=\"image\/png\" \/>\n<meta name=\"author\" content=\"Daniely Cardoso\" \/>\n<meta name=\"twitter:card\" content=\"summary_large_image\" \/>\n<meta name=\"twitter:label1\" content=\"Escrito por\" \/>\n\t<meta name=\"twitter:data1\" content=\"Daniely Cardoso\" \/>\n\t<meta name=\"twitter:label2\" content=\"Est. tempo de leitura\" \/>\n\t<meta name=\"twitter:data2\" content=\"5 minutos\" \/>\n<!-- \/ Yoast SEO plugin. -->","yoast_head_json":{"title":"Dieta para a pele: o que comer para reduzir acne, oleosidade e inflama\u00e7\u00f5es - Estado de Minas - Em foco","description":"Entenda como vitaminas e minerais atuam na firmeza e brilho do rosto e veja como montar um prato equilibrado para a sa\u00fade da pele.","robots":{"index":"index","follow":"follow","max-snippet":"max-snippet:-1","max-image-preview":"max-image-preview:large","max-video-preview":"max-video-preview:-1"},"canonical":"https:\/\/www.em.com.br\/emfoco\/2026\/01\/06\/dieta-para-a-pele-o-que-comer-para-reduzir-acne-oleosidade-e-inflamacoes\/","og_locale":"pt_BR","og_type":"article","og_title":"Dieta para a pele: o que comer para reduzir acne, oleosidade e inflama\u00e7\u00f5es - Estado de Minas - Em foco","og_description":"Entenda como vitaminas e minerais atuam na firmeza e brilho do rosto e veja como montar um prato equilibrado para a sa\u00fade da pele.","og_url":"https:\/\/www.em.com.br\/emfoco\/2026\/01\/06\/dieta-para-a-pele-o-que-comer-para-reduzir-acne-oleosidade-e-inflamacoes\/","og_site_name":"Estado de Minas - Em foco","article_published_time":"2026-01-06T18:25:14+00:00","article_modified_time":"2026-01-05T20:02:46+00:00","og_image":[{"width":1280,"height":720,"url":"https:\/\/www.em.com.br\/emfoco\/wp-content\/uploads\/2026\/01\/Gemini_Generated_Image_ogqahjogqahjogqa-2.png","type":"image\/png"}],"author":"Daniely Cardoso","twitter_card":"summary_large_image","twitter_misc":{"Escrito por":"Daniely Cardoso","Est. tempo de leitura":"5 minutos"},"schema":{"@context":"https:\/\/schema.org","@graph":[{"@type":"WebPage","@id":"https:\/\/www.em.com.br\/emfoco\/2026\/01\/06\/dieta-para-a-pele-o-que-comer-para-reduzir-acne-oleosidade-e-inflamacoes\/","url":"https:\/\/www.em.com.br\/emfoco\/2026\/01\/06\/dieta-para-a-pele-o-que-comer-para-reduzir-acne-oleosidade-e-inflamacoes\/","name":"Dieta para a pele: o que comer para reduzir acne, oleosidade e inflama\u00e7\u00f5es - Estado de Minas - Em foco","isPartOf":{"@id":"https:\/\/www.em.com.br\/emfoco\/#website"},"primaryImageOfPage":{"@id":"https:\/\/www.em.com.br\/emfoco\/2026\/01\/06\/dieta-para-a-pele-o-que-comer-para-reduzir-acne-oleosidade-e-inflamacoes\/#primaryimage"},"image":{"@id":"https:\/\/www.em.com.br\/emfoco\/2026\/01\/06\/dieta-para-a-pele-o-que-comer-para-reduzir-acne-oleosidade-e-inflamacoes\/#primaryimage"},"thumbnailUrl":"https:\/\/www.em.com.br\/emfoco\/wp-content\/uploads\/2026\/01\/Gemini_Generated_Image_ogqahjogqahjogqa-2.png","datePublished":"2026-01-06T18:25:14+00:00","dateModified":"2026-01-05T20:02:46+00:00","author":{"@id":"https:\/\/www.em.com.br\/emfoco\/#\/schema\/person\/0a8186d72f2c3a5c6276d90b41f271a0"},"description":"Entenda como vitaminas e minerais atuam na firmeza e brilho do rosto e veja como montar um prato equilibrado para a sa\u00fade da pele.","breadcrumb":{"@id":"https:\/\/www.em.com.br\/emfoco\/2026\/01\/06\/dieta-para-a-pele-o-que-comer-para-reduzir-acne-oleosidade-e-inflamacoes\/#breadcrumb"},"inLanguage":"pt-BR","potentialAction":[{"@type":"ReadAction","target":["https:\/\/www.em.com.br\/emfoco\/2026\/01\/06\/dieta-para-a-pele-o-que-comer-para-reduzir-acne-oleosidade-e-inflamacoes\/"]}]},{"@type":"ImageObject","inLanguage":"pt-BR","@id":"https:\/\/www.em.com.br\/emfoco\/2026\/01\/06\/dieta-para-a-pele-o-que-comer-para-reduzir-acne-oleosidade-e-inflamacoes\/#primaryimage","url":"https:\/\/www.em.com.br\/emfoco\/wp-content\/uploads\/2026\/01\/Gemini_Generated_Image_ogqahjogqahjogqa-2.png","contentUrl":"https:\/\/www.em.com.br\/emfoco\/wp-content\/uploads\/2026\/01\/Gemini_Generated_Image_ogqahjogqahjogqa-2.png","width":1280,"height":720,"caption":"Quando falamos em o que comer para ter uma pele linda, n\u00e3o \u00e9 sobre dietas malucas"},{"@type":"BreadcrumbList","@id":"https:\/\/www.em.com.br\/emfoco\/2026\/01\/06\/dieta-para-a-pele-o-que-comer-para-reduzir-acne-oleosidade-e-inflamacoes\/#breadcrumb","itemListElement":[{"@type":"ListItem","position":1,"name":"In\u00edcio","item":"https:\/\/www.em.com.br\/emfoco\/"},{"@type":"ListItem","position":2,"name":"Dieta para a pele: o que comer para reduzir acne, oleosidade e inflama\u00e7\u00f5es"}]},{"@type":"WebSite","@id":"https:\/\/www.em.com.br\/emfoco\/#website","url":"https:\/\/www.em.com.br\/emfoco\/","name":"Estado de Minas - Em foco","description":"Acompanhe as \u00faltimas not\u00edcias e fique bem informado sobre tudo o que acontece em Minas Gerais, Brasil e no mundo.","potentialAction":[{"@type":"SearchAction","target":{"@type":"EntryPoint","urlTemplate":"https:\/\/www.em.com.br\/emfoco\/?s={search_term_string}"},"query-input":{"@type":"PropertyValueSpecification","valueRequired":true,"valueName":"search_term_string"}}],"inLanguage":"pt-BR"},{"@type":"Person","@id":"https:\/\/www.em.com.br\/emfoco\/#\/schema\/person\/0a8186d72f2c3a5c6276d90b41f271a0","name":"Daniely Cardoso","image":{"@type":"ImageObject","inLanguage":"pt-BR","@id":"https:\/\/www.em.com.br\/emfoco\/#\/schema\/person\/image\/","url":"https:\/\/secure.gravatar.com\/avatar\/4b80ddbd124d1f071b626d52d62e5dff?s=96&d=mm&r=g","contentUrl":"https:\/\/secure.gravatar.com\/avatar\/4b80ddbd124d1f071b626d52d62e5dff?s=96&d=mm&r=g","caption":"Daniely Cardoso"},"url":"https:\/\/www.em.com.br\/emfoco\/author\/danielymyth\/"}]}},"_links":{"self":[{"href":"https:\/\/www.em.com.br\/emfoco\/wp-json\/wp\/v2\/posts\/150743","targetHints":{"allow":["GET"]}}],"collection":[{"href":"https:\/\/www.em.com.br\/emfoco\/wp-json\/wp\/v2\/posts"}],"about":[{"href":"https:\/\/www.em.com.br\/emfoco\/wp-json\/wp\/v2\/types\/post"}],"author":[{"embeddable":true,"href":"https:\/\/www.em.com.br\/emfoco\/wp-json\/wp\/v2\/users\/9"}],"replies":[{"embeddable":true,"href":"https:\/\/www.em.com.br\/emfoco\/wp-json\/wp\/v2\/comments?post=150743"}],"version-history":[{"count":4,"href":"https:\/\/www.em.com.br\/emfoco\/wp-json\/wp\/v2\/posts\/150743\/revisions"}],"predecessor-version":[{"id":150899,"href":"https:\/\/www.em.com.br\/emfoco\/wp-json\/wp\/v2\/posts\/150743\/revisions\/150899"}],"wp:featuredmedia":[{"embeddable":true,"href":"https:\/\/www.em.com.br\/emfoco\/wp-json\/wp\/v2\/media\/150894"}],"wp:attachment":[{"href":"https:\/\/www.em.com.br\/emfoco\/wp-json\/wp\/v2\/media?parent=150743"}],"wp:term":[{"taxonomy":"category","embeddable":true,"href":"https:\/\/www.em.com.br\/emfoco\/wp-json\/wp\/v2\/categories?post=150743"},{"taxonomy":"post_tag","embeddable":true,"href":"https:\/\/www.em.com.br\/emfoco\/wp-json\/wp\/v2\/tags?post=150743"}],"curies":[{"name":"wp","href":"https:\/\/api.w.org\/{rel}","templated":true}]}}