{"id":150672,"date":"2026-01-06T19:25:00","date_gmt":"2026-01-06T22:25:00","guid":{"rendered":"https:\/\/www.em.com.br\/emfoco\/?p=150672"},"modified":"2026-01-05T19:22:47","modified_gmt":"2026-01-05T22:22:47","slug":"cascas-de-banana-ganham-nova-funcao-no-jardim-reaproveitamento-ajuda-plantas-a-crescerem-mais-fortes","status":"publish","type":"post","link":"https:\/\/www.em.com.br\/emfoco\/2026\/01\/06\/cascas-de-banana-ganham-nova-funcao-no-jardim-reaproveitamento-ajuda-plantas-a-crescerem-mais-fortes\/","title":{"rendered":"Cascas de banana ganham nova fun\u00e7\u00e3o no jardim: reaproveitamento ajuda plantas a crescerem mais fortes"},"content":{"rendered":"\n<p>Reaproveitar res\u00edduos do dia a dia no cuidado das plantas virou um h\u00e1bito comum em muitos lares, e a&nbsp;<strong>casca de banana<\/strong>&nbsp;se popularizou como um fertilizante natural simples, econ\u00f4mico e f\u00e1cil de usar em jardins e vasos. Em vez de ir direto para o lixo, esse resto de fruta pode se transformar em uma fonte de nutrientes para o solo, ajudando no desenvolvimento de flores, folhas e frutos de forma mais sustent\u00e1vel e alinhada a um estilo de vida com menos desperd\u00edcio.<\/p>\n\n\n\n<h2 class=\"wp-block-heading\">Por que a casca de banana ajuda no crescimento das plantas<\/h2>\n\n\n\n<p>A\u00a0<strong><a href=\"https:\/\/www.em.com.br\/emfoco\/2025\/11\/08\/o-truque-da-casca-de-banana-que-triplica-sua-plantacao\/\" target=\"_blank\" rel=\"noreferrer noopener\">casca de banana <\/a>nas plantas<\/strong>\u00a0se destaca por conter minerais essenciais ao crescimento vegetal, como pot\u00e1ssio, f\u00f3sforo, c\u00e1lcio e magn\u00e9sio. O pot\u00e1ssio fortalece os tecidos e regula a circula\u00e7\u00e3o de \u00e1gua, enquanto o f\u00f3sforo ajuda ra\u00edzes e flores, e o c\u00e1lcio e o magn\u00e9sio participam de processos estruturais e metab\u00f3licos.<\/p>\n\n\n\n<p>Ao se decompor no solo, esse material org\u00e2nico libera os nutrientes de forma gradual, atuando como um&nbsp;<strong>fertilizante natural de libera\u00e7\u00e3o lenta<\/strong>. Isso pode favorecer ra\u00edzes mais firmes, hastes resistentes e flora\u00e7\u00e3o mais intensa, mas sempre como complemento a um manejo equilibrado do solo e, quando necess\u00e1rio, a aduba\u00e7\u00f5es mais completas.<\/p>\n\n\n\n<figure class=\"wp-block-image\"><img decoding=\"async\" src=\"https:\/\/www.em.com.br\/emfoco\/wp-content\/uploads\/2025\/09\/casca-de-banana-_1757536958740-1024x576.jpg\" alt=\"\"\/><figcaption class=\"wp-element-caption\">Uma mistura rica em nutrientes para seu jardim &#8211; casca de banana com vinagre<\/figcaption><\/figure>\n\n\n\n<h2 class=\"wp-block-heading\">Como usar casca de banana nas plantas com seguran\u00e7a<\/h2>\n\n\n\n<p>Existem diferentes maneiras de usar&nbsp;<strong>casca de banana no jardim e em vasos<\/strong>, e o m\u00e9todo ideal depende do tipo de planta, do espa\u00e7o e da rotina de cuidados. Em todos os casos, recomenda-se aplicar pequenas quantidades e observar a resposta do solo e das plantas ao longo do tempo.<\/p>\n\n\n\n<p>Um modo comum \u00e9 incorporar cascas em peda\u00e7os menores, levemente enterrados, evitando que fiquem expostos e atraiam insetos. Outra alternativa \u00e9 preparar uma \u201c\u00e1gua de banana\u201d, deixando as cascas em infus\u00e3o por um ou dois dias e usando essa solu\u00e7\u00e3o na rega, sempre de forma moderada.<\/p>\n\n\n\n<h2 class=\"wp-block-heading\">Formas pr\u00e1ticas de aproveitar a casca de banana<\/h2>\n\n\n\n<p>Para facilitar o uso no dia a dia, muitas pessoas secam e trituram a casca, formando um p\u00f3 que pode ser polvilhado sobre o substrato ou misturado \u00e0 terra. Outra op\u00e7\u00e3o \u00e9 incluir o material diretamente na composteira, integrando a casca \u00e0&nbsp;<em>compostagem caseira<\/em>&nbsp;para enriquecer o adubo final.<\/p>\n\n\n\n<p>A seguir, veja formas comuns e acess\u00edveis de incluir a casca de banana na rotina do seu jardim ou horta, adaptando o uso ao tipo de planta e ao espa\u00e7o dispon\u00edvel:<\/p>\n\n\n\n<ul class=\"wp-block-list\">\n<li><strong>Peda\u00e7os enterrados:<\/strong>\u00a0peda\u00e7os pequenos, colocados a alguns cent\u00edmetros de profundidade, afastados do caule.<\/li>\n\n\n\n<li><strong>\u00c1gua de casca de banana:<\/strong>\u00a0cascas deixadas em infus\u00e3o por um ou dois dias, com uso moderado na rega.<\/li>\n\n\n\n<li><strong>Cascas secas e mo\u00eddas:<\/strong>\u00a0res\u00edduo seco transformado em p\u00f3, aplicado como cobertura leve do solo.<\/li>\n\n\n\n<li><strong>No composto org\u00e2nico:<\/strong>\u00a0inclus\u00e3o das cascas em composteiras dom\u00e9sticas para enriquecer o adubo final.<\/li>\n<\/ul>\n\n\n\n<p>Quer ver como \u00e9 f\u00e1cil na pr\u00e1tica? Confira o v\u00eddeo do <strong><a href=\"https:\/\/www.youtube.com\/@IsaacHortaemApartamento\" target=\"_blank\" rel=\"noreferrer noopener\">Isaac horta em apartamento<\/a><\/strong>, que faz sucesso no Instagram com suas dicas pr\u00e1ticas:<\/p>\n\n\n\n<figure class=\"wp-block-embed is-type-video is-provider-youtube wp-block-embed-youtube wp-embed-aspect-16-9 wp-has-aspect-ratio\"><div class=\"wp-block-embed__wrapper\">\n<div class=\"jeg_video_container jeg_video_content\"><iframe loading=\"lazy\" title=\"\u00c9 s\u00f3 misturar BANANA com \u00c1GUA (joga em qualquer planta)\" width=\"500\" height=\"281\" src=\"https:\/\/www.youtube.com\/embed\/I-GuoWFQpdI?feature=oembed\" frameborder=\"0\" allow=\"accelerometer; autoplay; clipboard-write; encrypted-media; gyroscope; picture-in-picture; web-share\" referrerpolicy=\"strict-origin-when-cross-origin\" allowfullscreen><\/iframe><\/div>\n<\/div><\/figure>\n\n\n\n<h2 class=\"wp-block-heading\">Quais plantas respondem melhor \u00e0 casca de banana<\/h2>\n\n\n\n<p>O uso da&nbsp;<strong>casca de banana como adubo<\/strong>&nbsp;\u00e9 mais comum em plantas que apreciam solos minimamente f\u00e9rteis e bem estruturados. Jardins com flores, pequenos pomares, hortas dom\u00e9sticas e vasos com ornamentais costumam ser os principais beneficiados, sobretudo em esp\u00e9cies de crescimento mais lento.<\/p>\n\n\n\n<ul class=\"wp-block-list\">\n<li>Plantas flor\u00edferas em canteiros e vasos.<\/li>\n\n\n\n<li>Ros\u00e1ceas, como roseiras cultivadas em jardins residenciais.<\/li>\n\n\n\n<li>Hortali\u00e7as de fruto, como tomate, piment\u00e3o e berinjela.<\/li>\n\n\n\n<li>Plantas de interior que se desenvolvem melhor com aduba\u00e7\u00f5es leves e peri\u00f3dicas.<\/li>\n<\/ul>\n\n\n\n<h2 class=\"wp-block-heading\">Cuidados finais e erros a evitar ao usar casca de banana<\/h2>\n\n\n\n<p>Para que a&nbsp;<strong>casca de banana nas plantas<\/strong>&nbsp;traga bons resultados, \u00e9 essencial evitar exageros: o ac\u00famulo de res\u00edduos em pouco espa\u00e7o pode desequilibrar o solo, gerar odores, atrair insetos e favorecer fungos. Tamb\u00e9m \u00e9 importante n\u00e3o deixar cascas inteiras expostas na superf\u00edcie e descartar \u201c\u00e1gua de banana\u201d que tenha fermentado ap\u00f3s muitos dias.<\/p>\n\n\n\n<p>Agora \u00e9 o momento de testar esse reaproveitamento na pr\u00e1tica: escolha uma planta, aplique a casca de forma moderada e observe as mudan\u00e7as nas folhas, flores e crescimento nas pr\u00f3ximas semanas. N\u00e3o adie esse cuidado \u2014 comece hoje a transformar um simples res\u00edduo da cozinha em um aliado poderoso para um jardim mais bonito, saud\u00e1vel e sustent\u00e1vel.<\/p>\n\n\n\n<p><\/p>\n","protected":false},"excerpt":{"rendered":"<p>Reaproveitar res\u00edduos do dia a dia no cuidado das plantas virou um h\u00e1bito comum em muitos lares, e a&nbsp;casca de banana&nbsp;se popularizou como um fertilizante natural simples, econ\u00f4mico e f\u00e1cil de usar em jardins e vasos. Em vez de ir direto para o lixo, esse resto de fruta pode se transformar em uma fonte de [&hellip;]<\/p>\n","protected":false},"author":11,"featured_media":46733,"comment_status":"open","ping_status":"open","sticky":false,"template":"","format":"standard","meta":{"jnews-multi-image_gallery":[],"jnews_single_post":{"format":"standard"},"jnews_primary_category":[],"jnews_social_meta":[],"jnews_override_counter":[],"footnotes":""},"categories":[8819,1],"tags":[1914,21979,3325,3324],"class_list":["post-150672","post","type-post","status-publish","format-standard","has-post-thumbnail","hentry","category-curiosidades","category-noticias","tag-banana","tag-casca-de-banana-no-jardim","tag-jardim","tag-plantas"],"yoast_head":"<!-- This site is optimized with the Yoast SEO plugin v23.8 - https:\/\/yoast.com\/wordpress\/plugins\/seo\/ -->\n<title>Cascas de banana ganham nova fun\u00e7\u00e3o no jardim: reaproveitamento ajuda plantas a crescerem mais fortes - Estado de Minas - Em foco<\/title>\n<meta name=\"description\" content=\"A casca de banana nas plantas ajuda a nutrir o solo e estimular o crescimento. Veja como usar esse fertilizante natural sem erros.\" \/>\n<meta name=\"robots\" content=\"index, follow, max-snippet:-1, max-image-preview:large, max-video-preview:-1\" \/>\n<link rel=\"canonical\" href=\"https:\/\/www.em.com.br\/emfoco\/2026\/01\/06\/cascas-de-banana-ganham-nova-funcao-no-jardim-reaproveitamento-ajuda-plantas-a-crescerem-mais-fortes\/\" \/>\n<meta property=\"og:locale\" content=\"pt_BR\" \/>\n<meta property=\"og:type\" content=\"article\" \/>\n<meta property=\"og:title\" content=\"Cascas de banana ganham nova fun\u00e7\u00e3o no jardim: reaproveitamento ajuda plantas a crescerem mais fortes - Estado de Minas - Em foco\" \/>\n<meta property=\"og:description\" content=\"A casca de banana nas plantas ajuda a nutrir o solo e estimular o crescimento. Veja como usar esse fertilizante natural sem erros.\" \/>\n<meta property=\"og:url\" content=\"https:\/\/www.em.com.br\/emfoco\/2026\/01\/06\/cascas-de-banana-ganham-nova-funcao-no-jardim-reaproveitamento-ajuda-plantas-a-crescerem-mais-fortes\/\" \/>\n<meta property=\"og:site_name\" content=\"Estado de Minas - Em foco\" \/>\n<meta property=\"article:published_time\" content=\"2026-01-06T22:25:00+00:00\" \/>\n<meta property=\"article:modified_time\" content=\"2026-01-05T22:22:47+00:00\" \/>\n<meta property=\"og:image\" content=\"https:\/\/www.em.com.br\/emfoco\/wp-content\/uploads\/2025\/05\/casca-de-banana_1747099685155.jpg\" \/>\n\t<meta property=\"og:image:width\" content=\"1280\" \/>\n\t<meta property=\"og:image:height\" content=\"720\" \/>\n\t<meta property=\"og:image:type\" content=\"image\/jpeg\" \/>\n<meta name=\"author\" content=\"Andre\u0301 Rangel\u00a0\" \/>\n<meta name=\"twitter:card\" content=\"summary_large_image\" \/>\n<meta name=\"twitter:label1\" content=\"Escrito por\" \/>\n\t<meta name=\"twitter:data1\" content=\"Andre\u0301 Rangel\u00a0\" \/>\n\t<meta name=\"twitter:label2\" content=\"Est. tempo de leitura\" \/>\n\t<meta name=\"twitter:data2\" content=\"5 minutos\" \/>\n<!-- \/ Yoast SEO plugin. -->","yoast_head_json":{"title":"Cascas de banana ganham nova fun\u00e7\u00e3o no jardim: reaproveitamento ajuda plantas a crescerem mais fortes - Estado de Minas - Em foco","description":"A casca de banana nas plantas ajuda a nutrir o solo e estimular o crescimento. Veja como usar esse fertilizante natural sem erros.","robots":{"index":"index","follow":"follow","max-snippet":"max-snippet:-1","max-image-preview":"max-image-preview:large","max-video-preview":"max-video-preview:-1"},"canonical":"https:\/\/www.em.com.br\/emfoco\/2026\/01\/06\/cascas-de-banana-ganham-nova-funcao-no-jardim-reaproveitamento-ajuda-plantas-a-crescerem-mais-fortes\/","og_locale":"pt_BR","og_type":"article","og_title":"Cascas de banana ganham nova fun\u00e7\u00e3o no jardim: reaproveitamento ajuda plantas a crescerem mais fortes - Estado de Minas - Em foco","og_description":"A casca de banana nas plantas ajuda a nutrir o solo e estimular o crescimento. Veja como usar esse fertilizante natural sem erros.","og_url":"https:\/\/www.em.com.br\/emfoco\/2026\/01\/06\/cascas-de-banana-ganham-nova-funcao-no-jardim-reaproveitamento-ajuda-plantas-a-crescerem-mais-fortes\/","og_site_name":"Estado de Minas - Em foco","article_published_time":"2026-01-06T22:25:00+00:00","article_modified_time":"2026-01-05T22:22:47+00:00","og_image":[{"width":1280,"height":720,"url":"https:\/\/www.em.com.br\/emfoco\/wp-content\/uploads\/2025\/05\/casca-de-banana_1747099685155.jpg","type":"image\/jpeg"}],"author":"Andre\u0301 Rangel\u00a0","twitter_card":"summary_large_image","twitter_misc":{"Escrito por":"Andre\u0301 Rangel\u00a0","Est. tempo de leitura":"5 minutos"},"schema":{"@context":"https:\/\/schema.org","@graph":[{"@type":"WebPage","@id":"https:\/\/www.em.com.br\/emfoco\/2026\/01\/06\/cascas-de-banana-ganham-nova-funcao-no-jardim-reaproveitamento-ajuda-plantas-a-crescerem-mais-fortes\/","url":"https:\/\/www.em.com.br\/emfoco\/2026\/01\/06\/cascas-de-banana-ganham-nova-funcao-no-jardim-reaproveitamento-ajuda-plantas-a-crescerem-mais-fortes\/","name":"Cascas de banana ganham nova fun\u00e7\u00e3o no jardim: reaproveitamento ajuda plantas a crescerem mais fortes - Estado de Minas - Em foco","isPartOf":{"@id":"https:\/\/www.em.com.br\/emfoco\/#website"},"primaryImageOfPage":{"@id":"https:\/\/www.em.com.br\/emfoco\/2026\/01\/06\/cascas-de-banana-ganham-nova-funcao-no-jardim-reaproveitamento-ajuda-plantas-a-crescerem-mais-fortes\/#primaryimage"},"image":{"@id":"https:\/\/www.em.com.br\/emfoco\/2026\/01\/06\/cascas-de-banana-ganham-nova-funcao-no-jardim-reaproveitamento-ajuda-plantas-a-crescerem-mais-fortes\/#primaryimage"},"thumbnailUrl":"https:\/\/www.em.com.br\/emfoco\/wp-content\/uploads\/2025\/05\/casca-de-banana_1747099685155.jpg","datePublished":"2026-01-06T22:25:00+00:00","dateModified":"2026-01-05T22:22:47+00:00","author":{"@id":"https:\/\/www.em.com.br\/emfoco\/#\/schema\/person\/60eda09c1fedf0d6891f4cef4b60b8b8"},"description":"A casca de banana nas plantas ajuda a nutrir o solo e estimular o crescimento. Veja como usar esse fertilizante natural sem erros.","breadcrumb":{"@id":"https:\/\/www.em.com.br\/emfoco\/2026\/01\/06\/cascas-de-banana-ganham-nova-funcao-no-jardim-reaproveitamento-ajuda-plantas-a-crescerem-mais-fortes\/#breadcrumb"},"inLanguage":"pt-BR","potentialAction":[{"@type":"ReadAction","target":["https:\/\/www.em.com.br\/emfoco\/2026\/01\/06\/cascas-de-banana-ganham-nova-funcao-no-jardim-reaproveitamento-ajuda-plantas-a-crescerem-mais-fortes\/"]}]},{"@type":"ImageObject","inLanguage":"pt-BR","@id":"https:\/\/www.em.com.br\/emfoco\/2026\/01\/06\/cascas-de-banana-ganham-nova-funcao-no-jardim-reaproveitamento-ajuda-plantas-a-crescerem-mais-fortes\/#primaryimage","url":"https:\/\/www.em.com.br\/emfoco\/wp-content\/uploads\/2025\/05\/casca-de-banana_1747099685155.jpg","contentUrl":"https:\/\/www.em.com.br\/emfoco\/wp-content\/uploads\/2025\/05\/casca-de-banana_1747099685155.jpg","width":1280,"height":720,"caption":"A casca de banana que pode ajudar nas tarefas do dia a dia - Cr\u00e9ditos: depositphotos.com \/ ChiccoDodiFC"},{"@type":"BreadcrumbList","@id":"https:\/\/www.em.com.br\/emfoco\/2026\/01\/06\/cascas-de-banana-ganham-nova-funcao-no-jardim-reaproveitamento-ajuda-plantas-a-crescerem-mais-fortes\/#breadcrumb","itemListElement":[{"@type":"ListItem","position":1,"name":"In\u00edcio","item":"https:\/\/www.em.com.br\/emfoco\/"},{"@type":"ListItem","position":2,"name":"Cascas de banana ganham nova fun\u00e7\u00e3o no jardim: reaproveitamento ajuda plantas a crescerem mais fortes"}]},{"@type":"WebSite","@id":"https:\/\/www.em.com.br\/emfoco\/#website","url":"https:\/\/www.em.com.br\/emfoco\/","name":"Estado de Minas - Em foco","description":"Acompanhe as \u00faltimas not\u00edcias e fique bem informado sobre tudo o que acontece em Minas Gerais, Brasil e no mundo.","potentialAction":[{"@type":"SearchAction","target":{"@type":"EntryPoint","urlTemplate":"https:\/\/www.em.com.br\/emfoco\/?s={search_term_string}"},"query-input":{"@type":"PropertyValueSpecification","valueRequired":true,"valueName":"search_term_string"}}],"inLanguage":"pt-BR"},{"@type":"Person","@id":"https:\/\/www.em.com.br\/emfoco\/#\/schema\/person\/60eda09c1fedf0d6891f4cef4b60b8b8","name":"Andre\u0301 Rangel\u00a0","image":{"@type":"ImageObject","inLanguage":"pt-BR","@id":"https:\/\/www.em.com.br\/emfoco\/#\/schema\/person\/image\/","url":"https:\/\/secure.gravatar.com\/avatar\/6234dc814c77c8ef6d8bba622c787efc?s=96&d=mm&r=g","contentUrl":"https:\/\/secure.gravatar.com\/avatar\/6234dc814c77c8ef6d8bba622c787efc?s=96&d=mm&r=g","caption":"Andre\u0301 Rangel\u00a0"},"url":"https:\/\/www.em.com.br\/emfoco\/author\/luizmyth\/"}]}},"_links":{"self":[{"href":"https:\/\/www.em.com.br\/emfoco\/wp-json\/wp\/v2\/posts\/150672","targetHints":{"allow":["GET"]}}],"collection":[{"href":"https:\/\/www.em.com.br\/emfoco\/wp-json\/wp\/v2\/posts"}],"about":[{"href":"https:\/\/www.em.com.br\/emfoco\/wp-json\/wp\/v2\/types\/post"}],"author":[{"embeddable":true,"href":"https:\/\/www.em.com.br\/emfoco\/wp-json\/wp\/v2\/users\/11"}],"replies":[{"embeddable":true,"href":"https:\/\/www.em.com.br\/emfoco\/wp-json\/wp\/v2\/comments?post=150672"}],"version-history":[{"count":4,"href":"https:\/\/www.em.com.br\/emfoco\/wp-json\/wp\/v2\/posts\/150672\/revisions"}],"predecessor-version":[{"id":150701,"href":"https:\/\/www.em.com.br\/emfoco\/wp-json\/wp\/v2\/posts\/150672\/revisions\/150701"}],"wp:featuredmedia":[{"embeddable":true,"href":"https:\/\/www.em.com.br\/emfoco\/wp-json\/wp\/v2\/media\/46733"}],"wp:attachment":[{"href":"https:\/\/www.em.com.br\/emfoco\/wp-json\/wp\/v2\/media?parent=150672"}],"wp:term":[{"taxonomy":"category","embeddable":true,"href":"https:\/\/www.em.com.br\/emfoco\/wp-json\/wp\/v2\/categories?post=150672"},{"taxonomy":"post_tag","embeddable":true,"href":"https:\/\/www.em.com.br\/emfoco\/wp-json\/wp\/v2\/tags?post=150672"}],"curies":[{"name":"wp","href":"https:\/\/api.w.org\/{rel}","templated":true}]}}