{"id":150634,"date":"2026-01-06T07:15:00","date_gmt":"2026-01-06T10:15:00","guid":{"rendered":"https:\/\/www.em.com.br\/emfoco\/?p=150634"},"modified":"2026-01-05T15:31:18","modified_gmt":"2026-01-05T18:31:18","slug":"pele-jovem-aos-50-2-segredos-e-mais-5-alimentos-essenciais","status":"publish","type":"post","link":"https:\/\/www.em.com.br\/emfoco\/2026\/01\/06\/pele-jovem-aos-50-2-segredos-e-mais-5-alimentos-essenciais\/","title":{"rendered":"Pele jovem aos 50+? 2 segredos e mais 5 alimentos essenciais"},"content":{"rendered":"\n<p>O envelhecimento da pele costuma ser percebido no espelho, mas come\u00e7a muito antes, dentro do organismo. Rugas, manchas, ressecamento e perda de firmeza s\u00e3o sinais que muitas pessoas associam apenas \u00e0 passagem do tempo ou \u00e0 heran\u00e7a gen\u00e9tica, mas estudos recentes indicam que o estilo de vida, a alimenta\u00e7\u00e3o, o equil\u00edbrio hormonal e a sa\u00fade do intestino exercem influ\u00eancia significativa sobre a apar\u00eancia cut\u00e2nea, tornando o tema \u201cenvelhecimento da pele\u201d um campo cada vez mais ligado \u00e0 sa\u00fade integral.<\/p>\n\n\n\n<h2 class=\"wp-block-heading\">O que est\u00e1 por tr\u00e1s do envelhecimento da pele e do surgimento das rugas<\/h2>\n\n\n\n<p>Para aprofundar a rela\u00e7\u00e3o entre <strong>intestino, alimenta\u00e7\u00e3o e envelhecimento da pele<\/strong>, assista a este v\u00eddeo do <strong>@<a href=\"https:\/\/www.youtube.com\/@CardioDF\" target=\"_blank\" rel=\"noreferrer noopener\">Cardio DF \u2014 Cardiologia e sa\u00fade cardiovascular em Bras\u00edlia (DF)<\/a><\/strong>, que explica de forma direta como h\u00e1bitos internos influenciam rugas, manchas e perda de firmeza ao longo do tempo.<\/p>\n\n\n\n<iframe loading=\"lazy\" width=\"901\" height=\"475\" src=\"https:\/\/www.youtube.com\/embed\/S2w6GQG98vc\" title=\"PELE JOVEM aos 50+? Os 2 SEGREDOS (que N\u00c3O s\u00e3o Col\u00e1geno!) + 5 Alimentos Essenciais\" frameborder=\"0\" allow=\"accelerometer; autoplay; clipboard-write; encrypted-media; gyroscope; picture-in-picture; web-share\" referrerpolicy=\"strict-origin-when-cross-origin\" allowfullscreen><\/iframe>\n\n\n\n<p>O termo <strong>envelhecimento da pele<\/strong> descreve um conjunto de altera\u00e7\u00f5es estruturais e funcionais que ocorrem ao longo da vida. Com o tempo, h\u00e1 redu\u00e7\u00e3o na produ\u00e7\u00e3o de col\u00e1geno e elastina, diminui\u00e7\u00e3o da renova\u00e7\u00e3o celular e altera\u00e7\u00e3o da barreira cut\u00e2nea, o que torna a pele mais fina, seca e suscet\u00edvel a danos.<\/p>\n\n\n\n<p>A exposi\u00e7\u00e3o cr\u00f4nica ao sol, ao tabagismo e \u00e0 polui\u00e7\u00e3o acelera o desgaste das fibras da derme, contribuindo para linhas mais marcadas e manchas. Fatores internos, como inflama\u00e7\u00e3o cr\u00f4nica de baixa intensidade, desequil\u00edbrios hormonais, altera\u00e7\u00f5es do sono e dietas ricas em a\u00e7\u00facares e ultraprocessados, tamb\u00e9m favorecem um envelhecimento vis\u00edvel mais precoce, mesmo em pessoas jovens.<\/p>\n\n\n\n<h2 class=\"wp-block-heading\">Como o microbioma e o intestino influenciam o envelhecimento da pele<\/h2>\n\n\n\n<p>Um dos t\u00f3picos mais discutidos hoje \u00e9 a rela\u00e7\u00e3o entre microbioma e <strong>envelhecimento da pele<\/strong>. A superf\u00edcie cut\u00e2nea abriga uma grande variedade de microrganismos que participam da defesa contra agentes externos, auxiliam na manuten\u00e7\u00e3o do pH e contribuem para a integridade da barreira cut\u00e2nea; quando esse equil\u00edbrio \u00e9 rompido, surgem vermelhid\u00e3o, sensibilidade aumentada, acne e maior propens\u00e3o ao ressecamento.<\/p>\n\n\n\n<p>O intestino funciona como um centro regulador do sistema imunol\u00f3gico e, quando o microbioma intestinal \u00e9 prejudicado, aumenta a permeabilidade da mucosa e a inflama\u00e7\u00e3o sist\u00eamica, interferindo na produ\u00e7\u00e3o de col\u00e1geno, na hidrata\u00e7\u00e3o e na regenera\u00e7\u00e3o dos tecidos. Nesse cen\u00e1rio, alguns alimentos tendem a acelerar o desgaste cut\u00e2neo e agravar esse estado inflamat\u00f3rio.<\/p>\n\n\n\n<p>Leia mais: <a href=\"https:\/\/www.em.com.br\/emfoco\/2026\/01\/05\/essa-planta-comum-na-cozinha-pode-estar-resolvendo-um-problema-que-voce-nem-percebeu\/\" target=\"_blank\" rel=\"noreferrer noopener\">Essa planta comum na cozinha pode estar resolvendo um problema que voc\u00ea nem percebeu<\/a><\/p>\n\n\n\n<p>Entre os alimentos associados a maior desgaste cut\u00e2neo, destacam-se:<\/p>\n\n\n\n<ul class=\"wp-block-list\">\n<li><strong>A\u00e7\u00facares em excesso<\/strong>, principalmente em bebidas ado\u00e7adas e doces industrializados.<\/li>\n\n\n\n<li><strong>\u00d3leos vegetais refinados<\/strong>, usados em frituras e produtos prontos.<\/li>\n\n\n\n<li><strong>Embutidos e carnes processadas<\/strong>, ricos em aditivos e sal.<\/li>\n\n\n\n<li><strong>Bebidas alco\u00f3licas<\/strong> em grande quantidade, que desidratam e interferem no metabolismo hormonal.<\/li>\n\n\n\n<li><strong>Alimentos ultraprocessados<\/strong>, pobres em nutrientes e com alta densidade cal\u00f3rica.<\/li>\n<\/ul>\n\n\n\n<h2 class=\"wp-block-heading\">Quais h\u00e1bitos alimentares ajudam a desacelerar o envelhecimento da pele<\/h2>\n\n\n<div class=\"wp-block-image\">\n<figure class=\"aligncenter size-large\"><img loading=\"lazy\" decoding=\"async\" width=\"1024\" height=\"559\" src=\"https:\/\/www.em.com.br\/emfoco\/wp-content\/uploads\/2026\/01\/banquete.981Z-1024x559.png\" alt=\"\" class=\"wp-image-150774\" srcset=\"https:\/\/www.em.com.br\/emfoco\/wp-content\/uploads\/2026\/01\/banquete.981Z-1024x559.png 1024w, https:\/\/www.em.com.br\/emfoco\/wp-content\/uploads\/2026\/01\/banquete.981Z-300x164.png 300w, https:\/\/www.em.com.br\/emfoco\/wp-content\/uploads\/2026\/01\/banquete.981Z-768x419.png 768w, https:\/\/www.em.com.br\/emfoco\/wp-content\/uploads\/2026\/01\/banquete.981Z-750x409.png 750w, https:\/\/www.em.com.br\/emfoco\/wp-content\/uploads\/2026\/01\/banquete.981Z-1140x622.png 1140w, https:\/\/www.em.com.br\/emfoco\/wp-content\/uploads\/2026\/01\/banquete.981Z.png 1408w\" sizes=\"auto, (max-width: 1024px) 100vw, 1024px\" \/><figcaption class=\"wp-element-caption\">O envelhecimento da pele come\u00e7a de dentro para fora<\/figcaption><\/figure><\/div>\n\n\n<p>Para quem busca retardar o <strong>envelhecimento da pele<\/strong>, a alimenta\u00e7\u00e3o aparece como um dos pilares centrais. Em vez de focar em um \u00fanico nutriente, a literatura cient\u00edfica aponta para padr\u00f5es alimentares ricos em vegetais, frutas, gorduras de boa qualidade e alimentos minimamente processados, que favorecem o equil\u00edbrio do microbioma intestinal e cut\u00e2neo.<\/p>\n\n\n\n<p>Dentro desse padr\u00e3o, alguns grupos alimentares costumam receber destaque e podem ser inclu\u00eddos de forma estrat\u00e9gica ao longo do dia, compondo refei\u00e7\u00f5es mais completas e protetoras da pele.<\/p>\n\n\n\n<ul class=\"wp-block-list\">\n<li><strong>Fibras prebi\u00f3ticas<\/strong>: presentes em aveia, legumes, frutas menos maduras e vegetais.<\/li>\n\n\n\n<li><strong>Alimentos fermentados<\/strong>: iogurte natural, kefir e vegetais fermentados com microrganismos \u00fateis.<\/li>\n\n\n\n<li><strong>Fontes de \u00f4mega-3 e gorduras boas<\/strong>: peixes gordos, linha\u00e7a, chia, castanhas e azeite de oliva.<\/li>\n\n\n\n<li><strong>Alimentos ricos em minerais<\/strong> como magn\u00e9sio e zinco: sementes, folhas verdes, castanhas e cacau.<\/li>\n\n\n\n<li><strong>Fontes naturais associadas \u00e0 melatonina<\/strong>: ovos, nozes e algumas frutas que apoiam o ritmo biol\u00f3gico.<\/li>\n<\/ul>\n\n\n\n<p>Leia mais: <a href=\"https:\/\/www.em.com.br\/emfoco\/2026\/01\/05\/iluminacao-baixa-deixa-de-ser-estetica-e-passa-a-ser-necessidade-real-para-descanso-e-saude-mental\/\" target=\"_blank\" rel=\"noreferrer noopener\">Ilumina\u00e7\u00e3o baixa deixa de ser est\u00e9tica e passa a ser necessidade real para descanso e sa\u00fade mental<\/a><\/p>\n\n\n\n<h2 class=\"wp-block-heading\">Quais h\u00e1bitos di\u00e1rios favorecem uma pele mais saud\u00e1vel ao longo dos anos<\/h2>\n\n\n\n<p>Al\u00e9m da alimenta\u00e7\u00e3o, diferentes comportamentos do cotidiano interferem diretamente no <strong>envelhecimento da pele<\/strong>. A qualidade do sono est\u00e1 ligada a horm\u00f4nios envolvidos na repara\u00e7\u00e3o de tecidos e na regula\u00e7\u00e3o da inflama\u00e7\u00e3o, enquanto a atividade f\u00edsica melhora a circula\u00e7\u00e3o e ajuda no controle do estresse oxidativo.<\/p>\n\n\n\n<p>Rotinas organizadas, que combinam sono adequado, manejo do estresse e cuidados t\u00f3picos consistentes, criam um ambiente interno mais favor\u00e1vel \u00e0 regenera\u00e7\u00e3o tecidual. Nessa perspectiva, algumas pr\u00e1ticas se mostram especialmente \u00fateis.<\/p>\n\n\n\n<ol class=\"wp-block-list\">\n<li><strong>Manter um padr\u00e3o regular de sono<\/strong>, com ambiente escuro e silencioso.<\/li>\n\n\n\n<li><strong>Praticar atividade f\u00edsica<\/strong> de forma regular para estimular circula\u00e7\u00e3o e metabolismo.<\/li>\n\n\n\n<li><strong>Reduzir o estresse cr\u00f4nico<\/strong>, com t\u00e9cnicas de respira\u00e7\u00e3o, medita\u00e7\u00e3o ou atividades relaxantes.<\/li>\n\n\n\n<li><strong>Proteger-se do sol<\/strong> com filtro solar, roupas adequadas e exposi\u00e7\u00e3o consciente.<\/li>\n\n\n\n<li><strong>Cuidar da pele com higiene suave<\/strong>, evitando produtos agressivos ao microbioma cut\u00e2neo.<\/li>\n<\/ol>\n\n\n\n<p>No fim, o envelhecimento da pele resulta da intera\u00e7\u00e3o entre gen\u00e9tica, ambiente, microbioma, horm\u00f4nios e escolhas di\u00e1rias. A combina\u00e7\u00e3o de alimenta\u00e7\u00e3o ajustada, sono organizado, manejo do estresse e prote\u00e7\u00e3o solar tende a oferecer condi\u00e7\u00f5es mais favor\u00e1veis para que a pele acompanhe o passar do tempo com funcionalidade e integridade preservadas<\/p>\n","protected":false},"excerpt":{"rendered":"<p>O envelhecimento da pele costuma ser percebido no espelho, mas come\u00e7a muito antes, dentro do organismo. Rugas, manchas, ressecamento e perda de firmeza s\u00e3o sinais que muitas pessoas associam apenas \u00e0 passagem do tempo ou \u00e0 heran\u00e7a gen\u00e9tica, mas estudos recentes indicam que o estilo de vida, a alimenta\u00e7\u00e3o, o equil\u00edbrio hormonal e a sa\u00fade [&hellip;]<\/p>\n","protected":false},"author":20,"featured_media":150775,"comment_status":"open","ping_status":"open","sticky":false,"template":"","format":"standard","meta":{"jnews-multi-image_gallery":[],"jnews_single_post":{"format":"standard"},"jnews_primary_category":[],"jnews_social_meta":[],"jnews_override_counter":[],"footnotes":""},"categories":[8819,1],"tags":[627,7043,12306],"class_list":["post-150634","post","type-post","status-publish","format-standard","has-post-thumbnail","hentry","category-curiosidades","category-noticias","tag-envelhecimento","tag-hormonios","tag-pele-2"],"yoast_head":"<!-- This site is optimized with the Yoast SEO plugin v23.8 - https:\/\/yoast.com\/wordpress\/plugins\/seo\/ -->\n<title>Pele jovem aos 50+? 2 segredos e mais 5 alimentos essenciais - Estado de Minas - Em foco<\/title>\n<meta name=\"description\" content=\"Envelhecimento da pele vai al\u00e9m da idade e envolve alimenta\u00e7\u00e3o, intestino, sono e h\u00e1bitos di\u00e1rios que influenciam rugas, manchas e firmeza da pele jovem\" \/>\n<meta name=\"robots\" content=\"index, follow, max-snippet:-1, max-image-preview:large, max-video-preview:-1\" \/>\n<link rel=\"canonical\" href=\"https:\/\/www.em.com.br\/emfoco\/2026\/01\/06\/pele-jovem-aos-50-2-segredos-e-mais-5-alimentos-essenciais\/\" \/>\n<meta property=\"og:locale\" content=\"pt_BR\" \/>\n<meta property=\"og:type\" content=\"article\" \/>\n<meta property=\"og:title\" content=\"Pele jovem aos 50+? 2 segredos e mais 5 alimentos essenciais - Estado de Minas - Em foco\" \/>\n<meta property=\"og:description\" content=\"Envelhecimento da pele vai al\u00e9m da idade e envolve alimenta\u00e7\u00e3o, intestino, sono e h\u00e1bitos di\u00e1rios que influenciam rugas, manchas e firmeza da pele jovem\" \/>\n<meta property=\"og:url\" content=\"https:\/\/www.em.com.br\/emfoco\/2026\/01\/06\/pele-jovem-aos-50-2-segredos-e-mais-5-alimentos-essenciais\/\" \/>\n<meta property=\"og:site_name\" content=\"Estado de Minas - Em foco\" \/>\n<meta property=\"article:published_time\" content=\"2026-01-06T10:15:00+00:00\" \/>\n<meta property=\"article:modified_time\" content=\"2026-01-05T18:31:18+00:00\" \/>\n<meta property=\"og:image\" content=\"https:\/\/www.em.com.br\/emfoco\/wp-content\/uploads\/2026\/01\/pele-madura_1767424212061.jpg\" \/>\n\t<meta property=\"og:image:width\" content=\"1280\" \/>\n\t<meta property=\"og:image:height\" content=\"720\" \/>\n\t<meta property=\"og:image:type\" content=\"image\/jpeg\" \/>\n<meta name=\"author\" content=\"Ingrid Diniz\" \/>\n<meta name=\"twitter:card\" content=\"summary_large_image\" \/>\n<meta name=\"twitter:label1\" content=\"Escrito por\" \/>\n\t<meta name=\"twitter:data1\" content=\"Ingrid Diniz\" \/>\n\t<meta name=\"twitter:label2\" content=\"Est. tempo de leitura\" \/>\n\t<meta name=\"twitter:data2\" content=\"5 minutos\" \/>\n<!-- \/ Yoast SEO plugin. -->","yoast_head_json":{"title":"Pele jovem aos 50+? 2 segredos e mais 5 alimentos essenciais - Estado de Minas - Em foco","description":"Envelhecimento da pele vai al\u00e9m da idade e envolve alimenta\u00e7\u00e3o, intestino, sono e h\u00e1bitos di\u00e1rios que influenciam rugas, manchas e firmeza da pele jovem","robots":{"index":"index","follow":"follow","max-snippet":"max-snippet:-1","max-image-preview":"max-image-preview:large","max-video-preview":"max-video-preview:-1"},"canonical":"https:\/\/www.em.com.br\/emfoco\/2026\/01\/06\/pele-jovem-aos-50-2-segredos-e-mais-5-alimentos-essenciais\/","og_locale":"pt_BR","og_type":"article","og_title":"Pele jovem aos 50+? 2 segredos e mais 5 alimentos essenciais - Estado de Minas - Em foco","og_description":"Envelhecimento da pele vai al\u00e9m da idade e envolve alimenta\u00e7\u00e3o, intestino, sono e h\u00e1bitos di\u00e1rios que influenciam rugas, manchas e firmeza da pele jovem","og_url":"https:\/\/www.em.com.br\/emfoco\/2026\/01\/06\/pele-jovem-aos-50-2-segredos-e-mais-5-alimentos-essenciais\/","og_site_name":"Estado de Minas - Em foco","article_published_time":"2026-01-06T10:15:00+00:00","article_modified_time":"2026-01-05T18:31:18+00:00","og_image":[{"width":1280,"height":720,"url":"https:\/\/www.em.com.br\/emfoco\/wp-content\/uploads\/2026\/01\/pele-madura_1767424212061.jpg","type":"image\/jpeg"}],"author":"Ingrid Diniz","twitter_card":"summary_large_image","twitter_misc":{"Escrito por":"Ingrid Diniz","Est. tempo de leitura":"5 minutos"},"schema":{"@context":"https:\/\/schema.org","@graph":[{"@type":"WebPage","@id":"https:\/\/www.em.com.br\/emfoco\/2026\/01\/06\/pele-jovem-aos-50-2-segredos-e-mais-5-alimentos-essenciais\/","url":"https:\/\/www.em.com.br\/emfoco\/2026\/01\/06\/pele-jovem-aos-50-2-segredos-e-mais-5-alimentos-essenciais\/","name":"Pele jovem aos 50+? 2 segredos e mais 5 alimentos essenciais - Estado de Minas - Em foco","isPartOf":{"@id":"https:\/\/www.em.com.br\/emfoco\/#website"},"primaryImageOfPage":{"@id":"https:\/\/www.em.com.br\/emfoco\/2026\/01\/06\/pele-jovem-aos-50-2-segredos-e-mais-5-alimentos-essenciais\/#primaryimage"},"image":{"@id":"https:\/\/www.em.com.br\/emfoco\/2026\/01\/06\/pele-jovem-aos-50-2-segredos-e-mais-5-alimentos-essenciais\/#primaryimage"},"thumbnailUrl":"https:\/\/www.em.com.br\/emfoco\/wp-content\/uploads\/2026\/01\/pele-madura_1767424212061.jpg","datePublished":"2026-01-06T10:15:00+00:00","dateModified":"2026-01-05T18:31:18+00:00","author":{"@id":"https:\/\/www.em.com.br\/emfoco\/#\/schema\/person\/649e610b4eb8fff87ff394e54fe17b2b"},"description":"Envelhecimento da pele vai al\u00e9m da idade e envolve alimenta\u00e7\u00e3o, intestino, sono e h\u00e1bitos di\u00e1rios que influenciam rugas, manchas e firmeza da pele jovem","breadcrumb":{"@id":"https:\/\/www.em.com.br\/emfoco\/2026\/01\/06\/pele-jovem-aos-50-2-segredos-e-mais-5-alimentos-essenciais\/#breadcrumb"},"inLanguage":"pt-BR","potentialAction":[{"@type":"ReadAction","target":["https:\/\/www.em.com.br\/emfoco\/2026\/01\/06\/pele-jovem-aos-50-2-segredos-e-mais-5-alimentos-essenciais\/"]}]},{"@type":"ImageObject","inLanguage":"pt-BR","@id":"https:\/\/www.em.com.br\/emfoco\/2026\/01\/06\/pele-jovem-aos-50-2-segredos-e-mais-5-alimentos-essenciais\/#primaryimage","url":"https:\/\/www.em.com.br\/emfoco\/wp-content\/uploads\/2026\/01\/pele-madura_1767424212061.jpg","contentUrl":"https:\/\/www.em.com.br\/emfoco\/wp-content\/uploads\/2026\/01\/pele-madura_1767424212061.jpg","width":1280,"height":720,"caption":"Suco simples que ajuda a estimular o col\u00e1geno - Cr\u00e9ditos: depositphotos.com \/ evgenyataman"},{"@type":"BreadcrumbList","@id":"https:\/\/www.em.com.br\/emfoco\/2026\/01\/06\/pele-jovem-aos-50-2-segredos-e-mais-5-alimentos-essenciais\/#breadcrumb","itemListElement":[{"@type":"ListItem","position":1,"name":"In\u00edcio","item":"https:\/\/www.em.com.br\/emfoco\/"},{"@type":"ListItem","position":2,"name":"Pele jovem aos 50+? 2 segredos e mais 5 alimentos essenciais"}]},{"@type":"WebSite","@id":"https:\/\/www.em.com.br\/emfoco\/#website","url":"https:\/\/www.em.com.br\/emfoco\/","name":"Estado de Minas - Em foco","description":"Acompanhe as \u00faltimas not\u00edcias e fique bem informado sobre tudo o que acontece em Minas Gerais, Brasil e no mundo.","potentialAction":[{"@type":"SearchAction","target":{"@type":"EntryPoint","urlTemplate":"https:\/\/www.em.com.br\/emfoco\/?s={search_term_string}"},"query-input":{"@type":"PropertyValueSpecification","valueRequired":true,"valueName":"search_term_string"}}],"inLanguage":"pt-BR"},{"@type":"Person","@id":"https:\/\/www.em.com.br\/emfoco\/#\/schema\/person\/649e610b4eb8fff87ff394e54fe17b2b","name":"Ingrid Diniz","image":{"@type":"ImageObject","inLanguage":"pt-BR","@id":"https:\/\/www.em.com.br\/emfoco\/#\/schema\/person\/image\/","url":"https:\/\/secure.gravatar.com\/avatar\/a3baa1449ec5c39b4c42babc9d4f3951?s=96&d=mm&r=g","contentUrl":"https:\/\/secure.gravatar.com\/avatar\/a3baa1449ec5c39b4c42babc9d4f3951?s=96&d=mm&r=g","caption":"Ingrid Diniz"},"sameAs":["https:\/\/www.em.com.br\/"],"url":"https:\/\/www.em.com.br\/emfoco\/author\/ingridmyth\/"}]}},"_links":{"self":[{"href":"https:\/\/www.em.com.br\/emfoco\/wp-json\/wp\/v2\/posts\/150634","targetHints":{"allow":["GET"]}}],"collection":[{"href":"https:\/\/www.em.com.br\/emfoco\/wp-json\/wp\/v2\/posts"}],"about":[{"href":"https:\/\/www.em.com.br\/emfoco\/wp-json\/wp\/v2\/types\/post"}],"author":[{"embeddable":true,"href":"https:\/\/www.em.com.br\/emfoco\/wp-json\/wp\/v2\/users\/20"}],"replies":[{"embeddable":true,"href":"https:\/\/www.em.com.br\/emfoco\/wp-json\/wp\/v2\/comments?post=150634"}],"version-history":[{"count":2,"href":"https:\/\/www.em.com.br\/emfoco\/wp-json\/wp\/v2\/posts\/150634\/revisions"}],"predecessor-version":[{"id":150779,"href":"https:\/\/www.em.com.br\/emfoco\/wp-json\/wp\/v2\/posts\/150634\/revisions\/150779"}],"wp:featuredmedia":[{"embeddable":true,"href":"https:\/\/www.em.com.br\/emfoco\/wp-json\/wp\/v2\/media\/150775"}],"wp:attachment":[{"href":"https:\/\/www.em.com.br\/emfoco\/wp-json\/wp\/v2\/media?parent=150634"}],"wp:term":[{"taxonomy":"category","embeddable":true,"href":"https:\/\/www.em.com.br\/emfoco\/wp-json\/wp\/v2\/categories?post=150634"},{"taxonomy":"post_tag","embeddable":true,"href":"https:\/\/www.em.com.br\/emfoco\/wp-json\/wp\/v2\/tags?post=150634"}],"curies":[{"name":"wp","href":"https:\/\/api.w.org\/{rel}","templated":true}]}}