{"id":150571,"date":"2026-01-06T06:05:00","date_gmt":"2026-01-06T09:05:00","guid":{"rendered":"https:\/\/www.em.com.br\/emfoco\/?p=150571"},"modified":"2026-01-05T21:13:17","modified_gmt":"2026-01-06T00:13:17","slug":"especialista-em-designer-de-interiores-o-desafio-nos-lares-e-promover-o-bem-estar-emocional","status":"publish","type":"post","link":"https:\/\/www.em.com.br\/emfoco\/2026\/01\/06\/especialista-em-designer-de-interiores-o-desafio-nos-lares-e-promover-o-bem-estar-emocional\/","title":{"rendered":"Especialista em designer de interiores: \u201cO desafio nos lares \u00e9 promover o bem-estar emocional\u201d"},"content":{"rendered":"\n<p>As casas do futuro pr\u00f3ximo priorizam bem-estar, praticidade e sa\u00fade acima de modismos decorativos. Em vez de acumular m\u00f3veis e objetos, a proposta \u00e9 criar ambientes leves, que acompanhem o trabalho remoto, a vida em fam\u00edlia, novos h\u00e1bitos de consumo e uma rotina flex\u00edvel, com espa\u00e7os que acolhem, organizam a mente e facilitam o dia a dia.<\/p>\n\n\n\n<h2 class=\"wp-block-heading\">Como a sa\u00fade invis\u00edvel dentro de casa afeta seu bem-estar<\/h2>\n\n\n\n<p>O especialista <a href=\"https:\/\/www.instagram.com\/interiorismo_alberto_torres\/\" target=\"_blank\" rel=\"noreferrer noopener\"><strong>Alberto Torres<\/strong> <\/a>lembra que a sa\u00fade dentro de casa depende de fatores muitas vezes invis\u00edveis: ar puro, luz natural e sil\u00eancio. Muitas resid\u00eancias funcionam como \u201ccaixas fechadas\u201d, com pouca entrada de luz, janelas mal aproveitadas e barulho constante vindo das ruas ou de equipamentos internos.<\/p>\n\n\n\n<p>Essas condi\u00e7\u00f5es impactam diretamente sono, concentra\u00e7\u00e3o, humor e at\u00e9 produtividade no trabalho remoto. A exposi\u00e7\u00e3o cont\u00ednua \u00e0 luz artificial forte, somada a ambientes pouco ventilados e ru\u00eddos permanentes, aumenta a sensa\u00e7\u00e3o de cansa\u00e7o, irrita\u00e7\u00e3o e sobrecarga mental, mesmo em casas visualmente bonitas.<\/p>\n\n\n\n<figure class=\"wp-block-image size-large\"><img loading=\"lazy\" decoding=\"async\" width=\"1024\" height=\"576\" src=\"https:\/\/www.em.com.br\/emfoco\/wp-content\/uploads\/2026\/01\/Gemini_Generated_Image_cd580lcd580lcd58-1-1024x576.png\" alt=\"Algo invis\u00edvel dentro de casa pode estar roubando seu bem-estar\" class=\"wp-image-150627\" srcset=\"https:\/\/www.em.com.br\/emfoco\/wp-content\/uploads\/2026\/01\/Gemini_Generated_Image_cd580lcd580lcd58-1-1024x576.png 1024w, https:\/\/www.em.com.br\/emfoco\/wp-content\/uploads\/2026\/01\/Gemini_Generated_Image_cd580lcd580lcd58-1-300x169.png 300w, https:\/\/www.em.com.br\/emfoco\/wp-content\/uploads\/2026\/01\/Gemini_Generated_Image_cd580lcd580lcd58-1-768x432.png 768w, https:\/\/www.em.com.br\/emfoco\/wp-content\/uploads\/2026\/01\/Gemini_Generated_Image_cd580lcd580lcd58-1-750x422.png 750w, https:\/\/www.em.com.br\/emfoco\/wp-content\/uploads\/2026\/01\/Gemini_Generated_Image_cd580lcd580lcd58-1-1140x641.png 1140w, https:\/\/www.em.com.br\/emfoco\/wp-content\/uploads\/2026\/01\/Gemini_Generated_Image_cd580lcd580lcd58-1.png 1280w\" sizes=\"auto, (max-width: 1024px) 100vw, 1024px\" \/><figcaption class=\"wp-element-caption\">Algo invis\u00edvel dentro de casa pode estar roubando seu bem-estar<\/figcaption><\/figure>\n\n\n\n<h2 class=\"wp-block-heading\">Como usar o espa\u00e7o de forma inteligente nas casas do futuro<\/h2>\n\n\n\n<p>Quando se fala em casas do futuro, a tecnologia costuma ser o foco, mas as maiores mudan\u00e7as est\u00e3o no uso estrat\u00e9gico do espa\u00e7o. Ambientes integrados, m\u00f3veis vers\u00e1teis e menos barreiras f\u00edsicas reduzem ru\u00eddo visual e mental, ampliando circula\u00e7\u00e3o e definindo melhor as zonas de descanso e foco.<\/p>\n\n\n\n<p>Cresce tamb\u00e9m a revis\u00e3o do que realmente precisa estar dentro de <a href=\"https:\/\/www.em.com.br\/emfoco\/2026\/01\/05\/transforme-potes-de-vidro-em-organizadores-elegantes-e-veja-como-deixar-sua-casa-mais-bonita-e-funcional-sem-gastar-quase-nada\/\" target=\"_blank\" rel=\"noreferrer noopener\">casa<\/a>, priorizando funcionalidade, afeto e coer\u00eancia com o estilo de vida. Objetos sem fun\u00e7\u00e3o clara cedem lugar a pe\u00e7as com valor afetivo real ou utilidade concreta, evitando a sensa\u00e7\u00e3o de sufocamento t\u00edpica de ambientes saturados e dif\u00edceis de manter.<\/p>\n\n\n\n<h2 class=\"wp-block-heading\">Como criar ambientes multifuncionais e flex\u00edveis em casas compactas<\/h2>\n\n\n\n<p>A resposta para como ser\u00e3o as casas do futuro imediato passa pela multifuncionalidade e pela flexibilidade. Salas que viram escrit\u00f3rios, quartos que recebem atividades diversas ao longo do dia e cozinhas usadas tamb\u00e9m como espa\u00e7o de conv\u00edvio se tornam essenciais, sobretudo em lares com metragem reduzida.<\/p>\n\n\n\n<p>A rela\u00e7\u00e3o com luz e ventila\u00e7\u00e3o tamb\u00e9m ganha prioridade absoluta no projeto. Janelas amplas, cortinas leves e sistemas eficientes de renova\u00e7\u00e3o do ar criam um ambiente mais saud\u00e1vel, com menos depend\u00eancia de ilumina\u00e7\u00e3o artificial e maior sensa\u00e7\u00e3o de bem-estar f\u00edsico e emocional.<\/p>\n\n\n\n<div style=\"font-family: Arial, sans-serif; max-width: 900px; margin: 0 auto;\">\n\n  <h2 style=\"text-align:center; color:#000; margin-bottom:14px;\">\n    \ud83c\udfe1 As 7 dicas essenciais de Alberto Torres para a casa em 2026\n  <\/h2>\n\n  <table style=\"width:100%; border-collapse:collapse; font-size:14px; line-height:1.6;\">\n    \n    <thead>\n      <tr style=\"background:#e6f4f1;\">\n        <th style=\"border:1px solid #b7d9d2; padding:12px; width:12%;\">Dica<\/th>\n        <th style=\"border:1px solid #b7d9d2; padding:12px; width:38%;\">Princ\u00edpio<\/th>\n        <th style=\"border:1px solid #b7d9d2; padding:12px;\">O que isso significa na pr\u00e1tica<\/th>\n      <\/tr>\n    <\/thead>\n\n    <tbody>\n      <tr style=\"background:#f0f7fb;\">\n        <td style=\"border:1px solid #b7d9d2; padding:12px; text-align:center;\"><strong>1<\/strong><\/td>\n        <td style=\"border:1px solid #b7d9d2; padding:12px;\">Bem-estar emocional acima da est\u00e9tica<\/td>\n        <td style=\"border:1px solid #b7d9d2; padding:12px;\">\n          Ambientes devem acolher, acalmar e fazer sentido para quem vive ali, mesmo que fujam de tend\u00eancias ou padr\u00f5es visuais.\n        <\/td>\n      <\/tr>\n\n      <tr style=\"background:#ffffff;\">\n        <td style=\"border:1px solid #b7d9d2; padding:12px; text-align:center;\"><strong>2<\/strong><\/td>\n        <td style=\"border:1px solid #b7d9d2; padding:12px;\">Sa\u00fade como prioridade<\/td>\n        <td style=\"border:1px solid #b7d9d2; padding:12px;\">\n          Aten\u00e7\u00e3o \u00e0 qualidade do ar, boa ilumina\u00e7\u00e3o natural e redu\u00e7\u00e3o de ru\u00eddos para criar uma casa mais saud\u00e1vel no dia a dia.\n        <\/td>\n      <\/tr>\n\n      <tr style=\"background:#f0f7fb;\">\n        <td style=\"border:1px solid #b7d9d2; padding:12px; text-align:center;\"><strong>3<\/strong><\/td>\n        <td style=\"border:1px solid #b7d9d2; padding:12px;\">Desaprender o \u201cbom gosto\u201d imposto<\/td>\n        <td style=\"border:1px solid #b7d9d2; padding:12px;\">\n          Valorizar escolhas pessoais, mem\u00f3rias e refer\u00eancias pr\u00f3prias, em vez de seguir apenas o que \u00e9 considerado elegante ou correto.\n        <\/td>\n      <\/tr>\n\n      <tr style=\"background:#ffffff;\">\n        <td style=\"border:1px solid #b7d9d2; padding:12px; text-align:center;\"><strong>4<\/strong><\/td>\n        <td style=\"border:1px solid #b7d9d2; padding:12px;\">Rever a planta do im\u00f3vel<\/td>\n        <td style=\"border:1px solid #b7d9d2; padding:12px;\">\n          Melhorar a circula\u00e7\u00e3o, eliminar \u00e1reas pouco usadas e transformar metros quadrados em espa\u00e7os realmente funcionais.\n        <\/td>\n      <\/tr>\n\n      <tr style=\"background:#f0f7fb;\">\n        <td style=\"border:1px solid #b7d9d2; padding:12px; text-align:center;\"><strong>5<\/strong><\/td>\n        <td style=\"border:1px solid #b7d9d2; padding:12px;\">Espa\u00e7os flex\u00edveis<\/td>\n        <td style=\"border:1px solid #b7d9d2; padding:12px;\">\n          Ambientes que mudam de fun\u00e7\u00e3o ao longo do dia, acompanhando trabalho remoto, lazer, descanso e conviv\u00eancia.\n        <\/td>\n      <\/tr>\n\n      <tr style=\"background:#ffffff;\">\n        <td style=\"border:1px solid #b7d9d2; padding:12px; text-align:center;\"><strong>6<\/strong><\/td>\n        <td style=\"border:1px solid #b7d9d2; padding:12px;\">Materiais saud\u00e1veis e sustent\u00e1veis<\/td>\n        <td style=\"border:1px solid #b7d9d2; padding:12px;\">\n          Prefer\u00eancia por materiais menos t\u00f3xicos, dur\u00e1veis e com menor impacto ambiental, pensando no longo prazo.\n        <\/td>\n      <\/tr>\n\n      <tr style=\"background:#f0f7fb;\">\n        <td style=\"border:1px solid #b7d9d2; padding:12px; text-align:center;\"><strong>7<\/strong><\/td>\n        <td style=\"border:1px solid #b7d9d2; padding:12px;\">Minimalismo consciente<\/td>\n        <td style=\"border:1px solid #b7d9d2; padding:12px;\">\n          Reduzir excessos, consumir com inten\u00e7\u00e3o e criar uma casa mais leve, funcional e mentalmente tranquila.\n        <\/td>\n      <\/tr>\n    <\/tbody>\n\n  <\/table>\n\n<\/div>\n\n\n\n\n<h2 class=\"wp-block-heading\">Como o minimalismo e a boa distribui\u00e7\u00e3o tornam a casa mais leve<\/h2>\n\n\n\n<p>O estilo de viver com menos deixa de ser s\u00f3 est\u00e9tica neutra e vira ferramenta de clareza mental. Em vez de prateleiras cheias e superf\u00edcies cobertas, fica vis\u00edvel apenas o que \u00e9 relevante, removendo excessos que n\u00e3o contribuem para conforto, praticidade ou identidade do morador e facilitando limpeza e organiza\u00e7\u00e3o.<\/p>\n\n\n\n<p>Para apoiar essa mudan\u00e7a, vale planejar a casa de forma estrat\u00e9gica, pensando em fun\u00e7\u00f5es reais e na rotina di\u00e1ria. Alguns recursos pr\u00e1ticos ajudam a criar um lar din\u00e2mico, leve e adapt\u00e1vel \u00e0s mudan\u00e7as de uso ao longo do dia:<\/p>\n\n\n\n<ul class=\"wp-block-list\">\n<li>Salas que se transformam em escrit\u00f3rio com m\u00f3veis dobr\u00e1veis ou esta\u00e7\u00f5es discretas.<\/li>\n\n\n\n<li>Quartos preparados para h\u00f3spedes espor\u00e1dicos sem perder a fun\u00e7\u00e3o cotidiana.<\/li>\n\n\n\n<li>Varandas usadas para lazer e trabalho, com mobili\u00e1rio resistente e vers\u00e1til.<\/li>\n<\/ul>\n\n\n\n<h2 class=\"wp-block-heading\">Como deixar sua casa mais saud\u00e1vel hoje e preparada para o futuro<\/h2>\n\n\n\n<p>A escolha de materiais e solu\u00e7\u00f5es que favore\u00e7am sa\u00fade e conforto silencioso \u00e9 decisiva nas casas do futuro imediato. Pinturas com baixo teor de compostos vol\u00e1teis, tecidos respir\u00e1veis, m\u00f3veis com menos componentes sint\u00e9ticos e elementos que controlam ru\u00eddos criam um lar acolhedor, ideal para descansar, se concentrar e conviver.<\/p>\n\n\n\n<p>Observe os sinais: janelas que quase nunca abrem, luz acesa o dia todo, ru\u00eddos que nunca cessam. Comece hoje a transforma\u00e7\u00e3o \u2014 reorganize um c\u00f4modo, re<\/p>\n\n\n\n<p><\/p>\n","protected":false},"excerpt":{"rendered":"<p>As casas do futuro pr\u00f3ximo priorizam bem-estar, praticidade e sa\u00fade acima de modismos decorativos. Em vez de acumular m\u00f3veis e objetos, a proposta \u00e9 criar ambientes leves, que acompanhem o trabalho remoto, a vida em fam\u00edlia, novos h\u00e1bitos de consumo e uma rotina flex\u00edvel, com espa\u00e7os que acolhem, organizam a mente e facilitam o dia [&hellip;]<\/p>\n","protected":false},"author":11,"featured_media":150628,"comment_status":"open","ping_status":"open","sticky":false,"template":"","format":"standard","meta":{"jnews-multi-image_gallery":[],"jnews_single_post":{"format":"standard"},"jnews_primary_category":[],"jnews_social_meta":[],"jnews_override_counter":[],"footnotes":""},"categories":[8819,1],"tags":[711,2911,4945,415],"class_list":["post-150571","post","type-post","status-publish","format-standard","has-post-thumbnail","hentry","category-curiosidades","category-noticias","tag-bem-estar","tag-casa","tag-minimalismo","tag-saude"],"yoast_head":"<!-- This site is optimized with the Yoast SEO plugin v23.8 - https:\/\/yoast.com\/wordpress\/plugins\/seo\/ -->\n<title>Especialista em designer de interiores: \u201cO desafio nos lares \u00e9 promover o bem-estar emocional\u201d - Estado de Minas - Em foco<\/title>\n<meta name=\"description\" content=\"Casas do futuro priorizam bem-estar, sa\u00fade e praticidade. Pequenas mudan\u00e7as no espa\u00e7o podem melhorar sono, foco e qualidade de vida.\" \/>\n<meta name=\"robots\" content=\"index, follow, max-snippet:-1, max-image-preview:large, max-video-preview:-1\" \/>\n<link rel=\"canonical\" href=\"https:\/\/www.em.com.br\/emfoco\/2026\/01\/06\/especialista-em-designer-de-interiores-o-desafio-nos-lares-e-promover-o-bem-estar-emocional\/\" \/>\n<meta property=\"og:locale\" content=\"pt_BR\" \/>\n<meta property=\"og:type\" content=\"article\" \/>\n<meta property=\"og:title\" content=\"Especialista em designer de interiores: \u201cO desafio nos lares \u00e9 promover o bem-estar emocional\u201d - Estado de Minas - Em foco\" \/>\n<meta property=\"og:description\" content=\"Casas do futuro priorizam bem-estar, sa\u00fade e praticidade. Pequenas mudan\u00e7as no espa\u00e7o podem melhorar sono, foco e qualidade de vida.\" \/>\n<meta property=\"og:url\" content=\"https:\/\/www.em.com.br\/emfoco\/2026\/01\/06\/especialista-em-designer-de-interiores-o-desafio-nos-lares-e-promover-o-bem-estar-emocional\/\" \/>\n<meta property=\"og:site_name\" content=\"Estado de Minas - Em foco\" \/>\n<meta property=\"article:published_time\" content=\"2026-01-06T09:05:00+00:00\" \/>\n<meta property=\"article:modified_time\" content=\"2026-01-06T00:13:17+00:00\" \/>\n<meta property=\"og:image\" content=\"https:\/\/www.em.com.br\/emfoco\/wp-content\/uploads\/2026\/01\/Gemini_Generated_Image_x92jd8x92jd8x92j-1.png\" \/>\n\t<meta property=\"og:image:width\" content=\"1280\" \/>\n\t<meta property=\"og:image:height\" content=\"720\" \/>\n\t<meta property=\"og:image:type\" content=\"image\/png\" \/>\n<meta name=\"author\" content=\"Andre\u0301 Rangel\u00a0\" \/>\n<meta name=\"twitter:card\" content=\"summary_large_image\" \/>\n<meta name=\"twitter:label1\" content=\"Escrito por\" \/>\n\t<meta name=\"twitter:data1\" content=\"Andre\u0301 Rangel\u00a0\" \/>\n\t<meta name=\"twitter:label2\" content=\"Est. tempo de leitura\" \/>\n\t<meta name=\"twitter:data2\" content=\"5 minutos\" \/>\n<!-- \/ Yoast SEO plugin. -->","yoast_head_json":{"title":"Especialista em designer de interiores: \u201cO desafio nos lares \u00e9 promover o bem-estar emocional\u201d - Estado de Minas - Em foco","description":"Casas do futuro priorizam bem-estar, sa\u00fade e praticidade. Pequenas mudan\u00e7as no espa\u00e7o podem melhorar sono, foco e qualidade de vida.","robots":{"index":"index","follow":"follow","max-snippet":"max-snippet:-1","max-image-preview":"max-image-preview:large","max-video-preview":"max-video-preview:-1"},"canonical":"https:\/\/www.em.com.br\/emfoco\/2026\/01\/06\/especialista-em-designer-de-interiores-o-desafio-nos-lares-e-promover-o-bem-estar-emocional\/","og_locale":"pt_BR","og_type":"article","og_title":"Especialista em designer de interiores: \u201cO desafio nos lares \u00e9 promover o bem-estar emocional\u201d - Estado de Minas - Em foco","og_description":"Casas do futuro priorizam bem-estar, sa\u00fade e praticidade. Pequenas mudan\u00e7as no espa\u00e7o podem melhorar sono, foco e qualidade de vida.","og_url":"https:\/\/www.em.com.br\/emfoco\/2026\/01\/06\/especialista-em-designer-de-interiores-o-desafio-nos-lares-e-promover-o-bem-estar-emocional\/","og_site_name":"Estado de Minas - Em foco","article_published_time":"2026-01-06T09:05:00+00:00","article_modified_time":"2026-01-06T00:13:17+00:00","og_image":[{"width":1280,"height":720,"url":"https:\/\/www.em.com.br\/emfoco\/wp-content\/uploads\/2026\/01\/Gemini_Generated_Image_x92jd8x92jd8x92j-1.png","type":"image\/png"}],"author":"Andre\u0301 Rangel\u00a0","twitter_card":"summary_large_image","twitter_misc":{"Escrito por":"Andre\u0301 Rangel\u00a0","Est. tempo de leitura":"5 minutos"},"schema":{"@context":"https:\/\/schema.org","@graph":[{"@type":"WebPage","@id":"https:\/\/www.em.com.br\/emfoco\/2026\/01\/06\/especialista-em-designer-de-interiores-o-desafio-nos-lares-e-promover-o-bem-estar-emocional\/","url":"https:\/\/www.em.com.br\/emfoco\/2026\/01\/06\/especialista-em-designer-de-interiores-o-desafio-nos-lares-e-promover-o-bem-estar-emocional\/","name":"Especialista em designer de interiores: \u201cO desafio nos lares \u00e9 promover o bem-estar emocional\u201d - Estado de Minas - Em foco","isPartOf":{"@id":"https:\/\/www.em.com.br\/emfoco\/#website"},"primaryImageOfPage":{"@id":"https:\/\/www.em.com.br\/emfoco\/2026\/01\/06\/especialista-em-designer-de-interiores-o-desafio-nos-lares-e-promover-o-bem-estar-emocional\/#primaryimage"},"image":{"@id":"https:\/\/www.em.com.br\/emfoco\/2026\/01\/06\/especialista-em-designer-de-interiores-o-desafio-nos-lares-e-promover-o-bem-estar-emocional\/#primaryimage"},"thumbnailUrl":"https:\/\/www.em.com.br\/emfoco\/wp-content\/uploads\/2026\/01\/Gemini_Generated_Image_x92jd8x92jd8x92j-1.png","datePublished":"2026-01-06T09:05:00+00:00","dateModified":"2026-01-06T00:13:17+00:00","author":{"@id":"https:\/\/www.em.com.br\/emfoco\/#\/schema\/person\/60eda09c1fedf0d6891f4cef4b60b8b8"},"description":"Casas do futuro priorizam bem-estar, sa\u00fade e praticidade. Pequenas mudan\u00e7as no espa\u00e7o podem melhorar sono, foco e qualidade de vida.","breadcrumb":{"@id":"https:\/\/www.em.com.br\/emfoco\/2026\/01\/06\/especialista-em-designer-de-interiores-o-desafio-nos-lares-e-promover-o-bem-estar-emocional\/#breadcrumb"},"inLanguage":"pt-BR","potentialAction":[{"@type":"ReadAction","target":["https:\/\/www.em.com.br\/emfoco\/2026\/01\/06\/especialista-em-designer-de-interiores-o-desafio-nos-lares-e-promover-o-bem-estar-emocional\/"]}]},{"@type":"ImageObject","inLanguage":"pt-BR","@id":"https:\/\/www.em.com.br\/emfoco\/2026\/01\/06\/especialista-em-designer-de-interiores-o-desafio-nos-lares-e-promover-o-bem-estar-emocional\/#primaryimage","url":"https:\/\/www.em.com.br\/emfoco\/wp-content\/uploads\/2026\/01\/Gemini_Generated_Image_x92jd8x92jd8x92j-1.png","contentUrl":"https:\/\/www.em.com.br\/emfoco\/wp-content\/uploads\/2026\/01\/Gemini_Generated_Image_x92jd8x92jd8x92j-1.png","width":1280,"height":720,"caption":"Algo invis\u00edvel dentro de casa pode estar roubando seu bem-estar"},{"@type":"BreadcrumbList","@id":"https:\/\/www.em.com.br\/emfoco\/2026\/01\/06\/especialista-em-designer-de-interiores-o-desafio-nos-lares-e-promover-o-bem-estar-emocional\/#breadcrumb","itemListElement":[{"@type":"ListItem","position":1,"name":"In\u00edcio","item":"https:\/\/www.em.com.br\/emfoco\/"},{"@type":"ListItem","position":2,"name":"Especialista em designer de interiores: \u201cO desafio nos lares \u00e9 promover o bem-estar emocional\u201d"}]},{"@type":"WebSite","@id":"https:\/\/www.em.com.br\/emfoco\/#website","url":"https:\/\/www.em.com.br\/emfoco\/","name":"Estado de Minas - Em foco","description":"Acompanhe as \u00faltimas not\u00edcias e fique bem informado sobre tudo o que acontece em Minas Gerais, Brasil e no mundo.","potentialAction":[{"@type":"SearchAction","target":{"@type":"EntryPoint","urlTemplate":"https:\/\/www.em.com.br\/emfoco\/?s={search_term_string}"},"query-input":{"@type":"PropertyValueSpecification","valueRequired":true,"valueName":"search_term_string"}}],"inLanguage":"pt-BR"},{"@type":"Person","@id":"https:\/\/www.em.com.br\/emfoco\/#\/schema\/person\/60eda09c1fedf0d6891f4cef4b60b8b8","name":"Andre\u0301 Rangel\u00a0","image":{"@type":"ImageObject","inLanguage":"pt-BR","@id":"https:\/\/www.em.com.br\/emfoco\/#\/schema\/person\/image\/","url":"https:\/\/secure.gravatar.com\/avatar\/6234dc814c77c8ef6d8bba622c787efc?s=96&d=mm&r=g","contentUrl":"https:\/\/secure.gravatar.com\/avatar\/6234dc814c77c8ef6d8bba622c787efc?s=96&d=mm&r=g","caption":"Andre\u0301 Rangel\u00a0"},"url":"https:\/\/www.em.com.br\/emfoco\/author\/luizmyth\/"}]}},"_links":{"self":[{"href":"https:\/\/www.em.com.br\/emfoco\/wp-json\/wp\/v2\/posts\/150571","targetHints":{"allow":["GET"]}}],"collection":[{"href":"https:\/\/www.em.com.br\/emfoco\/wp-json\/wp\/v2\/posts"}],"about":[{"href":"https:\/\/www.em.com.br\/emfoco\/wp-json\/wp\/v2\/types\/post"}],"author":[{"embeddable":true,"href":"https:\/\/www.em.com.br\/emfoco\/wp-json\/wp\/v2\/users\/11"}],"replies":[{"embeddable":true,"href":"https:\/\/www.em.com.br\/emfoco\/wp-json\/wp\/v2\/comments?post=150571"}],"version-history":[{"count":4,"href":"https:\/\/www.em.com.br\/emfoco\/wp-json\/wp\/v2\/posts\/150571\/revisions"}],"predecessor-version":[{"id":150629,"href":"https:\/\/www.em.com.br\/emfoco\/wp-json\/wp\/v2\/posts\/150571\/revisions\/150629"}],"wp:featuredmedia":[{"embeddable":true,"href":"https:\/\/www.em.com.br\/emfoco\/wp-json\/wp\/v2\/media\/150628"}],"wp:attachment":[{"href":"https:\/\/www.em.com.br\/emfoco\/wp-json\/wp\/v2\/media?parent=150571"}],"wp:term":[{"taxonomy":"category","embeddable":true,"href":"https:\/\/www.em.com.br\/emfoco\/wp-json\/wp\/v2\/categories?post=150571"},{"taxonomy":"post_tag","embeddable":true,"href":"https:\/\/www.em.com.br\/emfoco\/wp-json\/wp\/v2\/tags?post=150571"}],"curies":[{"name":"wp","href":"https:\/\/api.w.org\/{rel}","templated":true}]}}