{"id":150509,"date":"2026-01-06T07:45:00","date_gmt":"2026-01-06T10:45:00","guid":{"rendered":"https:\/\/www.em.com.br\/emfoco\/?p=150509"},"modified":"2026-01-05T10:10:44","modified_gmt":"2026-01-05T13:10:44","slug":"quem-usa-moto-no-trabalho-pode-ter-direito-a-30-a-mais-no-salario-e-nem-sabe-disso-segundo-a-lei-trabalhista","status":"publish","type":"post","link":"https:\/\/www.em.com.br\/emfoco\/2026\/01\/06\/quem-usa-moto-no-trabalho-pode-ter-direito-a-30-a-mais-no-salario-e-nem-sabe-disso-segundo-a-lei-trabalhista\/","title":{"rendered":"Quem usa moto no trabalho pode ter direito a 30% a mais no sal\u00e1rio e nem sabe disso, segundo a lei trabalhista"},"content":{"rendered":"\n<h2 class=\"wp-block-heading\">Profissionais que usam motocicleta a servi\u00e7o da empresa t\u00eam direito a adicional de periculosidade de 30% sobre o sal\u00e1rio base, com reflexos em f\u00e9rias, 13\u00ba e FGTS, desde que haja uso habitual durante a jornada.<\/h2>\n\n\n\n<p>Profissionais que utilizam motocicleta durante a jornada podem ter direito ao <strong>adicional de periculosidade<\/strong> de 30% sobre o sal\u00e1rio base. O benef\u00edcio depende do uso da moto a servi\u00e7o da empresa, n\u00e3o do cargo registrado, e gera reflexos diretos em f\u00e9rias, 13\u00ba sal\u00e1rio e FGTS.<\/p>\n\n\n\n<h2 class=\"wp-block-heading\">Quem utiliza moto no trabalho tem direito aos 30% de adicional?<\/h2>\n\n\n\n<p>O direito ao <strong><a href=\"https:\/\/www.jusbrasil.com.br\/artigos\/adicional-de-periculosidade\/1830188112\" target=\"_blank\" rel=\"noreferrer noopener\">adicional de periculosidade<\/a><\/strong> surge quando a motocicleta \u00e9 utilizada em vias p\u00fablicas para atividades profissionais, como visitas t\u00e9cnicas, entregas ou servi\u00e7os externos. A legisla\u00e7\u00e3o reconhece o <strong>risco permanente do tr\u00e2nsito<\/strong> como fator determinante para o pagamento.<\/p>\n\n\n\n<p>Isso significa que n\u00e3o apenas motoboys, mas tamb\u00e9m vendedores, t\u00e9cnicos e auxiliares podem receber o benef\u00edcio. O que vale \u00e9 a <strong>exposi\u00e7\u00e3o ao perigo durante a jornada<\/strong>, independentemente do nome da fun\u00e7\u00e3o registrado na carteira de trabalho.<\/p>\n\n\n\n<figure class=\"wp-block-image size-large\"><img loading=\"lazy\" decoding=\"async\" width=\"1024\" height=\"576\" src=\"https:\/\/www.em.com.br\/emfoco\/wp-content\/uploads\/2026\/01\/IA-1-13-1024x576.jpg\" alt=\"Quem usa moto no trabalho pode ter direito a 30% a mais no sal\u00e1rio e nem sabe disso, segundo a lei trabalhista\" class=\"wp-image-150520\" srcset=\"https:\/\/www.em.com.br\/emfoco\/wp-content\/uploads\/2026\/01\/IA-1-13-1024x576.jpg 1024w, https:\/\/www.em.com.br\/emfoco\/wp-content\/uploads\/2026\/01\/IA-1-13-300x169.jpg 300w, https:\/\/www.em.com.br\/emfoco\/wp-content\/uploads\/2026\/01\/IA-1-13-768x432.jpg 768w, https:\/\/www.em.com.br\/emfoco\/wp-content\/uploads\/2026\/01\/IA-1-13-750x422.jpg 750w, https:\/\/www.em.com.br\/emfoco\/wp-content\/uploads\/2026\/01\/IA-1-13-1140x641.jpg 1140w, https:\/\/www.em.com.br\/emfoco\/wp-content\/uploads\/2026\/01\/IA-1-13.jpg 1280w\" sizes=\"auto, (max-width: 1024px) 100vw, 1024px\" \/><figcaption class=\"wp-element-caption\">Uso de motocicleta em vias p\u00fablicas caracteriza risco permanente reconhecido pela legisla\u00e7\u00e3o<\/figcaption><\/figure>\n\n\n\n<h2 class=\"wp-block-heading\">O cargo na carteira pode anular esse direito?<\/h2>\n\n\n\n<p>Empresas costumam negar o pagamento alegando que o trabalhador n\u00e3o exerce oficialmente a fun\u00e7\u00e3o de motoboy. No entanto, essa pr\u00e1tica contraria o entendimento legal, que analisa a realidade do trabalho executado. Para identificar quando o adicional \u00e9 devido, observe os crit\u00e9rios objetivos abaixo.<\/p>\n\n\n\n<ul class=\"wp-block-list\">\n<li>Utiliza\u00e7\u00e3o habitual da motocicleta como <strong>ferramenta de trabalho<\/strong><\/li>\n\n\n\n<li>Deslocamentos realizados durante o expediente para cumprir ordens da empresa<\/li>\n\n\n\n<li>Atividades externas que exp\u00f5em o empregado ao <strong>risco di\u00e1rio de acidentes<\/strong><\/li>\n<\/ul>\n\n\n\n<p><em>Leia mais: <strong><a href=\"https:\/\/www.em.com.br\/emfoco\/2026\/01\/05\/receita-federal-ajusta-regras-de-beneficios-tributarios-reducao-prevista-em-lei-complementar-ja-entrou-em-vigor\/\" target=\"_blank\" rel=\"noreferrer noopener\">Receita Federal ajusta regras de benef\u00edcios tribut\u00e1rios: redu\u00e7\u00e3o prevista em lei complementar j\u00e1 entrou em vigor<\/a><\/strong><\/em><\/p>\n\n\n\n<h2 class=\"wp-block-heading\">Como funciona o c\u00e1lculo do adicional de periculosidade?<\/h2>\n\n\n\n<p>O adicional corresponde a 30% calculados exclusivamente sobre o <strong>sal\u00e1rio base contratual<\/strong>. Valores como comiss\u00f5es, pr\u00eamios, horas extras ou gratifica\u00e7\u00f5es n\u00e3o entram nessa conta, o que gera confus\u00e3o ao comparar o percentual com o total do contracheque.<\/p>\n\n\n\n<p>Apesar disso, o adicional tem <strong>natureza salarial<\/strong>. Por esse motivo, ele integra outras verbas obrigat\u00f3rias, elevando automaticamente valores pagos ao longo do ano e tamb\u00e9m em uma eventual rescis\u00e3o contratual.<\/p>\n\n\n\n<figure class=\"wp-block-image size-large\"><img loading=\"lazy\" decoding=\"async\" width=\"1024\" height=\"576\" src=\"https:\/\/www.em.com.br\/emfoco\/wp-content\/uploads\/2026\/01\/IA-2-13-1024x576.jpg\" alt=\"Quem usa moto no trabalho pode ter direito a 30% a mais no sal\u00e1rio e nem sabe disso, segundo a lei trabalhista\" class=\"wp-image-150521\" srcset=\"https:\/\/www.em.com.br\/emfoco\/wp-content\/uploads\/2026\/01\/IA-2-13-1024x576.jpg 1024w, https:\/\/www.em.com.br\/emfoco\/wp-content\/uploads\/2026\/01\/IA-2-13-300x169.jpg 300w, https:\/\/www.em.com.br\/emfoco\/wp-content\/uploads\/2026\/01\/IA-2-13-768x432.jpg 768w, https:\/\/www.em.com.br\/emfoco\/wp-content\/uploads\/2026\/01\/IA-2-13-750x422.jpg 750w, https:\/\/www.em.com.br\/emfoco\/wp-content\/uploads\/2026\/01\/IA-2-13-1140x641.jpg 1140w, https:\/\/www.em.com.br\/emfoco\/wp-content\/uploads\/2026\/01\/IA-2-13.jpg 1280w\" sizes=\"auto, (max-width: 1024px) 100vw, 1024px\" \/><figcaption class=\"wp-element-caption\">C\u00e1lculo do adicional considera apenas o sal\u00e1rio base contratual<\/figcaption><\/figure>\n\n\n\n<h2 class=\"wp-block-heading\">Quais reflexos financeiros esse adicional gera na pr\u00e1tica?<\/h2>\n\n\n\n<p>Al\u00e9m do aumento mensal no sal\u00e1rio, o adicional de periculosidade gera impactos acumulativos relevantes. Esses efeitos costumam ser ignorados, mas fazem grande diferen\u00e7a no longo prazo, especialmente para quem trabalhou anos sem receber o valor corretamente, como mostrado a seguir.<\/p>\n\n\n\n<ul class=\"wp-block-list\">\n<li>Aumento no valor do <strong>13\u00ba sal\u00e1rio<\/strong>, calculado sobre a remunera\u00e7\u00e3o total<\/li>\n\n\n\n<li>F\u00e9rias mais altas, com inclus\u00e3o do adicional e do <strong>ter\u00e7o constitucional<\/strong><\/li>\n\n\n\n<li>Dep\u00f3sitos mensais de <strong>FGTS<\/strong> maiores, refletindo diretamente no saldo final<\/li>\n<\/ul>\n\n\n\n<h2 class=\"wp-block-heading\">O uso da moto no trajeto casa trabalho gera esse direito?<\/h2>\n\n\n\n<p>N\u00e3o. O deslocamento entre casa e empresa \u00e9 considerado op\u00e7\u00e3o pessoal do trabalhador. A lei \u00e9 clara ao restringir o adicional apenas aos casos em que a motocicleta \u00e9 utilizada <strong>a servi\u00e7o da empresa<\/strong>, dentro da jornada de trabalho.<\/p>\n\n\n\n<p>J\u00e1 quem usou moto profissionalmente e n\u00e3o recebeu pode buscar valores retroativos. A cobran\u00e7a judicial pode alcan\u00e7ar at\u00e9 <strong>cinco anos<\/strong>, desde que o uso seja comprovado por registros de servi\u00e7o, reembolsos, rotas, mensagens ou testemunhas.<\/p>\n","protected":false},"excerpt":{"rendered":"<p>Profissionais que usam motocicleta a servi\u00e7o da empresa t\u00eam direito a adicional de periculosidade de 30% sobre o sal\u00e1rio base, com reflexos em f\u00e9rias, 13\u00ba e FGTS, desde que haja uso habitual durante a jornada. Profissionais que utilizam motocicleta durante a jornada podem ter direito ao adicional de periculosidade de 30% sobre o sal\u00e1rio base. [&hellip;]<\/p>\n","protected":false},"author":13,"featured_media":150519,"comment_status":"open","ping_status":"open","sticky":false,"template":"","format":"standard","meta":{"jnews-multi-image_gallery":[],"jnews_single_post":{"format":"standard"},"jnews_primary_category":[],"jnews_social_meta":[],"jnews_override_counter":[],"footnotes":""},"categories":[28],"tags":[21947,1036,21946],"class_list":["post-150509","post","type-post","status-publish","format-standard","has-post-thumbnail","hentry","category-economia","tag-adicional-de-periculosidade","tag-fgts","tag-moto-no-trabalho"],"yoast_head":"<!-- This site is optimized with the Yoast SEO plugin v23.8 - https:\/\/yoast.com\/wordpress\/plugins\/seo\/ -->\n<title>Quem usa moto no trabalho pode ter direito a 30% a mais no sal\u00e1rio e nem sabe disso, segundo a lei trabalhista - Estado de Minas - Em foco<\/title>\n<meta name=\"description\" content=\"Quem trabalha com moto pode ter direito a 30% de adicional no sal\u00e1rio e estar perdendo esse valor sem saber. Entenda como funciona a lei.\" \/>\n<meta name=\"robots\" content=\"index, follow, max-snippet:-1, max-image-preview:large, max-video-preview:-1\" \/>\n<link rel=\"canonical\" href=\"https:\/\/www.em.com.br\/emfoco\/2026\/01\/06\/quem-usa-moto-no-trabalho-pode-ter-direito-a-30-a-mais-no-salario-e-nem-sabe-disso-segundo-a-lei-trabalhista\/\" \/>\n<meta property=\"og:locale\" content=\"pt_BR\" \/>\n<meta property=\"og:type\" content=\"article\" \/>\n<meta property=\"og:title\" content=\"Quem usa moto no trabalho pode ter direito a 30% a mais no sal\u00e1rio e nem sabe disso, segundo a lei trabalhista - Estado de Minas - Em foco\" \/>\n<meta property=\"og:description\" content=\"Quem trabalha com moto pode ter direito a 30% de adicional no sal\u00e1rio e estar perdendo esse valor sem saber. Entenda como funciona a lei.\" \/>\n<meta property=\"og:url\" content=\"https:\/\/www.em.com.br\/emfoco\/2026\/01\/06\/quem-usa-moto-no-trabalho-pode-ter-direito-a-30-a-mais-no-salario-e-nem-sabe-disso-segundo-a-lei-trabalhista\/\" \/>\n<meta property=\"og:site_name\" content=\"Estado de Minas - Em foco\" \/>\n<meta property=\"article:published_time\" content=\"2026-01-06T10:45:00+00:00\" \/>\n<meta property=\"article:modified_time\" content=\"2026-01-05T13:10:44+00:00\" \/>\n<meta property=\"og:image\" content=\"https:\/\/www.em.com.br\/emfoco\/wp-content\/uploads\/2026\/01\/IA-56.jpg\" \/>\n\t<meta property=\"og:image:width\" content=\"1280\" \/>\n\t<meta property=\"og:image:height\" content=\"720\" \/>\n\t<meta property=\"og:image:type\" content=\"image\/jpeg\" \/>\n<meta name=\"author\" content=\"Gabriel Martins\" \/>\n<meta name=\"twitter:card\" content=\"summary_large_image\" \/>\n<meta name=\"twitter:label1\" content=\"Escrito por\" \/>\n\t<meta name=\"twitter:data1\" content=\"Gabriel Martins\" \/>\n\t<meta name=\"twitter:label2\" content=\"Est. tempo de leitura\" \/>\n\t<meta name=\"twitter:data2\" content=\"4 minutos\" \/>\n<!-- \/ Yoast SEO plugin. -->","yoast_head_json":{"title":"Quem usa moto no trabalho pode ter direito a 30% a mais no sal\u00e1rio e nem sabe disso, segundo a lei trabalhista - Estado de Minas - Em foco","description":"Quem trabalha com moto pode ter direito a 30% de adicional no sal\u00e1rio e estar perdendo esse valor sem saber. Entenda como funciona a lei.","robots":{"index":"index","follow":"follow","max-snippet":"max-snippet:-1","max-image-preview":"max-image-preview:large","max-video-preview":"max-video-preview:-1"},"canonical":"https:\/\/www.em.com.br\/emfoco\/2026\/01\/06\/quem-usa-moto-no-trabalho-pode-ter-direito-a-30-a-mais-no-salario-e-nem-sabe-disso-segundo-a-lei-trabalhista\/","og_locale":"pt_BR","og_type":"article","og_title":"Quem usa moto no trabalho pode ter direito a 30% a mais no sal\u00e1rio e nem sabe disso, segundo a lei trabalhista - Estado de Minas - Em foco","og_description":"Quem trabalha com moto pode ter direito a 30% de adicional no sal\u00e1rio e estar perdendo esse valor sem saber. Entenda como funciona a lei.","og_url":"https:\/\/www.em.com.br\/emfoco\/2026\/01\/06\/quem-usa-moto-no-trabalho-pode-ter-direito-a-30-a-mais-no-salario-e-nem-sabe-disso-segundo-a-lei-trabalhista\/","og_site_name":"Estado de Minas - Em foco","article_published_time":"2026-01-06T10:45:00+00:00","article_modified_time":"2026-01-05T13:10:44+00:00","og_image":[{"width":1280,"height":720,"url":"https:\/\/www.em.com.br\/emfoco\/wp-content\/uploads\/2026\/01\/IA-56.jpg","type":"image\/jpeg"}],"author":"Gabriel Martins","twitter_card":"summary_large_image","twitter_misc":{"Escrito por":"Gabriel Martins","Est. tempo de leitura":"4 minutos"},"schema":{"@context":"https:\/\/schema.org","@graph":[{"@type":"WebPage","@id":"https:\/\/www.em.com.br\/emfoco\/2026\/01\/06\/quem-usa-moto-no-trabalho-pode-ter-direito-a-30-a-mais-no-salario-e-nem-sabe-disso-segundo-a-lei-trabalhista\/","url":"https:\/\/www.em.com.br\/emfoco\/2026\/01\/06\/quem-usa-moto-no-trabalho-pode-ter-direito-a-30-a-mais-no-salario-e-nem-sabe-disso-segundo-a-lei-trabalhista\/","name":"Quem usa moto no trabalho pode ter direito a 30% a mais no sal\u00e1rio e nem sabe disso, segundo a lei trabalhista - Estado de Minas - Em foco","isPartOf":{"@id":"https:\/\/www.em.com.br\/emfoco\/#website"},"primaryImageOfPage":{"@id":"https:\/\/www.em.com.br\/emfoco\/2026\/01\/06\/quem-usa-moto-no-trabalho-pode-ter-direito-a-30-a-mais-no-salario-e-nem-sabe-disso-segundo-a-lei-trabalhista\/#primaryimage"},"image":{"@id":"https:\/\/www.em.com.br\/emfoco\/2026\/01\/06\/quem-usa-moto-no-trabalho-pode-ter-direito-a-30-a-mais-no-salario-e-nem-sabe-disso-segundo-a-lei-trabalhista\/#primaryimage"},"thumbnailUrl":"https:\/\/www.em.com.br\/emfoco\/wp-content\/uploads\/2026\/01\/IA-56.jpg","datePublished":"2026-01-06T10:45:00+00:00","dateModified":"2026-01-05T13:10:44+00:00","author":{"@id":"https:\/\/www.em.com.br\/emfoco\/#\/schema\/person\/1c9ddeab18b98abeffef834667bcf08a"},"description":"Quem trabalha com moto pode ter direito a 30% de adicional no sal\u00e1rio e estar perdendo esse valor sem saber. Entenda como funciona a lei.","breadcrumb":{"@id":"https:\/\/www.em.com.br\/emfoco\/2026\/01\/06\/quem-usa-moto-no-trabalho-pode-ter-direito-a-30-a-mais-no-salario-e-nem-sabe-disso-segundo-a-lei-trabalhista\/#breadcrumb"},"inLanguage":"pt-BR","potentialAction":[{"@type":"ReadAction","target":["https:\/\/www.em.com.br\/emfoco\/2026\/01\/06\/quem-usa-moto-no-trabalho-pode-ter-direito-a-30-a-mais-no-salario-e-nem-sabe-disso-segundo-a-lei-trabalhista\/"]}]},{"@type":"ImageObject","inLanguage":"pt-BR","@id":"https:\/\/www.em.com.br\/emfoco\/2026\/01\/06\/quem-usa-moto-no-trabalho-pode-ter-direito-a-30-a-mais-no-salario-e-nem-sabe-disso-segundo-a-lei-trabalhista\/#primaryimage","url":"https:\/\/www.em.com.br\/emfoco\/wp-content\/uploads\/2026\/01\/IA-56.jpg","contentUrl":"https:\/\/www.em.com.br\/emfoco\/wp-content\/uploads\/2026\/01\/IA-56.jpg","width":1280,"height":720,"caption":"Adicional de periculosidade garante 30% extra para quem usa moto profissionalmente"},{"@type":"BreadcrumbList","@id":"https:\/\/www.em.com.br\/emfoco\/2026\/01\/06\/quem-usa-moto-no-trabalho-pode-ter-direito-a-30-a-mais-no-salario-e-nem-sabe-disso-segundo-a-lei-trabalhista\/#breadcrumb","itemListElement":[{"@type":"ListItem","position":1,"name":"In\u00edcio","item":"https:\/\/www.em.com.br\/emfoco\/"},{"@type":"ListItem","position":2,"name":"Quem usa moto no trabalho pode ter direito a 30% a mais no sal\u00e1rio e nem sabe disso, segundo a lei trabalhista"}]},{"@type":"WebSite","@id":"https:\/\/www.em.com.br\/emfoco\/#website","url":"https:\/\/www.em.com.br\/emfoco\/","name":"Estado de Minas - Em foco","description":"Acompanhe as \u00faltimas not\u00edcias e fique bem informado sobre tudo o que acontece em Minas Gerais, Brasil e no mundo.","potentialAction":[{"@type":"SearchAction","target":{"@type":"EntryPoint","urlTemplate":"https:\/\/www.em.com.br\/emfoco\/?s={search_term_string}"},"query-input":{"@type":"PropertyValueSpecification","valueRequired":true,"valueName":"search_term_string"}}],"inLanguage":"pt-BR"},{"@type":"Person","@id":"https:\/\/www.em.com.br\/emfoco\/#\/schema\/person\/1c9ddeab18b98abeffef834667bcf08a","name":"Gabriel Martins","image":{"@type":"ImageObject","inLanguage":"pt-BR","@id":"https:\/\/www.em.com.br\/emfoco\/#\/schema\/person\/image\/","url":"https:\/\/secure.gravatar.com\/avatar\/f0f1e2efdfd88f1ad2cb08c5c2731e50?s=96&d=mm&r=g","contentUrl":"https:\/\/secure.gravatar.com\/avatar\/f0f1e2efdfd88f1ad2cb08c5c2731e50?s=96&d=mm&r=g","caption":"Gabriel Martins"},"sameAs":["https:\/\/www.em.com.br\/emfoco\/"],"url":"https:\/\/www.em.com.br\/emfoco\/author\/gabrielmartinsmyth\/"}]}},"_links":{"self":[{"href":"https:\/\/www.em.com.br\/emfoco\/wp-json\/wp\/v2\/posts\/150509","targetHints":{"allow":["GET"]}}],"collection":[{"href":"https:\/\/www.em.com.br\/emfoco\/wp-json\/wp\/v2\/posts"}],"about":[{"href":"https:\/\/www.em.com.br\/emfoco\/wp-json\/wp\/v2\/types\/post"}],"author":[{"embeddable":true,"href":"https:\/\/www.em.com.br\/emfoco\/wp-json\/wp\/v2\/users\/13"}],"replies":[{"embeddable":true,"href":"https:\/\/www.em.com.br\/emfoco\/wp-json\/wp\/v2\/comments?post=150509"}],"version-history":[{"count":2,"href":"https:\/\/www.em.com.br\/emfoco\/wp-json\/wp\/v2\/posts\/150509\/revisions"}],"predecessor-version":[{"id":150522,"href":"https:\/\/www.em.com.br\/emfoco\/wp-json\/wp\/v2\/posts\/150509\/revisions\/150522"}],"wp:featuredmedia":[{"embeddable":true,"href":"https:\/\/www.em.com.br\/emfoco\/wp-json\/wp\/v2\/media\/150519"}],"wp:attachment":[{"href":"https:\/\/www.em.com.br\/emfoco\/wp-json\/wp\/v2\/media?parent=150509"}],"wp:term":[{"taxonomy":"category","embeddable":true,"href":"https:\/\/www.em.com.br\/emfoco\/wp-json\/wp\/v2\/categories?post=150509"},{"taxonomy":"post_tag","embeddable":true,"href":"https:\/\/www.em.com.br\/emfoco\/wp-json\/wp\/v2\/tags?post=150509"}],"curies":[{"name":"wp","href":"https:\/\/api.w.org\/{rel}","templated":true}]}}