{"id":1505,"date":"2024-11-27T21:40:00","date_gmt":"2024-11-28T00:40:00","guid":{"rendered":"https:\/\/www.em.com.br\/emfoco\/?p=1505"},"modified":"2024-11-26T11:24:53","modified_gmt":"2024-11-26T14:24:53","slug":"colman-domingo-marvel-e-fortuna-conheca-a-trajetoria-brilhante-do-ator","status":"publish","type":"post","link":"https:\/\/www.em.com.br\/emfoco\/2024\/11\/27\/colman-domingo-marvel-e-fortuna-conheca-a-trajetoria-brilhante-do-ator\/","title":{"rendered":"Colman Domingo, Marvel e Fortuna: Conhe\u00e7a a Trajet\u00f3ria Brilhante do Ator"},"content":{"rendered":"\n<p>Colman Domingo \u00e9 um nome que vem ganhando destaque em <a href=\"https:\/\/www.em.com.br\/emfoco\/categoria\/entretenimento\/\" target=\"_blank\" rel=\"noreferrer noopener\"><strong>Hollywood<\/strong><\/a> por sua versatilidade e talento. Ator, diretor e <a href=\"https:\/\/www.em.com.br\/emfoco\/2024\/11\/25\/a-vida-e-fortuna-de-brooke-shields-a-estrela-de-a-lagoa-azul-1980\/\" target=\"_blank\" rel=\"noreferrer noopener\"><strong>dramaturgo<\/strong><\/a>, ele se tornou uma figura respeitada tanto no cinema quanto na televis\u00e3o. Al\u00e9m disso, sua participa\u00e7\u00e3o em grandes produ\u00e7\u00f5es, incluindo o universo da Marvel, e sua habilidade de interpretar pap\u00e9is complexos o tornaram um \u00edcone em ascens\u00e3o. Vamos explorar sua trajet\u00f3ria, trabalhos not\u00e1veis e o impacto de sua fortuna crescente no cen\u00e1rio art\u00edstico.<\/p>\n\n\n\n<p>Nascido em 28 de novembro de 1969, na Filad\u00e9lfia, Pensilv\u00e2nia, Colman Domingo come\u00e7ou sua jornada art\u00edstica no teatro. Ele estudou jornalismo na Temple University, mas logo percebeu que sua paix\u00e3o estava nas artes c\u00eanicas. <a href=\"https:\/\/pt.wikipedia.org\/wiki\/Colman_Domingo\" target=\"_blank\" rel=\"noreferrer noopener\"><strong>Domingo <\/strong><\/a>deu seus primeiros passos como ator em pe\u00e7as teatrais e, mais tarde, expandiu sua atua\u00e7\u00e3o para o cinema e a televis\u00e3o.<\/p>\n\n\n\n<h2 class=\"wp-block-heading\">Colman Domingo &#8211; Destaques no Cinema e na Televis\u00e3o<\/h2>\n\n\n\n<p>Colman Domingo acumulou pap\u00e9is marcantes ao longo de sua carreira. No cinema, ele impressionou em filmes como&nbsp;<em>Selma<\/em>&nbsp;(2014), onde interpretou um ativista dos direitos civis, e&nbsp;<em>Ma Rainey&#8217;s Black Bottom<\/em>&nbsp;(2020), ao lado de Viola Davis e Chadwick Boseman. Em&nbsp;<em>If Beale Street Could Talk<\/em>&nbsp;(2018), Domingo brilhou como um pai protetor em uma trama emocionalmente carregada.<\/p>\n\n\n\n<p>Na televis\u00e3o, ele \u00e9 amplamente conhecido por seu papel em&nbsp;<em>Fear the Walking Dead<\/em>, Colman Domingo interpreta Victor Strand em&nbsp;<em>Fear the Walking Dead<\/em>, personagem introduzido como um astuto vigarista disposto a qualquer coisa para sobreviver ao apocalipse zumbi. Ao longo das oito temporadas, Strand passa por uma transforma\u00e7\u00e3o not\u00e1vel, enfrentando desafios como conflitos pessoais e cat\u00e1strofes nucleares. Domingo descreve Strand como um personagem em constante evolu\u00e7\u00e3o, comparando-o ao &#8220;James Bond do apocalipse zumbi&#8221;. Ele \u00e9 o \u00fanico ator a estar presente em todas as temporadas, consolidando a import\u00e2ncia de seu papel na s\u00e9rie. Sua atua\u00e7\u00e3o trouxe profundidade e complexidade ao universo de&nbsp;<em>The Walking Dea<\/em>d. Al\u00e9m disso, participou de s\u00e9ries populares como&nbsp;<em>Euphoria<\/em>&nbsp;e&nbsp;<em>Lucifer<\/em>, demonstrando sua habilidade de transitar entre diferentes g\u00eaneros.<\/p>\n\n\n\n<h2 class=\"wp-block-heading\">Envolvimento com a Marvel de Colman Domingo<\/h2>\n\n\n\n<figure class=\"wp-block-gallery has-nested-images columns-default is-cropped wp-block-gallery-1 is-layout-flex wp-block-gallery-is-layout-flex\">\n<figure class=\"wp-block-image size-large\"><img loading=\"lazy\" decoding=\"async\" width=\"1024\" height=\"576\" data-id=\"1540\" src=\"https:\/\/www.em.com.br\/emfoco\/wp-content\/uploads\/2024\/11\/Colman-Domingo-Creditos-depositphotos.com-Jean_Nelson-2-1024x576.jpg\" alt=\"Colman Domingo - Cr\u00e9ditos depositphotos.com  Jean_Nelson\" class=\"wp-image-1540\" srcset=\"https:\/\/www.em.com.br\/emfoco\/wp-content\/uploads\/2024\/11\/Colman-Domingo-Creditos-depositphotos.com-Jean_Nelson-2-1024x576.jpg 1024w, https:\/\/www.em.com.br\/emfoco\/wp-content\/uploads\/2024\/11\/Colman-Domingo-Creditos-depositphotos.com-Jean_Nelson-2-300x169.jpg 300w, https:\/\/www.em.com.br\/emfoco\/wp-content\/uploads\/2024\/11\/Colman-Domingo-Creditos-depositphotos.com-Jean_Nelson-2-768x432.jpg 768w, https:\/\/www.em.com.br\/emfoco\/wp-content\/uploads\/2024\/11\/Colman-Domingo-Creditos-depositphotos.com-Jean_Nelson-2-750x422.jpg 750w, https:\/\/www.em.com.br\/emfoco\/wp-content\/uploads\/2024\/11\/Colman-Domingo-Creditos-depositphotos.com-Jean_Nelson-2-1140x641.jpg 1140w, https:\/\/www.em.com.br\/emfoco\/wp-content\/uploads\/2024\/11\/Colman-Domingo-Creditos-depositphotos.com-Jean_Nelson-2.jpg 1280w\" sizes=\"auto, (max-width: 1024px) 100vw, 1024px\" \/><figcaption class=\"wp-element-caption\">Colman Domingo &#8211; Cr\u00e9ditos depositphotos.com  Jean_Nelson<\/figcaption><\/figure>\n<\/figure>\n\n\n\n<p>Embora Colman Domingo ainda n\u00e3o tenha desempenhado um papel principal no Universo Cinematogr\u00e1fico da Marvel (MCU), sua crescente popularidade e habilidades dram\u00e1ticas o tornam um candidato natural para futuras produ\u00e7\u00f5es. Ele j\u00e1 manifestou interesse em explorar o g\u00eanero de super-her\u00f3is, o que aumenta as expectativas dos f\u00e3s sobre sua poss\u00edvel participa\u00e7\u00e3o na franquia. Al\u00e9m disso, sua experi\u00eancia em grandes produ\u00e7\u00f5es, como&nbsp;<em>Transformers: O Despertar das Feras<\/em>&nbsp;(2023), refor\u00e7a sua aptid\u00e3o para projetos de grande escala.<\/p>\n\n\n\n<h2 class=\"wp-block-heading\">Colman Domingo &#8211; Fortuna e Impacto no Meio Art\u00edstico<\/h2>\n\n\n\n<p>Com uma carreira s\u00f3lida e diversificada, Colman Domingo acumulou uma fortuna significativa. Estima-se que sua riqueza venha principalmente de seus trabalhos em filmes, s\u00e9ries e projetos teatrais. Al\u00e9m disso, ele tamb\u00e9m exerce fun\u00e7\u00f5es como diretor e produtor, ampliando sua influ\u00eancia na ind\u00fastria.<\/p>\n\n\n\n<p>Domingo tamb\u00e9m utiliza sua posi\u00e7\u00e3o para apoiar causas sociais e culturais. Ele \u00e9 um defensor ativo da representatividade negra em Hollywood e frequentemente aborda quest\u00f5es relacionadas \u00e0 diversidade e inclus\u00e3o em seus trabalhos e entrevistas. Esse compromisso, aliado ao seu talento, faz dele um artista que inspira tanto colegas quanto f\u00e3s.<\/p>\n\n\n\n<h2 class=\"wp-block-heading\">Projetos Recentes e Futuro Promissor<\/h2>\n\n\n\n<p>Entre seus projetos mais recentes est\u00e3o filmes como&nbsp;<em>Rustin<\/em>&nbsp;(2023), onde interpreta Bayard Rustin, um ativista pioneiro dos direitos civis, e a adapta\u00e7\u00e3o musical de&nbsp;<em>The Color Purple<\/em>&nbsp;(2023). Ambos os trabalhos demonstram sua capacidade de dar vida a personagens hist\u00f3ricos e emocionantes.<\/p>\n\n\n\n<p>O futuro de Colman Domingo parece promissor, especialmente com rumores sobre sua entrada em produ\u00e7\u00f5es ainda maiores. Seja no teatro, na televis\u00e3o ou em blockbusters de Hollywood, ele continua a conquistar o p\u00fablico com performances cativantes e profundas.<\/p>\n\n\n\n<p>Colman Domingo \u00e9 um exemplo de talento e determina\u00e7\u00e3o no mundo do entretenimento. Sua trajet\u00f3ria, marcada por pap\u00e9is memor\u00e1veis, engajamento social e uma fortuna crescente, o posiciona como uma das figuras mais influentes da atualidade. Com o potencial de integrar o universo Marvel e continuar expandindo seus horizontes art\u00edsticos, Colman Domingo \u00e9, sem d\u00favida, um nome a ser acompanhado de perto nos pr\u00f3ximos anos.<\/p>\n","protected":false},"excerpt":{"rendered":"<p>Colman Domingo, ator multifacetado, brilha no teatro, TV e cinema. Destaca-se em Ma Rainey&#8217;s Black Bottom e Fear the Walking Dead. Sua fortuna cresce, com poss\u00edvel entrada na Marvel.<\/p>\n","protected":false},"author":3,"featured_media":1539,"comment_status":"open","ping_status":"open","sticky":false,"template":"","format":"standard","meta":{"jnews-multi-image_gallery":[],"jnews_single_post":{"format":"standard"},"jnews_primary_category":[],"jnews_social_meta":[],"jnews_override_counter":[],"footnotes":""},"categories":[29],"tags":[522,637,997,188,999,998,380],"class_list":["post-1505","post","type-post","status-publish","format-standard","has-post-thumbnail","hentry","category-entretenimento","tag-ator","tag-cinema","tag-colman-domingo","tag-fortuna","tag-marvel","tag-teatro","tag-tv"],"yoast_head":"<!-- This site is optimized with the Yoast SEO plugin v23.8 - https:\/\/yoast.com\/wordpress\/plugins\/seo\/ -->\n<title>Colman Domingo, Marvel e Fortuna: Conhe\u00e7a a Trajet\u00f3ria Brilhante do Ator - Estado de Minas - Em foco<\/title>\n<meta name=\"description\" content=\"Colman Domingo, ator multifacetado, brilha no teatro, TV e cinema. Destaca-se em Ma Rainey&#039;s Black Bottom e Fear the Walking Dead\" \/>\n<meta name=\"robots\" content=\"index, follow, max-snippet:-1, max-image-preview:large, max-video-preview:-1\" \/>\n<link rel=\"canonical\" href=\"https:\/\/www.em.com.br\/emfoco\/2024\/11\/27\/colman-domingo-marvel-e-fortuna-conheca-a-trajetoria-brilhante-do-ator\/\" \/>\n<meta property=\"og:locale\" content=\"pt_BR\" \/>\n<meta property=\"og:type\" content=\"article\" \/>\n<meta property=\"og:title\" content=\"Colman Domingo, Marvel e Fortuna: Conhe\u00e7a a Trajet\u00f3ria Brilhante do Ator - Estado de Minas - Em foco\" \/>\n<meta property=\"og:description\" content=\"Colman Domingo, ator multifacetado, brilha no teatro, TV e cinema. Destaca-se em Ma Rainey&#039;s Black Bottom e Fear the Walking Dead\" \/>\n<meta property=\"og:url\" content=\"https:\/\/www.em.com.br\/emfoco\/2024\/11\/27\/colman-domingo-marvel-e-fortuna-conheca-a-trajetoria-brilhante-do-ator\/\" \/>\n<meta property=\"og:site_name\" content=\"Estado de Minas - Em foco\" \/>\n<meta property=\"article:published_time\" content=\"2024-11-28T00:40:00+00:00\" \/>\n<meta property=\"article:modified_time\" content=\"2024-11-26T14:24:53+00:00\" \/>\n<meta property=\"og:image\" content=\"https:\/\/www.em.com.br\/emfoco\/wp-content\/uploads\/2024\/11\/Colman-Domingo-Creditos-depositphotos.com-Jean_Nelson.jpg\" \/>\n\t<meta property=\"og:image:width\" content=\"1280\" \/>\n\t<meta property=\"og:image:height\" content=\"720\" \/>\n\t<meta property=\"og:image:type\" content=\"image\/jpeg\" \/>\n<meta name=\"author\" content=\"Helen Palma\" \/>\n<meta name=\"twitter:card\" content=\"summary_large_image\" \/>\n<meta name=\"twitter:label1\" content=\"Escrito por\" \/>\n\t<meta name=\"twitter:data1\" content=\"Helen Palma\" \/>\n\t<meta name=\"twitter:label2\" content=\"Est. tempo de leitura\" \/>\n\t<meta name=\"twitter:data2\" content=\"5 minutos\" \/>\n<!-- \/ Yoast SEO plugin. -->","yoast_head_json":{"title":"Colman Domingo, Marvel e Fortuna: Conhe\u00e7a a Trajet\u00f3ria Brilhante do Ator - Estado de Minas - Em foco","description":"Colman Domingo, ator multifacetado, brilha no teatro, TV e cinema. Destaca-se em Ma Rainey's Black Bottom e Fear the Walking Dead","robots":{"index":"index","follow":"follow","max-snippet":"max-snippet:-1","max-image-preview":"max-image-preview:large","max-video-preview":"max-video-preview:-1"},"canonical":"https:\/\/www.em.com.br\/emfoco\/2024\/11\/27\/colman-domingo-marvel-e-fortuna-conheca-a-trajetoria-brilhante-do-ator\/","og_locale":"pt_BR","og_type":"article","og_title":"Colman Domingo, Marvel e Fortuna: Conhe\u00e7a a Trajet\u00f3ria Brilhante do Ator - Estado de Minas - Em foco","og_description":"Colman Domingo, ator multifacetado, brilha no teatro, TV e cinema. Destaca-se em Ma Rainey's Black Bottom e Fear the Walking Dead","og_url":"https:\/\/www.em.com.br\/emfoco\/2024\/11\/27\/colman-domingo-marvel-e-fortuna-conheca-a-trajetoria-brilhante-do-ator\/","og_site_name":"Estado de Minas - Em foco","article_published_time":"2024-11-28T00:40:00+00:00","article_modified_time":"2024-11-26T14:24:53+00:00","og_image":[{"width":1280,"height":720,"url":"https:\/\/www.em.com.br\/emfoco\/wp-content\/uploads\/2024\/11\/Colman-Domingo-Creditos-depositphotos.com-Jean_Nelson.jpg","type":"image\/jpeg"}],"author":"Helen Palma","twitter_card":"summary_large_image","twitter_misc":{"Escrito por":"Helen Palma","Est. tempo de leitura":"5 minutos"},"schema":{"@context":"https:\/\/schema.org","@graph":[{"@type":"WebPage","@id":"https:\/\/www.em.com.br\/emfoco\/2024\/11\/27\/colman-domingo-marvel-e-fortuna-conheca-a-trajetoria-brilhante-do-ator\/","url":"https:\/\/www.em.com.br\/emfoco\/2024\/11\/27\/colman-domingo-marvel-e-fortuna-conheca-a-trajetoria-brilhante-do-ator\/","name":"Colman Domingo, Marvel e Fortuna: Conhe\u00e7a a Trajet\u00f3ria Brilhante do Ator - Estado de Minas - Em foco","isPartOf":{"@id":"https:\/\/www.em.com.br\/emfoco\/#website"},"primaryImageOfPage":{"@id":"https:\/\/www.em.com.br\/emfoco\/2024\/11\/27\/colman-domingo-marvel-e-fortuna-conheca-a-trajetoria-brilhante-do-ator\/#primaryimage"},"image":{"@id":"https:\/\/www.em.com.br\/emfoco\/2024\/11\/27\/colman-domingo-marvel-e-fortuna-conheca-a-trajetoria-brilhante-do-ator\/#primaryimage"},"thumbnailUrl":"https:\/\/www.em.com.br\/emfoco\/wp-content\/uploads\/2024\/11\/Colman-Domingo-Creditos-depositphotos.com-Jean_Nelson.jpg","datePublished":"2024-11-28T00:40:00+00:00","dateModified":"2024-11-26T14:24:53+00:00","author":{"@id":"https:\/\/www.em.com.br\/emfoco\/#\/schema\/person\/d79d5c83ee37ab7ca6781d92bd406eac"},"description":"Colman Domingo, ator multifacetado, brilha no teatro, TV e cinema. Destaca-se em Ma Rainey's Black Bottom e Fear the Walking Dead","breadcrumb":{"@id":"https:\/\/www.em.com.br\/emfoco\/2024\/11\/27\/colman-domingo-marvel-e-fortuna-conheca-a-trajetoria-brilhante-do-ator\/#breadcrumb"},"inLanguage":"pt-BR","potentialAction":[{"@type":"ReadAction","target":["https:\/\/www.em.com.br\/emfoco\/2024\/11\/27\/colman-domingo-marvel-e-fortuna-conheca-a-trajetoria-brilhante-do-ator\/"]}]},{"@type":"ImageObject","inLanguage":"pt-BR","@id":"https:\/\/www.em.com.br\/emfoco\/2024\/11\/27\/colman-domingo-marvel-e-fortuna-conheca-a-trajetoria-brilhante-do-ator\/#primaryimage","url":"https:\/\/www.em.com.br\/emfoco\/wp-content\/uploads\/2024\/11\/Colman-Domingo-Creditos-depositphotos.com-Jean_Nelson.jpg","contentUrl":"https:\/\/www.em.com.br\/emfoco\/wp-content\/uploads\/2024\/11\/Colman-Domingo-Creditos-depositphotos.com-Jean_Nelson.jpg","width":1280,"height":720,"caption":"Colman Domingo - Cr\u00e9ditos depositphotos.com Jean_Nelson"},{"@type":"BreadcrumbList","@id":"https:\/\/www.em.com.br\/emfoco\/2024\/11\/27\/colman-domingo-marvel-e-fortuna-conheca-a-trajetoria-brilhante-do-ator\/#breadcrumb","itemListElement":[{"@type":"ListItem","position":1,"name":"In\u00edcio","item":"https:\/\/www.em.com.br\/emfoco\/"},{"@type":"ListItem","position":2,"name":"Colman Domingo, Marvel e Fortuna: Conhe\u00e7a a Trajet\u00f3ria Brilhante do Ator"}]},{"@type":"WebSite","@id":"https:\/\/www.em.com.br\/emfoco\/#website","url":"https:\/\/www.em.com.br\/emfoco\/","name":"Estado de Minas - Em foco","description":"Acompanhe as \u00faltimas not\u00edcias e fique bem informado sobre tudo o que acontece em Minas Gerais, Brasil e no mundo.","potentialAction":[{"@type":"SearchAction","target":{"@type":"EntryPoint","urlTemplate":"https:\/\/www.em.com.br\/emfoco\/?s={search_term_string}"},"query-input":{"@type":"PropertyValueSpecification","valueRequired":true,"valueName":"search_term_string"}}],"inLanguage":"pt-BR"},{"@type":"Person","@id":"https:\/\/www.em.com.br\/emfoco\/#\/schema\/person\/d79d5c83ee37ab7ca6781d92bd406eac","name":"Helen Palma","image":{"@type":"ImageObject","inLanguage":"pt-BR","@id":"https:\/\/www.em.com.br\/emfoco\/#\/schema\/person\/image\/","url":"https:\/\/secure.gravatar.com\/avatar\/c657d9266c25fd5b35a8a6274fb730cd?s=96&d=mm&r=g","contentUrl":"https:\/\/secure.gravatar.com\/avatar\/c657d9266c25fd5b35a8a6274fb730cd?s=96&d=mm&r=g","caption":"Helen Palma"},"url":"https:\/\/www.em.com.br\/emfoco\/author\/helenmyth\/"}]}},"_links":{"self":[{"href":"https:\/\/www.em.com.br\/emfoco\/wp-json\/wp\/v2\/posts\/1505","targetHints":{"allow":["GET"]}}],"collection":[{"href":"https:\/\/www.em.com.br\/emfoco\/wp-json\/wp\/v2\/posts"}],"about":[{"href":"https:\/\/www.em.com.br\/emfoco\/wp-json\/wp\/v2\/types\/post"}],"author":[{"embeddable":true,"href":"https:\/\/www.em.com.br\/emfoco\/wp-json\/wp\/v2\/users\/3"}],"replies":[{"embeddable":true,"href":"https:\/\/www.em.com.br\/emfoco\/wp-json\/wp\/v2\/comments?post=1505"}],"version-history":[{"count":2,"href":"https:\/\/www.em.com.br\/emfoco\/wp-json\/wp\/v2\/posts\/1505\/revisions"}],"predecessor-version":[{"id":1542,"href":"https:\/\/www.em.com.br\/emfoco\/wp-json\/wp\/v2\/posts\/1505\/revisions\/1542"}],"wp:featuredmedia":[{"embeddable":true,"href":"https:\/\/www.em.com.br\/emfoco\/wp-json\/wp\/v2\/media\/1539"}],"wp:attachment":[{"href":"https:\/\/www.em.com.br\/emfoco\/wp-json\/wp\/v2\/media?parent=1505"}],"wp:term":[{"taxonomy":"category","embeddable":true,"href":"https:\/\/www.em.com.br\/emfoco\/wp-json\/wp\/v2\/categories?post=1505"},{"taxonomy":"post_tag","embeddable":true,"href":"https:\/\/www.em.com.br\/emfoco\/wp-json\/wp\/v2\/tags?post=1505"}],"curies":[{"name":"wp","href":"https:\/\/api.w.org\/{rel}","templated":true}]}}