{"id":150495,"date":"2026-01-05T09:05:00","date_gmt":"2026-01-05T12:05:00","guid":{"rendered":"https:\/\/www.em.com.br\/emfoco\/?p=150495"},"modified":"2026-01-05T09:02:41","modified_gmt":"2026-01-05T12:02:41","slug":"os-chas-naturais-mais-eficazes-para-aliviar-o-estomago","status":"publish","type":"post","link":"https:\/\/www.em.com.br\/emfoco\/2026\/01\/05\/os-chas-naturais-mais-eficazes-para-aliviar-o-estomago\/","title":{"rendered":"Os ch\u00e1s naturais mais eficazes para aliviar o est\u00f4mago"},"content":{"rendered":"\n<p>A busca por alternativas naturais para aliviar dores de est\u00f4mago tem levado muitas pessoas a explorarem o mundo dos ch\u00e1s. Ricas em propriedades calmantes e anti-inflamat\u00f3rias, v\u00e1rias infus\u00f5es oferecem al\u00edvio sem os efeitos colaterais comuns aos medicamentos sint\u00e9ticos. No entanto, seu uso deve ser sempre ponderado, considerando as particularidades de cada organismo. O <strong>Ch\u00e1 de Hortel\u00e3<\/strong>, por exemplo, \u00e9 renomado por aliviar espasmos musculares no trato gastrointestinal e facilitar a digest\u00e3o.<\/p>\n\n\n\n<p>Outro ch\u00e1 amplamente apreciado \u00e9 o de camomila, que se destaca por suas propriedades anti-inflamat\u00f3rias e relaxantes. A camomila tem sido historicamente utilizada como um calmante natural, promovendo o relaxamento muscular e o al\u00edvio de tens\u00f5es. N\u00e3o menos importante, o gengibre surge como uma op\u00e7\u00e3o robusta para minimizar as n\u00e1useas e reduzir inflama\u00e7\u00f5es no est\u00f4mago, aproveitando-se de suas caracter\u00edsticas picantes para estimular a circula\u00e7\u00e3o.<\/p>\n\n\n\n<h2 class=\"wp-block-heading\">Quais s\u00e3o os efeitos dos ch\u00e1s medicinais?<\/h2>\n\n\n\n<p>A erva-doce \u00e9 outra erva eficaz para o al\u00edvio de desconfortos estomacais, especialmente por sua capacidade de relaxar os m\u00fasculos do trato digestivo. Estas propriedades tornam a erva-doce uma excelente escolha para aqueles que buscam uma alternativa suave e potente contra dores abdominais. O boldo, conhecido tradicionalmente por seus benef\u00edcios digestivos, \u00e9 frequentemente utilizado para combater desconfortos estomacais mais persistentes.<\/p>\n\n\n<div class=\"wp-block-image\">\n<figure class=\"aligncenter size-large\"><img loading=\"lazy\" decoding=\"async\" width=\"1024\" height=\"576\" src=\"https:\/\/www.em.com.br\/emfoco\/wp-content\/uploads\/2026\/01\/cha-de-hortela_1767563892767-1024x576.jpg\" alt=\"\" class=\"wp-image-150497\" srcset=\"https:\/\/www.em.com.br\/emfoco\/wp-content\/uploads\/2026\/01\/cha-de-hortela_1767563892767-1024x576.jpg 1024w, https:\/\/www.em.com.br\/emfoco\/wp-content\/uploads\/2026\/01\/cha-de-hortela_1767563892767-300x169.jpg 300w, https:\/\/www.em.com.br\/emfoco\/wp-content\/uploads\/2026\/01\/cha-de-hortela_1767563892767-768x432.jpg 768w, https:\/\/www.em.com.br\/emfoco\/wp-content\/uploads\/2026\/01\/cha-de-hortela_1767563892767-750x422.jpg 750w, https:\/\/www.em.com.br\/emfoco\/wp-content\/uploads\/2026\/01\/cha-de-hortela_1767563892767-1140x641.jpg 1140w, https:\/\/www.em.com.br\/emfoco\/wp-content\/uploads\/2026\/01\/cha-de-hortela_1767563892767.jpg 1280w\" sizes=\"auto, (max-width: 1024px) 100vw, 1024px\" \/><figcaption class=\"wp-element-caption\">Ch\u00e1 de Hortel\u00e3 &#8211; Cr\u00e9ditos: depositphotos.com \/ gdolgikh<\/figcaption><\/figure><\/div>\n\n\n<p>Os ch\u00e1s n\u00e3o s\u00e3o eficientes apenas por seus sabores e aromas agrad\u00e1veis, mas tamb\u00e9m por proporcionarem uma experi\u00eancia sensorial completa que acalma tanto o corpo quanto a mente. Ao juntar o poder das ervas com a pr\u00e1tica relaxante de preparar e consumir ch\u00e1, muitos encontram um ref\u00fagio das tens\u00f5es di\u00e1rias e dos desconfortos f\u00edsicos.<\/p>\n\n\n\n<h2 class=\"wp-block-heading\">Como usar ch\u00e1s de forma segura?<\/h2>\n\n\n\n<p>Apesar dos muitos benef\u00edcios dos ch\u00e1s para o est\u00f4mago, a nutricionista Ariane Braz do Hospital Edmundo Vasconcelos ressalta a import\u00e2ncia do consumo moderado. Em doses excessivas, algumas plantas podem causar efeitos colaterais. Cada pessoa pode reagir de forma distinta aos rem\u00e9dios naturais, refor\u00e7ando a import\u00e2ncia de se atentar \u00e0s necessidades e limites pessoais. O consumo di\u00e1rio de ch\u00e1s pode ser seguro, mas o equil\u00edbrio \u00e9 imprescind\u00edvel.<\/p>\n\n\n\n<p>Para muitos, o ch\u00e1 de alca\u00e7uz se apresenta como um eficaz calmante do revestimento do est\u00f4mago, capaz de minimizar significativamente o desconforto gastrintestinal. No entanto, assim como com qualquer outra planta medicinal, \u00e9 importante compreender suas propriedades e impactos. Em alguns casos, principalmente quando as dores persistem ou se agravam mesmo ap\u00f3s o uso cont\u00ednuo de ch\u00e1, a consulta m\u00e9dica se faz necess\u00e1ria. Isso garante a seguran\u00e7a do tratamento e a identifica\u00e7\u00e3o de poss\u00edveis causas subjacentes.<\/p>\n\n\n\n<h2 class=\"wp-block-heading\">Quais s\u00e3o as alternativas aos ch\u00e1s para dores de est\u00f4mago?<\/h2>\n\n\n\n<p>Al\u00e9m dos ch\u00e1s, h\u00e1 outras estrat\u00e9gias naturais para lidar com desconfortos estomacais. Manter uma dieta balanceada e entender quais alimentos desencadeiam irrita\u00e7\u00f5es \u00e9 essencial para a sa\u00fade digestiva. M\u00e9todos como a medita\u00e7\u00e3o e exerc\u00edcios de respira\u00e7\u00e3o tamb\u00e9m podem complementar o tratamento, promovendo o gerenciamento do estresse, que muitas vezes contribui para problemas digestivos.<\/p>\n\n\n\n<p>Finalmente, para aqueles que buscam solu\u00e7\u00f5es naturais, os ch\u00e1s continuam a ser uma op\u00e7\u00e3o valiosa e acess\u00edvel. As suas qualidades calmantes e o ritual de degusta\u00e7\u00e3o que proporcionam podem funcionar como um meio eficaz de aliviar dores de est\u00f4mago. No entanto, uma abordagem prudente, combinando o consumo de ch\u00e1 com uma alimenta\u00e7\u00e3o adequada e, se necess\u00e1rio, acompanhamento m\u00e9dico, garantir\u00e1 que se obtenha o m\u00e1ximo benef\u00edcio dessa pr\u00e1tica milenar.<\/p>\n\n\n<a href=\"https:\/\/www.instagram.com\/dra.annaluisabf\/\" target=\"_blank\" style=\"text-decoration: none; color: inherit;\">\n  <span style=\"display:inline-block; border:1px solid #ccc; border-radius:10px; padding:15px; max-width:550px; font-family:sans-serif; box-shadow:0 2px 5px rgba(0,0,0,0.1);\">\n    <span style=\"margin:0 0 15px 0; font-weight:bold; color:#2c3e50; text-align: center;\">Entre em contato:<\/span>\n\n    <span style=\"display:flex; align-items:center;\">\n      <img decoding=\"async\" src=\"https:\/\/www.correiobraziliense.com.br\/cbradar\/wp-content\/uploads\/2025\/08\/dra_anna_luisa.jpeg\" alt=\"Dra Anna Lu\u00edsa\" style=\"border-radius:50%; width:80px; height:80px; margin-right:15px;\">\n      <span style=\"flex:1;\">\n        <h3 style=\"margin:0 0 5px 0;\">Dra. Anna Lu\u00edsa Barbosa Fernandes<\/h3>\n        <p style=\"margin:0 0 10px 0;\">CRM-GO 33.271<\/p>\n        <span style=\"display:flex; gap:10px;\">\n          <img decoding=\"async\" src=\"https:\/\/cdn-icons-png.flaticon.com\/24\/1384\/1384063.png\" alt=\"Instagram\">\n        <\/span>\n      <\/span>\n    <\/span>\n  <\/span>\n<\/a>\n\n\n<p><\/p>\n","protected":false},"excerpt":{"rendered":"<p>A busca por alternativas naturais para aliviar dores de est\u00f4mago tem levado muitas pessoas a explorarem o mundo dos ch\u00e1s. Ricas em propriedades calmantes e anti-inflamat\u00f3rias, v\u00e1rias infus\u00f5es oferecem al\u00edvio sem os efeitos colaterais comuns aos medicamentos sint\u00e9ticos. No entanto, seu uso deve ser sempre ponderado, considerando as particularidades de cada organismo. O Ch\u00e1 de [&hellip;]<\/p>\n","protected":false},"author":25,"featured_media":150496,"comment_status":"open","ping_status":"open","sticky":false,"template":"","format":"standard","meta":{"jnews-multi-image_gallery":[],"jnews_single_post":[],"jnews_primary_category":[],"jnews_social_meta":[],"jnews_override_counter":[],"footnotes":""},"categories":[9053],"tags":[711,327,415],"class_list":["post-150495","post","type-post","status-publish","format-standard","has-post-thumbnail","hentry","category-saude","tag-bem-estar","tag-qualidade-de-vida","tag-saude"],"yoast_head":"<!-- This site is optimized with the Yoast SEO plugin v23.8 - https:\/\/yoast.com\/wordpress\/plugins\/seo\/ -->\n<title>Os ch\u00e1s naturais mais eficazes para aliviar o est\u00f4mago - Estado de Minas - Em foco<\/title>\n<meta name=\"robots\" content=\"index, follow, max-snippet:-1, max-image-preview:large, max-video-preview:-1\" \/>\n<link rel=\"canonical\" href=\"https:\/\/www.em.com.br\/emfoco\/2026\/01\/05\/os-chas-naturais-mais-eficazes-para-aliviar-o-estomago\/\" \/>\n<meta property=\"og:locale\" content=\"pt_BR\" \/>\n<meta property=\"og:type\" content=\"article\" \/>\n<meta property=\"og:title\" content=\"Os ch\u00e1s naturais mais eficazes para aliviar o est\u00f4mago - Estado de Minas - Em foco\" \/>\n<meta property=\"og:description\" content=\"A busca por alternativas naturais para aliviar dores de est\u00f4mago tem levado muitas pessoas a explorarem o mundo dos ch\u00e1s. Ricas em propriedades calmantes e anti-inflamat\u00f3rias, v\u00e1rias infus\u00f5es oferecem al\u00edvio sem os efeitos colaterais comuns aos medicamentos sint\u00e9ticos. No entanto, seu uso deve ser sempre ponderado, considerando as particularidades de cada organismo. O Ch\u00e1 de [&hellip;]\" \/>\n<meta property=\"og:url\" content=\"https:\/\/www.em.com.br\/emfoco\/2026\/01\/05\/os-chas-naturais-mais-eficazes-para-aliviar-o-estomago\/\" \/>\n<meta property=\"og:site_name\" content=\"Estado de Minas - Em foco\" \/>\n<meta property=\"article:published_time\" content=\"2026-01-05T12:05:00+00:00\" \/>\n<meta property=\"article:modified_time\" content=\"2026-01-05T12:02:41+00:00\" \/>\n<meta property=\"og:image\" content=\"https:\/\/www.em.com.br\/emfoco\/wp-content\/uploads\/2026\/01\/cha-de-hortela_1767563839206.jpg\" \/>\n\t<meta property=\"og:image:width\" content=\"1280\" \/>\n\t<meta property=\"og:image:height\" content=\"720\" \/>\n\t<meta property=\"og:image:type\" content=\"image\/jpeg\" \/>\n<meta name=\"author\" content=\"Guilherme Lopes\" \/>\n<meta name=\"twitter:card\" content=\"summary_large_image\" \/>\n<meta name=\"twitter:label1\" content=\"Escrito por\" \/>\n\t<meta name=\"twitter:data1\" content=\"Guilherme Lopes\" \/>\n\t<meta name=\"twitter:label2\" content=\"Est. tempo de leitura\" \/>\n\t<meta name=\"twitter:data2\" content=\"3 minutos\" \/>\n<!-- \/ Yoast SEO plugin. -->","yoast_head_json":{"title":"Os ch\u00e1s naturais mais eficazes para aliviar o est\u00f4mago - Estado de Minas - Em foco","robots":{"index":"index","follow":"follow","max-snippet":"max-snippet:-1","max-image-preview":"max-image-preview:large","max-video-preview":"max-video-preview:-1"},"canonical":"https:\/\/www.em.com.br\/emfoco\/2026\/01\/05\/os-chas-naturais-mais-eficazes-para-aliviar-o-estomago\/","og_locale":"pt_BR","og_type":"article","og_title":"Os ch\u00e1s naturais mais eficazes para aliviar o est\u00f4mago - Estado de Minas - Em foco","og_description":"A busca por alternativas naturais para aliviar dores de est\u00f4mago tem levado muitas pessoas a explorarem o mundo dos ch\u00e1s. Ricas em propriedades calmantes e anti-inflamat\u00f3rias, v\u00e1rias infus\u00f5es oferecem al\u00edvio sem os efeitos colaterais comuns aos medicamentos sint\u00e9ticos. No entanto, seu uso deve ser sempre ponderado, considerando as particularidades de cada organismo. O Ch\u00e1 de [&hellip;]","og_url":"https:\/\/www.em.com.br\/emfoco\/2026\/01\/05\/os-chas-naturais-mais-eficazes-para-aliviar-o-estomago\/","og_site_name":"Estado de Minas - Em foco","article_published_time":"2026-01-05T12:05:00+00:00","article_modified_time":"2026-01-05T12:02:41+00:00","og_image":[{"width":1280,"height":720,"url":"https:\/\/www.em.com.br\/emfoco\/wp-content\/uploads\/2026\/01\/cha-de-hortela_1767563839206.jpg","type":"image\/jpeg"}],"author":"Guilherme Lopes","twitter_card":"summary_large_image","twitter_misc":{"Escrito por":"Guilherme Lopes","Est. tempo de leitura":"3 minutos"},"schema":{"@context":"https:\/\/schema.org","@graph":[{"@type":"WebPage","@id":"https:\/\/www.em.com.br\/emfoco\/2026\/01\/05\/os-chas-naturais-mais-eficazes-para-aliviar-o-estomago\/","url":"https:\/\/www.em.com.br\/emfoco\/2026\/01\/05\/os-chas-naturais-mais-eficazes-para-aliviar-o-estomago\/","name":"Os ch\u00e1s naturais mais eficazes para aliviar o est\u00f4mago - Estado de Minas - Em foco","isPartOf":{"@id":"https:\/\/www.em.com.br\/emfoco\/#website"},"primaryImageOfPage":{"@id":"https:\/\/www.em.com.br\/emfoco\/2026\/01\/05\/os-chas-naturais-mais-eficazes-para-aliviar-o-estomago\/#primaryimage"},"image":{"@id":"https:\/\/www.em.com.br\/emfoco\/2026\/01\/05\/os-chas-naturais-mais-eficazes-para-aliviar-o-estomago\/#primaryimage"},"thumbnailUrl":"https:\/\/www.em.com.br\/emfoco\/wp-content\/uploads\/2026\/01\/cha-de-hortela_1767563839206.jpg","datePublished":"2026-01-05T12:05:00+00:00","dateModified":"2026-01-05T12:02:41+00:00","author":{"@id":"https:\/\/www.em.com.br\/emfoco\/#\/schema\/person\/f6eade2e287023da170a1b2b329f68e5"},"breadcrumb":{"@id":"https:\/\/www.em.com.br\/emfoco\/2026\/01\/05\/os-chas-naturais-mais-eficazes-para-aliviar-o-estomago\/#breadcrumb"},"inLanguage":"pt-BR","potentialAction":[{"@type":"ReadAction","target":["https:\/\/www.em.com.br\/emfoco\/2026\/01\/05\/os-chas-naturais-mais-eficazes-para-aliviar-o-estomago\/"]}]},{"@type":"ImageObject","inLanguage":"pt-BR","@id":"https:\/\/www.em.com.br\/emfoco\/2026\/01\/05\/os-chas-naturais-mais-eficazes-para-aliviar-o-estomago\/#primaryimage","url":"https:\/\/www.em.com.br\/emfoco\/wp-content\/uploads\/2026\/01\/cha-de-hortela_1767563839206.jpg","contentUrl":"https:\/\/www.em.com.br\/emfoco\/wp-content\/uploads\/2026\/01\/cha-de-hortela_1767563839206.jpg","width":1280,"height":720,"caption":"Ch\u00e1 de Hortel\u00e3 - Cr\u00e9ditos: depositphotos.com \/ Sandralise"},{"@type":"BreadcrumbList","@id":"https:\/\/www.em.com.br\/emfoco\/2026\/01\/05\/os-chas-naturais-mais-eficazes-para-aliviar-o-estomago\/#breadcrumb","itemListElement":[{"@type":"ListItem","position":1,"name":"In\u00edcio","item":"https:\/\/www.em.com.br\/emfoco\/"},{"@type":"ListItem","position":2,"name":"Os ch\u00e1s naturais mais eficazes para aliviar o est\u00f4mago"}]},{"@type":"WebSite","@id":"https:\/\/www.em.com.br\/emfoco\/#website","url":"https:\/\/www.em.com.br\/emfoco\/","name":"Estado de Minas - Em foco","description":"Acompanhe as \u00faltimas not\u00edcias e fique bem informado sobre tudo o que acontece em Minas Gerais, Brasil e no mundo.","potentialAction":[{"@type":"SearchAction","target":{"@type":"EntryPoint","urlTemplate":"https:\/\/www.em.com.br\/emfoco\/?s={search_term_string}"},"query-input":{"@type":"PropertyValueSpecification","valueRequired":true,"valueName":"search_term_string"}}],"inLanguage":"pt-BR"},{"@type":"Person","@id":"https:\/\/www.em.com.br\/emfoco\/#\/schema\/person\/f6eade2e287023da170a1b2b329f68e5","name":"Guilherme Lopes","image":{"@type":"ImageObject","inLanguage":"pt-BR","@id":"https:\/\/www.em.com.br\/emfoco\/#\/schema\/person\/image\/","url":"https:\/\/secure.gravatar.com\/avatar\/df9adfb835d344bc0af109d41756253f?s=96&d=mm&r=g","contentUrl":"https:\/\/secure.gravatar.com\/avatar\/df9adfb835d344bc0af109d41756253f?s=96&d=mm&r=g","caption":"Guilherme Lopes"},"url":"https:\/\/www.em.com.br\/emfoco\/author\/guilherme_saude\/"}]}},"_links":{"self":[{"href":"https:\/\/www.em.com.br\/emfoco\/wp-json\/wp\/v2\/posts\/150495","targetHints":{"allow":["GET"]}}],"collection":[{"href":"https:\/\/www.em.com.br\/emfoco\/wp-json\/wp\/v2\/posts"}],"about":[{"href":"https:\/\/www.em.com.br\/emfoco\/wp-json\/wp\/v2\/types\/post"}],"author":[{"embeddable":true,"href":"https:\/\/www.em.com.br\/emfoco\/wp-json\/wp\/v2\/users\/25"}],"replies":[{"embeddable":true,"href":"https:\/\/www.em.com.br\/emfoco\/wp-json\/wp\/v2\/comments?post=150495"}],"version-history":[{"count":1,"href":"https:\/\/www.em.com.br\/emfoco\/wp-json\/wp\/v2\/posts\/150495\/revisions"}],"predecessor-version":[{"id":150499,"href":"https:\/\/www.em.com.br\/emfoco\/wp-json\/wp\/v2\/posts\/150495\/revisions\/150499"}],"wp:featuredmedia":[{"embeddable":true,"href":"https:\/\/www.em.com.br\/emfoco\/wp-json\/wp\/v2\/media\/150496"}],"wp:attachment":[{"href":"https:\/\/www.em.com.br\/emfoco\/wp-json\/wp\/v2\/media?parent=150495"}],"wp:term":[{"taxonomy":"category","embeddable":true,"href":"https:\/\/www.em.com.br\/emfoco\/wp-json\/wp\/v2\/categories?post=150495"},{"taxonomy":"post_tag","embeddable":true,"href":"https:\/\/www.em.com.br\/emfoco\/wp-json\/wp\/v2\/tags?post=150495"}],"curies":[{"name":"wp","href":"https:\/\/api.w.org\/{rel}","templated":true}]}}