{"id":150300,"date":"2026-01-05T08:55:00","date_gmt":"2026-01-05T11:55:00","guid":{"rendered":"https:\/\/www.em.com.br\/emfoco\/?p=150300"},"modified":"2026-01-03T13:53:24","modified_gmt":"2026-01-03T16:53:24","slug":"transforme-potes-de-vidro-em-organizadores-elegantes-e-veja-como-deixar-sua-casa-mais-bonita-e-funcional-sem-gastar-quase-nada","status":"publish","type":"post","link":"https:\/\/www.em.com.br\/emfoco\/2026\/01\/05\/transforme-potes-de-vidro-em-organizadores-elegantes-e-veja-como-deixar-sua-casa-mais-bonita-e-funcional-sem-gastar-quase-nada\/","title":{"rendered":"Transforme potes de vidro em organizadores elegantes e veja como deixar sua casa mais bonita e funcional sem gastar quase nada"},"content":{"rendered":"\n<h2 class=\"wp-block-heading\">Reaproveitamento de potes de vidro permite criar organizadores elegantes para cozinha e banheiro, com planejamento do uso, escolha correta do vidro, limpeza adequada, personaliza\u00e7\u00e3o visual e organiza\u00e7\u00e3o pr\u00e1tica para manter funcionalidade e est\u00e9tica.<\/h2>\n\n\n\n<p>Reaproveitar potes de vidro pode transformar completamente a organiza\u00e7\u00e3o da casa. Ao <strong>transformar potes de vidro em organizadores elegantes para cozinha ou banheiro<\/strong>, \u00e9 poss\u00edvel unir est\u00e9tica, funcionalidade e economia, criando solu\u00e7\u00f5es pr\u00e1ticas que facilitam a rotina e valorizam o ambiente.<\/p>\n\n\n\n<h2 class=\"wp-block-heading\">Por que planejar o uso dos potes antes de come\u00e7ar?<\/h2>\n\n\n\n<p>Definir o uso de cada pote \u00e9 o primeiro passo para um resultado eficiente. Saber se ele guardar\u00e1 alimentos secos, temperos, itens de higiene ou acess\u00f3rios ajuda a escolher tamanho, formato e tipo de tampa, garantindo <strong>organiza\u00e7\u00e3o funcional<\/strong> e evitando adapta\u00e7\u00f5es improvisadas depois.<\/p>\n\n\n\n<p>Esse planejamento tamb\u00e9m influencia o acabamento visual. Um conjunto pensado desde o in\u00edcio transmite ordem e sofistica\u00e7\u00e3o, al\u00e9m de facilitar o uso di\u00e1rio. Quando cada pote tem uma fun\u00e7\u00e3o clara, a organiza\u00e7\u00e3o se mant\u00e9m por mais tempo e reduz o <strong>desperd\u00edcio de espa\u00e7o<\/strong>.<\/p>\n\n\n\n<figure class=\"wp-block-image size-large\"><img loading=\"lazy\" decoding=\"async\" width=\"1024\" height=\"576\" src=\"https:\/\/www.em.com.br\/emfoco\/wp-content\/uploads\/2026\/01\/IA-6-11-1024x576.jpg\" alt=\"Transforme potes de vidro em organizadores elegantes e veja como deixar sua casa mais bonita e funcional sem gastar quase nada\" class=\"wp-image-150357\" srcset=\"https:\/\/www.em.com.br\/emfoco\/wp-content\/uploads\/2026\/01\/IA-6-11-1024x576.jpg 1024w, https:\/\/www.em.com.br\/emfoco\/wp-content\/uploads\/2026\/01\/IA-6-11-300x169.jpg 300w, https:\/\/www.em.com.br\/emfoco\/wp-content\/uploads\/2026\/01\/IA-6-11-768x432.jpg 768w, https:\/\/www.em.com.br\/emfoco\/wp-content\/uploads\/2026\/01\/IA-6-11-750x422.jpg 750w, https:\/\/www.em.com.br\/emfoco\/wp-content\/uploads\/2026\/01\/IA-6-11-1140x641.jpg 1140w, https:\/\/www.em.com.br\/emfoco\/wp-content\/uploads\/2026\/01\/IA-6-11.jpg 1280w\" sizes=\"auto, (max-width: 1024px) 100vw, 1024px\" \/><figcaption class=\"wp-element-caption\">Planejamento pr\u00e9vio define fun\u00e7\u00f5es, tamanhos e mant\u00e9m organiza\u00e7\u00e3o por mais tempo<\/figcaption><\/figure>\n\n\n\n<h2 class=\"wp-block-heading\">Como escolher os potes de vidro mais adequados?<\/h2>\n\n\n\n<p>Selecionar os potes certos garante seguran\u00e7a e durabilidade ao projeto. O ideal \u00e9 optar por vidros \u00edntegros, sem trincas, com boca compat\u00edvel com o conte\u00fado e tampas que vedem bem. Entre os principais crit\u00e9rios est\u00e3o os que voc\u00ea v\u00ea a seguir.<\/p>\n\n\n\n<ul class=\"wp-block-list\">\n<li><strong>Vidro resistente<\/strong>, que n\u00e3o absorve odores e suporta umidade.<\/li>\n\n\n\n<li><strong>Tamanho proporcional<\/strong> ao item armazenado para evitar excesso ou falta.<\/li>\n\n\n\n<li><strong>Tampa funcional<\/strong>, que facilite o uso e preserve o conte\u00fado.<\/li>\n<\/ul>\n\n\n\n<p><em>Leia mais: <strong><a href=\"https:\/\/www.em.com.br\/emfoco\/2025\/12\/15\/como-reutilizar-objetos-esquecidos-em-solucoes-uteis-e-criativas\/\" target=\"_blank\" rel=\"noreferrer noopener\">Como reutilizar objetos esquecidos em solu\u00e7\u00f5es \u00fateis e criativas<\/a><\/strong><\/em><\/p>\n\n\n\n<h2 class=\"wp-block-heading\">Qual \u00e9 a forma correta de limpar e preparar os potes?<\/h2>\n\n\n\n<p>A limpeza adequada evita odores, manchas e mofo. A remo\u00e7\u00e3o total de r\u00f3tulos e cola deve ser feita com \u00e1gua quente, detergente ou bicarbonato, garantindo que a superf\u00edcie fique lisa e pronta para uso, especialmente em ambientes \u00famidos como o <strong>banheiro<\/strong>.<\/p>\n\n\n\n<p>Ap\u00f3s a lavagem interna, a secagem completa \u00e9 essencial. Qualquer res\u00edduo de umidade pode comprometer a higiene ou a est\u00e9tica do pote. Esse cuidado simples prolonga a vida \u00fatil do vidro e assegura uma <strong><a href=\"https:\/\/bvsms.saude.gov.br\/higiene-para-uma-vida-saudavel\/\" target=\"_blank\" rel=\"noreferrer noopener\">organiza\u00e7\u00e3o higi\u00eanica<\/a><\/strong> e dur\u00e1vel.<\/p>\n\n\n\n<figure class=\"wp-block-image size-large\"><img loading=\"lazy\" decoding=\"async\" width=\"1024\" height=\"576\" src=\"https:\/\/www.em.com.br\/emfoco\/wp-content\/uploads\/2026\/01\/IA-7-11-1024x576.jpg\" alt=\"Transforme potes de vidro em organizadores elegantes e veja como deixar sua casa mais bonita e funcional sem gastar quase nada\" class=\"wp-image-150358\" srcset=\"https:\/\/www.em.com.br\/emfoco\/wp-content\/uploads\/2026\/01\/IA-7-11-1024x576.jpg 1024w, https:\/\/www.em.com.br\/emfoco\/wp-content\/uploads\/2026\/01\/IA-7-11-300x169.jpg 300w, https:\/\/www.em.com.br\/emfoco\/wp-content\/uploads\/2026\/01\/IA-7-11-768x432.jpg 768w, https:\/\/www.em.com.br\/emfoco\/wp-content\/uploads\/2026\/01\/IA-7-11-750x422.jpg 750w, https:\/\/www.em.com.br\/emfoco\/wp-content\/uploads\/2026\/01\/IA-7-11-1140x641.jpg 1140w, https:\/\/www.em.com.br\/emfoco\/wp-content\/uploads\/2026\/01\/IA-7-11.jpg 1280w\" sizes=\"auto, (max-width: 1024px) 100vw, 1024px\" \/><figcaption class=\"wp-element-caption\">Limpeza completa elimina res\u00edduos, odores e previne mofo em ambientes \u00famidos<\/figcaption><\/figure>\n\n\n\n<h2 class=\"wp-block-heading\">Como personalizar os potes para um visual elegante?<\/h2>\n\n\n\n<p>A personaliza\u00e7\u00e3o transforma potes comuns em pe\u00e7as decorativas. Padronizar tampas, aplicar pintura fosca parcial ou usar r\u00f3tulos minimalistas cria unidade visual. Para alcan\u00e7ar um resultado refinado e n\u00e3o improvisado, alguns cuidados fazem toda a diferen\u00e7a, como os listados a seguir.<\/p>\n\n\n\n<ul class=\"wp-block-list\">\n<li><strong>Manter o mesmo estilo<\/strong> de etiqueta em todos os potes.<\/li>\n\n\n\n<li><strong>Usar cores neutras<\/strong> para facilitar a combina\u00e7\u00e3o com o ambiente.<\/li>\n\n\n\n<li><strong>Escrever com clareza<\/strong> para identificar o conte\u00fado rapidamente.<\/li>\n<\/ul>\n\n\n\n<h2 class=\"wp-block-heading\">Como organizar os potes no espa\u00e7o e manter o efeito no dia a dia?<\/h2>\n\n\n\n<p>A disposi\u00e7\u00e3o dos potes influencia diretamente a praticidade. Alinhar alturas, respeitar espa\u00e7amentos e usar bandejas ou prateleiras evita excesso visual e facilita o acesso. Esse cuidado simples melhora a <strong>funcionalidade di\u00e1ria<\/strong> e mant\u00e9m o ambiente agrad\u00e1vel.<\/p>\n\n\n\n<p>No uso cont\u00ednuo, a manuten\u00e7\u00e3o faz diferen\u00e7a. Limpezas peri\u00f3dicas, evitar sol direto e controlar a umidade preservam o visual e o conte\u00fado. Assim, os potes substituem organizadores caros e mostram que <strong>organiza\u00e7\u00e3o elegante<\/strong> pode ser acess\u00edvel e dur\u00e1vel.<\/p>\n","protected":false},"excerpt":{"rendered":"<p>Reaproveitamento de potes de vidro permite criar organizadores elegantes para cozinha e banheiro, com planejamento do uso, escolha correta do vidro, limpeza adequada, personaliza\u00e7\u00e3o visual e organiza\u00e7\u00e3o pr\u00e1tica para manter funcionalidade e est\u00e9tica. Reaproveitar potes de vidro pode transformar completamente a organiza\u00e7\u00e3o da casa. Ao transformar potes de vidro em organizadores elegantes para cozinha ou [&hellip;]<\/p>\n","protected":false},"author":13,"featured_media":150356,"comment_status":"open","ping_status":"open","sticky":false,"template":"","format":"standard","meta":{"jnews-multi-image_gallery":[],"jnews_single_post":{"format":"standard"},"jnews_primary_category":[],"jnews_social_meta":[],"jnews_override_counter":[],"footnotes":""},"categories":[8819],"tags":[5115,21932,21931],"class_list":["post-150300","post","type-post","status-publish","format-standard","has-post-thumbnail","hentry","category-curiosidades","tag-diy","tag-organizadores-caseiro","tag-potes-de-vidros"],"yoast_head":"<!-- This site is optimized with the Yoast SEO plugin v23.8 - https:\/\/yoast.com\/wordpress\/plugins\/seo\/ -->\n<title>Transforme potes de vidro em organizadores elegantes e veja como deixar sua casa mais bonita e funcional sem gastar quase nada - Estado de Minas - Em foco<\/title>\n<meta name=\"description\" content=\"Potes de vidro comuns viram organizadores estilosos para cozinha e banheiro com essas dicas que unem est\u00e9tica e funcionalidade.\" \/>\n<meta name=\"robots\" content=\"index, follow, max-snippet:-1, max-image-preview:large, max-video-preview:-1\" \/>\n<link rel=\"canonical\" href=\"https:\/\/www.em.com.br\/emfoco\/2026\/01\/05\/transforme-potes-de-vidro-em-organizadores-elegantes-e-veja-como-deixar-sua-casa-mais-bonita-e-funcional-sem-gastar-quase-nada\/\" \/>\n<meta property=\"og:locale\" content=\"pt_BR\" \/>\n<meta property=\"og:type\" content=\"article\" \/>\n<meta property=\"og:title\" content=\"Transforme potes de vidro em organizadores elegantes e veja como deixar sua casa mais bonita e funcional sem gastar quase nada - Estado de Minas - Em foco\" \/>\n<meta property=\"og:description\" content=\"Potes de vidro comuns viram organizadores estilosos para cozinha e banheiro com essas dicas que unem est\u00e9tica e funcionalidade.\" \/>\n<meta property=\"og:url\" content=\"https:\/\/www.em.com.br\/emfoco\/2026\/01\/05\/transforme-potes-de-vidro-em-organizadores-elegantes-e-veja-como-deixar-sua-casa-mais-bonita-e-funcional-sem-gastar-quase-nada\/\" \/>\n<meta property=\"og:site_name\" content=\"Estado de Minas - Em foco\" \/>\n<meta property=\"article:published_time\" content=\"2026-01-05T11:55:00+00:00\" \/>\n<meta property=\"article:modified_time\" content=\"2026-01-03T16:53:24+00:00\" \/>\n<meta property=\"og:image\" content=\"https:\/\/www.em.com.br\/emfoco\/wp-content\/uploads\/2026\/01\/IA-5-11.jpg\" \/>\n\t<meta property=\"og:image:width\" content=\"1280\" \/>\n\t<meta property=\"og:image:height\" content=\"720\" \/>\n\t<meta property=\"og:image:type\" content=\"image\/jpeg\" \/>\n<meta name=\"author\" content=\"Gabriel Martins\" \/>\n<meta name=\"twitter:card\" content=\"summary_large_image\" \/>\n<meta name=\"twitter:label1\" content=\"Escrito por\" \/>\n\t<meta name=\"twitter:data1\" content=\"Gabriel Martins\" \/>\n\t<meta name=\"twitter:label2\" content=\"Est. tempo de leitura\" \/>\n\t<meta name=\"twitter:data2\" content=\"4 minutos\" \/>\n<!-- \/ Yoast SEO plugin. -->","yoast_head_json":{"title":"Transforme potes de vidro em organizadores elegantes e veja como deixar sua casa mais bonita e funcional sem gastar quase nada - Estado de Minas - Em foco","description":"Potes de vidro comuns viram organizadores estilosos para cozinha e banheiro com essas dicas que unem est\u00e9tica e funcionalidade.","robots":{"index":"index","follow":"follow","max-snippet":"max-snippet:-1","max-image-preview":"max-image-preview:large","max-video-preview":"max-video-preview:-1"},"canonical":"https:\/\/www.em.com.br\/emfoco\/2026\/01\/05\/transforme-potes-de-vidro-em-organizadores-elegantes-e-veja-como-deixar-sua-casa-mais-bonita-e-funcional-sem-gastar-quase-nada\/","og_locale":"pt_BR","og_type":"article","og_title":"Transforme potes de vidro em organizadores elegantes e veja como deixar sua casa mais bonita e funcional sem gastar quase nada - Estado de Minas - Em foco","og_description":"Potes de vidro comuns viram organizadores estilosos para cozinha e banheiro com essas dicas que unem est\u00e9tica e funcionalidade.","og_url":"https:\/\/www.em.com.br\/emfoco\/2026\/01\/05\/transforme-potes-de-vidro-em-organizadores-elegantes-e-veja-como-deixar-sua-casa-mais-bonita-e-funcional-sem-gastar-quase-nada\/","og_site_name":"Estado de Minas - Em foco","article_published_time":"2026-01-05T11:55:00+00:00","article_modified_time":"2026-01-03T16:53:24+00:00","og_image":[{"width":1280,"height":720,"url":"https:\/\/www.em.com.br\/emfoco\/wp-content\/uploads\/2026\/01\/IA-5-11.jpg","type":"image\/jpeg"}],"author":"Gabriel Martins","twitter_card":"summary_large_image","twitter_misc":{"Escrito por":"Gabriel Martins","Est. tempo de leitura":"4 minutos"},"schema":{"@context":"https:\/\/schema.org","@graph":[{"@type":"WebPage","@id":"https:\/\/www.em.com.br\/emfoco\/2026\/01\/05\/transforme-potes-de-vidro-em-organizadores-elegantes-e-veja-como-deixar-sua-casa-mais-bonita-e-funcional-sem-gastar-quase-nada\/","url":"https:\/\/www.em.com.br\/emfoco\/2026\/01\/05\/transforme-potes-de-vidro-em-organizadores-elegantes-e-veja-como-deixar-sua-casa-mais-bonita-e-funcional-sem-gastar-quase-nada\/","name":"Transforme potes de vidro em organizadores elegantes e veja como deixar sua casa mais bonita e funcional sem gastar quase nada - Estado de Minas - Em foco","isPartOf":{"@id":"https:\/\/www.em.com.br\/emfoco\/#website"},"primaryImageOfPage":{"@id":"https:\/\/www.em.com.br\/emfoco\/2026\/01\/05\/transforme-potes-de-vidro-em-organizadores-elegantes-e-veja-como-deixar-sua-casa-mais-bonita-e-funcional-sem-gastar-quase-nada\/#primaryimage"},"image":{"@id":"https:\/\/www.em.com.br\/emfoco\/2026\/01\/05\/transforme-potes-de-vidro-em-organizadores-elegantes-e-veja-como-deixar-sua-casa-mais-bonita-e-funcional-sem-gastar-quase-nada\/#primaryimage"},"thumbnailUrl":"https:\/\/www.em.com.br\/emfoco\/wp-content\/uploads\/2026\/01\/IA-5-11.jpg","datePublished":"2026-01-05T11:55:00+00:00","dateModified":"2026-01-03T16:53:24+00:00","author":{"@id":"https:\/\/www.em.com.br\/emfoco\/#\/schema\/person\/1c9ddeab18b98abeffef834667bcf08a"},"description":"Potes de vidro comuns viram organizadores estilosos para cozinha e banheiro com essas dicas que unem est\u00e9tica e funcionalidade.","breadcrumb":{"@id":"https:\/\/www.em.com.br\/emfoco\/2026\/01\/05\/transforme-potes-de-vidro-em-organizadores-elegantes-e-veja-como-deixar-sua-casa-mais-bonita-e-funcional-sem-gastar-quase-nada\/#breadcrumb"},"inLanguage":"pt-BR","potentialAction":[{"@type":"ReadAction","target":["https:\/\/www.em.com.br\/emfoco\/2026\/01\/05\/transforme-potes-de-vidro-em-organizadores-elegantes-e-veja-como-deixar-sua-casa-mais-bonita-e-funcional-sem-gastar-quase-nada\/"]}]},{"@type":"ImageObject","inLanguage":"pt-BR","@id":"https:\/\/www.em.com.br\/emfoco\/2026\/01\/05\/transforme-potes-de-vidro-em-organizadores-elegantes-e-veja-como-deixar-sua-casa-mais-bonita-e-funcional-sem-gastar-quase-nada\/#primaryimage","url":"https:\/\/www.em.com.br\/emfoco\/wp-content\/uploads\/2026\/01\/IA-5-11.jpg","contentUrl":"https:\/\/www.em.com.br\/emfoco\/wp-content\/uploads\/2026\/01\/IA-5-11.jpg","width":1280,"height":720,"caption":"Potes de vidro criam solu\u00e7\u00f5es organizacionais elegantes, funcionais e econ\u00f4micas para casa"},{"@type":"BreadcrumbList","@id":"https:\/\/www.em.com.br\/emfoco\/2026\/01\/05\/transforme-potes-de-vidro-em-organizadores-elegantes-e-veja-como-deixar-sua-casa-mais-bonita-e-funcional-sem-gastar-quase-nada\/#breadcrumb","itemListElement":[{"@type":"ListItem","position":1,"name":"In\u00edcio","item":"https:\/\/www.em.com.br\/emfoco\/"},{"@type":"ListItem","position":2,"name":"Transforme potes de vidro em organizadores elegantes e veja como deixar sua casa mais bonita e funcional sem gastar quase nada"}]},{"@type":"WebSite","@id":"https:\/\/www.em.com.br\/emfoco\/#website","url":"https:\/\/www.em.com.br\/emfoco\/","name":"Estado de Minas - Em foco","description":"Acompanhe as \u00faltimas not\u00edcias e fique bem informado sobre tudo o que acontece em Minas Gerais, Brasil e no mundo.","potentialAction":[{"@type":"SearchAction","target":{"@type":"EntryPoint","urlTemplate":"https:\/\/www.em.com.br\/emfoco\/?s={search_term_string}"},"query-input":{"@type":"PropertyValueSpecification","valueRequired":true,"valueName":"search_term_string"}}],"inLanguage":"pt-BR"},{"@type":"Person","@id":"https:\/\/www.em.com.br\/emfoco\/#\/schema\/person\/1c9ddeab18b98abeffef834667bcf08a","name":"Gabriel Martins","image":{"@type":"ImageObject","inLanguage":"pt-BR","@id":"https:\/\/www.em.com.br\/emfoco\/#\/schema\/person\/image\/","url":"https:\/\/secure.gravatar.com\/avatar\/f0f1e2efdfd88f1ad2cb08c5c2731e50?s=96&d=mm&r=g","contentUrl":"https:\/\/secure.gravatar.com\/avatar\/f0f1e2efdfd88f1ad2cb08c5c2731e50?s=96&d=mm&r=g","caption":"Gabriel Martins"},"sameAs":["https:\/\/www.em.com.br\/emfoco\/"],"url":"https:\/\/www.em.com.br\/emfoco\/author\/gabrielmartinsmyth\/"}]}},"_links":{"self":[{"href":"https:\/\/www.em.com.br\/emfoco\/wp-json\/wp\/v2\/posts\/150300","targetHints":{"allow":["GET"]}}],"collection":[{"href":"https:\/\/www.em.com.br\/emfoco\/wp-json\/wp\/v2\/posts"}],"about":[{"href":"https:\/\/www.em.com.br\/emfoco\/wp-json\/wp\/v2\/types\/post"}],"author":[{"embeddable":true,"href":"https:\/\/www.em.com.br\/emfoco\/wp-json\/wp\/v2\/users\/13"}],"replies":[{"embeddable":true,"href":"https:\/\/www.em.com.br\/emfoco\/wp-json\/wp\/v2\/comments?post=150300"}],"version-history":[{"count":3,"href":"https:\/\/www.em.com.br\/emfoco\/wp-json\/wp\/v2\/posts\/150300\/revisions"}],"predecessor-version":[{"id":150378,"href":"https:\/\/www.em.com.br\/emfoco\/wp-json\/wp\/v2\/posts\/150300\/revisions\/150378"}],"wp:featuredmedia":[{"embeddable":true,"href":"https:\/\/www.em.com.br\/emfoco\/wp-json\/wp\/v2\/media\/150356"}],"wp:attachment":[{"href":"https:\/\/www.em.com.br\/emfoco\/wp-json\/wp\/v2\/media?parent=150300"}],"wp:term":[{"taxonomy":"category","embeddable":true,"href":"https:\/\/www.em.com.br\/emfoco\/wp-json\/wp\/v2\/categories?post=150300"},{"taxonomy":"post_tag","embeddable":true,"href":"https:\/\/www.em.com.br\/emfoco\/wp-json\/wp\/v2\/tags?post=150300"}],"curies":[{"name":"wp","href":"https:\/\/api.w.org\/{rel}","templated":true}]}}