{"id":150249,"date":"2026-01-04T19:15:11","date_gmt":"2026-01-04T22:15:11","guid":{"rendered":"https:\/\/www.em.com.br\/emfoco\/?p=150249"},"modified":"2026-01-03T12:50:58","modified_gmt":"2026-01-03T15:50:58","slug":"as-cores-de-esmalte-que-deixam-unhas-curtas-mais-bonitas-e-elegantes","status":"publish","type":"post","link":"https:\/\/www.em.com.br\/emfoco\/2026\/01\/04\/as-cores-de-esmalte-que-deixam-unhas-curtas-mais-bonitas-e-elegantes\/","title":{"rendered":"As cores de esmalte que deixam unhas curtas mais bonitas e elegantes"},"content":{"rendered":"\n<h2 class=\"wp-block-heading\">Unhas curtas ganham estilo com nude para alongar e vermelho para eleg\u00e2ncia. Tons escuros como preto trazem modernidade, enquanto past\u00e9is divertem. Mantenha o contorno limpo para valorizar o formato natural das m\u00e3os.<\/h2>\n\n\n\n<p><b>Voc\u00ea j\u00e1 olhou para suas unhas curtinhas<\/b> e pensou que s\u00f3 dava para usar <b>cores b\u00e1sicas?<\/b> Hoje, muita gente est\u00e1 descobrindo que unhas curtas tamb\u00e9m podem ser <b>estilosas, modernas e cheias de personalidade.<\/b> A escolha do esmalte certo valoriza o formato natural, combina com o estilo de vida e ainda acompanha diferentes ocasi\u00f5es, do <b>trabalho ao fim de semana.<\/b><\/p>\n\n\n\n<h2 class=\"wp-block-heading\">Por que escolher bem as cores de esmalte para unhas curtas faz diferen\u00e7a<\/h2>\n\n\n\n<p>A <b>cor do esmalte em unhas curtas<\/b> influencia na sensa\u00e7\u00e3o de alongamento dos dedos e no visual geral das m\u00e3os. Tons muito contrastantes podem <b>ressaltar o comprimento menor,<\/b> enquanto cores equilibradas criam um efeito mais <b>harm\u00f4nico e elegante.<\/b><\/p>\n\n\n\n<p>Tamb\u00e9m \u00e9 poss\u00edvel adaptar as cores ao <b>ambiente de trabalho, a eventos sociais<\/b> e at\u00e9 ao seu humor do dia. Em situa\u00e7\u00f5es formais, os neutros costumam ser prefer\u00eancia, enquanto <b>festas e passeios<\/b> combinam com cores marcantes. Assim, as <b>cores de esmalte para unhas curtas<\/b> passam a fazer parte do seu jeito de se expressar.<\/p>\n\n\n\n<figure class=\"wp-block-embed is-type-rich is-provider-pinterest wp-block-embed-pinterest\"><div class=\"wp-block-embed__wrapper\">\n<iframe loading=\"lazy\" title=\" \" src=\"https:\/\/assets.pinterest.com\/ext\/embed.html?id=1548181186088597&#038;src=oembed\" height=\"899\" width=\"450\" frameborder=\"0\" scrolling=\"no\" ><\/iframe>\n<\/div><\/figure>\n\n\n\n<p>Leia tamb\u00e9m:&nbsp;<a href=\"https:\/\/www.em.com.br\/emfoco\/2026\/01\/02\/dedos-curtos-ou-longos-saiba-escolher-o-formato-de-unha-ideal-para-voce\/\" target=\"_blank\" rel=\"noopener\">Dedos curtos ou longos? Saiba escolher o formato de unha ideal para voc\u00ea<\/a><\/p>\n\n\n\n<h2 class=\"wp-block-heading\">Nude \u00e9 a cor curinga perfeita para unhas curtas<\/h2>\n\n\n\n<p>Os <b>esmaltes nude<\/b> s\u00e3o os queridinhos de quem tem unhas pequenas, porque criam uma sensa\u00e7\u00e3o de continuidade entre dedo e unha, dando um leve <b>efeito de alongamento.<\/b> Al\u00e9m disso, combinam com qualquer roupa, ficam elegantes no trabalho e tamb\u00e9m funcionam em <b>ocasi\u00f5es informais.<\/b><\/p>\n\n\n\n<ul class=\"wp-block-list\">\n<li><strong>Nude rosado:<\/strong> valoriza peles claras e m\u00e9dias com um toque <b>delicado e suave.<\/b><\/li>\n\n\n\n<li><strong>Nude amarronzado:<\/strong> costuma harmonizar bem com <b>peles morenas e negras,<\/b> deixando o visual elegante.<\/li>\n\n\n\n<li><strong>Nude acinzentado:<\/strong> op\u00e7\u00e3o moderna para quem quer algo <b>discreto, por\u00e9m atual,<\/b> perfeito para o dia a dia.<\/li>\n<\/ul>\n\n\n\n<figure class=\"wp-block-embed is-type-rich is-provider-pinterest wp-block-embed-pinterest\"><div class=\"wp-block-embed__wrapper\">\n<iframe loading=\"lazy\" title=\"Unha curta nude\" src=\"https:\/\/assets.pinterest.com\/ext\/embed.html?id=49469295904167434&#038;src=oembed\" height=\"699\" width=\"450\" frameborder=\"0\" scrolling=\"no\" ><\/iframe>\n<\/div><\/figure>\n\n\n\n<h2 class=\"wp-block-heading\">Vermelho cl\u00e1ssico ainda funciona em unhas menores<\/h2>\n\n\n\n<p>O <b>esmalte vermelho<\/b> continua sendo um dos mais amados, mesmo em unhas curtinhas. Quando bem aplicado e com os cantinhos limpos, ele oferece um visual <b>marcante e elegante,<\/b> transmitindo cuidado e aten\u00e7\u00e3o aos detalhes, sem ficar exagerado.<\/p>\n\n\n\n<p>Voc\u00ea pode escolher entre <b>vermelhos abertos e vibrantes, vinhos sofisticados<\/b> ou tons com fundo mais alaranjado para o ver\u00e3o. Em unhas curtas, muitas pessoas preferem um contorno bem definido, deixando a <b>base da unha limpa<\/b> para real\u00e7ar ainda mais a forma natural.<\/p>\n\n\n\n<h2 class=\"wp-block-heading\">Como usar esmalte rosa em unhas curtas do delicado ao vibrante<\/h2>\n\n\n\n<p>O <b>esmalte rosa para unhas curtas<\/b> \u00e9 muito procurado porque tem grande variedade de tons. Do rosa clarinho, quase transparente, at\u00e9 o <b>pink intenso,<\/b> d\u00e1 para adaptar a cor ao seu estilo e \u00e0 ocasi\u00e3o, criando desde um efeito <b>\u201cunha saud\u00e1vel\u201d<\/b> at\u00e9 um visual bem moderno.<\/p>\n\n\n\n<ol class=\"wp-block-list\">\n<li><strong>Rosa claro:<\/strong> ideal para quem gosta de algo <b>discreto, com apar\u00eancia de unha limpa<\/b> e natural.<\/li>\n\n\n\n<li><strong>Rosa queimado:<\/strong> perfeito para o dia a dia, combina com <b>ambientes profissionais<\/b> e compromissos formais.<\/li>\n\n\n\n<li><strong>Rosa vibrante (pink):<\/strong> \u00f3timo para o ver\u00e3o, viagens e produ\u00e7\u00f5es <b>descontra\u00eddas e alegres.<\/b><\/li>\n<\/ol>\n\n\n\n<figure class=\"wp-block-embed is-type-rich is-provider-pinterest wp-block-embed-pinterest\"><div class=\"wp-block-embed__wrapper\">\n<iframe loading=\"lazy\" title=\" \" src=\"https:\/\/assets.pinterest.com\/ext\/embed.html?id=13299761394788419&#038;src=oembed\" height=\"899\" width=\"450\" frameborder=\"0\" scrolling=\"no\" ><\/iframe>\n<\/div><\/figure>\n\n\n\n<h2 class=\"wp-block-heading\">Tons escuros como preto azul marinho e roxo valorizam unhas pequenas<\/h2>\n\n\n\n<p>Muita gente tem receio de usar <b>esmaltes escuros em unhas curtas,<\/b> mas eles podem ficar lindos e superestilosos. Preto, azul marinho e <b>roxo profundo<\/b> criam contraste, definem bem o formato da unha e combinam com looks <b>neutros e urbanos.<\/b><\/p>\n\n\n\n<p>Para um acabamento bonito, vale lixar as unhas sempre no mesmo formato, aplicar uma <b>base niveladora<\/b> e usar duas camadas finas de esmalte. Esses tons aparecem bastante no <b>outono e inverno,<\/b> mas tamb\u00e9m marcam presen\u00e7a o ano todo em produ\u00e7\u00f5es mais <b>modernas e marcantes.<\/b><\/p>\n\n\n\n<p>Para voc\u00ea que quer mais dicas, separamos um v\u00eddeo do canal da <a class=\"yt-simple-endpoint style-scope yt-formatted-string\" spellcheck=\"false\" href=\"https:\/\/www.youtube.com\/@BernadeteTerracciano\" target=\"_blank\" rel=\"noopener\">Bernadete Terracciano<\/a> com dicas para cores para unha curta:<\/p>\n\n\n\n<figure class=\"wp-block-embed is-type-video is-provider-youtube wp-block-embed-youtube wp-embed-aspect-16-9 wp-has-aspect-ratio\"><div class=\"wp-block-embed__wrapper\">\n<div class=\"jeg_video_container jeg_video_content\"><iframe loading=\"lazy\" title=\"Cores de esmaltes que combinam com unhas curtas: dicas e inspira\u00e7\u00f5es\" width=\"500\" height=\"281\" src=\"https:\/\/www.youtube.com\/embed\/PylNpTsUfCg?feature=oembed\" frameborder=\"0\" allow=\"accelerometer; autoplay; clipboard-write; encrypted-media; gyroscope; picture-in-picture; web-share\" referrerpolicy=\"strict-origin-when-cross-origin\" allowfullscreen><\/iframe><\/div>\n<\/div><\/figure>\n\n\n\n<h2 class=\"wp-block-heading\">Esmaltes pastel e coloridos deixam unhas curtas mais divertidas<\/h2>\n\n\n\n<p>Entre as 5 cores de esmalte para unhas curtas que mais se destacam, os <b>tons pastel<\/b> ganharam espa\u00e7o. Azul claro, lil\u00e1s suave, verde menta e <b>amarelo pastel<\/b> trazem cor sem pesar, combinam com looks casuais e t\u00eam um ar <b>jovem e delicado.<\/b><\/p>\n\n\n\n<p>J\u00e1 os tons vibrantes, como <b>coral, laranja e verde intenso,<\/b> chamam mais aten\u00e7\u00e3o para as m\u00e3os e combinam bastante com dias quentes e ocasi\u00f5es descontra\u00eddas. Em ambos os casos, um acabamento <b>brilhante ou levemente cintilante<\/b> ajuda a valorizar ainda mais o comprimento curto.<\/p>\n","protected":false},"excerpt":{"rendered":"<p>Unhas curtas ganham estilo com nude para alongar e vermelho para eleg\u00e2ncia. Tons escuros como preto trazem modernidade, enquanto past\u00e9is divertem. Mantenha o contorno limpo para valorizar o formato natural das m\u00e3os. Voc\u00ea j\u00e1 olhou para suas unhas curtinhas e pensou que s\u00f3 dava para usar cores b\u00e1sicas? Hoje, muita gente est\u00e1 descobrindo que unhas [&hellip;]<\/p>\n","protected":false},"author":9,"featured_media":19660,"comment_status":"open","ping_status":"open","sticky":false,"template":"","format":"standard","meta":{"jnews-multi-image_gallery":[],"jnews_single_post":{"format":"standard"},"jnews_primary_category":[],"jnews_social_meta":[],"jnews_override_counter":[],"footnotes":""},"categories":[30,8819,20108],"tags":[712,8793,18307],"class_list":["post-150249","post","type-post","status-publish","format-standard","has-post-thumbnail","hentry","category-clima","category-curiosidades","category-noticia","tag-autocuidado","tag-cores-de-esmalte","tag-unha"],"yoast_head":"<!-- This site is optimized with the Yoast SEO plugin v23.8 - https:\/\/yoast.com\/wordpress\/plugins\/seo\/ -->\n<title>As cores de esmalte que deixam unhas curtas mais bonitas e elegantes - Estado de Minas - Em foco<\/title>\n<meta name=\"description\" content=\"Veja quais cores de esmalte valorizam unhas curtas, criam efeito de alongamento e combinam com trabalho e lazer.\" \/>\n<meta name=\"robots\" content=\"index, follow, max-snippet:-1, max-image-preview:large, max-video-preview:-1\" \/>\n<link rel=\"canonical\" href=\"https:\/\/www.em.com.br\/emfoco\/2026\/01\/04\/as-cores-de-esmalte-que-deixam-unhas-curtas-mais-bonitas-e-elegantes\/\" \/>\n<meta property=\"og:locale\" content=\"pt_BR\" \/>\n<meta property=\"og:type\" content=\"article\" \/>\n<meta property=\"og:title\" content=\"As cores de esmalte que deixam unhas curtas mais bonitas e elegantes - Estado de Minas - Em foco\" \/>\n<meta property=\"og:description\" content=\"Veja quais cores de esmalte valorizam unhas curtas, criam efeito de alongamento e combinam com trabalho e lazer.\" \/>\n<meta property=\"og:url\" content=\"https:\/\/www.em.com.br\/emfoco\/2026\/01\/04\/as-cores-de-esmalte-que-deixam-unhas-curtas-mais-bonitas-e-elegantes\/\" \/>\n<meta property=\"og:site_name\" content=\"Estado de Minas - Em foco\" \/>\n<meta property=\"article:published_time\" content=\"2026-01-04T22:15:11+00:00\" \/>\n<meta property=\"article:modified_time\" content=\"2026-01-03T15:50:58+00:00\" \/>\n<meta property=\"og:image\" content=\"https:\/\/www.em.com.br\/emfoco\/wp-content\/uploads\/2025\/02\/unhas-naturais_1739544960297.jpg\" \/>\n\t<meta property=\"og:image:width\" content=\"1279\" \/>\n\t<meta property=\"og:image:height\" content=\"720\" \/>\n\t<meta property=\"og:image:type\" content=\"image\/jpeg\" \/>\n<meta name=\"author\" content=\"Daniely Cardoso\" \/>\n<meta name=\"twitter:card\" content=\"summary_large_image\" \/>\n<meta name=\"twitter:label1\" content=\"Escrito por\" \/>\n\t<meta name=\"twitter:data1\" content=\"Daniely Cardoso\" \/>\n\t<meta name=\"twitter:label2\" content=\"Est. tempo de leitura\" \/>\n\t<meta name=\"twitter:data2\" content=\"5 minutos\" \/>\n<!-- \/ Yoast SEO plugin. -->","yoast_head_json":{"title":"As cores de esmalte que deixam unhas curtas mais bonitas e elegantes - Estado de Minas - Em foco","description":"Veja quais cores de esmalte valorizam unhas curtas, criam efeito de alongamento e combinam com trabalho e lazer.","robots":{"index":"index","follow":"follow","max-snippet":"max-snippet:-1","max-image-preview":"max-image-preview:large","max-video-preview":"max-video-preview:-1"},"canonical":"https:\/\/www.em.com.br\/emfoco\/2026\/01\/04\/as-cores-de-esmalte-que-deixam-unhas-curtas-mais-bonitas-e-elegantes\/","og_locale":"pt_BR","og_type":"article","og_title":"As cores de esmalte que deixam unhas curtas mais bonitas e elegantes - Estado de Minas - Em foco","og_description":"Veja quais cores de esmalte valorizam unhas curtas, criam efeito de alongamento e combinam com trabalho e lazer.","og_url":"https:\/\/www.em.com.br\/emfoco\/2026\/01\/04\/as-cores-de-esmalte-que-deixam-unhas-curtas-mais-bonitas-e-elegantes\/","og_site_name":"Estado de Minas - Em foco","article_published_time":"2026-01-04T22:15:11+00:00","article_modified_time":"2026-01-03T15:50:58+00:00","og_image":[{"width":1279,"height":720,"url":"https:\/\/www.em.com.br\/emfoco\/wp-content\/uploads\/2025\/02\/unhas-naturais_1739544960297.jpg","type":"image\/jpeg"}],"author":"Daniely Cardoso","twitter_card":"summary_large_image","twitter_misc":{"Escrito por":"Daniely Cardoso","Est. tempo de leitura":"5 minutos"},"schema":{"@context":"https:\/\/schema.org","@graph":[{"@type":"WebPage","@id":"https:\/\/www.em.com.br\/emfoco\/2026\/01\/04\/as-cores-de-esmalte-que-deixam-unhas-curtas-mais-bonitas-e-elegantes\/","url":"https:\/\/www.em.com.br\/emfoco\/2026\/01\/04\/as-cores-de-esmalte-que-deixam-unhas-curtas-mais-bonitas-e-elegantes\/","name":"As cores de esmalte que deixam unhas curtas mais bonitas e elegantes - Estado de Minas - Em foco","isPartOf":{"@id":"https:\/\/www.em.com.br\/emfoco\/#website"},"primaryImageOfPage":{"@id":"https:\/\/www.em.com.br\/emfoco\/2026\/01\/04\/as-cores-de-esmalte-que-deixam-unhas-curtas-mais-bonitas-e-elegantes\/#primaryimage"},"image":{"@id":"https:\/\/www.em.com.br\/emfoco\/2026\/01\/04\/as-cores-de-esmalte-que-deixam-unhas-curtas-mais-bonitas-e-elegantes\/#primaryimage"},"thumbnailUrl":"https:\/\/www.em.com.br\/emfoco\/wp-content\/uploads\/2025\/02\/unhas-naturais_1739544960297.jpg","datePublished":"2026-01-04T22:15:11+00:00","dateModified":"2026-01-03T15:50:58+00:00","author":{"@id":"https:\/\/www.em.com.br\/emfoco\/#\/schema\/person\/0a8186d72f2c3a5c6276d90b41f271a0"},"description":"Veja quais cores de esmalte valorizam unhas curtas, criam efeito de alongamento e combinam com trabalho e lazer.","breadcrumb":{"@id":"https:\/\/www.em.com.br\/emfoco\/2026\/01\/04\/as-cores-de-esmalte-que-deixam-unhas-curtas-mais-bonitas-e-elegantes\/#breadcrumb"},"inLanguage":"pt-BR","potentialAction":[{"@type":"ReadAction","target":["https:\/\/www.em.com.br\/emfoco\/2026\/01\/04\/as-cores-de-esmalte-que-deixam-unhas-curtas-mais-bonitas-e-elegantes\/"]}]},{"@type":"ImageObject","inLanguage":"pt-BR","@id":"https:\/\/www.em.com.br\/emfoco\/2026\/01\/04\/as-cores-de-esmalte-que-deixam-unhas-curtas-mais-bonitas-e-elegantes\/#primaryimage","url":"https:\/\/www.em.com.br\/emfoco\/wp-content\/uploads\/2025\/02\/unhas-naturais_1739544960297.jpg","contentUrl":"https:\/\/www.em.com.br\/emfoco\/wp-content\/uploads\/2025\/02\/unhas-naturais_1739544960297.jpg","width":1279,"height":720,"caption":"Unhas naturais - Cr\u00e9ditos: depositphotos.com \/ valphoto"},{"@type":"BreadcrumbList","@id":"https:\/\/www.em.com.br\/emfoco\/2026\/01\/04\/as-cores-de-esmalte-que-deixam-unhas-curtas-mais-bonitas-e-elegantes\/#breadcrumb","itemListElement":[{"@type":"ListItem","position":1,"name":"In\u00edcio","item":"https:\/\/www.em.com.br\/emfoco\/"},{"@type":"ListItem","position":2,"name":"As cores de esmalte que deixam unhas curtas mais bonitas e elegantes"}]},{"@type":"WebSite","@id":"https:\/\/www.em.com.br\/emfoco\/#website","url":"https:\/\/www.em.com.br\/emfoco\/","name":"Estado de Minas - Em foco","description":"Acompanhe as \u00faltimas not\u00edcias e fique bem informado sobre tudo o que acontece em Minas Gerais, Brasil e no mundo.","potentialAction":[{"@type":"SearchAction","target":{"@type":"EntryPoint","urlTemplate":"https:\/\/www.em.com.br\/emfoco\/?s={search_term_string}"},"query-input":{"@type":"PropertyValueSpecification","valueRequired":true,"valueName":"search_term_string"}}],"inLanguage":"pt-BR"},{"@type":"Person","@id":"https:\/\/www.em.com.br\/emfoco\/#\/schema\/person\/0a8186d72f2c3a5c6276d90b41f271a0","name":"Daniely Cardoso","image":{"@type":"ImageObject","inLanguage":"pt-BR","@id":"https:\/\/www.em.com.br\/emfoco\/#\/schema\/person\/image\/","url":"https:\/\/secure.gravatar.com\/avatar\/4b80ddbd124d1f071b626d52d62e5dff?s=96&d=mm&r=g","contentUrl":"https:\/\/secure.gravatar.com\/avatar\/4b80ddbd124d1f071b626d52d62e5dff?s=96&d=mm&r=g","caption":"Daniely Cardoso"},"url":"https:\/\/www.em.com.br\/emfoco\/author\/danielymyth\/"}]}},"_links":{"self":[{"href":"https:\/\/www.em.com.br\/emfoco\/wp-json\/wp\/v2\/posts\/150249","targetHints":{"allow":["GET"]}}],"collection":[{"href":"https:\/\/www.em.com.br\/emfoco\/wp-json\/wp\/v2\/posts"}],"about":[{"href":"https:\/\/www.em.com.br\/emfoco\/wp-json\/wp\/v2\/types\/post"}],"author":[{"embeddable":true,"href":"https:\/\/www.em.com.br\/emfoco\/wp-json\/wp\/v2\/users\/9"}],"replies":[{"embeddable":true,"href":"https:\/\/www.em.com.br\/emfoco\/wp-json\/wp\/v2\/comments?post=150249"}],"version-history":[{"count":3,"href":"https:\/\/www.em.com.br\/emfoco\/wp-json\/wp\/v2\/posts\/150249\/revisions"}],"predecessor-version":[{"id":150335,"href":"https:\/\/www.em.com.br\/emfoco\/wp-json\/wp\/v2\/posts\/150249\/revisions\/150335"}],"wp:featuredmedia":[{"embeddable":true,"href":"https:\/\/www.em.com.br\/emfoco\/wp-json\/wp\/v2\/media\/19660"}],"wp:attachment":[{"href":"https:\/\/www.em.com.br\/emfoco\/wp-json\/wp\/v2\/media?parent=150249"}],"wp:term":[{"taxonomy":"category","embeddable":true,"href":"https:\/\/www.em.com.br\/emfoco\/wp-json\/wp\/v2\/categories?post=150249"},{"taxonomy":"post_tag","embeddable":true,"href":"https:\/\/www.em.com.br\/emfoco\/wp-json\/wp\/v2\/tags?post=150249"}],"curies":[{"name":"wp","href":"https:\/\/api.w.org\/{rel}","templated":true}]}}