{"id":150145,"date":"2026-01-04T12:55:50","date_gmt":"2026-01-04T15:55:50","guid":{"rendered":"https:\/\/www.em.com.br\/emfoco\/?p=150145"},"modified":"2026-01-03T12:26:22","modified_gmt":"2026-01-03T15:26:22","slug":"vai-ter-uma-noite-quente-looks-para-sair-a-noite-no-calor-sem-sofrer-com-roupas-pesadas","status":"publish","type":"post","link":"https:\/\/www.em.com.br\/emfoco\/2026\/01\/04\/vai-ter-uma-noite-quente-looks-para-sair-a-noite-no-calor-sem-sofrer-com-roupas-pesadas\/","title":{"rendered":"Vai ter uma noite quente? Looks para sair \u00e0 noite no calor sem sofrer com roupas pesadas"},"content":{"rendered":"\n<h2 class=\"wp-block-heading\">Para sair \u00e0 noite no calor, prefira tecidos naturais como linho e algod\u00e3o. Aposte em modelagens amplas, como cal\u00e7as wide leg e vestidos midi. Use terceira pe\u00e7a leve para o ar-condicionado e garanta conforto e estilo.<\/h2>\n\n\n\n<p>Sabe aquele convite de \u00faltima hora para um bar ou jantar, bem no dia em que o calor est\u00e1 quase insuport\u00e1vel e voc\u00ea sente que n\u00e3o tem nada <b>leve e estiloso<\/b> no arm\u00e1rio? Montar <strong>looks para sair \u00e0 noite no calor<\/strong> virou um desafio comum, j\u00e1 que as noites quentes pedem <b>frescor, conforto<\/b> e um toque de estilo sem exageros. A escolha dos tecidos, das modelagens e at\u00e9 dos acess\u00f3rios faz muita diferen\u00e7a, principalmente em cidades onde o <b>calor continua<\/b> mesmo depois do p\u00f4r do sol.<\/p>\n\n\n\n<h2 class=\"wp-block-heading\">Como montar looks para sair \u00e0 noite no calor sem perder o conforto<\/h2>\n\n\n\n<p>Para organizar um <b>guarda-roupa de ver\u00e3o<\/b> que realmente funcione na pr\u00e1tica, o primeiro ponto \u00e9 o <strong>tecido<\/strong>. Algod\u00e3o, linho, viscose e misturas leves ajudam a pele a <b>respirar melhor<\/b>, evitando aquela sensa\u00e7\u00e3o de roupa grudando no corpo. J\u00e1 materiais grossos ou com pouca ventila\u00e7\u00e3o tendem a esquentar demais, o que incomoda em ambientes cheios, shows ou trajetos a p\u00e9.<\/p>\n\n\n\n<p>A <strong>modelagem<\/strong> tamb\u00e9m pesa muito no conforto. Pe\u00e7as muito justas limitam os movimentos e podem aumentar a sensa\u00e7\u00e3o de <b>calor<\/b>, enquanto cortes retos ou levemente amplos deixam o corpo mais \u00e0 vontade. Cal\u00e7as wide leg, saias midi evas\u00ea e vestidos soltos funcionam bem em <strong>produ\u00e7\u00f5es para noite no ver\u00e3o<\/strong>, tanto em situa\u00e7\u00f5es casuais quanto em eventos um pouco mais arrumados. Vale tamb\u00e9m observar a <b>altura da cintura<\/b> e o tipo de c\u00f3s, que podem influenciar bastante na sensa\u00e7\u00e3o t\u00e9rmica ao sentar ou ficar em p\u00e9 por longos per\u00edodos.<\/p>\n\n\n\n<figure class=\"wp-block-embed is-type-rich is-provider-pinterest wp-block-embed-pinterest\"><div class=\"wp-block-embed__wrapper\">\n<iframe loading=\"lazy\" title=\"15 looks poderosos para testar na balada\" src=\"https:\/\/assets.pinterest.com\/ext\/embed.html?id=140806232767475&#038;src=oembed\" height=\"775\" width=\"450\" frameborder=\"0\" scrolling=\"no\" ><\/iframe>\n<\/div><\/figure>\n\n\n\n<p>Leia tamb\u00e9m:&nbsp;<a href=\"https:\/\/www.em.com.br\/emfoco\/2026\/01\/03\/looks-elegantes-para-o-verao-ganham-forca-nas-redes-sociais-tendencias-valorizam-conforto-leveza-e-acabamento\/\" target=\"_blank\" rel=\"noopener\">Looks elegantes para o ver\u00e3o ganham for\u00e7a nas redes sociais: tend\u00eancias valorizam conforto, leveza e acabamento<\/a><\/p>\n\n\n\n<h2 class=\"wp-block-heading\">Quais detalhes de design deixam o look noturno de ver\u00e3o mais fresco<\/h2>\n\n\n\n<p>Alguns <strong>detalhes de design<\/strong> fazem diferen\u00e7a na sensa\u00e7\u00e3o t\u00e9rmica e no visual. Decotes horizontais, al\u00e7as finas, recortes nas costas e tecidos vazados garantem uma <b>ventila\u00e7\u00e3o extra<\/b> sem precisar apostar apenas em comprimentos muito curtos. Isso ajuda a equilibrar <b>conforto, estilo<\/b> e uma certa discri\u00e7\u00e3o.<\/p>\n\n\n\n<p>Para quem sofre com o contraste entre <b>calor na rua<\/b> e ar-condicionado gelado, vale ter uma <strong>terceira pe\u00e7a leve<\/strong> sempre \u00e0 m\u00e3o. Um blazer de tecido fino, um kimono fluido ou uma camisa leve usada aberta protegem do frio sem pesar demais durante o trajeto. Pe\u00e7as em tricoline leve ou em linho misto, por exemplo, criam um <b>acabamento mais arrumado<\/b> sem comprometer a sensa\u00e7\u00e3o de frescor.<\/p>\n\n\n\n<figure class=\"wp-block-embed is-type-rich is-provider-pinterest wp-block-embed-pinterest\"><div class=\"wp-block-embed__wrapper\">\n<iframe loading=\"lazy\" title=\"\ud83c\udf77\" src=\"https:\/\/assets.pinterest.com\/ext\/embed.html?id=108649409756080222&#038;src=oembed\" height=\"899\" width=\"450\" frameborder=\"0\" scrolling=\"no\" ><\/iframe>\n<\/div><\/figure>\n\n\n\n<h2 class=\"wp-block-heading\">Quais ideias de looks funcionam bem para sair \u00e0 noite no calor<\/h2>\n\n\n\n<p>Ao pensar em <strong>looks frescos para noite<\/strong>, vale priorizar combina\u00e7\u00f5es <b>vers\u00e1teis<\/b>, que mudam de \u201cclima\u201d apenas com a troca de sapatos ou acess\u00f3rios. Assim, voc\u00ea consegue ir de um jantar tranquilo a uma <b>festa mais animada<\/b> com poucas adapta\u00e7\u00f5es.<\/p>\n\n\n\n<ul class=\"wp-block-list\">\n<li><strong>Vestido midi fluido:<\/strong> em linho, viscose ou algod\u00e3o, com al\u00e7as finas ou decote reto, funciona em <b>jantares, bares<\/b> e festas mais calmas. Um cinto leve ajuda a marcar a <b>silhueta<\/b> sem apertar.<\/li>\n<\/ul>\n\n\n\n<figure class=\"wp-block-embed is-type-rich is-provider-pinterest wp-block-embed-pinterest\"><div class=\"wp-block-embed__wrapper\">\n<iframe loading=\"lazy\" title=\"Nosso Vestido Midi Frielas em tr\u00eas proposta sem a faixa: com t\u00eanis, salto e rasteira! Qual voc\u00ea usaria?\" src=\"https:\/\/assets.pinterest.com\/ext\/embed.html?id=327988785382642801&#038;src=oembed\" height=\"661\" width=\"450\" frameborder=\"0\" scrolling=\"no\" ><\/iframe>\n<\/div><\/figure>\n\n\n\n<ul class=\"wp-block-list\">\n<li><strong>Top leve + cal\u00e7a ampla:<\/strong> tops em tecido plano ou malha fria com cal\u00e7as pantalona ou wide leg criam um visual equilibrado, <b>fresco em cima<\/b> e confort\u00e1vel embaixo. Sand\u00e1lias de tiras finas ou um <b>t\u00eanis limpo<\/b> complementam bem esse tipo de produ\u00e7\u00e3o.<\/li>\n<\/ul>\n\n\n\n<figure class=\"wp-block-embed is-type-rich is-provider-pinterest wp-block-embed-pinterest\"><div class=\"wp-block-embed__wrapper\">\n<iframe loading=\"lazy\" title=\"Cal\u00e7a Tupi\" src=\"https:\/\/assets.pinterest.com\/ext\/embed.html?id=16888567448274181&#038;src=oembed\" height=\"775\" width=\"450\" frameborder=\"0\" scrolling=\"no\" ><\/iframe>\n<\/div><\/figure>\n\n\n\n<ul class=\"wp-block-list\">\n<li><strong>Conjunto de alfaiataria leve:<\/strong> bermuda de alfaiataria e colete, ou short e blazer de tecido fino, garantem uma produ\u00e7\u00e3o <b>moderna<\/b> para ocasi\u00f5es que pedem um pouco mais de formalidade. Apostar em cores neutras ou tons pastel ajuda a manter o <b>visual sofisticado<\/b> sem pesar.<\/li>\n<\/ul>\n\n\n\n<figure class=\"wp-block-embed is-type-rich is-provider-pinterest wp-block-embed-pinterest\"><div class=\"wp-block-embed__wrapper\">\n<iframe loading=\"lazy\" title=\"Conjunto\" src=\"https:\/\/assets.pinterest.com\/ext\/embed.html?id=424675440310042050&#038;src=oembed\" height=\"899\" width=\"450\" frameborder=\"0\" scrolling=\"no\" ><\/iframe>\n<\/div><\/figure>\n\n\n\n<ul class=\"wp-block-list\">\n<li><strong>Saia longa com fenda:<\/strong> a fenda ajuda na <b>mobilidade<\/b> e na ventila\u00e7\u00e3o, enquanto o comprimento traz <b>eleg\u00e2ncia<\/b>. Combina bem com regatas de tric\u00f4 leve ou tops de al\u00e7a.<\/li>\n<\/ul>\n\n\n\n<figure class=\"wp-block-embed is-type-rich is-provider-pinterest wp-block-embed-pinterest\"><div class=\"wp-block-embed__wrapper\">\n<iframe loading=\"lazy\" title=\"Saia com Fenda Lateral\ud83e\udd0c\ud83c\udffb\" src=\"https:\/\/assets.pinterest.com\/ext\/embed.html?id=744360644703396005&#038;src=oembed\" height=\"899\" width=\"450\" frameborder=\"0\" scrolling=\"no\" ><\/iframe>\n<\/div><\/figure>\n\n\n\n<ul class=\"wp-block-list\">\n<li><strong>Macac\u00e3o de tecido fluido:<\/strong> pe\u00e7a \u00fanica que simplifica a <b>escolha<\/b> e funciona com sand\u00e1lias de salto, rasteiras ou t\u00eanis limpo, dependendo do estilo da noite. Modelos com <b>decote nas costas<\/b> ou amarra\u00e7\u00f5es frontais deixam o visual mais interessante sem exigir muitos acess\u00f3rios.<\/li>\n<\/ul>\n\n\n\n<figure class=\"wp-block-embed is-type-rich is-provider-pinterest wp-block-embed-pinterest\"><div class=\"wp-block-embed__wrapper\">\n<iframe loading=\"lazy\" title=\"Macac\u00e3o Pantalona Feminino Alfaiataria com Amarra\u00e7\u00e3o Sandra\" src=\"https:\/\/assets.pinterest.com\/ext\/embed.html?id=305470787273095161&#038;src=oembed\" height=\"899\" width=\"450\" frameborder=\"0\" scrolling=\"no\" ><\/iframe>\n<\/div><\/figure>\n\n\n\n<h2 class=\"wp-block-heading\">Quais pe\u00e7as-chave n\u00e3o podem faltar nos looks para sair \u00e0 noite no calor<\/h2>\n\n\n\n<p>Ter algumas <strong>pe\u00e7as-curinga<\/strong> no arm\u00e1rio facilita muito na hora de montar <strong>looks de ver\u00e3o para sair \u00e0 noite<\/strong>. S\u00e3o itens que transitam entre o <b>casual<\/b> e o mais arrumado, mudando apenas acess\u00f3rios, bolsa e sapatos.<\/p>\n\n\n\n<p>Um <b>vestido leve neutro<\/b>, por exemplo, em preto, off-white, bege ou marrom, pode ser usado com salto, sand\u00e1lia rasteira, t\u00eanis ou mule, sempre com uma \u201ccara\u201d diferente. J\u00e1 a <strong>cal\u00e7a ampla de tecido leve<\/strong>, em linho ou viscose, combina com regatas, camisas amarradas e bodies, sendo \u00f3tima aliada em noites muito quentes por permitir <b>ventila\u00e7\u00e3o<\/b> sem expor demais a pele.<\/p>\n\n\n\n<p>Para voc\u00ea que quer mais dicas, separamos um v\u00eddeo do canal da <a class=\"yt-simple-endpoint style-scope yt-formatted-string\" spellcheck=\"false\" href=\"https:\/\/www.youtube.com\/@LeticiaCecato\" target=\"_blank\" rel=\"noopener\">Leticia Cecato<\/a> com ideias de looks para ficar fresquinha:<\/p>\n\n\n\n<figure class=\"wp-block-embed is-type-video is-provider-youtube wp-block-embed-youtube wp-embed-aspect-16-9 wp-has-aspect-ratio\"><div class=\"wp-block-embed__wrapper\">\n<div class=\"jeg_video_container jeg_video_content\"><iframe loading=\"lazy\" title=\"25 LOOKS FRESCOS ELEGANTES PARA O VER\u00c3O 2025\" width=\"500\" height=\"281\" src=\"https:\/\/www.youtube.com\/embed\/ft2VZsrBz4s?start=2&#038;feature=oembed\" frameborder=\"0\" allow=\"accelerometer; autoplay; clipboard-write; encrypted-media; gyroscope; picture-in-picture; web-share\" referrerpolicy=\"strict-origin-when-cross-origin\" allowfullscreen><\/iframe><\/div>\n<\/div><\/figure>\n\n\n\n<h2 class=\"wp-block-heading\">Como adaptar o look noturno de ver\u00e3o para diferentes ocasi\u00f5es<\/h2>\n\n\n\n<p>Os <strong>looks para sair \u00e0 noite no calor<\/strong> mudam bastante de acordo com o tipo de programa, mas sem grandes complica\u00e7\u00f5es. Para bares e restaurantes informais, <b>shorts de alfaiataria<\/b>, saias curtas estruturadas e vestidos curtos com mangas amplas funcionam bem, principalmente com sand\u00e1lias baixas ou <b>t\u00eanis discretos<\/b>.<\/p>\n\n\n\n<p>J\u00e1 eventos mais elaborados, como confraterniza\u00e7\u00f5es, casamentos ao ar livre ou festas em rooftops, pedem tecidos um pouco mais <b>sofisticados<\/b>, como cetim fosco, crepes leves ou misturas de linho com acabamento fino. Nesses casos, cortes assim\u00e9tricos, decotes nas costas e detalhes de amarra\u00e7\u00e3o trazem <strong>informa\u00e7\u00e3o de moda<\/strong> sem exigir muitas camadas. Finalizar com acess\u00f3rios met\u00e1licos leves e uma bolsa pequena garante um <b>resultado elegante<\/b> sem perder a praticidade.<\/p>\n","protected":false},"excerpt":{"rendered":"<p>Para sair \u00e0 noite no calor, prefira tecidos naturais como linho e algod\u00e3o. Aposte em modelagens amplas, como cal\u00e7as wide leg e vestidos midi. Use terceira pe\u00e7a leve para o ar-condicionado e garanta conforto e estilo. Sabe aquele convite de \u00faltima hora para um bar ou jantar, bem no dia em que o calor est\u00e1 [&hellip;]<\/p>\n","protected":false},"author":9,"featured_media":150210,"comment_status":"open","ping_status":"open","sticky":false,"template":"","format":"standard","meta":{"jnews-multi-image_gallery":[],"jnews_single_post":{"format":"standard"},"jnews_primary_category":[],"jnews_social_meta":[],"jnews_override_counter":[],"footnotes":""},"categories":[8691,8819,1],"tags":[705,18815,10974],"class_list":["post-150145","post","type-post","status-publish","format-standard","has-post-thumbnail","hentry","category-bem-estar","category-curiosidades","category-noticias","tag-calor","tag-look","tag-noite"],"yoast_head":"<!-- This site is optimized with the Yoast SEO plugin v23.8 - https:\/\/yoast.com\/wordpress\/plugins\/seo\/ -->\n<title>Vai ter uma noite quente? Looks para sair \u00e0 noite no calor sem sofrer com roupas pesadas - Estado de Minas - Em foco<\/title>\n<meta name=\"description\" content=\"Monte looks para sair \u00e0 noite no calor com estilo. Use linho, vestidos fluidos e cal\u00e7as amplas. Dicas de tecidos e terceira pe\u00e7a para evitar o suor e manter a eleg\u00e2ncia.\" \/>\n<meta name=\"robots\" content=\"index, follow, max-snippet:-1, max-image-preview:large, max-video-preview:-1\" \/>\n<link rel=\"canonical\" href=\"https:\/\/www.em.com.br\/emfoco\/2026\/01\/04\/vai-ter-uma-noite-quente-looks-para-sair-a-noite-no-calor-sem-sofrer-com-roupas-pesadas\/\" \/>\n<meta property=\"og:locale\" content=\"pt_BR\" \/>\n<meta property=\"og:type\" content=\"article\" \/>\n<meta property=\"og:title\" content=\"Vai ter uma noite quente? Looks para sair \u00e0 noite no calor sem sofrer com roupas pesadas - Estado de Minas - Em foco\" \/>\n<meta property=\"og:description\" content=\"Monte looks para sair \u00e0 noite no calor com estilo. Use linho, vestidos fluidos e cal\u00e7as amplas. Dicas de tecidos e terceira pe\u00e7a para evitar o suor e manter a eleg\u00e2ncia.\" \/>\n<meta property=\"og:url\" content=\"https:\/\/www.em.com.br\/emfoco\/2026\/01\/04\/vai-ter-uma-noite-quente-looks-para-sair-a-noite-no-calor-sem-sofrer-com-roupas-pesadas\/\" \/>\n<meta property=\"og:site_name\" content=\"Estado de Minas - Em foco\" \/>\n<meta property=\"article:published_time\" content=\"2026-01-04T15:55:50+00:00\" \/>\n<meta property=\"article:modified_time\" content=\"2026-01-03T15:26:22+00:00\" \/>\n<meta property=\"og:image\" content=\"https:\/\/www.em.com.br\/emfoco\/wp-content\/uploads\/2026\/01\/nightlife-atmosphere_1767446242569.jpg\" \/>\n\t<meta property=\"og:image:width\" content=\"1280\" \/>\n\t<meta property=\"og:image:height\" content=\"720\" \/>\n\t<meta property=\"og:image:type\" content=\"image\/jpeg\" \/>\n<meta name=\"author\" content=\"Daniely Cardoso\" \/>\n<meta name=\"twitter:card\" content=\"summary_large_image\" \/>\n<meta name=\"twitter:label1\" content=\"Escrito por\" \/>\n\t<meta name=\"twitter:data1\" content=\"Daniely Cardoso\" \/>\n\t<meta name=\"twitter:label2\" content=\"Est. tempo de leitura\" \/>\n\t<meta name=\"twitter:data2\" content=\"6 minutos\" \/>\n<!-- \/ Yoast SEO plugin. -->","yoast_head_json":{"title":"Vai ter uma noite quente? Looks para sair \u00e0 noite no calor sem sofrer com roupas pesadas - Estado de Minas - Em foco","description":"Monte looks para sair \u00e0 noite no calor com estilo. Use linho, vestidos fluidos e cal\u00e7as amplas. Dicas de tecidos e terceira pe\u00e7a para evitar o suor e manter a eleg\u00e2ncia.","robots":{"index":"index","follow":"follow","max-snippet":"max-snippet:-1","max-image-preview":"max-image-preview:large","max-video-preview":"max-video-preview:-1"},"canonical":"https:\/\/www.em.com.br\/emfoco\/2026\/01\/04\/vai-ter-uma-noite-quente-looks-para-sair-a-noite-no-calor-sem-sofrer-com-roupas-pesadas\/","og_locale":"pt_BR","og_type":"article","og_title":"Vai ter uma noite quente? Looks para sair \u00e0 noite no calor sem sofrer com roupas pesadas - Estado de Minas - Em foco","og_description":"Monte looks para sair \u00e0 noite no calor com estilo. Use linho, vestidos fluidos e cal\u00e7as amplas. Dicas de tecidos e terceira pe\u00e7a para evitar o suor e manter a eleg\u00e2ncia.","og_url":"https:\/\/www.em.com.br\/emfoco\/2026\/01\/04\/vai-ter-uma-noite-quente-looks-para-sair-a-noite-no-calor-sem-sofrer-com-roupas-pesadas\/","og_site_name":"Estado de Minas - Em foco","article_published_time":"2026-01-04T15:55:50+00:00","article_modified_time":"2026-01-03T15:26:22+00:00","og_image":[{"width":1280,"height":720,"url":"https:\/\/www.em.com.br\/emfoco\/wp-content\/uploads\/2026\/01\/nightlife-atmosphere_1767446242569.jpg","type":"image\/jpeg"}],"author":"Daniely Cardoso","twitter_card":"summary_large_image","twitter_misc":{"Escrito por":"Daniely Cardoso","Est. tempo de leitura":"6 minutos"},"schema":{"@context":"https:\/\/schema.org","@graph":[{"@type":"WebPage","@id":"https:\/\/www.em.com.br\/emfoco\/2026\/01\/04\/vai-ter-uma-noite-quente-looks-para-sair-a-noite-no-calor-sem-sofrer-com-roupas-pesadas\/","url":"https:\/\/www.em.com.br\/emfoco\/2026\/01\/04\/vai-ter-uma-noite-quente-looks-para-sair-a-noite-no-calor-sem-sofrer-com-roupas-pesadas\/","name":"Vai ter uma noite quente? Looks para sair \u00e0 noite no calor sem sofrer com roupas pesadas - Estado de Minas - Em foco","isPartOf":{"@id":"https:\/\/www.em.com.br\/emfoco\/#website"},"primaryImageOfPage":{"@id":"https:\/\/www.em.com.br\/emfoco\/2026\/01\/04\/vai-ter-uma-noite-quente-looks-para-sair-a-noite-no-calor-sem-sofrer-com-roupas-pesadas\/#primaryimage"},"image":{"@id":"https:\/\/www.em.com.br\/emfoco\/2026\/01\/04\/vai-ter-uma-noite-quente-looks-para-sair-a-noite-no-calor-sem-sofrer-com-roupas-pesadas\/#primaryimage"},"thumbnailUrl":"https:\/\/www.em.com.br\/emfoco\/wp-content\/uploads\/2026\/01\/nightlife-atmosphere_1767446242569.jpg","datePublished":"2026-01-04T15:55:50+00:00","dateModified":"2026-01-03T15:26:22+00:00","author":{"@id":"https:\/\/www.em.com.br\/emfoco\/#\/schema\/person\/0a8186d72f2c3a5c6276d90b41f271a0"},"description":"Monte looks para sair \u00e0 noite no calor com estilo. Use linho, vestidos fluidos e cal\u00e7as amplas. Dicas de tecidos e terceira pe\u00e7a para evitar o suor e manter a eleg\u00e2ncia.","breadcrumb":{"@id":"https:\/\/www.em.com.br\/emfoco\/2026\/01\/04\/vai-ter-uma-noite-quente-looks-para-sair-a-noite-no-calor-sem-sofrer-com-roupas-pesadas\/#breadcrumb"},"inLanguage":"pt-BR","potentialAction":[{"@type":"ReadAction","target":["https:\/\/www.em.com.br\/emfoco\/2026\/01\/04\/vai-ter-uma-noite-quente-looks-para-sair-a-noite-no-calor-sem-sofrer-com-roupas-pesadas\/"]}]},{"@type":"ImageObject","inLanguage":"pt-BR","@id":"https:\/\/www.em.com.br\/emfoco\/2026\/01\/04\/vai-ter-uma-noite-quente-looks-para-sair-a-noite-no-calor-sem-sofrer-com-roupas-pesadas\/#primaryimage","url":"https:\/\/www.em.com.br\/emfoco\/wp-content\/uploads\/2026\/01\/nightlife-atmosphere_1767446242569.jpg","contentUrl":"https:\/\/www.em.com.br\/emfoco\/wp-content\/uploads\/2026\/01\/nightlife-atmosphere_1767446242569.jpg","width":1280,"height":720,"caption":"Para organizar um guarda-roupa de ver\u00e3o que realmente funcione na pr\u00e1tica, o primeiro ponto \u00e9 o tecido - Cr\u00e9ditos: depositphotos.com \/ JordiSalas"},{"@type":"BreadcrumbList","@id":"https:\/\/www.em.com.br\/emfoco\/2026\/01\/04\/vai-ter-uma-noite-quente-looks-para-sair-a-noite-no-calor-sem-sofrer-com-roupas-pesadas\/#breadcrumb","itemListElement":[{"@type":"ListItem","position":1,"name":"In\u00edcio","item":"https:\/\/www.em.com.br\/emfoco\/"},{"@type":"ListItem","position":2,"name":"Vai ter uma noite quente? Looks para sair \u00e0 noite no calor sem sofrer com roupas pesadas"}]},{"@type":"WebSite","@id":"https:\/\/www.em.com.br\/emfoco\/#website","url":"https:\/\/www.em.com.br\/emfoco\/","name":"Estado de Minas - Em foco","description":"Acompanhe as \u00faltimas not\u00edcias e fique bem informado sobre tudo o que acontece em Minas Gerais, Brasil e no mundo.","potentialAction":[{"@type":"SearchAction","target":{"@type":"EntryPoint","urlTemplate":"https:\/\/www.em.com.br\/emfoco\/?s={search_term_string}"},"query-input":{"@type":"PropertyValueSpecification","valueRequired":true,"valueName":"search_term_string"}}],"inLanguage":"pt-BR"},{"@type":"Person","@id":"https:\/\/www.em.com.br\/emfoco\/#\/schema\/person\/0a8186d72f2c3a5c6276d90b41f271a0","name":"Daniely Cardoso","image":{"@type":"ImageObject","inLanguage":"pt-BR","@id":"https:\/\/www.em.com.br\/emfoco\/#\/schema\/person\/image\/","url":"https:\/\/secure.gravatar.com\/avatar\/4b80ddbd124d1f071b626d52d62e5dff?s=96&d=mm&r=g","contentUrl":"https:\/\/secure.gravatar.com\/avatar\/4b80ddbd124d1f071b626d52d62e5dff?s=96&d=mm&r=g","caption":"Daniely Cardoso"},"url":"https:\/\/www.em.com.br\/emfoco\/author\/danielymyth\/"}]}},"_links":{"self":[{"href":"https:\/\/www.em.com.br\/emfoco\/wp-json\/wp\/v2\/posts\/150145","targetHints":{"allow":["GET"]}}],"collection":[{"href":"https:\/\/www.em.com.br\/emfoco\/wp-json\/wp\/v2\/posts"}],"about":[{"href":"https:\/\/www.em.com.br\/emfoco\/wp-json\/wp\/v2\/types\/post"}],"author":[{"embeddable":true,"href":"https:\/\/www.em.com.br\/emfoco\/wp-json\/wp\/v2\/users\/9"}],"replies":[{"embeddable":true,"href":"https:\/\/www.em.com.br\/emfoco\/wp-json\/wp\/v2\/comments?post=150145"}],"version-history":[{"count":3,"href":"https:\/\/www.em.com.br\/emfoco\/wp-json\/wp\/v2\/posts\/150145\/revisions"}],"predecessor-version":[{"id":150310,"href":"https:\/\/www.em.com.br\/emfoco\/wp-json\/wp\/v2\/posts\/150145\/revisions\/150310"}],"wp:featuredmedia":[{"embeddable":true,"href":"https:\/\/www.em.com.br\/emfoco\/wp-json\/wp\/v2\/media\/150210"}],"wp:attachment":[{"href":"https:\/\/www.em.com.br\/emfoco\/wp-json\/wp\/v2\/media?parent=150145"}],"wp:term":[{"taxonomy":"category","embeddable":true,"href":"https:\/\/www.em.com.br\/emfoco\/wp-json\/wp\/v2\/categories?post=150145"},{"taxonomy":"post_tag","embeddable":true,"href":"https:\/\/www.em.com.br\/emfoco\/wp-json\/wp\/v2\/tags?post=150145"}],"curies":[{"name":"wp","href":"https:\/\/api.w.org\/{rel}","templated":true}]}}