{"id":150069,"date":"2026-01-03T12:15:00","date_gmt":"2026-01-03T15:15:00","guid":{"rendered":"https:\/\/www.em.com.br\/emfoco\/?p=150069"},"modified":"2026-01-02T22:34:08","modified_gmt":"2026-01-03T01:34:08","slug":"com-um-pacote-de-carne-moida-fiz-o-prato-mais-elogiado-da-semana-uma-receita-simples-que-surpreende-pelo-sabor","status":"publish","type":"post","link":"https:\/\/www.em.com.br\/emfoco\/2026\/01\/03\/com-um-pacote-de-carne-moida-fiz-o-prato-mais-elogiado-da-semana-uma-receita-simples-que-surpreende-pelo-sabor\/","title":{"rendered":"Com um pacote de carne mo\u00edda fiz o prato mais elogiado da semana, uma receita simples que surpreende pelo sabor"},"content":{"rendered":"\n<p>A combina\u00e7\u00e3o de carne mo\u00edda com pur\u00ea de batata e legumes \u00e9 daquelas que sempre resolvem a refei\u00e7\u00e3o: pr\u00e1tica, completa em nutrientes, adapt\u00e1vel ao que tem na geladeira e f\u00e1cil de transformar em um prato mais caprichado, seja para o dia a dia corrido ou para um almo\u00e7o em fam\u00edlia.<\/p>\n\n\n\n<h2 class=\"wp-block-heading\">Por que a carne mo\u00edda com pur\u00ea funciona t\u00e3o bem na rotina?<\/h2>\n\n\n\n<p>A carne mo\u00edda com pur\u00ea funciona porque re\u00fane prote\u00edna, carboidrato e vegetais em um \u00fanico preparo, com texturas que se completam: carne \u00famida e bem temperada, pur\u00ea cremoso e legumes levemente firmes. \u00c9 um prato que agrada v\u00e1rias idades e se adapta a por\u00e7\u00f5es individuais ou travessas familiares.<\/p>\n\n\n\n<p>Essa base flex\u00edvel permite ajustes simples de sabor, ponto do pur\u00ea e escolha dos legumes, evitando desperd\u00edcios e aproveitando o que sobrou da feira. Assim, a mesma <a href=\"https:\/\/youtu.be\/1ivN51ynpAQ\" target=\"_blank\" rel=\"noreferrer noopener\">receita <\/a>ganha vers\u00f5es diferentes ao longo da semana, sem exigir t\u00e9cnicas avan\u00e7adas ou muitos utens\u00edlios.<\/p>\n\n\n\n<h2 class=\"wp-block-heading\">Como temperar a carne mo\u00edda para acompanhar o pur\u00ea de batata<\/h2>\n\n\n\n<p>O tempero da <a href=\"https:\/\/www.em.com.br\/emfoco\/2025\/09\/03\/o-truque-para-dourar-carne-moida-sem-empelotar\/\" target=\"_blank\" rel=\"noreferrer noopener\">carne mo\u00edda<\/a> com pur\u00ea de batata \u00e9 o que mais impacta o resultado final. Uma base equilibrada leva sal, pimenta-do-reino, alho, cebola e uma erva arom\u00e1tica, como salsinha ou cebolinha, suficientes para real\u00e7ar o sabor natural da carne sem deix\u00e1-la pesada.<\/p>\n\n\n\n<p>Para quem quer variar o perfil de sabor e deixar o prato mais interessante, algumas combina\u00e7\u00f5es costumam funcionar muito bem:<\/p>\n\n\n\n<figure class=\"wp-block-image\"><img decoding=\"async\" src=\"https:\/\/www.em.com.br\/emfoco\/wp-content\/uploads\/2025\/12\/Gemini_Generated_Image_w68pfsw68pfsw68p-1-1024x576.png\" alt=\"\"\/><\/figure>\n\n\n\n<ul class=\"wp-block-list\">\n<li><strong>P\u00e1prica doce ou defumada<\/strong>\u00a0para cor intensa e leve toque picante ou esfuma\u00e7ado.<\/li>\n\n\n\n<li><strong>Or\u00e9gano ou tomilho<\/strong>\u00a0trazendo aroma herbal que lembra assados de forno.<\/li>\n\n\n\n<li><strong>Cominho em pouca quantidade<\/strong>\u00a0dando fundo terroso sutil, sem dominar o prato.<\/li>\n\n\n\n<li><strong>Molho de soja (shoyu)<\/strong>\u00a0para umami extra, sempre ajustando o sal em seguida.<\/li>\n\n\n\n<li><strong>Ervas frescas no final<\/strong>, como manjeric\u00e3o, salsinha ou coentro, preservando perfume.<\/li>\n<\/ul>\n\n\n\n<h2 class=\"wp-block-heading\">Como preparar e variar um pur\u00ea de batata cremoso<\/h2>\n\n\n\n<p>O pur\u00ea que acompanha a carne mo\u00edda parte de batatas bem macias, cozidas em \u00e1gua, amassadas ainda quentes com manteiga, leite e sal at\u00e9 ficar liso. Menos leite deixa o pur\u00ea firme; mais leite resulta em textura mais fluida, sempre buscando um ponto cremoso que contraste com a carne e os legumes.<\/p>\n\n\n\n<p>Para deixar o pur\u00ea mais interessante sem complicar, vale investir em pequenas mudan\u00e7as, como trocar parte do leite por creme de leite, misturar queijo ralado at\u00e9 derreter, perfumar com ervas frescas, usar noz-moscada ralada na hora ou substituir parte da batata por mandioquinha ou cenoura para mudar cor e sabor.<\/p>\n\n\n\n<h2 class=\"wp-block-heading\">Qual \u00e9 o papel dos legumes na carne mo\u00edda com pur\u00ea<\/h2>\n\n\n\n<p>Os legumes v\u00e3o muito al\u00e9m de enfeite na carne mo\u00edda com pur\u00ea: quando entram no refogado, aumentam fibra, cor e sabor do prato. Cebola e alho formam a base, enquanto cenoura ralada, repolho, piment\u00e3o ou abobrinha trazem do\u00e7ura suave e frescor, ajudando at\u00e9 a reduzir a quantidade total de carne.<\/p>\n\n\n\n<p>O ponto de cozimento \u00e9 decisivo: legumes bem macios se misturam \u00e0 carne, deixando o refogado mais \u00famido, enquanto peda\u00e7os levemente firmes garantem contraste a cada garfada. Ajustar a quantidade de vegetais \u00e9 uma forma simples de tornar a refei\u00e7\u00e3o mais leve e nutritiva, sem perder a sensa\u00e7\u00e3o de conforto.<\/p>\n\n\n\n<h2 class=\"wp-block-heading\">Como montar, servir e aproveitar agora essa combina\u00e7\u00e3o cl\u00e1ssica<\/h2>\n\n\n\n<p>Na montagem, o pur\u00ea pode ser usado como base com a carne por cima, deixando o molho infiltrar na batata, ou em camadas alternadas em uma travessa, finalizando com queijo para gratinar rapidamente. O ideal \u00e9 servir o pur\u00ea bem quente, a carne \u00famida, por\u00e9m sem excesso de l\u00edquido, e ajustar o sal somente depois de experimentar todo o conjunto.<\/p>\n\n\n\n<p>N\u00e3o deixe essa receita ficar s\u00f3 na teoria: escolha hoje mesmo seus legumes, separe a carne mo\u00edda e teste uma nova combina\u00e7\u00e3o de temperos ou um pur\u00ea diferente. Transforme um prato simples em um momento de aconchego imediato \u00e0 mesa e sinta, j\u00e1 na pr\u00f3xima refei\u00e7\u00e3o, como pequenas mudan\u00e7as podem renovar completamente o seu card\u00e1pio.<\/p>\n","protected":false},"excerpt":{"rendered":"<p>A combina\u00e7\u00e3o de carne mo\u00edda com pur\u00ea de batata e legumes \u00e9 daquelas que sempre resolvem a refei\u00e7\u00e3o: pr\u00e1tica, completa em nutrientes, adapt\u00e1vel ao que tem na geladeira e f\u00e1cil de transformar em um prato mais caprichado, seja para o dia a dia corrido ou para um almo\u00e7o em fam\u00edlia. Por que a carne mo\u00edda [&hellip;]<\/p>\n","protected":false},"author":11,"featured_media":138084,"comment_status":"open","ping_status":"open","sticky":false,"template":"","format":"standard","meta":{"jnews-multi-image_gallery":[],"jnews_single_post":{"format":"standard"},"jnews_primary_category":[],"jnews_social_meta":[],"jnews_override_counter":[],"footnotes":""},"categories":[8819,1],"tags":[6775,11751,4786],"class_list":["post-150069","post","type-post","status-publish","format-standard","has-post-thumbnail","hentry","category-curiosidades","category-noticias","tag-carne-moida","tag-pure","tag-receita-caseira"],"yoast_head":"<!-- This site is optimized with the Yoast SEO plugin v23.8 - https:\/\/yoast.com\/wordpress\/plugins\/seo\/ -->\n<title>Com um pacote de carne mo\u00edda fiz o prato mais elogiado da semana, uma receita simples que surpreende pelo sabor - Estado de Minas - Em foco<\/title>\n<meta name=\"description\" content=\"Aprenda a preparar carne mo\u00edda com pur\u00ea cremoso e legumes salteados, criando prato completo, saboroso e f\u00e1cil de fazer.\" \/>\n<meta name=\"robots\" content=\"index, follow, max-snippet:-1, max-image-preview:large, max-video-preview:-1\" \/>\n<link rel=\"canonical\" href=\"https:\/\/www.em.com.br\/emfoco\/2026\/01\/03\/com-um-pacote-de-carne-moida-fiz-o-prato-mais-elogiado-da-semana-uma-receita-simples-que-surpreende-pelo-sabor\/\" \/>\n<meta property=\"og:locale\" content=\"pt_BR\" \/>\n<meta property=\"og:type\" content=\"article\" \/>\n<meta property=\"og:title\" content=\"Com um pacote de carne mo\u00edda fiz o prato mais elogiado da semana, uma receita simples que surpreende pelo sabor - Estado de Minas - Em foco\" \/>\n<meta property=\"og:description\" content=\"Aprenda a preparar carne mo\u00edda com pur\u00ea cremoso e legumes salteados, criando prato completo, saboroso e f\u00e1cil de fazer.\" \/>\n<meta property=\"og:url\" content=\"https:\/\/www.em.com.br\/emfoco\/2026\/01\/03\/com-um-pacote-de-carne-moida-fiz-o-prato-mais-elogiado-da-semana-uma-receita-simples-que-surpreende-pelo-sabor\/\" \/>\n<meta property=\"og:site_name\" content=\"Estado de Minas - Em foco\" \/>\n<meta property=\"article:published_time\" content=\"2026-01-03T15:15:00+00:00\" \/>\n<meta property=\"article:modified_time\" content=\"2026-01-03T01:34:08+00:00\" \/>\n<meta property=\"og:image\" content=\"https:\/\/www.em.com.br\/emfoco\/wp-content\/uploads\/2025\/12\/Gemini_Generated_Image_iv3fvoiv3fvoiv3f-1.png\" \/>\n\t<meta property=\"og:image:width\" content=\"1280\" \/>\n\t<meta property=\"og:image:height\" content=\"720\" \/>\n\t<meta property=\"og:image:type\" content=\"image\/png\" \/>\n<meta name=\"author\" content=\"Andre\u0301 Rangel\u00a0\" \/>\n<meta name=\"twitter:card\" content=\"summary_large_image\" \/>\n<meta name=\"twitter:label1\" content=\"Escrito por\" \/>\n\t<meta name=\"twitter:data1\" content=\"Andre\u0301 Rangel\u00a0\" \/>\n\t<meta name=\"twitter:label2\" content=\"Est. tempo de leitura\" \/>\n\t<meta name=\"twitter:data2\" content=\"4 minutos\" \/>\n<!-- \/ Yoast SEO plugin. -->","yoast_head_json":{"title":"Com um pacote de carne mo\u00edda fiz o prato mais elogiado da semana, uma receita simples que surpreende pelo sabor - Estado de Minas - Em foco","description":"Aprenda a preparar carne mo\u00edda com pur\u00ea cremoso e legumes salteados, criando prato completo, saboroso e f\u00e1cil de fazer.","robots":{"index":"index","follow":"follow","max-snippet":"max-snippet:-1","max-image-preview":"max-image-preview:large","max-video-preview":"max-video-preview:-1"},"canonical":"https:\/\/www.em.com.br\/emfoco\/2026\/01\/03\/com-um-pacote-de-carne-moida-fiz-o-prato-mais-elogiado-da-semana-uma-receita-simples-que-surpreende-pelo-sabor\/","og_locale":"pt_BR","og_type":"article","og_title":"Com um pacote de carne mo\u00edda fiz o prato mais elogiado da semana, uma receita simples que surpreende pelo sabor - Estado de Minas - Em foco","og_description":"Aprenda a preparar carne mo\u00edda com pur\u00ea cremoso e legumes salteados, criando prato completo, saboroso e f\u00e1cil de fazer.","og_url":"https:\/\/www.em.com.br\/emfoco\/2026\/01\/03\/com-um-pacote-de-carne-moida-fiz-o-prato-mais-elogiado-da-semana-uma-receita-simples-que-surpreende-pelo-sabor\/","og_site_name":"Estado de Minas - Em foco","article_published_time":"2026-01-03T15:15:00+00:00","article_modified_time":"2026-01-03T01:34:08+00:00","og_image":[{"width":1280,"height":720,"url":"https:\/\/www.em.com.br\/emfoco\/wp-content\/uploads\/2025\/12\/Gemini_Generated_Image_iv3fvoiv3fvoiv3f-1.png","type":"image\/png"}],"author":"Andre\u0301 Rangel\u00a0","twitter_card":"summary_large_image","twitter_misc":{"Escrito por":"Andre\u0301 Rangel\u00a0","Est. tempo de leitura":"4 minutos"},"schema":{"@context":"https:\/\/schema.org","@graph":[{"@type":"WebPage","@id":"https:\/\/www.em.com.br\/emfoco\/2026\/01\/03\/com-um-pacote-de-carne-moida-fiz-o-prato-mais-elogiado-da-semana-uma-receita-simples-que-surpreende-pelo-sabor\/","url":"https:\/\/www.em.com.br\/emfoco\/2026\/01\/03\/com-um-pacote-de-carne-moida-fiz-o-prato-mais-elogiado-da-semana-uma-receita-simples-que-surpreende-pelo-sabor\/","name":"Com um pacote de carne mo\u00edda fiz o prato mais elogiado da semana, uma receita simples que surpreende pelo sabor - Estado de Minas - Em foco","isPartOf":{"@id":"https:\/\/www.em.com.br\/emfoco\/#website"},"primaryImageOfPage":{"@id":"https:\/\/www.em.com.br\/emfoco\/2026\/01\/03\/com-um-pacote-de-carne-moida-fiz-o-prato-mais-elogiado-da-semana-uma-receita-simples-que-surpreende-pelo-sabor\/#primaryimage"},"image":{"@id":"https:\/\/www.em.com.br\/emfoco\/2026\/01\/03\/com-um-pacote-de-carne-moida-fiz-o-prato-mais-elogiado-da-semana-uma-receita-simples-que-surpreende-pelo-sabor\/#primaryimage"},"thumbnailUrl":"https:\/\/www.em.com.br\/emfoco\/wp-content\/uploads\/2025\/12\/Gemini_Generated_Image_iv3fvoiv3fvoiv3f-1.png","datePublished":"2026-01-03T15:15:00+00:00","dateModified":"2026-01-03T01:34:08+00:00","author":{"@id":"https:\/\/www.em.com.br\/emfoco\/#\/schema\/person\/60eda09c1fedf0d6891f4cef4b60b8b8"},"description":"Aprenda a preparar carne mo\u00edda com pur\u00ea cremoso e legumes salteados, criando prato completo, saboroso e f\u00e1cil de fazer.","breadcrumb":{"@id":"https:\/\/www.em.com.br\/emfoco\/2026\/01\/03\/com-um-pacote-de-carne-moida-fiz-o-prato-mais-elogiado-da-semana-uma-receita-simples-que-surpreende-pelo-sabor\/#breadcrumb"},"inLanguage":"pt-BR","potentialAction":[{"@type":"ReadAction","target":["https:\/\/www.em.com.br\/emfoco\/2026\/01\/03\/com-um-pacote-de-carne-moida-fiz-o-prato-mais-elogiado-da-semana-uma-receita-simples-que-surpreende-pelo-sabor\/"]}]},{"@type":"ImageObject","inLanguage":"pt-BR","@id":"https:\/\/www.em.com.br\/emfoco\/2026\/01\/03\/com-um-pacote-de-carne-moida-fiz-o-prato-mais-elogiado-da-semana-uma-receita-simples-que-surpreende-pelo-sabor\/#primaryimage","url":"https:\/\/www.em.com.br\/emfoco\/wp-content\/uploads\/2025\/12\/Gemini_Generated_Image_iv3fvoiv3fvoiv3f-1.png","contentUrl":"https:\/\/www.em.com.br\/emfoco\/wp-content\/uploads\/2025\/12\/Gemini_Generated_Image_iv3fvoiv3fvoiv3f-1.png","width":1280,"height":720,"caption":"Carne mo\u00edda com pur\u00ea vira prato especial"},{"@type":"BreadcrumbList","@id":"https:\/\/www.em.com.br\/emfoco\/2026\/01\/03\/com-um-pacote-de-carne-moida-fiz-o-prato-mais-elogiado-da-semana-uma-receita-simples-que-surpreende-pelo-sabor\/#breadcrumb","itemListElement":[{"@type":"ListItem","position":1,"name":"In\u00edcio","item":"https:\/\/www.em.com.br\/emfoco\/"},{"@type":"ListItem","position":2,"name":"Com um pacote de carne mo\u00edda fiz o prato mais elogiado da semana, uma receita simples que surpreende pelo sabor"}]},{"@type":"WebSite","@id":"https:\/\/www.em.com.br\/emfoco\/#website","url":"https:\/\/www.em.com.br\/emfoco\/","name":"Estado de Minas - Em foco","description":"Acompanhe as \u00faltimas not\u00edcias e fique bem informado sobre tudo o que acontece em Minas Gerais, Brasil e no mundo.","potentialAction":[{"@type":"SearchAction","target":{"@type":"EntryPoint","urlTemplate":"https:\/\/www.em.com.br\/emfoco\/?s={search_term_string}"},"query-input":{"@type":"PropertyValueSpecification","valueRequired":true,"valueName":"search_term_string"}}],"inLanguage":"pt-BR"},{"@type":"Person","@id":"https:\/\/www.em.com.br\/emfoco\/#\/schema\/person\/60eda09c1fedf0d6891f4cef4b60b8b8","name":"Andre\u0301 Rangel\u00a0","image":{"@type":"ImageObject","inLanguage":"pt-BR","@id":"https:\/\/www.em.com.br\/emfoco\/#\/schema\/person\/image\/","url":"https:\/\/secure.gravatar.com\/avatar\/6234dc814c77c8ef6d8bba622c787efc?s=96&d=mm&r=g","contentUrl":"https:\/\/secure.gravatar.com\/avatar\/6234dc814c77c8ef6d8bba622c787efc?s=96&d=mm&r=g","caption":"Andre\u0301 Rangel\u00a0"},"url":"https:\/\/www.em.com.br\/emfoco\/author\/luizmyth\/"}]}},"_links":{"self":[{"href":"https:\/\/www.em.com.br\/emfoco\/wp-json\/wp\/v2\/posts\/150069","targetHints":{"allow":["GET"]}}],"collection":[{"href":"https:\/\/www.em.com.br\/emfoco\/wp-json\/wp\/v2\/posts"}],"about":[{"href":"https:\/\/www.em.com.br\/emfoco\/wp-json\/wp\/v2\/types\/post"}],"author":[{"embeddable":true,"href":"https:\/\/www.em.com.br\/emfoco\/wp-json\/wp\/v2\/users\/11"}],"replies":[{"embeddable":true,"href":"https:\/\/www.em.com.br\/emfoco\/wp-json\/wp\/v2\/comments?post=150069"}],"version-history":[{"count":2,"href":"https:\/\/www.em.com.br\/emfoco\/wp-json\/wp\/v2\/posts\/150069\/revisions"}],"predecessor-version":[{"id":150071,"href":"https:\/\/www.em.com.br\/emfoco\/wp-json\/wp\/v2\/posts\/150069\/revisions\/150071"}],"wp:featuredmedia":[{"embeddable":true,"href":"https:\/\/www.em.com.br\/emfoco\/wp-json\/wp\/v2\/media\/138084"}],"wp:attachment":[{"href":"https:\/\/www.em.com.br\/emfoco\/wp-json\/wp\/v2\/media?parent=150069"}],"wp:term":[{"taxonomy":"category","embeddable":true,"href":"https:\/\/www.em.com.br\/emfoco\/wp-json\/wp\/v2\/categories?post=150069"},{"taxonomy":"post_tag","embeddable":true,"href":"https:\/\/www.em.com.br\/emfoco\/wp-json\/wp\/v2\/tags?post=150069"}],"curies":[{"name":"wp","href":"https:\/\/api.w.org\/{rel}","templated":true}]}}