{"id":150011,"date":"2026-01-04T11:15:00","date_gmt":"2026-01-04T14:15:00","guid":{"rendered":"https:\/\/www.em.com.br\/emfoco\/?p=150011"},"modified":"2026-01-02T23:05:04","modified_gmt":"2026-01-03T02:05:04","slug":"o-que-e-essa-crosta-preta-na-frigideira-e-por-que-ela-aparece","status":"publish","type":"post","link":"https:\/\/www.em.com.br\/emfoco\/2026\/01\/04\/o-que-e-essa-crosta-preta-na-frigideira-e-por-que-ela-aparece\/","title":{"rendered":"O que \u00e9 essa crosta preta na frigideira e por que ela aparece"},"content":{"rendered":"\n<p>Entre os utens\u00edlios mais usados na cozinha, a frigideira merece aten\u00e7\u00e3o especial. Quando a base fica escurecida, engordurada e com uma crosta dif\u00edcil de retirar, muitas pessoas adiam a limpeza por medo de estragar o revestimento ou por n\u00e3o saber ao certo o que \u00e9 aquela camada preta. A boa not\u00edcia \u00e9 que d\u00e1 para recuperar a frigideira queimada sem complica\u00e7\u00e3o, usando truques simples e acess\u00edveis.<\/p>\n\n\n\n<h2 class=\"wp-block-heading\">O que \u00e9 a crosta preta que aparece na frigideira queimada<\/h2>\n\n\n\n<p>A camada escura que se acumula na <a href=\"https:\/\/www.em.com.br\/emfoco\/2025\/11\/30\/guarde-sua-frigideira-velha-e-transforme-a-em-um-elegante-suporte-de-parede-para-plantas\/\" target=\"_blank\" rel=\"noreferrer noopener\">frigideira <\/a>ao longo do tempo \u00e9 formada, em geral, por restos de comida carbonizada, gordura queimada e \u00f3leo que passou repetidamente por altas temperaturas. Quando o utens\u00edlio n\u00e3o \u00e9 bem lavado entre um uso e outro, esses res\u00edduos grudam na superf\u00edcie e v\u00e3o se somando, at\u00e9 formar uma crosta dura e irregular.<\/p>\n\n\n\n<p>Em frigideiras muito usadas para frituras, essa camada pode ficar espessa e brilhante. Nos modelos de ferro, parte da cor escura est\u00e1 ligada ao processo de cura do metal, que forma uma pel\u00edcula protetora. Por\u00e9m, quando h\u00e1 excesso de gordura endurecida, o ac\u00famulo deixa de proteger e vira sujeira persistente, com risco de se soltar durante o preparo dos alimentos.<\/p>\n\n\n\n<figure class=\"wp-block-image size-large\"><img loading=\"lazy\" decoding=\"async\" width=\"1024\" height=\"576\" src=\"https:\/\/www.em.com.br\/emfoco\/wp-content\/uploads\/2026\/01\/frigideira-queimada_1767401479150-1024x576.jpg\" alt=\"Passos simples para limpar frigideira queimada em casa\" class=\"wp-image-150056\" srcset=\"https:\/\/www.em.com.br\/emfoco\/wp-content\/uploads\/2026\/01\/frigideira-queimada_1767401479150-1024x576.jpg 1024w, https:\/\/www.em.com.br\/emfoco\/wp-content\/uploads\/2026\/01\/frigideira-queimada_1767401479150-300x169.jpg 300w, https:\/\/www.em.com.br\/emfoco\/wp-content\/uploads\/2026\/01\/frigideira-queimada_1767401479150-768x432.jpg 768w, https:\/\/www.em.com.br\/emfoco\/wp-content\/uploads\/2026\/01\/frigideira-queimada_1767401479150-750x422.jpg 750w, https:\/\/www.em.com.br\/emfoco\/wp-content\/uploads\/2026\/01\/frigideira-queimada_1767401479150-1140x641.jpg 1140w, https:\/\/www.em.com.br\/emfoco\/wp-content\/uploads\/2026\/01\/frigideira-queimada_1767401479150.jpg 1280w\" sizes=\"auto, (max-width: 1024px) 100vw, 1024px\" \/><figcaption class=\"wp-element-caption\">Passos simples para limpar frigideira queimada em casa &#8211; Cr\u00e9ditos: depositphotos.com \/ Octopus16<\/figcaption><\/figure>\n\n\n\n<h2 class=\"wp-block-heading\">Quais s\u00e3o os riscos de usar uma frigideira queimada com crostas<\/h2>\n\n\n\n<p>Manter uma frigideira queimada e cheia de crostas n\u00e3o \u00e9 apenas uma quest\u00e3o est\u00e9tica. Ao cozinhar sobre res\u00edduos antigos, aumenta a chance de fragmentos se desprenderem e se misturarem ao prato, alterando sabor, textura e at\u00e9 o visual da comida.<\/p>\n\n\n\n<p>Frituras frequentes em \u00f3leo reutilizado, muita fuma\u00e7a e altas temperaturas tamb\u00e9m favorecem a forma\u00e7\u00e3o de subst\u00e2ncias indesejadas, como\u00a0<strong>acrilamida<\/strong>\u00a0e\u00a0<strong><a href=\"https:\/\/brasilescola.uol.com.br\/quimica\/benzopireno.htm\" target=\"_blank\" rel=\"noreferrer noopener\">benzopireno<\/a><\/strong>. Para reduzir esses riscos no dia a dia, vale adotar alguns cuidados b\u00e1sicos:<\/p>\n\n\n\n<ul class=\"wp-block-list\">\n<li>Manter a frigideira sempre limpa, sem crostas soltas ou gordura acumulada.<\/li>\n\n\n\n<li>Evitar queimar alimentos e descartar o \u00f3leo usado em recipientes adequados.<\/li>\n\n\n\n<li>Diminuir a fuma\u00e7a na cozinha, controlando a temperatura da chama.<\/li>\n\n\n\n<li>Priorizar uma superf\u00edcie lisa, que aquece de forma mais uniforme e previs\u00edvel.<\/li>\n<\/ul>\n\n\n\n<h2 class=\"wp-block-heading\">Como limpar frigideira queimada usando truques caseiros<\/h2>\n\n\n\n<p>Quem busca \u201c<strong>como limpar frigideira queimada<\/strong>\u201d geralmente quer recuperar o utens\u00edlio sem danificar o material. Combina\u00e7\u00f5es simples de ingredientes dom\u00e9sticos, como vinagre branco e bicarbonato de s\u00f3dio, ajudam a amolecer e soltar a crosta escura sem muito esfor\u00e7o, especialmente na parte interna da pe\u00e7a.<\/p>\n\n\n\n<p>Um passo a passo b\u00e1sico para limpar a \u00e1rea interna da frigideira queimada pode seguir este procedimento r\u00e1pido e eficaz, sempre respeitando as orienta\u00e7\u00f5es do fabricante do utens\u00edlio:<\/p>\n\n\n\n<ol class=\"wp-block-list\">\n<li>Remover qualquer excesso de \u00f3leo ou restos soltos com uma esp\u00e1tula de madeira, ou silicone.<\/li>\n\n\n\n<li>Adicionar uma camada de \u00e1gua suficiente para cobrir o fundo da frigideira.<\/li>\n\n\n\n<li>Acrescentar uma por\u00e7\u00e3o de vinagre branco e levar ao fogo at\u00e9 iniciar fervura.<\/li>\n\n\n\n<li>Quando a mistura estiver quente, polvilhar bicarbonato de s\u00f3dio, deixando agir por alguns minutos.<\/li>\n\n\n\n<li>Apagar o fogo, aguardar esfriar um pouco e, ent\u00e3o, esfregar com esponja macia ou escova espec\u00edfica.<\/li>\n<\/ol>\n\n\n\n<figure class=\"wp-block-image size-large\"><img loading=\"lazy\" decoding=\"async\" width=\"1024\" height=\"576\" src=\"https:\/\/www.em.com.br\/emfoco\/wp-content\/uploads\/2026\/01\/frigideira-queimada_1767401538652-1024x576.jpg\" alt=\"Passos simples para limpar frigideira queimada em casa\" class=\"wp-image-150057\" srcset=\"https:\/\/www.em.com.br\/emfoco\/wp-content\/uploads\/2026\/01\/frigideira-queimada_1767401538652-1024x576.jpg 1024w, https:\/\/www.em.com.br\/emfoco\/wp-content\/uploads\/2026\/01\/frigideira-queimada_1767401538652-300x169.jpg 300w, https:\/\/www.em.com.br\/emfoco\/wp-content\/uploads\/2026\/01\/frigideira-queimada_1767401538652-768x432.jpg 768w, https:\/\/www.em.com.br\/emfoco\/wp-content\/uploads\/2026\/01\/frigideira-queimada_1767401538652-750x422.jpg 750w, https:\/\/www.em.com.br\/emfoco\/wp-content\/uploads\/2026\/01\/frigideira-queimada_1767401538652-1140x641.jpg 1140w, https:\/\/www.em.com.br\/emfoco\/wp-content\/uploads\/2026\/01\/frigideira-queimada_1767401538652.jpg 1280w\" sizes=\"auto, (max-width: 1024px) 100vw, 1024px\" \/><figcaption class=\"wp-element-caption\">Passos simples para limpar frigideira queimada em casa &#8211; Cr\u00e9ditos: depositphotos.com \/ vikabest88@gmail.com<\/figcaption><\/figure>\n\n\n\n<h2 class=\"wp-block-heading\">Que cuidados ter com frigideiras de ferro e antiaderentes<\/h2>\n\n\n\n<p>Cada tipo de frigideira reage de um jeito \u00e0 limpeza, por isso \u00e9 importante adaptar o m\u00e9todo. Modelos de ferro fundido passam por um processo chamado \u201ccura\u201d, em que uma fina camada de \u00f3leo \u00e9 aquecida para formar pel\u00edcula protetora, e o uso excessivo de detergente pode remover essa prote\u00e7\u00e3o.<\/p>\n\n\n\n<p>J\u00e1 as frigideiras com revestimento antiaderente exigem ainda mais cuidado, porque objetos pontiagudos, palha de a\u00e7o e produtos abrasivos podem riscar o teflon ou similares. Em qualquer material, o ideal \u00e9 priorizar utens\u00edlios de madeira, silicone ou nylon, lavar com esponja macia e detergente neutro e descartar a pe\u00e7a se o revestimento estiver descascando em grandes \u00e1reas.<\/p>\n\n\n\n<h2 class=\"wp-block-heading\">Como evitar a frigideira queimada e prolongar a vida do utens\u00edlio<\/h2>\n\n\n\n<p>Al\u00e9m de saber como limpar frigideira queimada, \u00e9 essencial adotar pequenas atitudes para impedir que a crosta volte rapidamente. Controlar a temperatura, escolher bem os \u00f3leos de fritura e respeitar o tempo de preparo dos alimentos faz muita diferen\u00e7a na rotina.<\/p>\n\n\n\n<p>Evite deixar o \u00f3leo fumegando sem alimento, n\u00e3o reaproveite o \u00f3leo muitas vezes, limpe a frigideira logo ap\u00f3s o uso e guarde o utens\u00edlio totalmente seco, longe da umidade. Comece hoje a revisar suas frigideiras, descarte as que estiverem muito danificadas e fa\u00e7a uma boa limpeza nas demais: cuidar disso agora \u00e9 investir diretamente na sua sa\u00fade, no sabor das suas refei\u00e7\u00f5es e na seguran\u00e7a da sua cozinha.<\/p>\n","protected":false},"excerpt":{"rendered":"<p>Entre os utens\u00edlios mais usados na cozinha, a frigideira merece aten\u00e7\u00e3o especial. Quando a base fica escurecida, engordurada e com uma crosta dif\u00edcil de retirar, muitas pessoas adiam a limpeza por medo de estragar o revestimento ou por n\u00e3o saber ao certo o que \u00e9 aquela camada preta. A boa not\u00edcia \u00e9 que d\u00e1 para [&hellip;]<\/p>\n","protected":false},"author":11,"featured_media":150059,"comment_status":"open","ping_status":"open","sticky":false,"template":"","format":"standard","meta":{"jnews-multi-image_gallery":[],"jnews_single_post":{"format":"standard"},"jnews_primary_category":[],"jnews_social_meta":[],"jnews_override_counter":[],"footnotes":""},"categories":[8819,1],"tags":[3563,17128,3337],"class_list":["post-150011","post","type-post","status-publish","format-standard","has-post-thumbnail","hentry","category-curiosidades","category-noticias","tag-cozinha","tag-frigideira","tag-limpeza"],"yoast_head":"<!-- This site is optimized with the Yoast SEO plugin v23.8 - https:\/\/yoast.com\/wordpress\/plugins\/seo\/ -->\n<title>O que \u00e9 essa crosta preta na frigideira e por que ela aparece - Estado de Minas - Em foco<\/title>\n<meta name=\"description\" content=\"Aprenda como limpar frigideira queimada com truques simples e seguros, sem estragar ferro ou antiaderente.\" \/>\n<meta name=\"robots\" content=\"index, follow, max-snippet:-1, max-image-preview:large, max-video-preview:-1\" \/>\n<link rel=\"canonical\" href=\"https:\/\/www.em.com.br\/emfoco\/2026\/01\/04\/o-que-e-essa-crosta-preta-na-frigideira-e-por-que-ela-aparece\/\" \/>\n<meta property=\"og:locale\" content=\"pt_BR\" \/>\n<meta property=\"og:type\" content=\"article\" \/>\n<meta property=\"og:title\" content=\"O que \u00e9 essa crosta preta na frigideira e por que ela aparece - Estado de Minas - Em foco\" \/>\n<meta property=\"og:description\" content=\"Aprenda como limpar frigideira queimada com truques simples e seguros, sem estragar ferro ou antiaderente.\" \/>\n<meta property=\"og:url\" content=\"https:\/\/www.em.com.br\/emfoco\/2026\/01\/04\/o-que-e-essa-crosta-preta-na-frigideira-e-por-que-ela-aparece\/\" \/>\n<meta property=\"og:site_name\" content=\"Estado de Minas - Em foco\" \/>\n<meta property=\"article:published_time\" content=\"2026-01-04T14:15:00+00:00\" \/>\n<meta property=\"article:modified_time\" content=\"2026-01-03T02:05:04+00:00\" \/>\n<meta property=\"og:image\" content=\"https:\/\/www.em.com.br\/emfoco\/wp-content\/uploads\/2026\/01\/frigideira-queimada_1767401578096.jpg\" \/>\n\t<meta property=\"og:image:width\" content=\"1280\" \/>\n\t<meta property=\"og:image:height\" content=\"720\" \/>\n\t<meta property=\"og:image:type\" content=\"image\/jpeg\" \/>\n<meta name=\"author\" content=\"Andre\u0301 Rangel\u00a0\" \/>\n<meta name=\"twitter:card\" content=\"summary_large_image\" \/>\n<meta name=\"twitter:label1\" content=\"Escrito por\" \/>\n\t<meta name=\"twitter:data1\" content=\"Andre\u0301 Rangel\u00a0\" \/>\n\t<meta name=\"twitter:label2\" content=\"Est. tempo de leitura\" \/>\n\t<meta name=\"twitter:data2\" content=\"5 minutos\" \/>\n<!-- \/ Yoast SEO plugin. -->","yoast_head_json":{"title":"O que \u00e9 essa crosta preta na frigideira e por que ela aparece - Estado de Minas - Em foco","description":"Aprenda como limpar frigideira queimada com truques simples e seguros, sem estragar ferro ou antiaderente.","robots":{"index":"index","follow":"follow","max-snippet":"max-snippet:-1","max-image-preview":"max-image-preview:large","max-video-preview":"max-video-preview:-1"},"canonical":"https:\/\/www.em.com.br\/emfoco\/2026\/01\/04\/o-que-e-essa-crosta-preta-na-frigideira-e-por-que-ela-aparece\/","og_locale":"pt_BR","og_type":"article","og_title":"O que \u00e9 essa crosta preta na frigideira e por que ela aparece - Estado de Minas - Em foco","og_description":"Aprenda como limpar frigideira queimada com truques simples e seguros, sem estragar ferro ou antiaderente.","og_url":"https:\/\/www.em.com.br\/emfoco\/2026\/01\/04\/o-que-e-essa-crosta-preta-na-frigideira-e-por-que-ela-aparece\/","og_site_name":"Estado de Minas - Em foco","article_published_time":"2026-01-04T14:15:00+00:00","article_modified_time":"2026-01-03T02:05:04+00:00","og_image":[{"width":1280,"height":720,"url":"https:\/\/www.em.com.br\/emfoco\/wp-content\/uploads\/2026\/01\/frigideira-queimada_1767401578096.jpg","type":"image\/jpeg"}],"author":"Andre\u0301 Rangel\u00a0","twitter_card":"summary_large_image","twitter_misc":{"Escrito por":"Andre\u0301 Rangel\u00a0","Est. tempo de leitura":"5 minutos"},"schema":{"@context":"https:\/\/schema.org","@graph":[{"@type":"WebPage","@id":"https:\/\/www.em.com.br\/emfoco\/2026\/01\/04\/o-que-e-essa-crosta-preta-na-frigideira-e-por-que-ela-aparece\/","url":"https:\/\/www.em.com.br\/emfoco\/2026\/01\/04\/o-que-e-essa-crosta-preta-na-frigideira-e-por-que-ela-aparece\/","name":"O que \u00e9 essa crosta preta na frigideira e por que ela aparece - Estado de Minas - Em foco","isPartOf":{"@id":"https:\/\/www.em.com.br\/emfoco\/#website"},"primaryImageOfPage":{"@id":"https:\/\/www.em.com.br\/emfoco\/2026\/01\/04\/o-que-e-essa-crosta-preta-na-frigideira-e-por-que-ela-aparece\/#primaryimage"},"image":{"@id":"https:\/\/www.em.com.br\/emfoco\/2026\/01\/04\/o-que-e-essa-crosta-preta-na-frigideira-e-por-que-ela-aparece\/#primaryimage"},"thumbnailUrl":"https:\/\/www.em.com.br\/emfoco\/wp-content\/uploads\/2026\/01\/frigideira-queimada_1767401578096.jpg","datePublished":"2026-01-04T14:15:00+00:00","dateModified":"2026-01-03T02:05:04+00:00","author":{"@id":"https:\/\/www.em.com.br\/emfoco\/#\/schema\/person\/60eda09c1fedf0d6891f4cef4b60b8b8"},"description":"Aprenda como limpar frigideira queimada com truques simples e seguros, sem estragar ferro ou antiaderente.","breadcrumb":{"@id":"https:\/\/www.em.com.br\/emfoco\/2026\/01\/04\/o-que-e-essa-crosta-preta-na-frigideira-e-por-que-ela-aparece\/#breadcrumb"},"inLanguage":"pt-BR","potentialAction":[{"@type":"ReadAction","target":["https:\/\/www.em.com.br\/emfoco\/2026\/01\/04\/o-que-e-essa-crosta-preta-na-frigideira-e-por-que-ela-aparece\/"]}]},{"@type":"ImageObject","inLanguage":"pt-BR","@id":"https:\/\/www.em.com.br\/emfoco\/2026\/01\/04\/o-que-e-essa-crosta-preta-na-frigideira-e-por-que-ela-aparece\/#primaryimage","url":"https:\/\/www.em.com.br\/emfoco\/wp-content\/uploads\/2026\/01\/frigideira-queimada_1767401578096.jpg","contentUrl":"https:\/\/www.em.com.br\/emfoco\/wp-content\/uploads\/2026\/01\/frigideira-queimada_1767401578096.jpg","width":1280,"height":720,"caption":"Passos simples para limpar frigideira queimada em casa - Cr\u00e9ditos: depositphotos.com \/ Blastam"},{"@type":"BreadcrumbList","@id":"https:\/\/www.em.com.br\/emfoco\/2026\/01\/04\/o-que-e-essa-crosta-preta-na-frigideira-e-por-que-ela-aparece\/#breadcrumb","itemListElement":[{"@type":"ListItem","position":1,"name":"In\u00edcio","item":"https:\/\/www.em.com.br\/emfoco\/"},{"@type":"ListItem","position":2,"name":"O que \u00e9 essa crosta preta na frigideira e por que ela aparece"}]},{"@type":"WebSite","@id":"https:\/\/www.em.com.br\/emfoco\/#website","url":"https:\/\/www.em.com.br\/emfoco\/","name":"Estado de Minas - Em foco","description":"Acompanhe as \u00faltimas not\u00edcias e fique bem informado sobre tudo o que acontece em Minas Gerais, Brasil e no mundo.","potentialAction":[{"@type":"SearchAction","target":{"@type":"EntryPoint","urlTemplate":"https:\/\/www.em.com.br\/emfoco\/?s={search_term_string}"},"query-input":{"@type":"PropertyValueSpecification","valueRequired":true,"valueName":"search_term_string"}}],"inLanguage":"pt-BR"},{"@type":"Person","@id":"https:\/\/www.em.com.br\/emfoco\/#\/schema\/person\/60eda09c1fedf0d6891f4cef4b60b8b8","name":"Andre\u0301 Rangel\u00a0","image":{"@type":"ImageObject","inLanguage":"pt-BR","@id":"https:\/\/www.em.com.br\/emfoco\/#\/schema\/person\/image\/","url":"https:\/\/secure.gravatar.com\/avatar\/6234dc814c77c8ef6d8bba622c787efc?s=96&d=mm&r=g","contentUrl":"https:\/\/secure.gravatar.com\/avatar\/6234dc814c77c8ef6d8bba622c787efc?s=96&d=mm&r=g","caption":"Andre\u0301 Rangel\u00a0"},"url":"https:\/\/www.em.com.br\/emfoco\/author\/luizmyth\/"}]}},"_links":{"self":[{"href":"https:\/\/www.em.com.br\/emfoco\/wp-json\/wp\/v2\/posts\/150011","targetHints":{"allow":["GET"]}}],"collection":[{"href":"https:\/\/www.em.com.br\/emfoco\/wp-json\/wp\/v2\/posts"}],"about":[{"href":"https:\/\/www.em.com.br\/emfoco\/wp-json\/wp\/v2\/types\/post"}],"author":[{"embeddable":true,"href":"https:\/\/www.em.com.br\/emfoco\/wp-json\/wp\/v2\/users\/11"}],"replies":[{"embeddable":true,"href":"https:\/\/www.em.com.br\/emfoco\/wp-json\/wp\/v2\/comments?post=150011"}],"version-history":[{"count":4,"href":"https:\/\/www.em.com.br\/emfoco\/wp-json\/wp\/v2\/posts\/150011\/revisions"}],"predecessor-version":[{"id":150058,"href":"https:\/\/www.em.com.br\/emfoco\/wp-json\/wp\/v2\/posts\/150011\/revisions\/150058"}],"wp:featuredmedia":[{"embeddable":true,"href":"https:\/\/www.em.com.br\/emfoco\/wp-json\/wp\/v2\/media\/150059"}],"wp:attachment":[{"href":"https:\/\/www.em.com.br\/emfoco\/wp-json\/wp\/v2\/media?parent=150011"}],"wp:term":[{"taxonomy":"category","embeddable":true,"href":"https:\/\/www.em.com.br\/emfoco\/wp-json\/wp\/v2\/categories?post=150011"},{"taxonomy":"post_tag","embeddable":true,"href":"https:\/\/www.em.com.br\/emfoco\/wp-json\/wp\/v2\/tags?post=150011"}],"curies":[{"name":"wp","href":"https:\/\/api.w.org\/{rel}","templated":true}]}}