{"id":14999,"date":"2025-01-31T08:20:00","date_gmt":"2025-01-31T11:20:00","guid":{"rendered":"https:\/\/www.em.com.br\/emfoco\/?p=14999"},"modified":"2025-01-31T08:20:01","modified_gmt":"2025-01-31T11:20:01","slug":"aprenda-a-cultivar-orquideas-dentro-de-casa-do-jeito-certo","status":"publish","type":"post","link":"https:\/\/www.em.com.br\/emfoco\/2025\/01\/31\/aprenda-a-cultivar-orquideas-dentro-de-casa-do-jeito-certo\/","title":{"rendered":"Aprenda a cultivar orqu\u00eddeas dentro de casa do jeito certo!"},"content":{"rendered":"\n<p>As orqu\u00eddeas s\u00e3o plantas de uma beleza \u00edmpar, conhecidas por suas flores elegantes e a impon\u00eancia que conferem aos espa\u00e7os em que se encontram. Elas s\u00e3o comumente cultivadas dentro de casas devido ao seu apelo est\u00e9tico, mas necessitam de cuidados espec\u00edficos para florescerem plenamente. Conhecer esses cuidados pode transformar a experi\u00eancia de cultivo em algo mais gratificante e acess\u00edvel, mesmo para amadores.<\/p>\n\n\n\n<p>Integrar orqu\u00eddeas ao interior do lar pode elevar a decora\u00e7\u00e3o, trazendo elementos naturais e um ar de sofistica\u00e7\u00e3o. Contudo, essas plantas delicadas exigem um manuseio atento para que possam crescer e florescer. Aspectos como ilumina\u00e7\u00e3o, rega, e escolha adequada de vaso e substrato s\u00e3o essenciais para garantir a sa\u00fade das orqu\u00eddeas.<\/p>\n\n\n\n<h2 class=\"wp-block-heading\">Qual o Ambiente Ideal para Cultivar Orqu\u00eddeas Dentro de Casa?<\/h2>\n\n\n\n<p>A escolha do vaso \u00e9 um dos primeiros passos para o sucesso no cultivo de orqu\u00eddeas. Optar por vasos transparentes permite a f\u00e1cil observa\u00e7\u00e3o das ra\u00edzes, o que \u00e9 crucial para monitorar o n\u00edvel de umidade. Essa transpar\u00eancia ajuda a prevenir o ac\u00famulo excessivo de \u00e1gua, uma vez que orqu\u00eddeas n\u00e3o toleram solo encharcado, tornando uma boa drenagem uma caracter\u00edstica indispens\u00e1vel.<\/p>\n\n\n\n<p>Al\u00e9m de um vaso apropriado, \u00e9 necess\u00e1rio selecionar um substrato que favore\u00e7a a aera\u00e7\u00e3o das ra\u00edzes e mantenha a umidade na medida certa. Materiais como casca de pinus, musgo esfagno ou fibras de coco s\u00e3o altamente recomendados devido \u00e0 sua leveza e capacidade de drenagem, proporcionando o ambiente apropriado para a sa\u00fade radicular das orqu\u00eddeas.<\/p>\n\n\n\n<figure class=\"wp-block-image size-large\"><img loading=\"lazy\" decoding=\"async\" width=\"1024\" height=\"576\" src=\"https:\/\/www.em.com.br\/emfoco\/wp-content\/uploads\/2025\/01\/orquideas_1737407154595-1024x576.jpg\" alt=\"Saiba como ter orqu\u00eddeas floridas o ano todo\" class=\"wp-image-12057\" srcset=\"https:\/\/www.em.com.br\/emfoco\/wp-content\/uploads\/2025\/01\/orquideas_1737407154595-1024x576.jpg 1024w, https:\/\/www.em.com.br\/emfoco\/wp-content\/uploads\/2025\/01\/orquideas_1737407154595-300x169.jpg 300w, https:\/\/www.em.com.br\/emfoco\/wp-content\/uploads\/2025\/01\/orquideas_1737407154595-768x432.jpg 768w, https:\/\/www.em.com.br\/emfoco\/wp-content\/uploads\/2025\/01\/orquideas_1737407154595-750x422.jpg 750w, https:\/\/www.em.com.br\/emfoco\/wp-content\/uploads\/2025\/01\/orquideas_1737407154595-1140x641.jpg 1140w, https:\/\/www.em.com.br\/emfoco\/wp-content\/uploads\/2025\/01\/orquideas_1737407154595.jpg 1280w\" sizes=\"auto, (max-width: 1024px) 100vw, 1024px\" \/><figcaption class=\"wp-element-caption\">Orqu\u00eddeas &#8211; Cr\u00e9ditos: depositphotos.com \/ DaLiu<\/figcaption><\/figure>\n\n\n\n<h2 class=\"wp-block-heading\">Como Proporcionar a Ilumina\u00e7\u00e3o Adequada para Orqu\u00eddeas?<\/h2>\n\n\n\n<p>A ilumina\u00e7\u00e3o \u00e9 crucial para o bom desenvolvimento das orqu\u00eddeas. Elas precisam de luz abundante, mas apenas de forma indireta, para prosperar. Posicionar as plantas perto de janelas, mas fora do alcance da incid\u00eancia direta do sol, pode evitar queimaduras nas folhas e outros danos devido ao excesso de luz solar. A instala\u00e7\u00e3o de cortinas leves pode ajudar a criar esse efeito de luz filtrada.<\/p>\n\n\n\n<p>Caso a resid\u00eancia n\u00e3o possua \u00e1reas naturalmente bem iluminadas, \u00e9 poss\u00edvel usar l\u00e2mpadas fluorescentes para suprir a necessidade luminosa das orqu\u00eddeas. Esse tipo de interven\u00e7\u00e3o simula as condi\u00e7\u00f5es naturais de luz e pode assegurar que as orqu\u00eddeas recebam a energia de que necessitam para florescer, mesmo em ambientes menos privilegiados em termos de ilumina\u00e7\u00e3o solar.<\/p>\n\n\n\n<h2 class=\"wp-block-heading\">Quais s\u00e3o as Melhores Pr\u00e1ticas para a Rega de Orqu\u00eddeas?<\/h2>\n\n\n\n<p>A rega das orqu\u00eddeas deve ser cuidadosamente monitorada, geralmente requerendo um intervalo semanal, permitindo que o substrato seque entre uma irriga\u00e7\u00e3o e outra. Esse m\u00e9todo previne o apodrecimento das ra\u00edzes, um problema comum associado \u00e0 superexposi\u00e7\u00e3o \u00e0 umidade. Observar as condi\u00e7\u00f5es do substrato ajuda a determinar se ajustes na frequ\u00eancia s\u00e3o necess\u00e1rios.<\/p>\n\n\n\n<p>Al\u00e9m disso, estas plantas requerem um ambiente com umidade relativa do ar entre 50% e 70%. Utilizar um umidificador, ou colocar a planta sobre uma bandeja com pedras e um pouco de \u00e1gua \u2013 assegurando que o vaso n\u00e3o toque diretamente a \u00e1gua \u2013 s\u00e3o estrat\u00e9gias eficazes para manter o n\u00edvel de umidade adequado.<\/p>\n\n\n\n<h2 class=\"wp-block-heading\">Como as Orqu\u00eddeas Beneficiam o Ambiente?<\/h2>\n\n\n\n<p>Al\u00e9m de enriquecerem visualmente os espa\u00e7os, as orqu\u00eddeas s\u00e3o conhecidas por suas propriedades ben\u00e9ficas para a qualidade do ar. Elas contribuem para a purifica\u00e7\u00e3o do ambiente absorvendo di\u00f3xido de carbono e liberando oxig\u00eanio. Este processo melhora a qualidade do ar e promove um ambiente mais saud\u00e1vel.<\/p>\n\n\n\n<p>As orqu\u00eddeas tamb\u00e9m colaboram para a cria\u00e7\u00e3o de um espa\u00e7o relaxante, ajudando a aliviar o estresse e refor\u00e7ando um senso de bem-estar entre os habitantes do lar. Com os cuidados corretos, essas plantas maravilhosas podem ser uma excelente adi\u00e7\u00e3o a qualquer espa\u00e7o interno, combinando beleza, sa\u00fade e tranquilidade.<\/p>\n","protected":false},"excerpt":{"rendered":"<p>As orqu\u00eddeas s\u00e3o plantas de uma beleza \u00edmpar, conhecidas por suas flores elegantes e a impon\u00eancia que conferem aos espa\u00e7os em que se encontram. Elas s\u00e3o comumente cultivadas dentro de casas devido ao seu apelo est\u00e9tico, mas necessitam de cuidados espec\u00edficos para florescerem plenamente. Conhecer esses cuidados pode transformar a experi\u00eancia de cultivo em algo [&hellip;]<\/p>\n","protected":false},"author":5,"featured_media":12058,"comment_status":"open","ping_status":"open","sticky":false,"template":"","format":"standard","meta":{"jnews-multi-image_gallery":[],"jnews_single_post":{"format":"standard"},"jnews_primary_category":[],"jnews_social_meta":[],"jnews_override_counter":[],"footnotes":""},"categories":[138,1],"tags":[4279,4440,3357,3137],"class_list":["post-14999","post","type-post","status-publish","format-standard","has-post-thumbnail","hentry","category-mundo","category-noticias","tag-cuidar","tag-cultivas","tag-flores","tag-orquideas"],"yoast_head":"<!-- This site is optimized with the Yoast SEO plugin v23.8 - https:\/\/yoast.com\/wordpress\/plugins\/seo\/ -->\n<title>Aprenda a cultivar orqu\u00eddeas dentro de casa do jeito certo! - Estado de Minas - Em foco<\/title>\n<meta name=\"description\" content=\"Quer orqu\u00eddeas exuberantes dentro de casa? Descubra os segredos de cultivo e evite erros comuns que prejudicam as plantas!\" \/>\n<meta name=\"robots\" content=\"index, follow, max-snippet:-1, max-image-preview:large, max-video-preview:-1\" \/>\n<link rel=\"canonical\" href=\"https:\/\/www.em.com.br\/emfoco\/2025\/01\/31\/aprenda-a-cultivar-orquideas-dentro-de-casa-do-jeito-certo\/\" \/>\n<meta property=\"og:locale\" content=\"pt_BR\" \/>\n<meta property=\"og:type\" content=\"article\" \/>\n<meta property=\"og:title\" content=\"Aprenda a cultivar orqu\u00eddeas dentro de casa do jeito certo! - Estado de Minas - Em foco\" \/>\n<meta property=\"og:description\" content=\"Quer orqu\u00eddeas exuberantes dentro de casa? Descubra os segredos de cultivo e evite erros comuns que prejudicam as plantas!\" \/>\n<meta property=\"og:url\" content=\"https:\/\/www.em.com.br\/emfoco\/2025\/01\/31\/aprenda-a-cultivar-orquideas-dentro-de-casa-do-jeito-certo\/\" \/>\n<meta property=\"og:site_name\" content=\"Estado de Minas - Em foco\" \/>\n<meta property=\"article:published_time\" content=\"2025-01-31T11:20:00+00:00\" \/>\n<meta property=\"article:modified_time\" content=\"2025-01-31T11:20:01+00:00\" \/>\n<meta property=\"og:image\" content=\"https:\/\/www.em.com.br\/emfoco\/wp-content\/uploads\/2025\/01\/orquideas_1737407190561.jpg\" \/>\n\t<meta property=\"og:image:width\" content=\"1280\" \/>\n\t<meta property=\"og:image:height\" content=\"720\" \/>\n\t<meta property=\"og:image:type\" content=\"image\/jpeg\" \/>\n<meta name=\"author\" content=\"N\u00fabia Rangel\" \/>\n<meta name=\"twitter:card\" content=\"summary_large_image\" \/>\n<meta name=\"twitter:label1\" content=\"Escrito por\" \/>\n\t<meta name=\"twitter:data1\" content=\"N\u00fabia Rangel\" \/>\n\t<meta name=\"twitter:label2\" content=\"Est. tempo de leitura\" \/>\n\t<meta name=\"twitter:data2\" content=\"4 minutos\" \/>\n<!-- \/ Yoast SEO plugin. -->","yoast_head_json":{"title":"Aprenda a cultivar orqu\u00eddeas dentro de casa do jeito certo! - Estado de Minas - Em foco","description":"Quer orqu\u00eddeas exuberantes dentro de casa? Descubra os segredos de cultivo e evite erros comuns que prejudicam as plantas!","robots":{"index":"index","follow":"follow","max-snippet":"max-snippet:-1","max-image-preview":"max-image-preview:large","max-video-preview":"max-video-preview:-1"},"canonical":"https:\/\/www.em.com.br\/emfoco\/2025\/01\/31\/aprenda-a-cultivar-orquideas-dentro-de-casa-do-jeito-certo\/","og_locale":"pt_BR","og_type":"article","og_title":"Aprenda a cultivar orqu\u00eddeas dentro de casa do jeito certo! - Estado de Minas - Em foco","og_description":"Quer orqu\u00eddeas exuberantes dentro de casa? Descubra os segredos de cultivo e evite erros comuns que prejudicam as plantas!","og_url":"https:\/\/www.em.com.br\/emfoco\/2025\/01\/31\/aprenda-a-cultivar-orquideas-dentro-de-casa-do-jeito-certo\/","og_site_name":"Estado de Minas - Em foco","article_published_time":"2025-01-31T11:20:00+00:00","article_modified_time":"2025-01-31T11:20:01+00:00","og_image":[{"width":1280,"height":720,"url":"https:\/\/www.em.com.br\/emfoco\/wp-content\/uploads\/2025\/01\/orquideas_1737407190561.jpg","type":"image\/jpeg"}],"author":"N\u00fabia Rangel","twitter_card":"summary_large_image","twitter_misc":{"Escrito por":"N\u00fabia Rangel","Est. tempo de leitura":"4 minutos"},"schema":{"@context":"https:\/\/schema.org","@graph":[{"@type":"WebPage","@id":"https:\/\/www.em.com.br\/emfoco\/2025\/01\/31\/aprenda-a-cultivar-orquideas-dentro-de-casa-do-jeito-certo\/","url":"https:\/\/www.em.com.br\/emfoco\/2025\/01\/31\/aprenda-a-cultivar-orquideas-dentro-de-casa-do-jeito-certo\/","name":"Aprenda a cultivar orqu\u00eddeas dentro de casa do jeito certo! - Estado de Minas - Em foco","isPartOf":{"@id":"https:\/\/www.em.com.br\/emfoco\/#website"},"primaryImageOfPage":{"@id":"https:\/\/www.em.com.br\/emfoco\/2025\/01\/31\/aprenda-a-cultivar-orquideas-dentro-de-casa-do-jeito-certo\/#primaryimage"},"image":{"@id":"https:\/\/www.em.com.br\/emfoco\/2025\/01\/31\/aprenda-a-cultivar-orquideas-dentro-de-casa-do-jeito-certo\/#primaryimage"},"thumbnailUrl":"https:\/\/www.em.com.br\/emfoco\/wp-content\/uploads\/2025\/01\/orquideas_1737407190561.jpg","datePublished":"2025-01-31T11:20:00+00:00","dateModified":"2025-01-31T11:20:01+00:00","author":{"@id":"https:\/\/www.em.com.br\/emfoco\/#\/schema\/person\/524437ef54f8a5d32591b143307f2e20"},"description":"Quer orqu\u00eddeas exuberantes dentro de casa? Descubra os segredos de cultivo e evite erros comuns que prejudicam as plantas!","breadcrumb":{"@id":"https:\/\/www.em.com.br\/emfoco\/2025\/01\/31\/aprenda-a-cultivar-orquideas-dentro-de-casa-do-jeito-certo\/#breadcrumb"},"inLanguage":"pt-BR","potentialAction":[{"@type":"ReadAction","target":["https:\/\/www.em.com.br\/emfoco\/2025\/01\/31\/aprenda-a-cultivar-orquideas-dentro-de-casa-do-jeito-certo\/"]}]},{"@type":"ImageObject","inLanguage":"pt-BR","@id":"https:\/\/www.em.com.br\/emfoco\/2025\/01\/31\/aprenda-a-cultivar-orquideas-dentro-de-casa-do-jeito-certo\/#primaryimage","url":"https:\/\/www.em.com.br\/emfoco\/wp-content\/uploads\/2025\/01\/orquideas_1737407190561.jpg","contentUrl":"https:\/\/www.em.com.br\/emfoco\/wp-content\/uploads\/2025\/01\/orquideas_1737407190561.jpg","width":1280,"height":720,"caption":"Orqu\u00eddeas - Cr\u00e9ditos: depositphotos.com \/ Florelena"},{"@type":"BreadcrumbList","@id":"https:\/\/www.em.com.br\/emfoco\/2025\/01\/31\/aprenda-a-cultivar-orquideas-dentro-de-casa-do-jeito-certo\/#breadcrumb","itemListElement":[{"@type":"ListItem","position":1,"name":"In\u00edcio","item":"https:\/\/www.em.com.br\/emfoco\/"},{"@type":"ListItem","position":2,"name":"Aprenda a cultivar orqu\u00eddeas dentro de casa do jeito certo!"}]},{"@type":"WebSite","@id":"https:\/\/www.em.com.br\/emfoco\/#website","url":"https:\/\/www.em.com.br\/emfoco\/","name":"Estado de Minas - Em foco","description":"Acompanhe as \u00faltimas not\u00edcias e fique bem informado sobre tudo o que acontece em Minas Gerais, Brasil e no mundo.","potentialAction":[{"@type":"SearchAction","target":{"@type":"EntryPoint","urlTemplate":"https:\/\/www.em.com.br\/emfoco\/?s={search_term_string}"},"query-input":{"@type":"PropertyValueSpecification","valueRequired":true,"valueName":"search_term_string"}}],"inLanguage":"pt-BR"},{"@type":"Person","@id":"https:\/\/www.em.com.br\/emfoco\/#\/schema\/person\/524437ef54f8a5d32591b143307f2e20","name":"N\u00fabia Rangel","image":{"@type":"ImageObject","inLanguage":"pt-BR","@id":"https:\/\/www.em.com.br\/emfoco\/#\/schema\/person\/image\/","url":"https:\/\/secure.gravatar.com\/avatar\/47cff2827a5ba23c37e8068c86817ea4?s=96&d=mm&r=g","contentUrl":"https:\/\/secure.gravatar.com\/avatar\/47cff2827a5ba23c37e8068c86817ea4?s=96&d=mm&r=g","caption":"N\u00fabia Rangel"},"sameAs":["https:\/\/www.em.com.br\/emfoco\/"],"url":"https:\/\/www.em.com.br\/emfoco\/author\/nubiamyth\/"}]}},"_links":{"self":[{"href":"https:\/\/www.em.com.br\/emfoco\/wp-json\/wp\/v2\/posts\/14999","targetHints":{"allow":["GET"]}}],"collection":[{"href":"https:\/\/www.em.com.br\/emfoco\/wp-json\/wp\/v2\/posts"}],"about":[{"href":"https:\/\/www.em.com.br\/emfoco\/wp-json\/wp\/v2\/types\/post"}],"author":[{"embeddable":true,"href":"https:\/\/www.em.com.br\/emfoco\/wp-json\/wp\/v2\/users\/5"}],"replies":[{"embeddable":true,"href":"https:\/\/www.em.com.br\/emfoco\/wp-json\/wp\/v2\/comments?post=14999"}],"version-history":[{"count":2,"href":"https:\/\/www.em.com.br\/emfoco\/wp-json\/wp\/v2\/posts\/14999\/revisions"}],"predecessor-version":[{"id":15001,"href":"https:\/\/www.em.com.br\/emfoco\/wp-json\/wp\/v2\/posts\/14999\/revisions\/15001"}],"wp:featuredmedia":[{"embeddable":true,"href":"https:\/\/www.em.com.br\/emfoco\/wp-json\/wp\/v2\/media\/12058"}],"wp:attachment":[{"href":"https:\/\/www.em.com.br\/emfoco\/wp-json\/wp\/v2\/media?parent=14999"}],"wp:term":[{"taxonomy":"category","embeddable":true,"href":"https:\/\/www.em.com.br\/emfoco\/wp-json\/wp\/v2\/categories?post=14999"},{"taxonomy":"post_tag","embeddable":true,"href":"https:\/\/www.em.com.br\/emfoco\/wp-json\/wp\/v2\/tags?post=14999"}],"curies":[{"name":"wp","href":"https:\/\/api.w.org\/{rel}","templated":true}]}}