{"id":14983,"date":"2025-02-12T15:20:00","date_gmt":"2025-02-12T18:20:00","guid":{"rendered":"https:\/\/www.em.com.br\/emfoco\/?p=14983"},"modified":"2025-01-30T15:41:19","modified_gmt":"2025-01-30T18:41:19","slug":"filme-premiado-com-palma-de-ouro-e-87-de-aprovacao-chega-ao-streaming","status":"publish","type":"post","link":"https:\/\/www.em.com.br\/emfoco\/2025\/02\/12\/filme-premiado-com-palma-de-ouro-e-87-de-aprovacao-chega-ao-streaming\/","title":{"rendered":"Filme premiado com Palma de Ouro e 87% de aprova\u00e7\u00e3o chega ao streaming"},"content":{"rendered":"\n<p>No mundo do cinema, poucos <strong><a href=\"https:\/\/www.em.com.br\/emfoco\/2025\/01\/22\/eternos-um-filme-que-te-fara-questionar-a-existencia\/\" target=\"_blank\" rel=\"noreferrer noopener\">filmes<\/a><\/strong> conseguiram capturar a aten\u00e7\u00e3o cr\u00edtica t\u00e3o intensamente quanto <em><strong>Anatomia de uma Queda<\/strong><\/em>. Lan\u00e7ado em 2023, o drama dirigido por <strong>Justine Triet<\/strong> se destaca por sua abordagem madura e complexa de um caso judicial cercado de mist\u00e9rios. Com uma narrativa que mistura suspense e incerteza, o filme tem em sua protagonista, vivida por <strong>Sandra H\u00fcller<\/strong>, uma atua\u00e7\u00e3o que tem sido amplamente elogiada.<\/p>\n\n\n\n<p>A trama central do filme foca na personagem chamada Sandra, uma escritora de origem alem\u00e3, que vive com sua fam\u00edlia nos Alpes Franceses. Ap\u00f3s a morte repentina do marido em circunst\u00e2ncias enigm\u00e1ticas, Sandra se v\u00ea no centro de um controvertido processo judicial, que n\u00e3o s\u00f3 abala as estruturas de sua vida pessoal, mas tamb\u00e9m coloca seu filho na linha de frente das investiga\u00e7\u00f5es.<\/p>\n\n\n\n<h2 class=\"wp-block-heading\">Qual \u00e9 a premissa de <em>Anatomia de uma Queda<\/em>?<\/h2>\n\n\n\n<p><em>Anatomia de uma Queda<\/em> nos apresenta a hist\u00f3ria de Sandra, que enfrentando um dos momentos mais cr\u00edticos de sua vida, \u00e9 acusada de estar envolvida diretamente na morte de seu marido. A narrativa se desenrola no isolamento frio dos Alpes, onde o clima tenso reflete a intriga em torno do caso. Durante o julgamento, segredos inquietantes sobre a vida conjugal s\u00e3o revelados, criando um ambiente repleto de d\u00favidas e revela\u00e7\u00f5es inesperadas.<\/p>\n\n\n\n<h2 class=\"wp-block-heading\">O elenco e suas interpreta\u00e7\u00f5es marcantes<\/h2>\n\n\n\n<p>A atua\u00e7\u00e3o de <strong>Sandra H\u00fcller<\/strong> como protagonista recebeu aclama\u00e7\u00e3o quase un\u00e2nime entre cr\u00edticos e p\u00fablico. No papel de uma mulher cuja vida \u00e9 colocada sob microsc\u00f3pio, H\u00fcller traz uma profundidade impressionante ao seu papel, conquistando reconhecimento em festivais de cinema ao redor do mundo. O elenco conta ainda com <strong>Swann Arlaud<\/strong> interpretando o advogado <strong>Vincent Renzi<\/strong>, <strong>Milo Machado-Grane<\/strong>r no papel do filho do casal, <strong>Daniel<\/strong>, e<strong> Samuel Theis<\/strong> como Samuel, um personagem chave na narrativa.<\/p>\n\n\n\n<figure class=\"wp-block-embed is-type-video is-provider-youtube wp-block-embed-youtube wp-embed-aspect-16-9 wp-has-aspect-ratio\"><div class=\"wp-block-embed__wrapper\">\n<div class=\"jeg_video_container jeg_video_content\"><iframe loading=\"lazy\" title=\"Anatomia de Uma Queda | Trailer Oficial | Prime Video\" width=\"500\" height=\"281\" src=\"https:\/\/www.youtube.com\/embed\/36nFZ7nNqug?feature=oembed\" frameborder=\"0\" allow=\"accelerometer; autoplay; clipboard-write; encrypted-media; gyroscope; picture-in-picture; web-share\" referrerpolicy=\"strict-origin-when-cross-origin\" allowfullscreen><\/iframe><\/div>\n<\/div><\/figure>\n\n\n\n<h2 class=\"wp-block-heading\">Por que <em>Anatomia de uma Queda<\/em> foi t\u00e3o bem recebido?<\/h2>\n\n\n\n<p>Recebendo a t\u00e3o cobi\u00e7ada <strong>Palma de Ouro<\/strong> no Festival de Cannes 2023, o filme foi condecorado por seu roteiro engenhoso e a dire\u00e7\u00e3o precisa de Triet. Al\u00e9m de um suspense bem constru\u00eddo, a obra discute temas de verdade e percep\u00e7\u00e3o, incentivando o p\u00fablico a questionar sua compreens\u00e3o dos fatos apesentados. A pel\u00edcula desafia o espectador a desvendar o mist\u00e9rio juntamente com Sandra.<\/p>\n\n\n\n<h2 class=\"wp-block-heading\">Onde se pode assistir a este suspense intrigante?<\/h2>\n\n\n\n<p>Aqueles interessados em mergulhar neste fascinante drama judicial podem encontrar <em>Anatomia de uma Queda<\/em> dispon\u00edvel em plataformas de streaming populares como <strong>MUBI<\/strong>, <strong>Apple TV<\/strong> e <strong><a href=\"https:\/\/www.primevideo.com\/-\/pt\/detail\/ANATOMIA-DE-UMA-QUEDA\/0IVRVINJJ5K58E3XH6GLUULD6N\" target=\"_blank\" rel=\"noreferrer noopener\">Prime Video<\/a><\/strong>, dependendo da disponibilidade em sua regi\u00e3o. O filme \u00e9 uma escolha ideal para os aficionados por narrativas que provocam pensamentos e discuss\u00f5es.<\/p>\n","protected":false},"excerpt":{"rendered":"<p>No mundo do cinema, poucos filmes conseguiram capturar a aten\u00e7\u00e3o cr\u00edtica t\u00e3o intensamente quanto Anatomia de uma Queda. Lan\u00e7ado em 2023, o drama dirigido por Justine Triet se destaca por sua abordagem madura e complexa de um caso judicial cercado de mist\u00e9rios. Com uma narrativa que mistura suspense e incerteza, o filme tem em sua [&hellip;]<\/p>\n","protected":false},"author":5,"featured_media":14985,"comment_status":"open","ping_status":"open","sticky":false,"template":"","format":"standard","meta":{"jnews-multi-image_gallery":[],"jnews_single_post":{"format":"standard"},"jnews_primary_category":[],"jnews_social_meta":[],"jnews_override_counter":[],"footnotes":""},"categories":[29,137,1],"tags":[1855,4439,1149,1379],"class_list":["post-14983","post","type-post","status-publish","format-standard","has-post-thumbnail","hentry","category-entretenimento","category-filmes","category-noticias","tag-amazon","tag-anatomia-de-uma-queda","tag-filme","tag-prime-video"],"yoast_head":"<!-- This site is optimized with the Yoast SEO plugin v23.8 - https:\/\/yoast.com\/wordpress\/plugins\/seo\/ -->\n<title>Filme premiado com Palma de Ouro e 87% de aprova\u00e7\u00e3o chega ao streaming - Estado de Minas - Em foco<\/title>\n<meta name=\"description\" content=\"Aclamado pela cr\u00edtica, &quot;Anatomia de uma Queda&quot; \u00e9 o filme de 2023 que mistura suspense e drama. Veja onde assistir no streaming.\" \/>\n<meta name=\"robots\" content=\"index, follow, max-snippet:-1, max-image-preview:large, max-video-preview:-1\" \/>\n<link rel=\"canonical\" href=\"https:\/\/www.em.com.br\/emfoco\/2025\/02\/12\/filme-premiado-com-palma-de-ouro-e-87-de-aprovacao-chega-ao-streaming\/\" \/>\n<meta property=\"og:locale\" content=\"pt_BR\" \/>\n<meta property=\"og:type\" content=\"article\" \/>\n<meta property=\"og:title\" content=\"Filme premiado com Palma de Ouro e 87% de aprova\u00e7\u00e3o chega ao streaming - Estado de Minas - Em foco\" \/>\n<meta property=\"og:description\" content=\"Aclamado pela cr\u00edtica, &quot;Anatomia de uma Queda&quot; \u00e9 o filme de 2023 que mistura suspense e drama. Veja onde assistir no streaming.\" \/>\n<meta property=\"og:url\" content=\"https:\/\/www.em.com.br\/emfoco\/2025\/02\/12\/filme-premiado-com-palma-de-ouro-e-87-de-aprovacao-chega-ao-streaming\/\" \/>\n<meta property=\"og:site_name\" content=\"Estado de Minas - Em foco\" \/>\n<meta property=\"article:published_time\" content=\"2025-02-12T18:20:00+00:00\" \/>\n<meta property=\"article:modified_time\" content=\"2025-01-30T18:41:19+00:00\" \/>\n<meta property=\"og:image\" content=\"https:\/\/www.em.com.br\/emfoco\/wp-content\/uploads\/2025\/01\/esse-7.jpg\" \/>\n\t<meta property=\"og:image:width\" content=\"1280\" \/>\n\t<meta property=\"og:image:height\" content=\"720\" \/>\n\t<meta property=\"og:image:type\" content=\"image\/jpeg\" \/>\n<meta name=\"author\" content=\"N\u00fabia Rangel\" \/>\n<meta name=\"twitter:card\" content=\"summary_large_image\" \/>\n<meta name=\"twitter:label1\" content=\"Escrito por\" \/>\n\t<meta name=\"twitter:data1\" content=\"N\u00fabia Rangel\" \/>\n\t<meta name=\"twitter:label2\" content=\"Est. tempo de leitura\" \/>\n\t<meta name=\"twitter:data2\" content=\"3 minutos\" \/>\n<!-- \/ Yoast SEO plugin. -->","yoast_head_json":{"title":"Filme premiado com Palma de Ouro e 87% de aprova\u00e7\u00e3o chega ao streaming - Estado de Minas - Em foco","description":"Aclamado pela cr\u00edtica, \"Anatomia de uma Queda\" \u00e9 o filme de 2023 que mistura suspense e drama. Veja onde assistir no streaming.","robots":{"index":"index","follow":"follow","max-snippet":"max-snippet:-1","max-image-preview":"max-image-preview:large","max-video-preview":"max-video-preview:-1"},"canonical":"https:\/\/www.em.com.br\/emfoco\/2025\/02\/12\/filme-premiado-com-palma-de-ouro-e-87-de-aprovacao-chega-ao-streaming\/","og_locale":"pt_BR","og_type":"article","og_title":"Filme premiado com Palma de Ouro e 87% de aprova\u00e7\u00e3o chega ao streaming - Estado de Minas - Em foco","og_description":"Aclamado pela cr\u00edtica, \"Anatomia de uma Queda\" \u00e9 o filme de 2023 que mistura suspense e drama. Veja onde assistir no streaming.","og_url":"https:\/\/www.em.com.br\/emfoco\/2025\/02\/12\/filme-premiado-com-palma-de-ouro-e-87-de-aprovacao-chega-ao-streaming\/","og_site_name":"Estado de Minas - Em foco","article_published_time":"2025-02-12T18:20:00+00:00","article_modified_time":"2025-01-30T18:41:19+00:00","og_image":[{"width":1280,"height":720,"url":"https:\/\/www.em.com.br\/emfoco\/wp-content\/uploads\/2025\/01\/esse-7.jpg","type":"image\/jpeg"}],"author":"N\u00fabia Rangel","twitter_card":"summary_large_image","twitter_misc":{"Escrito por":"N\u00fabia Rangel","Est. tempo de leitura":"3 minutos"},"schema":{"@context":"https:\/\/schema.org","@graph":[{"@type":"WebPage","@id":"https:\/\/www.em.com.br\/emfoco\/2025\/02\/12\/filme-premiado-com-palma-de-ouro-e-87-de-aprovacao-chega-ao-streaming\/","url":"https:\/\/www.em.com.br\/emfoco\/2025\/02\/12\/filme-premiado-com-palma-de-ouro-e-87-de-aprovacao-chega-ao-streaming\/","name":"Filme premiado com Palma de Ouro e 87% de aprova\u00e7\u00e3o chega ao streaming - Estado de Minas - Em foco","isPartOf":{"@id":"https:\/\/www.em.com.br\/emfoco\/#website"},"primaryImageOfPage":{"@id":"https:\/\/www.em.com.br\/emfoco\/2025\/02\/12\/filme-premiado-com-palma-de-ouro-e-87-de-aprovacao-chega-ao-streaming\/#primaryimage"},"image":{"@id":"https:\/\/www.em.com.br\/emfoco\/2025\/02\/12\/filme-premiado-com-palma-de-ouro-e-87-de-aprovacao-chega-ao-streaming\/#primaryimage"},"thumbnailUrl":"https:\/\/www.em.com.br\/emfoco\/wp-content\/uploads\/2025\/01\/esse-7.jpg","datePublished":"2025-02-12T18:20:00+00:00","dateModified":"2025-01-30T18:41:19+00:00","author":{"@id":"https:\/\/www.em.com.br\/emfoco\/#\/schema\/person\/524437ef54f8a5d32591b143307f2e20"},"description":"Aclamado pela cr\u00edtica, \"Anatomia de uma Queda\" \u00e9 o filme de 2023 que mistura suspense e drama. Veja onde assistir no streaming.","breadcrumb":{"@id":"https:\/\/www.em.com.br\/emfoco\/2025\/02\/12\/filme-premiado-com-palma-de-ouro-e-87-de-aprovacao-chega-ao-streaming\/#breadcrumb"},"inLanguage":"pt-BR","potentialAction":[{"@type":"ReadAction","target":["https:\/\/www.em.com.br\/emfoco\/2025\/02\/12\/filme-premiado-com-palma-de-ouro-e-87-de-aprovacao-chega-ao-streaming\/"]}]},{"@type":"ImageObject","inLanguage":"pt-BR","@id":"https:\/\/www.em.com.br\/emfoco\/2025\/02\/12\/filme-premiado-com-palma-de-ouro-e-87-de-aprovacao-chega-ao-streaming\/#primaryimage","url":"https:\/\/www.em.com.br\/emfoco\/wp-content\/uploads\/2025\/01\/esse-7.jpg","contentUrl":"https:\/\/www.em.com.br\/emfoco\/wp-content\/uploads\/2025\/01\/esse-7.jpg","width":1280,"height":720,"caption":"Anatomia de uma Queda - Imagem Divulga\u00e7\u00e3o Prime Video"},{"@type":"BreadcrumbList","@id":"https:\/\/www.em.com.br\/emfoco\/2025\/02\/12\/filme-premiado-com-palma-de-ouro-e-87-de-aprovacao-chega-ao-streaming\/#breadcrumb","itemListElement":[{"@type":"ListItem","position":1,"name":"In\u00edcio","item":"https:\/\/www.em.com.br\/emfoco\/"},{"@type":"ListItem","position":2,"name":"Filme premiado com Palma de Ouro e 87% de aprova\u00e7\u00e3o chega ao streaming"}]},{"@type":"WebSite","@id":"https:\/\/www.em.com.br\/emfoco\/#website","url":"https:\/\/www.em.com.br\/emfoco\/","name":"Estado de Minas - Em foco","description":"Acompanhe as \u00faltimas not\u00edcias e fique bem informado sobre tudo o que acontece em Minas Gerais, Brasil e no mundo.","potentialAction":[{"@type":"SearchAction","target":{"@type":"EntryPoint","urlTemplate":"https:\/\/www.em.com.br\/emfoco\/?s={search_term_string}"},"query-input":{"@type":"PropertyValueSpecification","valueRequired":true,"valueName":"search_term_string"}}],"inLanguage":"pt-BR"},{"@type":"Person","@id":"https:\/\/www.em.com.br\/emfoco\/#\/schema\/person\/524437ef54f8a5d32591b143307f2e20","name":"N\u00fabia Rangel","image":{"@type":"ImageObject","inLanguage":"pt-BR","@id":"https:\/\/www.em.com.br\/emfoco\/#\/schema\/person\/image\/","url":"https:\/\/secure.gravatar.com\/avatar\/47cff2827a5ba23c37e8068c86817ea4?s=96&d=mm&r=g","contentUrl":"https:\/\/secure.gravatar.com\/avatar\/47cff2827a5ba23c37e8068c86817ea4?s=96&d=mm&r=g","caption":"N\u00fabia Rangel"},"sameAs":["https:\/\/www.em.com.br\/emfoco\/"],"url":"https:\/\/www.em.com.br\/emfoco\/author\/nubiamyth\/"}]}},"_links":{"self":[{"href":"https:\/\/www.em.com.br\/emfoco\/wp-json\/wp\/v2\/posts\/14983","targetHints":{"allow":["GET"]}}],"collection":[{"href":"https:\/\/www.em.com.br\/emfoco\/wp-json\/wp\/v2\/posts"}],"about":[{"href":"https:\/\/www.em.com.br\/emfoco\/wp-json\/wp\/v2\/types\/post"}],"author":[{"embeddable":true,"href":"https:\/\/www.em.com.br\/emfoco\/wp-json\/wp\/v2\/users\/5"}],"replies":[{"embeddable":true,"href":"https:\/\/www.em.com.br\/emfoco\/wp-json\/wp\/v2\/comments?post=14983"}],"version-history":[{"count":2,"href":"https:\/\/www.em.com.br\/emfoco\/wp-json\/wp\/v2\/posts\/14983\/revisions"}],"predecessor-version":[{"id":14986,"href":"https:\/\/www.em.com.br\/emfoco\/wp-json\/wp\/v2\/posts\/14983\/revisions\/14986"}],"wp:featuredmedia":[{"embeddable":true,"href":"https:\/\/www.em.com.br\/emfoco\/wp-json\/wp\/v2\/media\/14985"}],"wp:attachment":[{"href":"https:\/\/www.em.com.br\/emfoco\/wp-json\/wp\/v2\/media?parent=14983"}],"wp:term":[{"taxonomy":"category","embeddable":true,"href":"https:\/\/www.em.com.br\/emfoco\/wp-json\/wp\/v2\/categories?post=14983"},{"taxonomy":"post_tag","embeddable":true,"href":"https:\/\/www.em.com.br\/emfoco\/wp-json\/wp\/v2\/tags?post=14983"}],"curies":[{"name":"wp","href":"https:\/\/api.w.org\/{rel}","templated":true}]}}