{"id":14979,"date":"2025-02-11T15:20:00","date_gmt":"2025-02-11T18:20:00","guid":{"rendered":"https:\/\/www.em.com.br\/emfoco\/?p=14979"},"modified":"2025-02-10T16:03:05","modified_gmt":"2025-02-10T19:03:05","slug":"misterio-e-horror-em-1918-o-filme-que-mergulha-nas-profundezas-da-psique-humana-ja-pode-ser-visto-online","status":"publish","type":"post","link":"https:\/\/www.em.com.br\/emfoco\/2025\/02\/11\/misterio-e-horror-em-1918-o-filme-que-mergulha-nas-profundezas-da-psique-humana-ja-pode-ser-visto-online\/","title":{"rendered":"Mist\u00e9rio e horror em 1918! O filme que mergulha nas profundezas da psique humana j\u00e1 pode ser visto online"},"content":{"rendered":"\n<p>O filme &#8220;<strong>Pearl<\/strong>&#8220;, lan\u00e7ado em 2022 e dirigido por <strong>Ti West<\/strong>, capturou a aten\u00e7\u00e3o dos apaixonados por terror psicol\u00f3gico. Estrelado por <strong>Mia Goth<\/strong>, este longa serve como um prel\u00fadio para &#8220;<strong>X<\/strong>&#8221; (2022), mostrando as origens da complexa e sombria personagem hom\u00f4nima. A hist\u00f3ria se passa na d\u00e9cada de 1910 e revela a busca de Pearl por reconhecimento e liberdade, enquanto enfrenta suas pr\u00f3prias tend\u00eancias perturbadoras.<\/p>\n\n\n\n<p>Ambientado em 1918, o <strong><a href=\"https:\/\/www.em.com.br\/emfoco\/2025\/01\/22\/eternos-um-filme-que-te-fara-questionar-a-existencia\/\" target=\"_blank\" rel=\"noreferrer noopener\">filme<\/a><\/strong> oferece uma vis\u00e3o detalhada do in\u00edcio da jornada de Pearl, uma jovem determinada a deixar a vida no campo para tr\u00e1s em busca de fama. Desafios familiares, incluindo uma m\u00e3e autorit\u00e1ria e um pai doente, intensificam seu desejo de fuga e alimentam sua transi\u00e7\u00e3o para um comportamento cada vez mais violento. Este cen\u00e1rio de repress\u00e3o e ambi\u00e7\u00e3o desenfreada lan\u00e7a Pearl em uma trajet\u00f3ria perigosa, fundamentando sua transforma\u00e7\u00e3o em uma figura fascinante e aterrorizante.<\/p>\n\n\n\n<h2 class=\"wp-block-heading\">Qual \u00e9 a hist\u00f3ria do filme Pearl?<\/h2>\n\n\n\n<p>&#8220;Pearl&#8221; \u00e9 ambientado em uma \u00e9poca crucial, quando a Primeira Guerra Mundial e a pandemia de gripe espanhola marcam o mundo. Nesta narrativa, a jovem Pearl lida com um ambiente familiar opressor, enquanto nutre a vontade de se tornar uma estrela de cinema. Com sua m\u00e3e rigorosa e o tratamento de seu pai debilitado, ela se v\u00ea presa em uma fazenda, o que a leva a explorar seu lado mais sombrio. A hist\u00f3ria de Pearl \u00e9 contada atrav\u00e9s de sua evolu\u00e7\u00e3o de uma jovem sonhadora para uma figura complexa e perigosamente ambiciosa.<\/p>\n\n\n\n<figure class=\"wp-block-embed is-type-video is-provider-youtube wp-block-embed-youtube wp-embed-aspect-16-9 wp-has-aspect-ratio\"><div class=\"wp-block-embed__wrapper\">\n<div class=\"jeg_video_container jeg_video_content\"><iframe loading=\"lazy\" title=\"Pearl | Trailer Oficial | Prime Video\" width=\"500\" height=\"281\" src=\"https:\/\/www.youtube.com\/embed\/KhhWK6VohSA?feature=oembed\" frameborder=\"0\" allow=\"accelerometer; autoplay; clipboard-write; encrypted-media; gyroscope; picture-in-picture; web-share\" referrerpolicy=\"strict-origin-when-cross-origin\" allowfullscreen><\/iframe><\/div>\n<\/div><\/figure>\n\n\n\n<h2 class=\"wp-block-heading\">Personagens Principais em Destaque<\/h2>\n\n\n\n<ul class=\"wp-block-list\">\n<li><strong>Mia Goth<\/strong> interpreta Pearl, trazendo vida \u00e0 personagem com uma performance intensa que destaca tanto vulnerabilidade quanto ferocidade.<\/li>\n\n\n\n<li><strong>David Corenswet<\/strong> aparece como o Projecionista, um dos poucos la\u00e7os de Pearl com o mundo dos sonhos cinematogr\u00e1ficos.<\/li>\n\n\n\n<li><strong>Tandi Wright<\/strong> \u00e9 Ruth, a m\u00e3e severa de Pearl, cujo controle ajuda a moldar o destino da filha.<\/li>\n\n\n\n<li><strong>Matthew Sunderland<\/strong> interpreta o pai debilitado de Pearl, cuja condi\u00e7\u00e3o de sa\u00fade agrava ainda mais a tens\u00e3o familiar.<\/li>\n\n\n\n<li><strong>Emma Jenkins-Purro<\/strong> \u00e9 Mitsy, a amiga de Pearl, que reflete a vida que a protagonista deseja escapar.<\/li>\n<\/ul>\n\n\n\n<h2 class=\"wp-block-heading\">Por que Pearl se Destacou no Terror Psicol\u00f3gico?<\/h2>\n\n\n\n<p>&#8220;Pearl&#8221; recebeu aclama\u00e7\u00e3o significativa, principalmente devido \u00e0 performance de Mia Goth. Sua capacidade de transitar entre a inoc\u00eancia e o terror capturou a cr\u00edtica e o p\u00fablico. O filme \u00e9 not\u00e1vel por suas cores vibrantes, evocando os cl\u00e1ssicos technicolor de Hollywood, contrastando de maneira eficaz com a escurid\u00e3o crescente da narrativa de Pearl. A entrega do mon\u00f3logo final por Goth \u00e9 particularmente memor\u00e1vel, sendo uma das cenas mais comentadas do filme.<\/p>\n\n\n\n<h2 class=\"wp-block-heading\">Onde Pearl est\u00e1 Dispon\u00edvel para Assistir?<\/h2>\n\n\n\n<p>&#8220;Pearl&#8221; pode ser encontrado em diversas plataformas de streaming, como <strong><a href=\"https:\/\/www.primevideo.com\/-\/pt\/detail\/Pearl\/0PIOA95CSQDEPIRFTGZPQ6X9QH\" target=\"_blank\" rel=\"noreferrer noopener\">Prime Video<\/a><\/strong>, <strong>Apple TV<\/strong> e <strong>HBO Max<\/strong>. A disponibilidade pode variar, portanto, \u00e9 aconselh\u00e1vel verificar nas suas plataformas preferidas para confirmar onde assistir a este cativante filme de terror psicol\u00f3gico.<\/p>\n","protected":false},"excerpt":{"rendered":"<p>O filme &#8220;Pearl&#8220;, lan\u00e7ado em 2022 e dirigido por Ti West, capturou a aten\u00e7\u00e3o dos apaixonados por terror psicol\u00f3gico. Estrelado por Mia Goth, este longa serve como um prel\u00fadio para &#8220;X&#8221; (2022), mostrando as origens da complexa e sombria personagem hom\u00f4nima. A hist\u00f3ria se passa na d\u00e9cada de 1910 e revela a busca de Pearl [&hellip;]<\/p>\n","protected":false},"author":5,"featured_media":14981,"comment_status":"open","ping_status":"open","sticky":false,"template":"","format":"standard","meta":{"jnews-multi-image_gallery":[],"jnews_single_post":{"format":"standard"},"jnews_primary_category":[],"jnews_social_meta":[],"jnews_override_counter":[],"footnotes":""},"categories":[29,137,1],"tags":[4437,1251,2159,4438],"class_list":["post-14979","post","type-post","status-publish","format-standard","has-post-thumbnail","hentry","category-entretenimento","category-filmes","category-noticias","tag-pearl","tag-terror","tag-trilogia","tag-x"],"yoast_head":"<!-- This site is optimized with the Yoast SEO plugin v23.8 - https:\/\/yoast.com\/wordpress\/plugins\/seo\/ -->\n<title>Mist\u00e9rio e horror em 1918! O filme que mergulha nas profundezas da psique humana j\u00e1 pode ser visto online - Estado de Minas - Em foco<\/title>\n<meta name=\"description\" content=\"O filme de 2022 que trouxe Mia Goth ao centro das aten\u00e7\u00f5es no terror psicol\u00f3gico est\u00e1 agora dispon\u00edvel em v\u00e1rias plataformas de streaming.\" \/>\n<meta name=\"robots\" content=\"index, follow, max-snippet:-1, max-image-preview:large, max-video-preview:-1\" \/>\n<link rel=\"canonical\" href=\"https:\/\/www.em.com.br\/emfoco\/2025\/02\/11\/misterio-e-horror-em-1918-o-filme-que-mergulha-nas-profundezas-da-psique-humana-ja-pode-ser-visto-online\/\" \/>\n<meta property=\"og:locale\" content=\"pt_BR\" \/>\n<meta property=\"og:type\" content=\"article\" \/>\n<meta property=\"og:title\" content=\"Mist\u00e9rio e horror em 1918! O filme que mergulha nas profundezas da psique humana j\u00e1 pode ser visto online - Estado de Minas - Em foco\" \/>\n<meta property=\"og:description\" content=\"O filme de 2022 que trouxe Mia Goth ao centro das aten\u00e7\u00f5es no terror psicol\u00f3gico est\u00e1 agora dispon\u00edvel em v\u00e1rias plataformas de streaming.\" \/>\n<meta property=\"og:url\" content=\"https:\/\/www.em.com.br\/emfoco\/2025\/02\/11\/misterio-e-horror-em-1918-o-filme-que-mergulha-nas-profundezas-da-psique-humana-ja-pode-ser-visto-online\/\" \/>\n<meta property=\"og:site_name\" content=\"Estado de Minas - Em foco\" \/>\n<meta property=\"article:published_time\" content=\"2025-02-11T18:20:00+00:00\" \/>\n<meta property=\"article:modified_time\" content=\"2025-02-10T19:03:05+00:00\" \/>\n<meta property=\"og:image\" content=\"https:\/\/www.em.com.br\/emfoco\/wp-content\/uploads\/2025\/01\/esse-1.png\" \/>\n\t<meta property=\"og:image:width\" content=\"1280\" \/>\n\t<meta property=\"og:image:height\" content=\"720\" \/>\n\t<meta property=\"og:image:type\" content=\"image\/png\" \/>\n<meta name=\"author\" content=\"N\u00fabia Rangel\" \/>\n<meta name=\"twitter:card\" content=\"summary_large_image\" \/>\n<meta name=\"twitter:label1\" content=\"Escrito por\" \/>\n\t<meta name=\"twitter:data1\" content=\"N\u00fabia Rangel\" \/>\n\t<meta name=\"twitter:label2\" content=\"Est. tempo de leitura\" \/>\n\t<meta name=\"twitter:data2\" content=\"3 minutos\" \/>\n<!-- \/ Yoast SEO plugin. -->","yoast_head_json":{"title":"Mist\u00e9rio e horror em 1918! O filme que mergulha nas profundezas da psique humana j\u00e1 pode ser visto online - Estado de Minas - Em foco","description":"O filme de 2022 que trouxe Mia Goth ao centro das aten\u00e7\u00f5es no terror psicol\u00f3gico est\u00e1 agora dispon\u00edvel em v\u00e1rias plataformas de streaming.","robots":{"index":"index","follow":"follow","max-snippet":"max-snippet:-1","max-image-preview":"max-image-preview:large","max-video-preview":"max-video-preview:-1"},"canonical":"https:\/\/www.em.com.br\/emfoco\/2025\/02\/11\/misterio-e-horror-em-1918-o-filme-que-mergulha-nas-profundezas-da-psique-humana-ja-pode-ser-visto-online\/","og_locale":"pt_BR","og_type":"article","og_title":"Mist\u00e9rio e horror em 1918! O filme que mergulha nas profundezas da psique humana j\u00e1 pode ser visto online - Estado de Minas - Em foco","og_description":"O filme de 2022 que trouxe Mia Goth ao centro das aten\u00e7\u00f5es no terror psicol\u00f3gico est\u00e1 agora dispon\u00edvel em v\u00e1rias plataformas de streaming.","og_url":"https:\/\/www.em.com.br\/emfoco\/2025\/02\/11\/misterio-e-horror-em-1918-o-filme-que-mergulha-nas-profundezas-da-psique-humana-ja-pode-ser-visto-online\/","og_site_name":"Estado de Minas - Em foco","article_published_time":"2025-02-11T18:20:00+00:00","article_modified_time":"2025-02-10T19:03:05+00:00","og_image":[{"width":1280,"height":720,"url":"https:\/\/www.em.com.br\/emfoco\/wp-content\/uploads\/2025\/01\/esse-1.png","type":"image\/png"}],"author":"N\u00fabia Rangel","twitter_card":"summary_large_image","twitter_misc":{"Escrito por":"N\u00fabia Rangel","Est. tempo de leitura":"3 minutos"},"schema":{"@context":"https:\/\/schema.org","@graph":[{"@type":"WebPage","@id":"https:\/\/www.em.com.br\/emfoco\/2025\/02\/11\/misterio-e-horror-em-1918-o-filme-que-mergulha-nas-profundezas-da-psique-humana-ja-pode-ser-visto-online\/","url":"https:\/\/www.em.com.br\/emfoco\/2025\/02\/11\/misterio-e-horror-em-1918-o-filme-que-mergulha-nas-profundezas-da-psique-humana-ja-pode-ser-visto-online\/","name":"Mist\u00e9rio e horror em 1918! O filme que mergulha nas profundezas da psique humana j\u00e1 pode ser visto online - Estado de Minas - Em foco","isPartOf":{"@id":"https:\/\/www.em.com.br\/emfoco\/#website"},"primaryImageOfPage":{"@id":"https:\/\/www.em.com.br\/emfoco\/2025\/02\/11\/misterio-e-horror-em-1918-o-filme-que-mergulha-nas-profundezas-da-psique-humana-ja-pode-ser-visto-online\/#primaryimage"},"image":{"@id":"https:\/\/www.em.com.br\/emfoco\/2025\/02\/11\/misterio-e-horror-em-1918-o-filme-que-mergulha-nas-profundezas-da-psique-humana-ja-pode-ser-visto-online\/#primaryimage"},"thumbnailUrl":"https:\/\/www.em.com.br\/emfoco\/wp-content\/uploads\/2025\/01\/esse-1.png","datePublished":"2025-02-11T18:20:00+00:00","dateModified":"2025-02-10T19:03:05+00:00","author":{"@id":"https:\/\/www.em.com.br\/emfoco\/#\/schema\/person\/524437ef54f8a5d32591b143307f2e20"},"description":"O filme de 2022 que trouxe Mia Goth ao centro das aten\u00e7\u00f5es no terror psicol\u00f3gico est\u00e1 agora dispon\u00edvel em v\u00e1rias plataformas de streaming.","breadcrumb":{"@id":"https:\/\/www.em.com.br\/emfoco\/2025\/02\/11\/misterio-e-horror-em-1918-o-filme-que-mergulha-nas-profundezas-da-psique-humana-ja-pode-ser-visto-online\/#breadcrumb"},"inLanguage":"pt-BR","potentialAction":[{"@type":"ReadAction","target":["https:\/\/www.em.com.br\/emfoco\/2025\/02\/11\/misterio-e-horror-em-1918-o-filme-que-mergulha-nas-profundezas-da-psique-humana-ja-pode-ser-visto-online\/"]}]},{"@type":"ImageObject","inLanguage":"pt-BR","@id":"https:\/\/www.em.com.br\/emfoco\/2025\/02\/11\/misterio-e-horror-em-1918-o-filme-que-mergulha-nas-profundezas-da-psique-humana-ja-pode-ser-visto-online\/#primaryimage","url":"https:\/\/www.em.com.br\/emfoco\/wp-content\/uploads\/2025\/01\/esse-1.png","contentUrl":"https:\/\/www.em.com.br\/emfoco\/wp-content\/uploads\/2025\/01\/esse-1.png","width":1280,"height":720,"caption":"Pearl - Imagem Divulga\u00e7\u00e3o Prime Video"},{"@type":"BreadcrumbList","@id":"https:\/\/www.em.com.br\/emfoco\/2025\/02\/11\/misterio-e-horror-em-1918-o-filme-que-mergulha-nas-profundezas-da-psique-humana-ja-pode-ser-visto-online\/#breadcrumb","itemListElement":[{"@type":"ListItem","position":1,"name":"In\u00edcio","item":"https:\/\/www.em.com.br\/emfoco\/"},{"@type":"ListItem","position":2,"name":"Mist\u00e9rio e horror em 1918! O filme que mergulha nas profundezas da psique humana j\u00e1 pode ser visto online"}]},{"@type":"WebSite","@id":"https:\/\/www.em.com.br\/emfoco\/#website","url":"https:\/\/www.em.com.br\/emfoco\/","name":"Estado de Minas - Em foco","description":"Acompanhe as \u00faltimas not\u00edcias e fique bem informado sobre tudo o que acontece em Minas Gerais, Brasil e no mundo.","potentialAction":[{"@type":"SearchAction","target":{"@type":"EntryPoint","urlTemplate":"https:\/\/www.em.com.br\/emfoco\/?s={search_term_string}"},"query-input":{"@type":"PropertyValueSpecification","valueRequired":true,"valueName":"search_term_string"}}],"inLanguage":"pt-BR"},{"@type":"Person","@id":"https:\/\/www.em.com.br\/emfoco\/#\/schema\/person\/524437ef54f8a5d32591b143307f2e20","name":"N\u00fabia Rangel","image":{"@type":"ImageObject","inLanguage":"pt-BR","@id":"https:\/\/www.em.com.br\/emfoco\/#\/schema\/person\/image\/","url":"https:\/\/secure.gravatar.com\/avatar\/47cff2827a5ba23c37e8068c86817ea4?s=96&d=mm&r=g","contentUrl":"https:\/\/secure.gravatar.com\/avatar\/47cff2827a5ba23c37e8068c86817ea4?s=96&d=mm&r=g","caption":"N\u00fabia Rangel"},"sameAs":["https:\/\/www.em.com.br\/emfoco\/"],"url":"https:\/\/www.em.com.br\/emfoco\/author\/nubiamyth\/"}]}},"_links":{"self":[{"href":"https:\/\/www.em.com.br\/emfoco\/wp-json\/wp\/v2\/posts\/14979","targetHints":{"allow":["GET"]}}],"collection":[{"href":"https:\/\/www.em.com.br\/emfoco\/wp-json\/wp\/v2\/posts"}],"about":[{"href":"https:\/\/www.em.com.br\/emfoco\/wp-json\/wp\/v2\/types\/post"}],"author":[{"embeddable":true,"href":"https:\/\/www.em.com.br\/emfoco\/wp-json\/wp\/v2\/users\/5"}],"replies":[{"embeddable":true,"href":"https:\/\/www.em.com.br\/emfoco\/wp-json\/wp\/v2\/comments?post=14979"}],"version-history":[{"count":2,"href":"https:\/\/www.em.com.br\/emfoco\/wp-json\/wp\/v2\/posts\/14979\/revisions"}],"predecessor-version":[{"id":14982,"href":"https:\/\/www.em.com.br\/emfoco\/wp-json\/wp\/v2\/posts\/14979\/revisions\/14982"}],"wp:featuredmedia":[{"embeddable":true,"href":"https:\/\/www.em.com.br\/emfoco\/wp-json\/wp\/v2\/media\/14981"}],"wp:attachment":[{"href":"https:\/\/www.em.com.br\/emfoco\/wp-json\/wp\/v2\/media?parent=14979"}],"wp:term":[{"taxonomy":"category","embeddable":true,"href":"https:\/\/www.em.com.br\/emfoco\/wp-json\/wp\/v2\/categories?post=14979"},{"taxonomy":"post_tag","embeddable":true,"href":"https:\/\/www.em.com.br\/emfoco\/wp-json\/wp\/v2\/tags?post=14979"}],"curies":[{"name":"wp","href":"https:\/\/api.w.org\/{rel}","templated":true}]}}