{"id":149786,"date":"2026-01-03T16:25:00","date_gmt":"2026-01-03T19:25:00","guid":{"rendered":"https:\/\/www.em.com.br\/emfoco\/?p=149786"},"modified":"2026-01-02T16:11:40","modified_gmt":"2026-01-02T19:11:40","slug":"basta-misturar-oleo-de-peroba-com-cola-e-nao-precisa-mais-gastar-com-marceneiro","status":"publish","type":"post","link":"https:\/\/www.em.com.br\/emfoco\/2026\/01\/03\/basta-misturar-oleo-de-peroba-com-cola-e-nao-precisa-mais-gastar-com-marceneiro\/","title":{"rendered":"Basta misturar \u00f3leo de peroba com cola e n\u00e3o precisa mais gastar com marceneiro"},"content":{"rendered":"\n<p>Em muitos lares, m\u00f3veis de madeira acabam perdendo o brilho com o tempo, seja pelo uso constante, seja pela exposi\u00e7\u00e3o \u00e0 umidade e \u00e0 poeira. Diante disso, marceneiros e pessoas que lidam com manuten\u00e7\u00e3o dom\u00e9stica costumam recorrer a um lustra-m\u00f3veis caseiro para recuperar o aspecto original das pe\u00e7as, revitalizar a superf\u00edcie e criar uma camada de prote\u00e7\u00e3o simples, sem a necessidade de equipamentos profissionais.<\/p>\n\n\n\n<h2 class=\"wp-block-heading\">O que \u00e9 o lustra-m\u00f3veis caseiro para madeira<\/h2>\n\n\n\n<p>Para aqueles que aprendem vendo n\u00f3s separamos um conte\u00fado completo de como utilizar esse lustra m\u00f3veis em casa segundo o <strong>@<a href=\"https:\/\/www.youtube.com\/@Cantinhodecasa\" target=\"_blank\" rel=\"noreferrer noopener\">Cantinho de casa<\/a> no Youtube<\/strong>.<\/p>\n\n\n\n<iframe loading=\"lazy\" width=\"873\" height=\"491\" src=\"https:\/\/www.youtube.com\/embed\/yUBBWgHDZJ4\" title=\"Basta misturar \u00d3LEO DE PEROBA com COLA e n\u00e3o precisa mais gastar dinheiro com MARCENEIRO\" frameborder=\"0\" allow=\"accelerometer; autoplay; clipboard-write; encrypted-media; gyroscope; picture-in-picture; web-share\" referrerpolicy=\"strict-origin-when-cross-origin\" allowfullscreen><\/iframe>\n\n\n\n<p>O lustra-m\u00f3veis caseiro para madeira \u00e9 uma mistura simples, preparada com ingredientes de uso cotidiano, criada para limpar, hidratar e proteger a superf\u00edcie de forma simult\u00e2nea. Diferentemente de produtos industriais mais complexos, essa solu\u00e7\u00e3o artesanal costuma combinar \u00f3leo, cola e \u00e1lcool, formando um acabamento de f\u00e1cil aplica\u00e7\u00e3o e custo reduzido.<\/p>\n\n\n\n<p>Esse tipo de receita \u00e9 utilizado principalmente em m\u00f3veis desgastados, com apar\u00eancia opaca ou manchada, pois cria um filme fino que real\u00e7a os veios naturais da madeira. Em algumas vers\u00f5es, tamb\u00e9m se acrescenta um componente que intensifica a cor, suaviza manchas leves e torna o acabamento mais uniforme, sem substituir um verniz profissional.<\/p>\n\n\n\n<h2 class=\"wp-block-heading\">Como fazer um produto caseiro para renovar a madeira<\/h2>\n\n\n\n<p>Para preparar um produto caseiro para renovar madeira, a base costuma ser formada por tr\u00eas elementos principais: \u00f3leo de uso dom\u00e9stico espec\u00edfico para madeira, cola branca PVA e \u00e1lcool comum. Em geral, utiliza-se um recipiente com tampa, limpo e seco, que permita agitar bem a mistura antes de cada aplica\u00e7\u00e3o.<\/p>\n\n\n\n<p>A propor\u00e7\u00e3o mais usada \u00e9 a seguinte, mas pode haver pequenas varia\u00e7\u00f5es conforme o tipo de madeira e o efeito desejado:<\/p>\n\n\n\n<ul class=\"wp-block-list\">\n<li>2 colheres de \u00f3leo pr\u00f3prio para madeira;<\/li>\n\n\n\n<li>2 colheres de cola PVA Extra (cola branca de boa resist\u00eancia);<\/li>\n\n\n\n<li>3 tampinhas de \u00e1lcool dom\u00e9stico.<\/li>\n<\/ul>\n\n\n\n<p>Leia mais: <a href=\"https:\/\/www.em.com.br\/emfoco\/2026\/01\/02\/receita-de-pao-sem-gluten-fica-pronta-em-menos-de-59-minutos-e-e-perfeita-para-cafe-da-manha\/\" target=\"_blank\" rel=\"noreferrer noopener\">Receita de\u00a0p\u00e3o sem gl\u00faten, fica pronta em menos de 59 minutos e \u00e9 perfeita para caf\u00e9 da manh\u00e3\u00a0<\/a><\/p>\n\n\n\n<h2 class=\"wp-block-heading\">Para que serve cada ingrediente do lustra-m\u00f3veis caseiro<\/h2>\n\n\n\n<p>Cada componente do lustra-m\u00f3veis caseiro para madeira cumpre uma fun\u00e7\u00e3o espec\u00edfica no resultado final e na durabilidade do acabamento. O \u00f3leo \u00e9 respons\u00e1vel pela hidrata\u00e7\u00e3o e pela prote\u00e7\u00e3o direta da superf\u00edcie, criando uma barreira contra o ressecamento e ajudando a repelir umidade em certo grau.<\/p>\n\n\n\n<p>J\u00e1 a cola PVA forma uma pel\u00edcula discreta sobre o m\u00f3vel, aumentando a ader\u00eancia do \u00f3leo e ampliando a durabilidade do brilho moderado. O \u00e1lcool atua como agente de mistura, facilita a aplica\u00e7\u00e3o uniforme e acelera a secagem; quando presente, o caf\u00e9 sol\u00favel funciona como corante suave, indicado para escurecer levemente a pe\u00e7a e disfar\u00e7ar pequenas imperfei\u00e7\u00f5es visuais.<\/p>\n\n\n\n<h2 class=\"wp-block-heading\">Como aplicar o produto caseiro para madeira com seguran\u00e7a<\/h2>\n\n\n<div class=\"wp-block-image\">\n<figure class=\"aligncenter size-large\"><img loading=\"lazy\" decoding=\"async\" width=\"1024\" height=\"576\" src=\"https:\/\/www.em.com.br\/emfoco\/wp-content\/uploads\/2025\/12\/imagem_2025-12-01_022924478-e1766860047436-1024x576.png\" alt=\"A melhor maneira de limpar MDF sem danificar seu m\u00f3vel\" class=\"wp-image-147090\" srcset=\"https:\/\/www.em.com.br\/emfoco\/wp-content\/uploads\/2025\/12\/imagem_2025-12-01_022924478-e1766860047436-1024x576.png 1024w, https:\/\/www.em.com.br\/emfoco\/wp-content\/uploads\/2025\/12\/imagem_2025-12-01_022924478-e1766860047436-300x169.png 300w, https:\/\/www.em.com.br\/emfoco\/wp-content\/uploads\/2025\/12\/imagem_2025-12-01_022924478-e1766860047436-768x432.png 768w, https:\/\/www.em.com.br\/emfoco\/wp-content\/uploads\/2025\/12\/imagem_2025-12-01_022924478-e1766860047436-750x422.png 750w, https:\/\/www.em.com.br\/emfoco\/wp-content\/uploads\/2025\/12\/imagem_2025-12-01_022924478-e1766860047436-1140x641.png 1140w, https:\/\/www.em.com.br\/emfoco\/wp-content\/uploads\/2025\/12\/imagem_2025-12-01_022924478-e1766860047436.png 1280w\" sizes=\"auto, (max-width: 1024px) 100vw, 1024px\" \/><figcaption class=\"wp-element-caption\">Lustra-m\u00f3veis caseiro para renovar madeira<\/figcaption><\/figure><\/div>\n\n\n<p>A aplica\u00e7\u00e3o do produto caseiro para madeira \u00e9 simples, mas alguns cuidados ajudam a obter um resultado uniforme e seguro. Antes de come\u00e7ar, recomenda-se que a superf\u00edcie esteja limpa, seca e livre de res\u00edduos de outros produtos, especialmente ceras antigas ou gordura acumulada.<\/p>\n\n\n\n<ol class=\"wp-block-list\">\n<li>Agitar bem o recipiente com a mistura.<\/li>\n\n\n\n<li>Aplicar uma pequena quantidade em um pano macio, limpo e seco.<\/li>\n\n\n\n<li>Espalhar o produto em movimentos cont\u00ednuos, acompanhando os veios da madeira.<\/li>\n\n\n\n<li>Aguardar alguns minutos para o \u00e1lcool evaporar e a pel\u00edcula se formar.<\/li>\n\n\n\n<li>Se desejar maior brilho, passar outro pano seco para polimento leve.<\/li>\n<\/ol>\n\n\n\n<p>Leia mais: <a href=\"https:\/\/www.em.com.br\/emfoco\/2026\/01\/02\/morria-e-nao-sabia-esse-truque-ajuda-a-enraizar-qualquer-galho\/\" target=\"_blank\" rel=\"noreferrer noopener\">Morria e n\u00e3o sabia! Esse truque ajuda a enraizar qualquer galho<\/a><\/p>\n\n\n\n<h2 class=\"wp-block-heading\">Quais s\u00e3o os principais benef\u00edcios do lustra-m\u00f3veis caseiro<\/h2>\n\n\n\n<p>O uso desse lustra-m\u00f3veis artesanal traz benef\u00edcios pr\u00e1ticos para quem deseja manter a madeira em bom estado, sem investir em produtos caros. Entre os mais citados est\u00e3o a facilidade de preparo, o baixo custo dos ingredientes e o resultado visual percept\u00edvel mesmo ap\u00f3s uma \u00fanica aplica\u00e7\u00e3o regular e cuidadosa.<\/p>\n\n\n\n<p>A mistura ajuda a real\u00e7ar o desenho natural dos veios, devolvendo brilho e apar\u00eancia renovada a mesas, cadeiras, arm\u00e1rios, portas e rodap\u00e9s em ambientes internos. Tamb\u00e9m pode ser armazenada por algumas semanas em pote bem fechado, permitindo reaplica\u00e7\u00f5es peri\u00f3dicas e contribuindo para prolongar a vida \u00fatil dos m\u00f3veis antes de uma reforma ou troca completa.<\/p>\n","protected":false},"excerpt":{"rendered":"<p>Em muitos lares, m\u00f3veis de madeira acabam perdendo o brilho com o tempo, seja pelo uso constante, seja pela exposi\u00e7\u00e3o \u00e0 umidade e \u00e0 poeira. Diante disso, marceneiros e pessoas que lidam com manuten\u00e7\u00e3o dom\u00e9stica costumam recorrer a um lustra-m\u00f3veis caseiro para recuperar o aspecto original das pe\u00e7as, revitalizar a superf\u00edcie e criar uma camada [&hellip;]<\/p>\n","protected":false},"author":20,"featured_media":146434,"comment_status":"open","ping_status":"open","sticky":false,"template":"","format":"standard","meta":{"jnews-multi-image_gallery":[],"jnews_single_post":{"format":"standard"},"jnews_primary_category":[],"jnews_social_meta":[],"jnews_override_counter":[],"footnotes":""},"categories":[8819,1],"tags":[21880,17223,4786],"class_list":["post-149786","post","type-post","status-publish","format-standard","has-post-thumbnail","hentry","category-curiosidades","category-noticias","tag-lustra-moveis","tag-madeira","tag-receita-caseira"],"yoast_head":"<!-- This site is optimized with the Yoast SEO plugin v23.8 - https:\/\/yoast.com\/wordpress\/plugins\/seo\/ -->\n<title>Basta misturar \u00f3leo de peroba com cola e n\u00e3o precisa mais gastar com marceneiro - Estado de Minas - Em foco<\/title>\n<meta name=\"description\" content=\"Lustra-m\u00f3veis caseiro devolve brilho \u00e0 madeira com receita simples, barata e f\u00e1cil de aplicar, ideal para renovar m\u00f3veis sem produtos industriais.\" \/>\n<meta name=\"robots\" content=\"index, follow, max-snippet:-1, max-image-preview:large, max-video-preview:-1\" \/>\n<link rel=\"canonical\" href=\"https:\/\/www.em.com.br\/emfoco\/2026\/01\/03\/basta-misturar-oleo-de-peroba-com-cola-e-nao-precisa-mais-gastar-com-marceneiro\/\" \/>\n<meta property=\"og:locale\" content=\"pt_BR\" \/>\n<meta property=\"og:type\" content=\"article\" \/>\n<meta property=\"og:title\" content=\"Basta misturar \u00f3leo de peroba com cola e n\u00e3o precisa mais gastar com marceneiro - Estado de Minas - Em foco\" \/>\n<meta property=\"og:description\" content=\"Lustra-m\u00f3veis caseiro devolve brilho \u00e0 madeira com receita simples, barata e f\u00e1cil de aplicar, ideal para renovar m\u00f3veis sem produtos industriais.\" \/>\n<meta property=\"og:url\" content=\"https:\/\/www.em.com.br\/emfoco\/2026\/01\/03\/basta-misturar-oleo-de-peroba-com-cola-e-nao-precisa-mais-gastar-com-marceneiro\/\" \/>\n<meta property=\"og:site_name\" content=\"Estado de Minas - Em foco\" \/>\n<meta property=\"article:published_time\" content=\"2026-01-03T19:25:00+00:00\" \/>\n<meta property=\"article:modified_time\" content=\"2026-01-02T19:11:40+00:00\" \/>\n<meta property=\"og:image\" content=\"https:\/\/www.em.com.br\/emfoco\/wp-content\/uploads\/2025\/12\/imagem_2025-11-30_162510690-e1766757827790-1024x576.png\" \/>\n\t<meta property=\"og:image:width\" content=\"1024\" \/>\n\t<meta property=\"og:image:height\" content=\"576\" \/>\n\t<meta property=\"og:image:type\" content=\"image\/png\" \/>\n<meta name=\"author\" content=\"Ingrid Diniz\" \/>\n<meta name=\"twitter:card\" content=\"summary_large_image\" \/>\n<meta name=\"twitter:label1\" content=\"Escrito por\" \/>\n\t<meta name=\"twitter:data1\" content=\"Ingrid Diniz\" \/>\n\t<meta name=\"twitter:label2\" content=\"Est. tempo de leitura\" \/>\n\t<meta name=\"twitter:data2\" content=\"5 minutos\" \/>\n<!-- \/ Yoast SEO plugin. -->","yoast_head_json":{"title":"Basta misturar \u00f3leo de peroba com cola e n\u00e3o precisa mais gastar com marceneiro - Estado de Minas - Em foco","description":"Lustra-m\u00f3veis caseiro devolve brilho \u00e0 madeira com receita simples, barata e f\u00e1cil de aplicar, ideal para renovar m\u00f3veis sem produtos industriais.","robots":{"index":"index","follow":"follow","max-snippet":"max-snippet:-1","max-image-preview":"max-image-preview:large","max-video-preview":"max-video-preview:-1"},"canonical":"https:\/\/www.em.com.br\/emfoco\/2026\/01\/03\/basta-misturar-oleo-de-peroba-com-cola-e-nao-precisa-mais-gastar-com-marceneiro\/","og_locale":"pt_BR","og_type":"article","og_title":"Basta misturar \u00f3leo de peroba com cola e n\u00e3o precisa mais gastar com marceneiro - Estado de Minas - Em foco","og_description":"Lustra-m\u00f3veis caseiro devolve brilho \u00e0 madeira com receita simples, barata e f\u00e1cil de aplicar, ideal para renovar m\u00f3veis sem produtos industriais.","og_url":"https:\/\/www.em.com.br\/emfoco\/2026\/01\/03\/basta-misturar-oleo-de-peroba-com-cola-e-nao-precisa-mais-gastar-com-marceneiro\/","og_site_name":"Estado de Minas - Em foco","article_published_time":"2026-01-03T19:25:00+00:00","article_modified_time":"2026-01-02T19:11:40+00:00","og_image":[{"width":1024,"height":576,"url":"https:\/\/www.em.com.br\/emfoco\/wp-content\/uploads\/2025\/12\/imagem_2025-11-30_162510690-e1766757827790-1024x576.png","type":"image\/png"}],"author":"Ingrid Diniz","twitter_card":"summary_large_image","twitter_misc":{"Escrito por":"Ingrid Diniz","Est. tempo de leitura":"5 minutos"},"schema":{"@context":"https:\/\/schema.org","@graph":[{"@type":"WebPage","@id":"https:\/\/www.em.com.br\/emfoco\/2026\/01\/03\/basta-misturar-oleo-de-peroba-com-cola-e-nao-precisa-mais-gastar-com-marceneiro\/","url":"https:\/\/www.em.com.br\/emfoco\/2026\/01\/03\/basta-misturar-oleo-de-peroba-com-cola-e-nao-precisa-mais-gastar-com-marceneiro\/","name":"Basta misturar \u00f3leo de peroba com cola e n\u00e3o precisa mais gastar com marceneiro - Estado de Minas - Em foco","isPartOf":{"@id":"https:\/\/www.em.com.br\/emfoco\/#website"},"primaryImageOfPage":{"@id":"https:\/\/www.em.com.br\/emfoco\/2026\/01\/03\/basta-misturar-oleo-de-peroba-com-cola-e-nao-precisa-mais-gastar-com-marceneiro\/#primaryimage"},"image":{"@id":"https:\/\/www.em.com.br\/emfoco\/2026\/01\/03\/basta-misturar-oleo-de-peroba-com-cola-e-nao-precisa-mais-gastar-com-marceneiro\/#primaryimage"},"thumbnailUrl":"https:\/\/www.em.com.br\/emfoco\/wp-content\/uploads\/2025\/12\/imagem_2025-11-30_162510690-e1766757827790.png","datePublished":"2026-01-03T19:25:00+00:00","dateModified":"2026-01-02T19:11:40+00:00","author":{"@id":"https:\/\/www.em.com.br\/emfoco\/#\/schema\/person\/649e610b4eb8fff87ff394e54fe17b2b"},"description":"Lustra-m\u00f3veis caseiro devolve brilho \u00e0 madeira com receita simples, barata e f\u00e1cil de aplicar, ideal para renovar m\u00f3veis sem produtos industriais.","breadcrumb":{"@id":"https:\/\/www.em.com.br\/emfoco\/2026\/01\/03\/basta-misturar-oleo-de-peroba-com-cola-e-nao-precisa-mais-gastar-com-marceneiro\/#breadcrumb"},"inLanguage":"pt-BR","potentialAction":[{"@type":"ReadAction","target":["https:\/\/www.em.com.br\/emfoco\/2026\/01\/03\/basta-misturar-oleo-de-peroba-com-cola-e-nao-precisa-mais-gastar-com-marceneiro\/"]}]},{"@type":"ImageObject","inLanguage":"pt-BR","@id":"https:\/\/www.em.com.br\/emfoco\/2026\/01\/03\/basta-misturar-oleo-de-peroba-com-cola-e-nao-precisa-mais-gastar-com-marceneiro\/#primaryimage","url":"https:\/\/www.em.com.br\/emfoco\/wp-content\/uploads\/2025\/12\/imagem_2025-11-30_162510690-e1766757827790.png","contentUrl":"https:\/\/www.em.com.br\/emfoco\/wp-content\/uploads\/2025\/12\/imagem_2025-11-30_162510690-e1766757827790.png","width":1280,"height":720,"caption":"Lustra-m\u00f3veis caseiro para renovar madeira"},{"@type":"BreadcrumbList","@id":"https:\/\/www.em.com.br\/emfoco\/2026\/01\/03\/basta-misturar-oleo-de-peroba-com-cola-e-nao-precisa-mais-gastar-com-marceneiro\/#breadcrumb","itemListElement":[{"@type":"ListItem","position":1,"name":"In\u00edcio","item":"https:\/\/www.em.com.br\/emfoco\/"},{"@type":"ListItem","position":2,"name":"Basta misturar \u00f3leo de peroba com cola e n\u00e3o precisa mais gastar com marceneiro"}]},{"@type":"WebSite","@id":"https:\/\/www.em.com.br\/emfoco\/#website","url":"https:\/\/www.em.com.br\/emfoco\/","name":"Estado de Minas - Em foco","description":"Acompanhe as \u00faltimas not\u00edcias e fique bem informado sobre tudo o que acontece em Minas Gerais, Brasil e no mundo.","potentialAction":[{"@type":"SearchAction","target":{"@type":"EntryPoint","urlTemplate":"https:\/\/www.em.com.br\/emfoco\/?s={search_term_string}"},"query-input":{"@type":"PropertyValueSpecification","valueRequired":true,"valueName":"search_term_string"}}],"inLanguage":"pt-BR"},{"@type":"Person","@id":"https:\/\/www.em.com.br\/emfoco\/#\/schema\/person\/649e610b4eb8fff87ff394e54fe17b2b","name":"Ingrid Diniz","image":{"@type":"ImageObject","inLanguage":"pt-BR","@id":"https:\/\/www.em.com.br\/emfoco\/#\/schema\/person\/image\/","url":"https:\/\/secure.gravatar.com\/avatar\/a3baa1449ec5c39b4c42babc9d4f3951?s=96&d=mm&r=g","contentUrl":"https:\/\/secure.gravatar.com\/avatar\/a3baa1449ec5c39b4c42babc9d4f3951?s=96&d=mm&r=g","caption":"Ingrid Diniz"},"sameAs":["https:\/\/www.em.com.br\/"],"url":"https:\/\/www.em.com.br\/emfoco\/author\/ingridmyth\/"}]}},"_links":{"self":[{"href":"https:\/\/www.em.com.br\/emfoco\/wp-json\/wp\/v2\/posts\/149786","targetHints":{"allow":["GET"]}}],"collection":[{"href":"https:\/\/www.em.com.br\/emfoco\/wp-json\/wp\/v2\/posts"}],"about":[{"href":"https:\/\/www.em.com.br\/emfoco\/wp-json\/wp\/v2\/types\/post"}],"author":[{"embeddable":true,"href":"https:\/\/www.em.com.br\/emfoco\/wp-json\/wp\/v2\/users\/20"}],"replies":[{"embeddable":true,"href":"https:\/\/www.em.com.br\/emfoco\/wp-json\/wp\/v2\/comments?post=149786"}],"version-history":[{"count":1,"href":"https:\/\/www.em.com.br\/emfoco\/wp-json\/wp\/v2\/posts\/149786\/revisions"}],"predecessor-version":[{"id":149875,"href":"https:\/\/www.em.com.br\/emfoco\/wp-json\/wp\/v2\/posts\/149786\/revisions\/149875"}],"wp:featuredmedia":[{"embeddable":true,"href":"https:\/\/www.em.com.br\/emfoco\/wp-json\/wp\/v2\/media\/146434"}],"wp:attachment":[{"href":"https:\/\/www.em.com.br\/emfoco\/wp-json\/wp\/v2\/media?parent=149786"}],"wp:term":[{"taxonomy":"category","embeddable":true,"href":"https:\/\/www.em.com.br\/emfoco\/wp-json\/wp\/v2\/categories?post=149786"},{"taxonomy":"post_tag","embeddable":true,"href":"https:\/\/www.em.com.br\/emfoco\/wp-json\/wp\/v2\/tags?post=149786"}],"curies":[{"name":"wp","href":"https:\/\/api.w.org\/{rel}","templated":true}]}}