{"id":149694,"date":"2026-01-03T20:55:00","date_gmt":"2026-01-03T23:55:00","guid":{"rendered":"https:\/\/www.em.com.br\/emfoco\/?p=149694"},"modified":"2026-01-02T22:17:51","modified_gmt":"2026-01-03T01:17:51","slug":"horoscopo-de-janeiro-de-2026-revela-tendencias-do-ano-que-comeca-previsoes-mostram-onde-cada-signo-deve-focar","status":"publish","type":"post","link":"https:\/\/www.em.com.br\/emfoco\/2026\/01\/03\/horoscopo-de-janeiro-de-2026-revela-tendencias-do-ano-que-comeca-previsoes-mostram-onde-cada-signo-deve-focar\/","title":{"rendered":"Hor\u00f3scopo de janeiro de 2026 revela tend\u00eancias do ano que come\u00e7a: previs\u00f5es mostram onde cada signo deve focar"},"content":{"rendered":"\n<p>O in\u00edcio de 2026, segundo o hor\u00f3scopo de janeiro, \u00e9 descrito como um per\u00edodo de movimento estrat\u00e9gico, ajustes e decis\u00f5es que podem orientar o restante do ano. Em vez de um m\u00eas parado, as previs\u00f5es apontam para uma combina\u00e7\u00e3o de pausa e a\u00e7\u00e3o, com influ\u00eancia direta em trabalho, rela\u00e7\u00f5es, finan\u00e7as e autoconhecimento, pedindo escolhas mais conscientes e alinhadas ao que realmente faz sentido.<\/p>\n\n\n\n<h2 class=\"wp-block-heading\">Qual \u00e9 o foco principal do hor\u00f3scopo de janeiro de 2026<\/h2>\n\n\n\n<p>No hor\u00f3scopo de janeiro de 2026, a palavra-chave \u00e9\u00a0<strong>reposicionamento<\/strong>. Para alguns <a href=\"https:\/\/www.em.com.br\/emfoco\/2026\/01\/02\/novo-comeco-a-vista-3-signos-se-libertam-de-um-ciclo-pesado-e-respiram-aliviados-em-2026\/\" target=\"_blank\" rel=\"noreferrer noopener\">signos<\/a>, o movimento se concentra na vida profissional e nas metas de longo prazo; para outros, o foco recai sobre v\u00ednculos afetivos, quest\u00f5es familiares ou amadurecimento interno.<\/p>\n\n\n\n<p>O m\u00eas funciona como um filtro: o que faz sentido tende a ganhar for\u00e7a, enquanto o que est\u00e1 fr\u00e1gil perde espa\u00e7o. Assim, janeiro atua como um \u201censaio geral\u201d para 2026, em que inten\u00e7\u00f5es s\u00e3o organizadas, prioridades ganham forma e a responsabilidade diante dos pr\u00f3prios desejos se torna central.<\/p>\n\n\n\n<figure class=\"wp-block-image\"><img decoding=\"async\" src=\"https:\/\/www.em.com.br\/emfoco\/wp-content\/uploads\/2025\/02\/horoscopo_1740792668649-1-1024x576.jpg\" alt=\"\"\/><figcaption class=\"wp-element-caption\">O mapa astral explica &#8211; Cr\u00e9ditos: depositphotos.com \/ gmac84<\/figcaption><\/figure>\n\n\n\n<h2 class=\"wp-block-heading\">Como os planetas influenciam os signos em janeiro<\/h2>\n\n\n\n<p>Sol, Merc\u00fario, V\u00eanus e Marte aparecem como protagonistas, estimulando clareza, comunica\u00e7\u00e3o e escolhas mais maduras. Marte \u00e9 associado a impulso e iniciativa, Merc\u00fario refor\u00e7a di\u00e1logos, estudos e negocia\u00e7\u00f5es, enquanto V\u00eanus enfatiza rela\u00e7\u00f5es, prazer e valores pessoais.<\/p>\n\n\n\n<p>O Sol ilumina o ponto do <a href=\"https:\/\/www.personare.com.br\/astrologia\/mapa-astral\" target=\"_blank\" rel=\"noreferrer noopener\">Mapa Astral<\/a> em que cada signo precisa enxergar com mais clareza. Por isso, muitos astr\u00f3logos recomendam considerar tamb\u00e9m o signo ascendente, que indica com mais precis\u00e3o em qual \u00e1rea pr\u00e1tica da vida essas tend\u00eancias tendem a se manifestar.<\/p>\n\n\n\n<h2 class=\"wp-block-heading\">Quais s\u00e3o as tend\u00eancias gerais para cada elemento do zod\u00edaco<\/h2>\n\n\n\n<p>Cada grupo de signos vive janeiro de forma diferente, mas todos sentem algum tipo de reposicionamento. A seguir, voc\u00ea confere como os quatro elementos costumam responder aos tr\u00e2nsitos deste m\u00eas.<\/p>\n\n\n\n<ul class=\"wp-block-list\">\n<li><strong>Signos de fogo<\/strong>\u00a0(\u00c1ries, Le\u00e3o e Sagit\u00e1rio): \u00eanfase em a\u00e7\u00e3o, prop\u00f3sito e visibilidade, com mais coragem para se expor.<\/li>\n\n\n\n<li><strong>Signos de terra<\/strong>\u00a0(Touro, Virgem e Capric\u00f3rnio): foco em resultados concretos, trabalho, planejamento e estabilidade.<\/li>\n\n\n\n<li><strong>Signos de ar<\/strong>\u00a0(G\u00eameos, Libra e Aqu\u00e1rio): maior movimenta\u00e7\u00e3o nas ideias, conversas, contatos e rela\u00e7\u00f5es sociais.<\/li>\n\n\n\n<li><strong>Signos de \u00e1gua<\/strong>\u00a0(C\u00e2ncer, Escorpi\u00e3o e Peixes): aprofundamento emocional, cura interna, mem\u00f3ria e vida afetiva.<\/li>\n<\/ul>\n\n\n\n<h2 class=\"wp-block-heading\">Quais temas se destacam para cada grupo de signos em janeiro<\/h2>\n\n\n\n<p>Ao observar o hor\u00f3scopo de janeiro de 2026 para todos os signos, nota-se que cada grupo apresenta um desafio principal. Em v\u00e1rios mapas, aparecem per\u00edodos de maior energia at\u00e9 cerca do dia 20 ou 23, quando alguns tr\u00e2nsitos mudam de signo e alteram o clima do m\u00eas.<\/p>\n\n\n\n<figure class=\"wp-block-image\"><img decoding=\"async\" src=\"https:\/\/www.em.com.br\/emfoco\/wp-content\/uploads\/2025\/03\/horoscopo_1741137240271-1024x576.jpg\" alt=\"\"\/><figcaption class=\"wp-element-caption\">Signos que entram em uma fase de expans\u00e3o &#8211; Cr\u00e9ditos: depositphotos.com \/ sarayut<\/figcaption><\/figure>\n\n\n\n<ol class=\"wp-block-list\">\n<li><strong>Afirma\u00e7\u00e3o pessoal e carreira<\/strong>: \u00c1ries e Capric\u00f3rnio tendem a ser estimulados a assumir lideran\u00e7a, encarar responsabilidades e definir metas claras, com necessidade de foco para evitar conflitos.<\/li>\n\n\n\n<li><strong>Expans\u00e3o e aprendizado<\/strong>: Touro, Sagit\u00e1rio e parte de G\u00eameos vivenciam impulso para ampliar horizontes por meio de estudos, viagens, novas perspectivas ou projetos de longo prazo.<\/li>\n\n\n\n<li><strong>Rela\u00e7\u00f5es e acordos<\/strong>: C\u00e2ncer, Le\u00e3o (na segunda metade do m\u00eas) e Aqu\u00e1rio podem perceber mais intensidade nos relacionamentos, com conversas definidoras e revis\u00e3o de limites.<\/li>\n\n\n\n<li><strong>Vida interior e bases emocionais<\/strong>: Libra e Peixes atravessam per\u00edodo mais introspectivo, voltado \u00e0 fam\u00edlia, mem\u00f3rias e responsabilidade pessoal.<\/li>\n\n\n\n<li><strong>Comunica\u00e7\u00e3o, rotina e criatividade<\/strong>: Virgem e Escorpi\u00e3o recebem destaque na express\u00e3o, nos projetos cotidianos e na organiza\u00e7\u00e3o mental, favorecendo estudos e ajustes na rotina.<\/li>\n<\/ol>\n\n\n\n<h2 class=\"wp-block-heading\">Como usar o hor\u00f3scopo de janeiro de 2026 para tomar decis\u00f5es<\/h2>\n\n\n\n<p>O hor\u00f3scopo de janeiro de 2026 funciona menos como previs\u00e3o fechada e mais como ferramenta de organiza\u00e7\u00e3o interna. Ao identificar per\u00edodos de maior energia, introspec\u00e7\u00e3o ou revis\u00e3o, fica mais f\u00e1cil planejar estudos, projetos, conversas importantes e cuidados emocionais.<\/p>\n\n\n\n<p>N\u00e3o deixe que o m\u00eas passe no autom\u00e1tico: revise suas inten\u00e7\u00f5es de ano novo, consulte seu signo e ascendente e alinhe metas ao clima astrol\u00f3gico. Use este janeiro como ponto de virada e comece agora a reposicionar escolhas, antes que velhos padr\u00f5es retomem o controle do seu 2026.<\/p>\n\n\n\n<p><\/p>\n","protected":false},"excerpt":{"rendered":"<p>O in\u00edcio de 2026, segundo o hor\u00f3scopo de janeiro, \u00e9 descrito como um per\u00edodo de movimento estrat\u00e9gico, ajustes e decis\u00f5es que podem orientar o restante do ano. Em vez de um m\u00eas parado, as previs\u00f5es apontam para uma combina\u00e7\u00e3o de pausa e a\u00e7\u00e3o, com influ\u00eancia direta em trabalho, rela\u00e7\u00f5es, finan\u00e7as e autoconhecimento, pedindo escolhas mais [&hellip;]<\/p>\n","protected":false},"author":11,"featured_media":149743,"comment_status":"open","ping_status":"open","sticky":false,"template":"","format":"standard","meta":{"jnews-multi-image_gallery":[],"jnews_single_post":{"format":"standard"},"jnews_primary_category":[],"jnews_social_meta":[],"jnews_override_counter":[],"footnotes":""},"categories":[1,25],"tags":[171,786,1215,168],"class_list":["post-149694","post","type-post","status-publish","format-standard","has-post-thumbnail","hentry","category-noticias","category-signos","tag-horoscopo","tag-janeiro","tag-previsoes","tag-signos"],"yoast_head":"<!-- This site is optimized with the Yoast SEO plugin v23.8 - https:\/\/yoast.com\/wordpress\/plugins\/seo\/ -->\n<title>Hor\u00f3scopo de janeiro de 2026 revela tend\u00eancias do ano que come\u00e7a: previs\u00f5es mostram onde cada signo deve focar - Estado de Minas - Em foco<\/title>\n<meta name=\"description\" content=\"O hor\u00f3scopo de janeiro de 2026 indica reposicionamento e decis\u00f5es importantes. Veja as tend\u00eancias para trabalho, rela\u00e7\u00f5es e autoconhecimento.\" \/>\n<meta name=\"robots\" content=\"index, follow, max-snippet:-1, max-image-preview:large, max-video-preview:-1\" \/>\n<link rel=\"canonical\" href=\"https:\/\/www.em.com.br\/emfoco\/2026\/01\/03\/horoscopo-de-janeiro-de-2026-revela-tendencias-do-ano-que-comeca-previsoes-mostram-onde-cada-signo-deve-focar\/\" \/>\n<meta property=\"og:locale\" content=\"pt_BR\" \/>\n<meta property=\"og:type\" content=\"article\" \/>\n<meta property=\"og:title\" content=\"Hor\u00f3scopo de janeiro de 2026 revela tend\u00eancias do ano que come\u00e7a: previs\u00f5es mostram onde cada signo deve focar - Estado de Minas - Em foco\" \/>\n<meta property=\"og:description\" content=\"O hor\u00f3scopo de janeiro de 2026 indica reposicionamento e decis\u00f5es importantes. Veja as tend\u00eancias para trabalho, rela\u00e7\u00f5es e autoconhecimento.\" \/>\n<meta property=\"og:url\" content=\"https:\/\/www.em.com.br\/emfoco\/2026\/01\/03\/horoscopo-de-janeiro-de-2026-revela-tendencias-do-ano-que-comeca-previsoes-mostram-onde-cada-signo-deve-focar\/\" \/>\n<meta property=\"og:site_name\" content=\"Estado de Minas - Em foco\" \/>\n<meta property=\"article:published_time\" content=\"2026-01-03T23:55:00+00:00\" \/>\n<meta property=\"article:modified_time\" content=\"2026-01-03T01:17:51+00:00\" \/>\n<meta property=\"og:image\" content=\"https:\/\/www.em.com.br\/emfoco\/wp-content\/uploads\/2026\/01\/Gemini_Generated_Image_ti8td8ti8td8ti8t-1.png\" \/>\n\t<meta property=\"og:image:width\" content=\"1280\" \/>\n\t<meta property=\"og:image:height\" content=\"720\" \/>\n\t<meta property=\"og:image:type\" content=\"image\/png\" \/>\n<meta name=\"author\" content=\"Andre\u0301 Rangel\u00a0\" \/>\n<meta name=\"twitter:card\" content=\"summary_large_image\" \/>\n<meta name=\"twitter:label1\" content=\"Escrito por\" \/>\n\t<meta name=\"twitter:data1\" content=\"Andre\u0301 Rangel\u00a0\" \/>\n\t<meta name=\"twitter:label2\" content=\"Est. tempo de leitura\" \/>\n\t<meta name=\"twitter:data2\" content=\"5 minutos\" \/>\n<!-- \/ Yoast SEO plugin. -->","yoast_head_json":{"title":"Hor\u00f3scopo de janeiro de 2026 revela tend\u00eancias do ano que come\u00e7a: previs\u00f5es mostram onde cada signo deve focar - Estado de Minas - Em foco","description":"O hor\u00f3scopo de janeiro de 2026 indica reposicionamento e decis\u00f5es importantes. Veja as tend\u00eancias para trabalho, rela\u00e7\u00f5es e autoconhecimento.","robots":{"index":"index","follow":"follow","max-snippet":"max-snippet:-1","max-image-preview":"max-image-preview:large","max-video-preview":"max-video-preview:-1"},"canonical":"https:\/\/www.em.com.br\/emfoco\/2026\/01\/03\/horoscopo-de-janeiro-de-2026-revela-tendencias-do-ano-que-comeca-previsoes-mostram-onde-cada-signo-deve-focar\/","og_locale":"pt_BR","og_type":"article","og_title":"Hor\u00f3scopo de janeiro de 2026 revela tend\u00eancias do ano que come\u00e7a: previs\u00f5es mostram onde cada signo deve focar - Estado de Minas - Em foco","og_description":"O hor\u00f3scopo de janeiro de 2026 indica reposicionamento e decis\u00f5es importantes. Veja as tend\u00eancias para trabalho, rela\u00e7\u00f5es e autoconhecimento.","og_url":"https:\/\/www.em.com.br\/emfoco\/2026\/01\/03\/horoscopo-de-janeiro-de-2026-revela-tendencias-do-ano-que-comeca-previsoes-mostram-onde-cada-signo-deve-focar\/","og_site_name":"Estado de Minas - Em foco","article_published_time":"2026-01-03T23:55:00+00:00","article_modified_time":"2026-01-03T01:17:51+00:00","og_image":[{"width":1280,"height":720,"url":"https:\/\/www.em.com.br\/emfoco\/wp-content\/uploads\/2026\/01\/Gemini_Generated_Image_ti8td8ti8td8ti8t-1.png","type":"image\/png"}],"author":"Andre\u0301 Rangel\u00a0","twitter_card":"summary_large_image","twitter_misc":{"Escrito por":"Andre\u0301 Rangel\u00a0","Est. tempo de leitura":"5 minutos"},"schema":{"@context":"https:\/\/schema.org","@graph":[{"@type":"WebPage","@id":"https:\/\/www.em.com.br\/emfoco\/2026\/01\/03\/horoscopo-de-janeiro-de-2026-revela-tendencias-do-ano-que-comeca-previsoes-mostram-onde-cada-signo-deve-focar\/","url":"https:\/\/www.em.com.br\/emfoco\/2026\/01\/03\/horoscopo-de-janeiro-de-2026-revela-tendencias-do-ano-que-comeca-previsoes-mostram-onde-cada-signo-deve-focar\/","name":"Hor\u00f3scopo de janeiro de 2026 revela tend\u00eancias do ano que come\u00e7a: previs\u00f5es mostram onde cada signo deve focar - Estado de Minas - Em foco","isPartOf":{"@id":"https:\/\/www.em.com.br\/emfoco\/#website"},"primaryImageOfPage":{"@id":"https:\/\/www.em.com.br\/emfoco\/2026\/01\/03\/horoscopo-de-janeiro-de-2026-revela-tendencias-do-ano-que-comeca-previsoes-mostram-onde-cada-signo-deve-focar\/#primaryimage"},"image":{"@id":"https:\/\/www.em.com.br\/emfoco\/2026\/01\/03\/horoscopo-de-janeiro-de-2026-revela-tendencias-do-ano-que-comeca-previsoes-mostram-onde-cada-signo-deve-focar\/#primaryimage"},"thumbnailUrl":"https:\/\/www.em.com.br\/emfoco\/wp-content\/uploads\/2026\/01\/Gemini_Generated_Image_ti8td8ti8td8ti8t-1.png","datePublished":"2026-01-03T23:55:00+00:00","dateModified":"2026-01-03T01:17:51+00:00","author":{"@id":"https:\/\/www.em.com.br\/emfoco\/#\/schema\/person\/60eda09c1fedf0d6891f4cef4b60b8b8"},"description":"O hor\u00f3scopo de janeiro de 2026 indica reposicionamento e decis\u00f5es importantes. Veja as tend\u00eancias para trabalho, rela\u00e7\u00f5es e autoconhecimento.","breadcrumb":{"@id":"https:\/\/www.em.com.br\/emfoco\/2026\/01\/03\/horoscopo-de-janeiro-de-2026-revela-tendencias-do-ano-que-comeca-previsoes-mostram-onde-cada-signo-deve-focar\/#breadcrumb"},"inLanguage":"pt-BR","potentialAction":[{"@type":"ReadAction","target":["https:\/\/www.em.com.br\/emfoco\/2026\/01\/03\/horoscopo-de-janeiro-de-2026-revela-tendencias-do-ano-que-comeca-previsoes-mostram-onde-cada-signo-deve-focar\/"]}]},{"@type":"ImageObject","inLanguage":"pt-BR","@id":"https:\/\/www.em.com.br\/emfoco\/2026\/01\/03\/horoscopo-de-janeiro-de-2026-revela-tendencias-do-ano-que-comeca-previsoes-mostram-onde-cada-signo-deve-focar\/#primaryimage","url":"https:\/\/www.em.com.br\/emfoco\/wp-content\/uploads\/2026\/01\/Gemini_Generated_Image_ti8td8ti8td8ti8t-1.png","contentUrl":"https:\/\/www.em.com.br\/emfoco\/wp-content\/uploads\/2026\/01\/Gemini_Generated_Image_ti8td8ti8td8ti8t-1.png","width":1280,"height":720,"caption":"O m\u00eas que reorganiza prioridades logo no in\u00edcio do ano"},{"@type":"BreadcrumbList","@id":"https:\/\/www.em.com.br\/emfoco\/2026\/01\/03\/horoscopo-de-janeiro-de-2026-revela-tendencias-do-ano-que-comeca-previsoes-mostram-onde-cada-signo-deve-focar\/#breadcrumb","itemListElement":[{"@type":"ListItem","position":1,"name":"In\u00edcio","item":"https:\/\/www.em.com.br\/emfoco\/"},{"@type":"ListItem","position":2,"name":"Hor\u00f3scopo de janeiro de 2026 revela tend\u00eancias do ano que come\u00e7a: previs\u00f5es mostram onde cada signo deve focar"}]},{"@type":"WebSite","@id":"https:\/\/www.em.com.br\/emfoco\/#website","url":"https:\/\/www.em.com.br\/emfoco\/","name":"Estado de Minas - Em foco","description":"Acompanhe as \u00faltimas not\u00edcias e fique bem informado sobre tudo o que acontece em Minas Gerais, Brasil e no mundo.","potentialAction":[{"@type":"SearchAction","target":{"@type":"EntryPoint","urlTemplate":"https:\/\/www.em.com.br\/emfoco\/?s={search_term_string}"},"query-input":{"@type":"PropertyValueSpecification","valueRequired":true,"valueName":"search_term_string"}}],"inLanguage":"pt-BR"},{"@type":"Person","@id":"https:\/\/www.em.com.br\/emfoco\/#\/schema\/person\/60eda09c1fedf0d6891f4cef4b60b8b8","name":"Andre\u0301 Rangel\u00a0","image":{"@type":"ImageObject","inLanguage":"pt-BR","@id":"https:\/\/www.em.com.br\/emfoco\/#\/schema\/person\/image\/","url":"https:\/\/secure.gravatar.com\/avatar\/6234dc814c77c8ef6d8bba622c787efc?s=96&d=mm&r=g","contentUrl":"https:\/\/secure.gravatar.com\/avatar\/6234dc814c77c8ef6d8bba622c787efc?s=96&d=mm&r=g","caption":"Andre\u0301 Rangel\u00a0"},"url":"https:\/\/www.em.com.br\/emfoco\/author\/luizmyth\/"}]}},"_links":{"self":[{"href":"https:\/\/www.em.com.br\/emfoco\/wp-json\/wp\/v2\/posts\/149694","targetHints":{"allow":["GET"]}}],"collection":[{"href":"https:\/\/www.em.com.br\/emfoco\/wp-json\/wp\/v2\/posts"}],"about":[{"href":"https:\/\/www.em.com.br\/emfoco\/wp-json\/wp\/v2\/types\/post"}],"author":[{"embeddable":true,"href":"https:\/\/www.em.com.br\/emfoco\/wp-json\/wp\/v2\/users\/11"}],"replies":[{"embeddable":true,"href":"https:\/\/www.em.com.br\/emfoco\/wp-json\/wp\/v2\/comments?post=149694"}],"version-history":[{"count":4,"href":"https:\/\/www.em.com.br\/emfoco\/wp-json\/wp\/v2\/posts\/149694\/revisions"}],"predecessor-version":[{"id":149744,"href":"https:\/\/www.em.com.br\/emfoco\/wp-json\/wp\/v2\/posts\/149694\/revisions\/149744"}],"wp:featuredmedia":[{"embeddable":true,"href":"https:\/\/www.em.com.br\/emfoco\/wp-json\/wp\/v2\/media\/149743"}],"wp:attachment":[{"href":"https:\/\/www.em.com.br\/emfoco\/wp-json\/wp\/v2\/media?parent=149694"}],"wp:term":[{"taxonomy":"category","embeddable":true,"href":"https:\/\/www.em.com.br\/emfoco\/wp-json\/wp\/v2\/categories?post=149694"},{"taxonomy":"post_tag","embeddable":true,"href":"https:\/\/www.em.com.br\/emfoco\/wp-json\/wp\/v2\/tags?post=149694"}],"curies":[{"name":"wp","href":"https:\/\/api.w.org\/{rel}","templated":true}]}}