{"id":149684,"date":"2026-01-04T10:05:00","date_gmt":"2026-01-04T13:05:00","guid":{"rendered":"https:\/\/www.em.com.br\/emfoco\/?p=149684"},"modified":"2026-01-02T23:03:32","modified_gmt":"2026-01-03T02:03:32","slug":"looks-elegantes-com-chinelo-ganham-espaco-no-verao-combinacoes-certas-provam-que-conforto-e-estilo-podem-andar-juntos","status":"publish","type":"post","link":"https:\/\/www.em.com.br\/emfoco\/2026\/01\/04\/looks-elegantes-com-chinelo-ganham-espaco-no-verao-combinacoes-certas-provam-que-conforto-e-estilo-podem-andar-juntos\/","title":{"rendered":"Looks elegantes com chinelo ganham espa\u00e7o no ver\u00e3o: combina\u00e7\u00f5es certas provam que conforto e estilo podem andar juntos"},"content":{"rendered":"\n<p>O chinelo de dedo conquistou de vez o guarda-roupa urbano e deixou de ser visto s\u00f3 como cal\u00e7ado de praia. Em 2025, ele aparece em produ\u00e7\u00f5es de rua, ambientes informais de trabalho e eventos diurnos, sempre com uma eleg\u00e2ncia descomplicada: a chave est\u00e1 em combinar o chinelo com roupas de corte mais sofisticado, bons tecidos e acess\u00f3rios bem escolhidos.<\/p>\n\n\n\n<h2 class=\"wp-block-heading\">Como usar chinelo de forma elegante no dia a dia<\/h2>\n\n\n\n<p>Para usar <a href=\"https:\/\/www.em.com.br\/emfoco\/2025\/12\/28\/simples-barato-e-chamativo-o-chinelo-amarelo-virou-peca-chave-do-verao\/\" target=\"_blank\" rel=\"noreferrer noopener\">chinelo <\/a>de forma elegante na rotina, a escolha das roupas faz toda a diferen\u00e7a. Pe\u00e7as cl\u00e1ssicas, como camisa de bot\u00e3o, cal\u00e7a de alfaiataria e saias midi, criam um contraste interessante com o chinelo minimalista, gerando um <a href=\"https:\/\/br.pinterest.com\/danilidugerio\/look-informal\/\" target=\"_blank\" rel=\"noreferrer noopener\">look informal<\/a>, mas organizado.<\/p>\n\n\n\n<p>Alguns elementos ajudam a refor\u00e7ar essa proposta mais sofisticada com chinelo de dedo e evitar um visual desleixado em compromissos casuais, encontros de fim de semana e ambientes criativos.<\/p>\n\n\n\n<ul class=\"wp-block-list\">\n<li><strong>Cores neutras<\/strong>: tons como preto, branco, bege e marrom deixam o visual mais alinhado.<\/li>\n\n\n\n<li><strong>Bom caimento<\/strong>: roupas bem cortadas passam a impress\u00e3o de cuidado, mesmo com um cal\u00e7ado descontra\u00eddo.<\/li>\n\n\n\n<li><strong>Acess\u00f3rios discretos<\/strong>: bolsas estruturadas, cintos de couro e rel\u00f3gios simples elevam o conjunto.<\/li>\n<\/ul>\n\n\n\n<iframe loading=\"lazy\" src=\"https:\/\/assets.pinterest.com\/ext\/embed.html?id=356347389268020982\" height=\"618\" width=\"345\" frameborder=\"0\" scrolling=\"no\" ><\/iframe>\n\n\n\n<h2 class=\"wp-block-heading\">Como combinar chinelo com jeans, alfaiataria e vestidos<\/h2>\n\n\n\n<p>Entre as combina\u00e7\u00f5es mais buscadas est\u00e1 o\u00a0<strong>chinelo com jeans<\/strong>, especialmente em modelagens retas ou levemente amplas. Jeans de cintura m\u00e9dia ou alta com camisa branca, ou camiseta de boa qualidade ganham um ar mais arrumado com cinto, bolsa estruturada e chinelo neutro.<\/p>\n\n\n\n<p>Para um visual mais formal, o\u00a0<strong>chinelo com alfaiataria<\/strong>\u00a0equilibra a informalidade do cal\u00e7ado com cal\u00e7as de corte reto, bermudas de alfaiataria e blazers alongados, enquanto o\u00a0<strong>chinelo com vestido longo<\/strong>\u00a0segue como cl\u00e1ssico do ver\u00e3o e se adapta com sobreposi\u00e7\u00f5es como casacos longos e trench coats.<\/p>\n\n\n\n<iframe loading=\"lazy\" src=\"https:\/\/assets.pinterest.com\/ext\/embed.html?id=356347389260230342\" height=\"449\" width=\"345\" frameborder=\"0\" scrolling=\"no\" ><\/iframe>\n\n\n\n<h2 class=\"wp-block-heading\">Quais modelos de chinelo deixam o look mais sofisticado<\/h2>\n\n\n\n<p>Ao pensar em&nbsp;<strong>como usar chinelo de forma elegante<\/strong>, o modelo escolhido faz muita diferen\u00e7a. Designs minimalistas, com tiras finas, acabamentos bem feitos e cores s\u00f3brias, costumam oferecer um resultado mais alinhado e vers\u00e1til.<\/p>\n\n\n\n<p>Materiais emborrachados de boa qualidade ou vers\u00f5es em couro garantem maior sensa\u00e7\u00e3o de cuidado com a apar\u00eancia, desde que o chinelo esteja limpo, em bom estado e sem desgaste excessivo, principalmente quando combinado a pe\u00e7as mais arrumadas.<\/p>\n\n\n\n<iframe loading=\"lazy\" src=\"https:\/\/assets.pinterest.com\/ext\/embed.html?id=356347389248825681\" height=\"546\" width=\"345\" frameborder=\"0\" scrolling=\"no\" ><\/iframe>\n\n\n\n<h2 class=\"wp-block-heading\">Como usar chinelo em situa\u00e7\u00f5es mais arrumadas<\/h2>\n\n\n\n<p>O chinelo aparece em cenas urbanas e redes sociais combinado a sobreposi\u00e7\u00f5es volumosas. Casacos longos, tric\u00f4s pesados, jaquetas de couro e trench coats criam um contraste moderno com o p\u00e9 \u00e0 mostra, funcionando bem em climas amenos e deslocamentos curtos.<\/p>\n\n\n\n<p>Em situa\u00e7\u00f5es mais arrumadas, o chinelo elegante se encaixa em eventos diurnos e ambientes abertos com proposta descontra\u00edda, desde que acompanhado de modelos discretos, tecidos de melhor qualidade e um visual bem finalizado, incluindo cabelo e maquiagem alinhados quando houver.<\/p>\n\n\n\n<iframe loading=\"lazy\" src=\"https:\/\/assets.pinterest.com\/ext\/embed.html?id=94083079709114614\" height=\"719\" width=\"345\" frameborder=\"0\" scrolling=\"no\" ><\/iframe>\n\n\n\n<h2 class=\"wp-block-heading\">Quais cuidados valorizam o look com chinelo e por que apostar nessa tend\u00eancia agora<\/h2>\n\n\n\n<p>Como o p\u00e9 fica totalmente exposto, higiene, hidrata\u00e7\u00e3o e unhas bem cuidadas s\u00e3o fundamentais para que o chinelo pare\u00e7a proposital e sofisticado. Acess\u00f3rios bem escolhidos, como \u00f3culos de sol, bolsas estruturadas, colares simples e brincos pequenos, refor\u00e7am o chamado \u201clook com chinelo sofisticado\u201d.<\/p>\n\n\n\n<p>O chinelo de dedo prova que pode acompanhar diferentes estilos, idades e rotinas quando inserido em combina\u00e7\u00f5es pensadas e contextos adequados. Se voc\u00ea quer unir conforto e apar\u00eancia cuidada, comece a testar essas produ\u00e7\u00f5es hoje mesmo: abra o guarda-roupa, monte um look com chinelo agora e sinta na pr\u00e1tica o impacto de um visual confort\u00e1vel, atual e intencional.<\/p>\n\n\n\n<p><\/p>\n","protected":false},"excerpt":{"rendered":"<p>O chinelo de dedo conquistou de vez o guarda-roupa urbano e deixou de ser visto s\u00f3 como cal\u00e7ado de praia. Em 2025, ele aparece em produ\u00e7\u00f5es de rua, ambientes informais de trabalho e eventos diurnos, sempre com uma eleg\u00e2ncia descomplicada: a chave est\u00e1 em combinar o chinelo com roupas de corte mais sofisticado, bons tecidos [&hellip;]<\/p>\n","protected":false},"author":11,"featured_media":149740,"comment_status":"open","ping_status":"open","sticky":false,"template":"","format":"standard","meta":{"jnews-multi-image_gallery":[],"jnews_single_post":{"format":"standard"},"jnews_primary_category":[],"jnews_social_meta":[],"jnews_override_counter":[],"footnotes":""},"categories":[8819,1],"tags":[21866,7063,4977,1827],"class_list":["post-149684","post","type-post","status-publish","format-standard","has-post-thumbnail","hentry","category-curiosidades","category-noticias","tag-chinelo-de-dedo","tag-looks","tag-moda","tag-verao"],"yoast_head":"<!-- This site is optimized with the Yoast SEO plugin v23.8 - https:\/\/yoast.com\/wordpress\/plugins\/seo\/ -->\n<title>Looks elegantes com chinelo ganham espa\u00e7o no ver\u00e3o: combina\u00e7\u00f5es certas provam que conforto e estilo podem andar juntos - Estado de Minas - Em foco<\/title>\n<meta name=\"description\" content=\"O chinelo de dedo virou tend\u00eancia urbana. Veja como usar de forma elegante com alfaiataria, jeans e vestidos no dia a dia.\" \/>\n<meta name=\"robots\" content=\"index, follow, max-snippet:-1, max-image-preview:large, max-video-preview:-1\" \/>\n<link rel=\"canonical\" href=\"https:\/\/www.em.com.br\/emfoco\/2026\/01\/04\/looks-elegantes-com-chinelo-ganham-espaco-no-verao-combinacoes-certas-provam-que-conforto-e-estilo-podem-andar-juntos\/\" \/>\n<meta property=\"og:locale\" content=\"pt_BR\" \/>\n<meta property=\"og:type\" content=\"article\" \/>\n<meta property=\"og:title\" content=\"Looks elegantes com chinelo ganham espa\u00e7o no ver\u00e3o: combina\u00e7\u00f5es certas provam que conforto e estilo podem andar juntos - Estado de Minas - Em foco\" \/>\n<meta property=\"og:description\" content=\"O chinelo de dedo virou tend\u00eancia urbana. Veja como usar de forma elegante com alfaiataria, jeans e vestidos no dia a dia.\" \/>\n<meta property=\"og:url\" content=\"https:\/\/www.em.com.br\/emfoco\/2026\/01\/04\/looks-elegantes-com-chinelo-ganham-espaco-no-verao-combinacoes-certas-provam-que-conforto-e-estilo-podem-andar-juntos\/\" \/>\n<meta property=\"og:site_name\" content=\"Estado de Minas - Em foco\" \/>\n<meta property=\"article:published_time\" content=\"2026-01-04T13:05:00+00:00\" \/>\n<meta property=\"article:modified_time\" content=\"2026-01-03T02:03:32+00:00\" \/>\n<meta property=\"og:image\" content=\"https:\/\/www.em.com.br\/emfoco\/wp-content\/uploads\/2026\/01\/Gemini_Generated_Image_iskg7kiskg7kiskg-1.png\" \/>\n\t<meta property=\"og:image:width\" content=\"1280\" \/>\n\t<meta property=\"og:image:height\" content=\"720\" \/>\n\t<meta property=\"og:image:type\" content=\"image\/png\" \/>\n<meta name=\"author\" content=\"Andre\u0301 Rangel\u00a0\" \/>\n<meta name=\"twitter:card\" content=\"summary_large_image\" \/>\n<meta name=\"twitter:label1\" content=\"Escrito por\" \/>\n\t<meta name=\"twitter:data1\" content=\"Andre\u0301 Rangel\u00a0\" \/>\n\t<meta name=\"twitter:label2\" content=\"Est. tempo de leitura\" \/>\n\t<meta name=\"twitter:data2\" content=\"4 minutos\" \/>\n<!-- \/ Yoast SEO plugin. -->","yoast_head_json":{"title":"Looks elegantes com chinelo ganham espa\u00e7o no ver\u00e3o: combina\u00e7\u00f5es certas provam que conforto e estilo podem andar juntos - Estado de Minas - Em foco","description":"O chinelo de dedo virou tend\u00eancia urbana. Veja como usar de forma elegante com alfaiataria, jeans e vestidos no dia a dia.","robots":{"index":"index","follow":"follow","max-snippet":"max-snippet:-1","max-image-preview":"max-image-preview:large","max-video-preview":"max-video-preview:-1"},"canonical":"https:\/\/www.em.com.br\/emfoco\/2026\/01\/04\/looks-elegantes-com-chinelo-ganham-espaco-no-verao-combinacoes-certas-provam-que-conforto-e-estilo-podem-andar-juntos\/","og_locale":"pt_BR","og_type":"article","og_title":"Looks elegantes com chinelo ganham espa\u00e7o no ver\u00e3o: combina\u00e7\u00f5es certas provam que conforto e estilo podem andar juntos - Estado de Minas - Em foco","og_description":"O chinelo de dedo virou tend\u00eancia urbana. Veja como usar de forma elegante com alfaiataria, jeans e vestidos no dia a dia.","og_url":"https:\/\/www.em.com.br\/emfoco\/2026\/01\/04\/looks-elegantes-com-chinelo-ganham-espaco-no-verao-combinacoes-certas-provam-que-conforto-e-estilo-podem-andar-juntos\/","og_site_name":"Estado de Minas - Em foco","article_published_time":"2026-01-04T13:05:00+00:00","article_modified_time":"2026-01-03T02:03:32+00:00","og_image":[{"width":1280,"height":720,"url":"https:\/\/www.em.com.br\/emfoco\/wp-content\/uploads\/2026\/01\/Gemini_Generated_Image_iskg7kiskg7kiskg-1.png","type":"image\/png"}],"author":"Andre\u0301 Rangel\u00a0","twitter_card":"summary_large_image","twitter_misc":{"Escrito por":"Andre\u0301 Rangel\u00a0","Est. tempo de leitura":"4 minutos"},"schema":{"@context":"https:\/\/schema.org","@graph":[{"@type":"WebPage","@id":"https:\/\/www.em.com.br\/emfoco\/2026\/01\/04\/looks-elegantes-com-chinelo-ganham-espaco-no-verao-combinacoes-certas-provam-que-conforto-e-estilo-podem-andar-juntos\/","url":"https:\/\/www.em.com.br\/emfoco\/2026\/01\/04\/looks-elegantes-com-chinelo-ganham-espaco-no-verao-combinacoes-certas-provam-que-conforto-e-estilo-podem-andar-juntos\/","name":"Looks elegantes com chinelo ganham espa\u00e7o no ver\u00e3o: combina\u00e7\u00f5es certas provam que conforto e estilo podem andar juntos - Estado de Minas - Em foco","isPartOf":{"@id":"https:\/\/www.em.com.br\/emfoco\/#website"},"primaryImageOfPage":{"@id":"https:\/\/www.em.com.br\/emfoco\/2026\/01\/04\/looks-elegantes-com-chinelo-ganham-espaco-no-verao-combinacoes-certas-provam-que-conforto-e-estilo-podem-andar-juntos\/#primaryimage"},"image":{"@id":"https:\/\/www.em.com.br\/emfoco\/2026\/01\/04\/looks-elegantes-com-chinelo-ganham-espaco-no-verao-combinacoes-certas-provam-que-conforto-e-estilo-podem-andar-juntos\/#primaryimage"},"thumbnailUrl":"https:\/\/www.em.com.br\/emfoco\/wp-content\/uploads\/2026\/01\/Gemini_Generated_Image_iskg7kiskg7kiskg-1.png","datePublished":"2026-01-04T13:05:00+00:00","dateModified":"2026-01-03T02:03:32+00:00","author":{"@id":"https:\/\/www.em.com.br\/emfoco\/#\/schema\/person\/60eda09c1fedf0d6891f4cef4b60b8b8"},"description":"O chinelo de dedo virou tend\u00eancia urbana. Veja como usar de forma elegante com alfaiataria, jeans e vestidos no dia a dia.","breadcrumb":{"@id":"https:\/\/www.em.com.br\/emfoco\/2026\/01\/04\/looks-elegantes-com-chinelo-ganham-espaco-no-verao-combinacoes-certas-provam-que-conforto-e-estilo-podem-andar-juntos\/#breadcrumb"},"inLanguage":"pt-BR","potentialAction":[{"@type":"ReadAction","target":["https:\/\/www.em.com.br\/emfoco\/2026\/01\/04\/looks-elegantes-com-chinelo-ganham-espaco-no-verao-combinacoes-certas-provam-que-conforto-e-estilo-podem-andar-juntos\/"]}]},{"@type":"ImageObject","inLanguage":"pt-BR","@id":"https:\/\/www.em.com.br\/emfoco\/2026\/01\/04\/looks-elegantes-com-chinelo-ganham-espaco-no-verao-combinacoes-certas-provam-que-conforto-e-estilo-podem-andar-juntos\/#primaryimage","url":"https:\/\/www.em.com.br\/emfoco\/wp-content\/uploads\/2026\/01\/Gemini_Generated_Image_iskg7kiskg7kiskg-1.png","contentUrl":"https:\/\/www.em.com.br\/emfoco\/wp-content\/uploads\/2026\/01\/Gemini_Generated_Image_iskg7kiskg7kiskg-1.png","width":1280,"height":720,"caption":"Pouca gente percebe, mas o chinelo mudou de status"},{"@type":"BreadcrumbList","@id":"https:\/\/www.em.com.br\/emfoco\/2026\/01\/04\/looks-elegantes-com-chinelo-ganham-espaco-no-verao-combinacoes-certas-provam-que-conforto-e-estilo-podem-andar-juntos\/#breadcrumb","itemListElement":[{"@type":"ListItem","position":1,"name":"In\u00edcio","item":"https:\/\/www.em.com.br\/emfoco\/"},{"@type":"ListItem","position":2,"name":"Looks elegantes com chinelo ganham espa\u00e7o no ver\u00e3o: combina\u00e7\u00f5es certas provam que conforto e estilo podem andar juntos"}]},{"@type":"WebSite","@id":"https:\/\/www.em.com.br\/emfoco\/#website","url":"https:\/\/www.em.com.br\/emfoco\/","name":"Estado de Minas - Em foco","description":"Acompanhe as \u00faltimas not\u00edcias e fique bem informado sobre tudo o que acontece em Minas Gerais, Brasil e no mundo.","potentialAction":[{"@type":"SearchAction","target":{"@type":"EntryPoint","urlTemplate":"https:\/\/www.em.com.br\/emfoco\/?s={search_term_string}"},"query-input":{"@type":"PropertyValueSpecification","valueRequired":true,"valueName":"search_term_string"}}],"inLanguage":"pt-BR"},{"@type":"Person","@id":"https:\/\/www.em.com.br\/emfoco\/#\/schema\/person\/60eda09c1fedf0d6891f4cef4b60b8b8","name":"Andre\u0301 Rangel\u00a0","image":{"@type":"ImageObject","inLanguage":"pt-BR","@id":"https:\/\/www.em.com.br\/emfoco\/#\/schema\/person\/image\/","url":"https:\/\/secure.gravatar.com\/avatar\/6234dc814c77c8ef6d8bba622c787efc?s=96&d=mm&r=g","contentUrl":"https:\/\/secure.gravatar.com\/avatar\/6234dc814c77c8ef6d8bba622c787efc?s=96&d=mm&r=g","caption":"Andre\u0301 Rangel\u00a0"},"url":"https:\/\/www.em.com.br\/emfoco\/author\/luizmyth\/"}]}},"_links":{"self":[{"href":"https:\/\/www.em.com.br\/emfoco\/wp-json\/wp\/v2\/posts\/149684","targetHints":{"allow":["GET"]}}],"collection":[{"href":"https:\/\/www.em.com.br\/emfoco\/wp-json\/wp\/v2\/posts"}],"about":[{"href":"https:\/\/www.em.com.br\/emfoco\/wp-json\/wp\/v2\/types\/post"}],"author":[{"embeddable":true,"href":"https:\/\/www.em.com.br\/emfoco\/wp-json\/wp\/v2\/users\/11"}],"replies":[{"embeddable":true,"href":"https:\/\/www.em.com.br\/emfoco\/wp-json\/wp\/v2\/comments?post=149684"}],"version-history":[{"count":3,"href":"https:\/\/www.em.com.br\/emfoco\/wp-json\/wp\/v2\/posts\/149684\/revisions"}],"predecessor-version":[{"id":149741,"href":"https:\/\/www.em.com.br\/emfoco\/wp-json\/wp\/v2\/posts\/149684\/revisions\/149741"}],"wp:featuredmedia":[{"embeddable":true,"href":"https:\/\/www.em.com.br\/emfoco\/wp-json\/wp\/v2\/media\/149740"}],"wp:attachment":[{"href":"https:\/\/www.em.com.br\/emfoco\/wp-json\/wp\/v2\/media?parent=149684"}],"wp:term":[{"taxonomy":"category","embeddable":true,"href":"https:\/\/www.em.com.br\/emfoco\/wp-json\/wp\/v2\/categories?post=149684"},{"taxonomy":"post_tag","embeddable":true,"href":"https:\/\/www.em.com.br\/emfoco\/wp-json\/wp\/v2\/tags?post=149684"}],"curies":[{"name":"wp","href":"https:\/\/api.w.org\/{rel}","templated":true}]}}