{"id":149627,"date":"2026-01-05T13:25:00","date_gmt":"2026-01-05T16:25:00","guid":{"rendered":"https:\/\/www.em.com.br\/emfoco\/?p=149627"},"modified":"2026-01-02T15:12:00","modified_gmt":"2026-01-02T18:12:00","slug":"como-evitar-apodrecimento-ao-plantar-mudas-reaproveitando-partes-da-planta","status":"publish","type":"post","link":"https:\/\/www.em.com.br\/emfoco\/2026\/01\/05\/como-evitar-apodrecimento-ao-plantar-mudas-reaproveitando-partes-da-planta\/","title":{"rendered":"Como evitar apodrecimento ao plantar mudas reaproveitando partes da planta"},"content":{"rendered":"\n<h2 class=\"wp-block-heading\">Evitar apodrecimento no replantio exige controlar umidade, oxigena\u00e7\u00e3o e cicatriza\u00e7\u00e3o dos cortes. Substrato leve, drenagem eficiente, ferramentas limpas e regas moderadas reduzem fungos e favorecem enraizamento saud\u00e1vel.<\/h2>\n\n\n\n<p>Reaproveitar talos, bases e rizomas \u00e9 pr\u00e1tico, mas exige aten\u00e7\u00e3o para <strong>evitar apodrecimento ao plantar<\/strong>. O sucesso depende do controle da umidade, da oxigena\u00e7\u00e3o e da cicatriza\u00e7\u00e3o correta dos cortes, fatores que reduzem fungos e bact\u00e9rias e estimulam ra\u00edzes fortes.<\/p>\n\n\n\n<h2 class=\"wp-block-heading\">Por que o apodrecimento acontece no replantio?<\/h2>\n\n\n\n<p>O problema surge quando partes ainda fr\u00e1geis ficam em <strong>excesso de umidade<\/strong> e com pouca ventila\u00e7\u00e3o. Nessas condi\u00e7\u00f5es, microrganismos se multiplicam rapidamente, atacando tecidos rec\u00e9m-cortados antes que ra\u00edzes consigam se formar de maneira est\u00e1vel.<\/p>\n\n\n\n<p>Outro fator comum \u00e9 o uso de <strong><a href=\"https:\/\/www.infoteca.cnptia.embrapa.br\/infoteca\/bitstream\/doc\/1125796\/1\/DOC-180-18-set-2020.pdf\" target=\"_blank\" rel=\"noreferrer noopener\">substrato pesado<\/a><\/strong>, que ret\u00e9m \u00e1gua por muito tempo e reduz a entrada de oxig\u00eanio. Sem ar suficiente, o tecido vegetal enfraquece, abrindo caminho para a decomposi\u00e7\u00e3o em vez do crescimento saud\u00e1vel.<\/p>\n\n\n\n<figure class=\"wp-block-image size-large\"><img loading=\"lazy\" decoding=\"async\" width=\"1024\" height=\"576\" src=\"https:\/\/www.em.com.br\/emfoco\/wp-content\/uploads\/2026\/01\/IA-12-5-1024x576.jpg\" alt=\"Como evitar apodrecimento ao plantar mudas reaproveitando partes da planta\" class=\"wp-image-149756\" srcset=\"https:\/\/www.em.com.br\/emfoco\/wp-content\/uploads\/2026\/01\/IA-12-5-1024x576.jpg 1024w, https:\/\/www.em.com.br\/emfoco\/wp-content\/uploads\/2026\/01\/IA-12-5-300x169.jpg 300w, https:\/\/www.em.com.br\/emfoco\/wp-content\/uploads\/2026\/01\/IA-12-5-768x432.jpg 768w, https:\/\/www.em.com.br\/emfoco\/wp-content\/uploads\/2026\/01\/IA-12-5-750x422.jpg 750w, https:\/\/www.em.com.br\/emfoco\/wp-content\/uploads\/2026\/01\/IA-12-5-1140x641.jpg 1140w, https:\/\/www.em.com.br\/emfoco\/wp-content\/uploads\/2026\/01\/IA-12-5.jpg 1280w\" sizes=\"auto, (max-width: 1024px) 100vw, 1024px\" \/><figcaption class=\"wp-element-caption\">Excesso de umidade e pouca oxigena\u00e7\u00e3o favorecem microrganismos e decomposi\u00e7\u00e3o<\/figcaption><\/figure>\n\n\n\n<h2 class=\"wp-block-heading\">Como preparar a parte da planta antes de replantar?<\/h2>\n\n\n\n<p>A prepara\u00e7\u00e3o correta diminui drasticamente o risco de perdas no reaproveitamento. Pequenos cuidados pr\u00e9vios ajudam a proteger o corte e criar um ambiente favor\u00e1vel ao enraizamento, como mostram os pontos essenciais a seguir.<\/p>\n\n\n\n<ul class=\"wp-block-list\">\n<li><strong>Remo\u00e7\u00e3o de danos<\/strong>: elimine partes moles ou escurecidas antes do plantio.<\/li>\n\n\n\n<li><strong>Cicatriza\u00e7\u00e3o do corte<\/strong>: deixe o local secar por algumas horas para formar uma barreira natural.<\/li>\n\n\n\n<li><strong>Higiene b\u00e1sica<\/strong>: use ferramentas limpas para reduzir contamina\u00e7\u00f5es.<\/li>\n<\/ul>\n\n\n\n<p><em>Leia mais: <strong><a href=\"https:\/\/www.em.com.br\/emfoco\/2026\/01\/02\/comece-o-ano-colhendo-saiba-o-que-plantar-na-sua-horta-em-janeiro\/\" target=\"_blank\" rel=\"noreferrer noopener\">Comece o ano colhendo, saiba o que plantar na sua horta em janeiro<\/a><\/strong><\/em><\/p>\n\n\n\n<h2 class=\"wp-block-heading\">Qual o papel do substrato e da drenagem?<\/h2>\n\n\n\n<p>Um <strong>substrato leve e arejado<\/strong> facilita a circula\u00e7\u00e3o de ar e evita ac\u00famulo de \u00e1gua. Misturas com areia grossa, perlita ou casca de pinus ajudam a manter a umidade apenas no n\u00edvel necess\u00e1rio para estimular ra\u00edzes.<\/p>\n\n\n\n<p>J\u00e1 a <strong>drenagem eficiente<\/strong> impede que o recipiente fique encharcado. Vasos com furos e uma camada drenante no fundo permitem que o excesso de \u00e1gua escoe, reduzindo o ambiente ideal para fungos e bact\u00e9rias nocivas.<\/p>\n\n\n\n<figure class=\"wp-block-image size-large\"><img loading=\"lazy\" decoding=\"async\" width=\"1024\" height=\"576\" src=\"https:\/\/www.em.com.br\/emfoco\/wp-content\/uploads\/2026\/01\/IA-13-4-1024x576.jpg\" alt=\"Como evitar apodrecimento ao plantar mudas reaproveitando partes da planta\" class=\"wp-image-149757\" srcset=\"https:\/\/www.em.com.br\/emfoco\/wp-content\/uploads\/2026\/01\/IA-13-4-1024x576.jpg 1024w, https:\/\/www.em.com.br\/emfoco\/wp-content\/uploads\/2026\/01\/IA-13-4-300x169.jpg 300w, https:\/\/www.em.com.br\/emfoco\/wp-content\/uploads\/2026\/01\/IA-13-4-768x432.jpg 768w, https:\/\/www.em.com.br\/emfoco\/wp-content\/uploads\/2026\/01\/IA-13-4-750x422.jpg 750w, https:\/\/www.em.com.br\/emfoco\/wp-content\/uploads\/2026\/01\/IA-13-4-1140x641.jpg 1140w, https:\/\/www.em.com.br\/emfoco\/wp-content\/uploads\/2026\/01\/IA-13-4.jpg 1280w\" sizes=\"auto, (max-width: 1024px) 100vw, 1024px\" \/><figcaption class=\"wp-element-caption\">Substrato leve e drenagem eficiente mant\u00eam umidade ideal para ra\u00edzes<\/figcaption><\/figure>\n\n\n\n<h2 class=\"wp-block-heading\">Quais cuidados di\u00e1rios evitam o apodrecimento inicial?<\/h2>\n\n\n\n<p>Ap\u00f3s o plantio, a rotina de cuidados faz toda a diferen\u00e7a nos primeiros dias. Pequenas a\u00e7\u00f5es di\u00e1rias ajudam a equilibrar luz, \u00e1gua e ventila\u00e7\u00e3o, como indicado nos pontos pr\u00e1ticos a seguir.<\/p>\n\n\n\n<ul class=\"wp-block-list\">\n<li><strong>Rega controlada<\/strong>: mantenha o solo levemente \u00famido, nunca encharcado.<\/li>\n\n\n\n<li><strong>Luz adequada<\/strong>: prefira local iluminado, sem sol direto forte no in\u00edcio.<\/li>\n\n\n\n<li><strong>Ventila\u00e7\u00e3o leve<\/strong>: ambientes arejados reduzem a prolifera\u00e7\u00e3o de fungos.<\/li>\n<\/ul>\n\n\n\n<h2 class=\"wp-block-heading\">Quando o replantio come\u00e7a a dar sinais de sucesso?<\/h2>\n\n\n\n<p>Os primeiros sinais aparecem com a <strong>forma\u00e7\u00e3o de ra\u00edzes novas<\/strong> e a firmeza do tecido replantado. Isso indica que a planta superou o estresse inicial e conseguiu se adaptar ao novo ambiente.<\/p>\n\n\n\n<p>Com o tempo, o surgimento de <strong>brota\u00e7\u00f5es saud\u00e1veis<\/strong> confirma que o reaproveitamento funcionou. Esse equil\u00edbrio entre umidade, oxigena\u00e7\u00e3o e luz garante crescimento vigoroso, transformando restos vegetais em plantas fortes e produtivas.<\/p>\n","protected":false},"excerpt":{"rendered":"<p>Evitar apodrecimento no replantio exige controlar umidade, oxigena\u00e7\u00e3o e cicatriza\u00e7\u00e3o dos cortes. Substrato leve, drenagem eficiente, ferramentas limpas e regas moderadas reduzem fungos e favorecem enraizamento saud\u00e1vel. Reaproveitar talos, bases e rizomas \u00e9 pr\u00e1tico, mas exige aten\u00e7\u00e3o para evitar apodrecimento ao plantar. O sucesso depende do controle da umidade, da oxigena\u00e7\u00e3o e da cicatriza\u00e7\u00e3o correta [&hellip;]<\/p>\n","protected":false},"author":13,"featured_media":149755,"comment_status":"open","ping_status":"open","sticky":false,"template":"","format":"standard","meta":{"jnews-multi-image_gallery":[],"jnews_single_post":{"format":"standard"},"jnews_primary_category":[],"jnews_social_meta":[],"jnews_override_counter":[],"footnotes":""},"categories":[8819],"tags":[16172,3358,21868],"class_list":["post-149627","post","type-post","status-publish","format-standard","has-post-thumbnail","hentry","category-curiosidades","tag-cuidados-com-as-plantas","tag-jardinagem","tag-replantar-plantas"],"yoast_head":"<!-- This site is optimized with the Yoast SEO plugin v23.8 - https:\/\/yoast.com\/wordpress\/plugins\/seo\/ -->\n<title>Como evitar apodrecimento ao plantar mudas reaproveitando partes da planta - Estado de Minas - Em foco<\/title>\n<meta name=\"description\" content=\"Mudas reaproveitadas apodrecem mesmo com bons cuidados. Veja o detalhe ignorado que pode estar matando sua planta por dentro.\" \/>\n<meta name=\"robots\" content=\"index, follow, max-snippet:-1, max-image-preview:large, max-video-preview:-1\" \/>\n<link rel=\"canonical\" href=\"https:\/\/www.em.com.br\/emfoco\/2026\/01\/05\/como-evitar-apodrecimento-ao-plantar-mudas-reaproveitando-partes-da-planta\/\" \/>\n<meta property=\"og:locale\" content=\"pt_BR\" \/>\n<meta property=\"og:type\" content=\"article\" \/>\n<meta property=\"og:title\" content=\"Como evitar apodrecimento ao plantar mudas reaproveitando partes da planta - Estado de Minas - Em foco\" \/>\n<meta property=\"og:description\" content=\"Mudas reaproveitadas apodrecem mesmo com bons cuidados. Veja o detalhe ignorado que pode estar matando sua planta por dentro.\" \/>\n<meta property=\"og:url\" content=\"https:\/\/www.em.com.br\/emfoco\/2026\/01\/05\/como-evitar-apodrecimento-ao-plantar-mudas-reaproveitando-partes-da-planta\/\" \/>\n<meta property=\"og:site_name\" content=\"Estado de Minas - Em foco\" \/>\n<meta property=\"article:published_time\" content=\"2026-01-05T16:25:00+00:00\" \/>\n<meta property=\"article:modified_time\" content=\"2026-01-02T18:12:00+00:00\" \/>\n<meta property=\"og:image\" content=\"https:\/\/www.em.com.br\/emfoco\/wp-content\/uploads\/2026\/01\/IA-11-5.jpg\" \/>\n\t<meta property=\"og:image:width\" content=\"1280\" \/>\n\t<meta property=\"og:image:height\" content=\"720\" \/>\n\t<meta property=\"og:image:type\" content=\"image\/jpeg\" \/>\n<meta name=\"author\" content=\"Gabriel Martins\" \/>\n<meta name=\"twitter:card\" content=\"summary_large_image\" \/>\n<meta name=\"twitter:label1\" content=\"Escrito por\" \/>\n\t<meta name=\"twitter:data1\" content=\"Gabriel Martins\" \/>\n\t<meta name=\"twitter:label2\" content=\"Est. tempo de leitura\" \/>\n\t<meta name=\"twitter:data2\" content=\"4 minutos\" \/>\n<!-- \/ Yoast SEO plugin. -->","yoast_head_json":{"title":"Como evitar apodrecimento ao plantar mudas reaproveitando partes da planta - Estado de Minas - Em foco","description":"Mudas reaproveitadas apodrecem mesmo com bons cuidados. Veja o detalhe ignorado que pode estar matando sua planta por dentro.","robots":{"index":"index","follow":"follow","max-snippet":"max-snippet:-1","max-image-preview":"max-image-preview:large","max-video-preview":"max-video-preview:-1"},"canonical":"https:\/\/www.em.com.br\/emfoco\/2026\/01\/05\/como-evitar-apodrecimento-ao-plantar-mudas-reaproveitando-partes-da-planta\/","og_locale":"pt_BR","og_type":"article","og_title":"Como evitar apodrecimento ao plantar mudas reaproveitando partes da planta - Estado de Minas - Em foco","og_description":"Mudas reaproveitadas apodrecem mesmo com bons cuidados. Veja o detalhe ignorado que pode estar matando sua planta por dentro.","og_url":"https:\/\/www.em.com.br\/emfoco\/2026\/01\/05\/como-evitar-apodrecimento-ao-plantar-mudas-reaproveitando-partes-da-planta\/","og_site_name":"Estado de Minas - Em foco","article_published_time":"2026-01-05T16:25:00+00:00","article_modified_time":"2026-01-02T18:12:00+00:00","og_image":[{"width":1280,"height":720,"url":"https:\/\/www.em.com.br\/emfoco\/wp-content\/uploads\/2026\/01\/IA-11-5.jpg","type":"image\/jpeg"}],"author":"Gabriel Martins","twitter_card":"summary_large_image","twitter_misc":{"Escrito por":"Gabriel Martins","Est. tempo de leitura":"4 minutos"},"schema":{"@context":"https:\/\/schema.org","@graph":[{"@type":"WebPage","@id":"https:\/\/www.em.com.br\/emfoco\/2026\/01\/05\/como-evitar-apodrecimento-ao-plantar-mudas-reaproveitando-partes-da-planta\/","url":"https:\/\/www.em.com.br\/emfoco\/2026\/01\/05\/como-evitar-apodrecimento-ao-plantar-mudas-reaproveitando-partes-da-planta\/","name":"Como evitar apodrecimento ao plantar mudas reaproveitando partes da planta - Estado de Minas - Em foco","isPartOf":{"@id":"https:\/\/www.em.com.br\/emfoco\/#website"},"primaryImageOfPage":{"@id":"https:\/\/www.em.com.br\/emfoco\/2026\/01\/05\/como-evitar-apodrecimento-ao-plantar-mudas-reaproveitando-partes-da-planta\/#primaryimage"},"image":{"@id":"https:\/\/www.em.com.br\/emfoco\/2026\/01\/05\/como-evitar-apodrecimento-ao-plantar-mudas-reaproveitando-partes-da-planta\/#primaryimage"},"thumbnailUrl":"https:\/\/www.em.com.br\/emfoco\/wp-content\/uploads\/2026\/01\/IA-11-5.jpg","datePublished":"2026-01-05T16:25:00+00:00","dateModified":"2026-01-02T18:12:00+00:00","author":{"@id":"https:\/\/www.em.com.br\/emfoco\/#\/schema\/person\/1c9ddeab18b98abeffef834667bcf08a"},"description":"Mudas reaproveitadas apodrecem mesmo com bons cuidados. Veja o detalhe ignorado que pode estar matando sua planta por dentro.","breadcrumb":{"@id":"https:\/\/www.em.com.br\/emfoco\/2026\/01\/05\/como-evitar-apodrecimento-ao-plantar-mudas-reaproveitando-partes-da-planta\/#breadcrumb"},"inLanguage":"pt-BR","potentialAction":[{"@type":"ReadAction","target":["https:\/\/www.em.com.br\/emfoco\/2026\/01\/05\/como-evitar-apodrecimento-ao-plantar-mudas-reaproveitando-partes-da-planta\/"]}]},{"@type":"ImageObject","inLanguage":"pt-BR","@id":"https:\/\/www.em.com.br\/emfoco\/2026\/01\/05\/como-evitar-apodrecimento-ao-plantar-mudas-reaproveitando-partes-da-planta\/#primaryimage","url":"https:\/\/www.em.com.br\/emfoco\/wp-content\/uploads\/2026\/01\/IA-11-5.jpg","contentUrl":"https:\/\/www.em.com.br\/emfoco\/wp-content\/uploads\/2026\/01\/IA-11-5.jpg","width":1280,"height":720,"caption":"Replantio correto evita apodrecimento e estimula ra\u00edzes fortes no reaproveitamento"},{"@type":"BreadcrumbList","@id":"https:\/\/www.em.com.br\/emfoco\/2026\/01\/05\/como-evitar-apodrecimento-ao-plantar-mudas-reaproveitando-partes-da-planta\/#breadcrumb","itemListElement":[{"@type":"ListItem","position":1,"name":"In\u00edcio","item":"https:\/\/www.em.com.br\/emfoco\/"},{"@type":"ListItem","position":2,"name":"Como evitar apodrecimento ao plantar mudas reaproveitando partes da planta"}]},{"@type":"WebSite","@id":"https:\/\/www.em.com.br\/emfoco\/#website","url":"https:\/\/www.em.com.br\/emfoco\/","name":"Estado de Minas - Em foco","description":"Acompanhe as \u00faltimas not\u00edcias e fique bem informado sobre tudo o que acontece em Minas Gerais, Brasil e no mundo.","potentialAction":[{"@type":"SearchAction","target":{"@type":"EntryPoint","urlTemplate":"https:\/\/www.em.com.br\/emfoco\/?s={search_term_string}"},"query-input":{"@type":"PropertyValueSpecification","valueRequired":true,"valueName":"search_term_string"}}],"inLanguage":"pt-BR"},{"@type":"Person","@id":"https:\/\/www.em.com.br\/emfoco\/#\/schema\/person\/1c9ddeab18b98abeffef834667bcf08a","name":"Gabriel Martins","image":{"@type":"ImageObject","inLanguage":"pt-BR","@id":"https:\/\/www.em.com.br\/emfoco\/#\/schema\/person\/image\/","url":"https:\/\/secure.gravatar.com\/avatar\/f0f1e2efdfd88f1ad2cb08c5c2731e50?s=96&d=mm&r=g","contentUrl":"https:\/\/secure.gravatar.com\/avatar\/f0f1e2efdfd88f1ad2cb08c5c2731e50?s=96&d=mm&r=g","caption":"Gabriel Martins"},"sameAs":["https:\/\/www.em.com.br\/emfoco\/"],"url":"https:\/\/www.em.com.br\/emfoco\/author\/gabrielmartinsmyth\/"}]}},"_links":{"self":[{"href":"https:\/\/www.em.com.br\/emfoco\/wp-json\/wp\/v2\/posts\/149627","targetHints":{"allow":["GET"]}}],"collection":[{"href":"https:\/\/www.em.com.br\/emfoco\/wp-json\/wp\/v2\/posts"}],"about":[{"href":"https:\/\/www.em.com.br\/emfoco\/wp-json\/wp\/v2\/types\/post"}],"author":[{"embeddable":true,"href":"https:\/\/www.em.com.br\/emfoco\/wp-json\/wp\/v2\/users\/13"}],"replies":[{"embeddable":true,"href":"https:\/\/www.em.com.br\/emfoco\/wp-json\/wp\/v2\/comments?post=149627"}],"version-history":[{"count":2,"href":"https:\/\/www.em.com.br\/emfoco\/wp-json\/wp\/v2\/posts\/149627\/revisions"}],"predecessor-version":[{"id":149758,"href":"https:\/\/www.em.com.br\/emfoco\/wp-json\/wp\/v2\/posts\/149627\/revisions\/149758"}],"wp:featuredmedia":[{"embeddable":true,"href":"https:\/\/www.em.com.br\/emfoco\/wp-json\/wp\/v2\/media\/149755"}],"wp:attachment":[{"href":"https:\/\/www.em.com.br\/emfoco\/wp-json\/wp\/v2\/media?parent=149627"}],"wp:term":[{"taxonomy":"category","embeddable":true,"href":"https:\/\/www.em.com.br\/emfoco\/wp-json\/wp\/v2\/categories?post=149627"},{"taxonomy":"post_tag","embeddable":true,"href":"https:\/\/www.em.com.br\/emfoco\/wp-json\/wp\/v2\/tags?post=149627"}],"curies":[{"name":"wp","href":"https:\/\/api.w.org\/{rel}","templated":true}]}}