{"id":149622,"date":"2026-01-05T09:55:00","date_gmt":"2026-01-05T12:55:00","guid":{"rendered":"https:\/\/www.em.com.br\/emfoco\/?p=149622"},"modified":"2026-01-02T14:26:47","modified_gmt":"2026-01-02T17:26:47","slug":"os-sinais-menos-obvios-que-mostram-se-uma-planta-esta-criando-raiz-de-verdade","status":"publish","type":"post","link":"https:\/\/www.em.com.br\/emfoco\/2026\/01\/05\/os-sinais-menos-obvios-que-mostram-se-uma-planta-esta-criando-raiz-de-verdade\/","title":{"rendered":"Os sinais menos \u00f3bvios que mostram se uma planta est\u00e1 criando raiz de verdade"},"content":{"rendered":"\n<h2 class=\"wp-block-heading\">Identificar enraizamento ativo envolve observar brota\u00e7\u00f5es novas, folhas firmes e consumo regular de \u00e1gua. Plantas enraizadas mostram crescimento cont\u00ednuo e maior estabilidade, enquanto as que apenas sobrevivem mant\u00eam evolu\u00e7\u00e3o limitada.<\/h2>\n\n\n\n<p>Saber se uma planta est\u00e1 criando raiz ou apenas sobrevivendo evita perdas e frustra\u00e7\u00f5es no cultivo. Pequenos sinais no crescimento, na firmeza e no consumo de \u00e1gua revelam se o enraizamento est\u00e1 ativo ou se a planta apenas resiste ao estresse inicial.<\/p>\n\n\n\n<h2 class=\"wp-block-heading\">Como diferenciar enraizamento ativo de simples sobreviv\u00eancia?<\/h2>\n\n\n\n<p>Quando ocorre <strong><a href=\"https:\/\/www.embrapa.br\/busca-de-publicacoes\/-\/publicacao\/566480\/enraizamento-de-estacas-para-producao-de-mudas-de-especies-nativas-de-matas-de-galeria\" target=\"_blank\" rel=\"noreferrer noopener\">enraizamento ativo<\/a><\/strong>, a planta inicia um processo cont\u00ednuo de adapta\u00e7\u00e3o ao vaso ou solo. Isso se reflete em brota\u00e7\u00f5es novas, folhas mais firmes e resposta gradual aos cuidados di\u00e1rios, indicando que as ra\u00edzes est\u00e3o buscando \u00e1gua e nutrientes.<\/p>\n\n\n\n<p>J\u00e1 plantas que apenas sobrevivem mant\u00eam apar\u00eancia quase est\u00e1tica, com <strong>crescimento limitado<\/strong> e pouca evolu\u00e7\u00e3o ao longo dos dias. Mesmo verdes, elas n\u00e3o demonstram vigor, pois dependem apenas da umidade imediata e n\u00e3o expandem o sistema radicular.<\/p>\n\n\n\n<figure class=\"wp-block-image size-large\"><img loading=\"lazy\" decoding=\"async\" width=\"1024\" height=\"576\" src=\"https:\/\/www.em.com.br\/emfoco\/wp-content\/uploads\/2026\/01\/IA-13-3-1024x576.jpg\" alt=\"Os sinais menos \u00f3bvios que mostram se uma planta est\u00e1 criando raiz de verdade\" class=\"wp-image-149705\" srcset=\"https:\/\/www.em.com.br\/emfoco\/wp-content\/uploads\/2026\/01\/IA-13-3-1024x576.jpg 1024w, https:\/\/www.em.com.br\/emfoco\/wp-content\/uploads\/2026\/01\/IA-13-3-300x169.jpg 300w, https:\/\/www.em.com.br\/emfoco\/wp-content\/uploads\/2026\/01\/IA-13-3-768x432.jpg 768w, https:\/\/www.em.com.br\/emfoco\/wp-content\/uploads\/2026\/01\/IA-13-3-750x422.jpg 750w, https:\/\/www.em.com.br\/emfoco\/wp-content\/uploads\/2026\/01\/IA-13-3-1140x641.jpg 1140w, https:\/\/www.em.com.br\/emfoco\/wp-content\/uploads\/2026\/01\/IA-13-3.jpg 1280w\" sizes=\"auto, (max-width: 1024px) 100vw, 1024px\" \/><figcaption class=\"wp-element-caption\">Crescimento cont\u00ednuo e brota\u00e7\u00f5es indicam enraizamento ativo verdadeiro da planta<\/figcaption><\/figure>\n\n\n\n<h2 class=\"wp-block-heading\">Quais sinais visuais indicam que a planta criou raiz?<\/h2>\n\n\n\n<p>A observa\u00e7\u00e3o di\u00e1ria permite identificar mudan\u00e7as sutis, mas decisivas, no comportamento da planta. Alguns sinais visuais ajudam a confirmar que o processo de <strong>fixa\u00e7\u00e3o das ra\u00edzes<\/strong> realmente come\u00e7ou, como voc\u00ea v\u00ea nos pontos a seguir.<\/p>\n\n\n\n<ul class=\"wp-block-list\">\n<li><strong>Brota\u00e7\u00f5es novas<\/strong>: surgimento de folhas jovens e caules indica atividade radicular.<\/li>\n\n\n\n<li><strong>Folhas mais firmes<\/strong>: textura menos mole mostra absor\u00e7\u00e3o eficiente de \u00e1gua.<\/li>\n\n\n\n<li><strong>Cor mais est\u00e1vel<\/strong>: redu\u00e7\u00e3o de amarelamento sinaliza adapta\u00e7\u00e3o ao substrato.<\/li>\n<\/ul>\n\n\n\n<p><em>Leia mais: <\/em><a href=\"https:\/\/www.em.com.br\/emfoco\/2026\/01\/02\/comece-o-ano-colhendo-saiba-o-que-plantar-na-sua-horta-em-janeiro\/\"><strong>Comece o ano colhendo<\/strong><\/a><a href=\"https:\/\/www.em.com.br\/emfoco\/2026\/01\/02\/comece-o-ano-colhendo-saiba-o-que-plantar-na-sua-horta-em-janeiro\/\" target=\"_blank\" rel=\"noreferrer noopener\"><strong>, saiba o que plantar na sua horta em janeiro<\/strong><\/a><\/p>\n\n\n\n<h2 class=\"wp-block-heading\">O consumo de \u00e1gua pode revelar se a raiz est\u00e1 ativa?<\/h2>\n\n\n\n<p>Uma planta que criou raiz passa a consumir \u00e1gua de forma mais regular, secando o substrato em intervalos previs\u00edveis. Esse padr\u00e3o indica <strong>atividade radicular cont\u00ednua<\/strong>, diferente de plantas fr\u00e1geis que mant\u00eam o solo sempre \u00famido.<\/p>\n\n\n\n<p>Quando n\u00e3o h\u00e1 enraizamento, o consumo \u00e9 irregular e superficial. A \u00e1gua permanece no vaso por mais tempo, mostrando que as ra\u00edzes ainda n\u00e3o se expandiram, o que compromete a <strong>absor\u00e7\u00e3o de nutrientes<\/strong> e a evolu\u00e7\u00e3o saud\u00e1vel da planta.<\/p>\n\n\n\n<figure class=\"wp-block-image size-large\"><img loading=\"lazy\" decoding=\"async\" width=\"1024\" height=\"576\" src=\"https:\/\/www.em.com.br\/emfoco\/wp-content\/uploads\/2026\/01\/IA-14-3-1024x576.jpg\" alt=\"Os sinais menos \u00f3bvios que mostram se uma planta est\u00e1 criando raiz de verdade\" class=\"wp-image-149706\" srcset=\"https:\/\/www.em.com.br\/emfoco\/wp-content\/uploads\/2026\/01\/IA-14-3-1024x576.jpg 1024w, https:\/\/www.em.com.br\/emfoco\/wp-content\/uploads\/2026\/01\/IA-14-3-300x169.jpg 300w, https:\/\/www.em.com.br\/emfoco\/wp-content\/uploads\/2026\/01\/IA-14-3-768x432.jpg 768w, https:\/\/www.em.com.br\/emfoco\/wp-content\/uploads\/2026\/01\/IA-14-3-750x422.jpg 750w, https:\/\/www.em.com.br\/emfoco\/wp-content\/uploads\/2026\/01\/IA-14-3-1140x641.jpg 1140w, https:\/\/www.em.com.br\/emfoco\/wp-content\/uploads\/2026\/01\/IA-14-3.jpg 1280w\" sizes=\"auto, (max-width: 1024px) 100vw, 1024px\" \/><figcaption class=\"wp-element-caption\">Consumo regular de \u00e1gua revela atividade radicular em evolu\u00e7\u00e3o<\/figcaption><\/figure>\n\n\n\n<h2 class=\"wp-block-heading\">Como testar a estabilidade da planta sem causar danos?<\/h2>\n\n\n\n<p>Um teste simples ajuda a confirmar se a planta est\u00e1 se fixando no substrato. Com cuidado e sem for\u00e7ar, observe alguns comportamentos pr\u00e1ticos que indicam <strong>resist\u00eancia ao toque<\/strong> e evolu\u00e7\u00e3o estrutural, conforme os pontos abaixo.<\/p>\n\n\n\n<ul class=\"wp-block-list\">\n<li><strong>Resist\u00eancia ao movimento<\/strong>: leve firmeza ao tocar indica ra\u00edzes se fixando.<\/li>\n\n\n\n<li><strong>Postura mais ereta<\/strong>: menor inclina\u00e7\u00e3o mostra melhor sustenta\u00e7\u00e3o interna.<\/li>\n\n\n\n<li><strong>Menor sensibilidade<\/strong>: redu\u00e7\u00e3o do estresse ao toque revela adapta\u00e7\u00e3o progressiva.<\/li>\n<\/ul>\n","protected":false},"excerpt":{"rendered":"<p>Identificar enraizamento ativo envolve observar brota\u00e7\u00f5es novas, folhas firmes e consumo regular de \u00e1gua. Plantas enraizadas mostram crescimento cont\u00ednuo e maior estabilidade, enquanto as que apenas sobrevivem mant\u00eam evolu\u00e7\u00e3o limitada. Saber se uma planta est\u00e1 criando raiz ou apenas sobrevivendo evita perdas e frustra\u00e7\u00f5es no cultivo. Pequenos sinais no crescimento, na firmeza e no consumo [&hellip;]<\/p>\n","protected":false},"author":13,"featured_media":149703,"comment_status":"open","ping_status":"open","sticky":false,"template":"","format":"standard","meta":{"jnews-multi-image_gallery":[],"jnews_single_post":{"format":"standard"},"jnews_primary_category":[],"jnews_social_meta":[],"jnews_override_counter":[],"footnotes":""},"categories":[8819],"tags":[16172,3358,21859],"class_list":["post-149622","post","type-post","status-publish","format-standard","has-post-thumbnail","hentry","category-curiosidades","tag-cuidados-com-as-plantas","tag-jardinagem","tag-raizes-das-plantas"],"yoast_head":"<!-- This site is optimized with the Yoast SEO plugin v23.8 - https:\/\/yoast.com\/wordpress\/plugins\/seo\/ -->\n<title>Os sinais menos \u00f3bvios que mostram se uma planta est\u00e1 criando raiz de verdade - Estado de Minas - Em foco<\/title>\n<meta name=\"description\" content=\"Planta parada mesmo com cuidados? Veja como identificar se ela est\u00e1 enraizando ou s\u00f3 resistindo ao estresse inicial do cultivo.\" \/>\n<meta name=\"robots\" content=\"index, follow, max-snippet:-1, max-image-preview:large, max-video-preview:-1\" \/>\n<link rel=\"canonical\" href=\"https:\/\/www.em.com.br\/emfoco\/2026\/01\/05\/os-sinais-menos-obvios-que-mostram-se-uma-planta-esta-criando-raiz-de-verdade\/\" \/>\n<meta property=\"og:locale\" content=\"pt_BR\" \/>\n<meta property=\"og:type\" content=\"article\" \/>\n<meta property=\"og:title\" content=\"Os sinais menos \u00f3bvios que mostram se uma planta est\u00e1 criando raiz de verdade - Estado de Minas - Em foco\" \/>\n<meta property=\"og:description\" content=\"Planta parada mesmo com cuidados? Veja como identificar se ela est\u00e1 enraizando ou s\u00f3 resistindo ao estresse inicial do cultivo.\" \/>\n<meta property=\"og:url\" content=\"https:\/\/www.em.com.br\/emfoco\/2026\/01\/05\/os-sinais-menos-obvios-que-mostram-se-uma-planta-esta-criando-raiz-de-verdade\/\" \/>\n<meta property=\"og:site_name\" content=\"Estado de Minas - Em foco\" \/>\n<meta property=\"article:published_time\" content=\"2026-01-05T12:55:00+00:00\" \/>\n<meta property=\"article:modified_time\" content=\"2026-01-02T17:26:47+00:00\" \/>\n<meta property=\"og:image\" content=\"https:\/\/www.em.com.br\/emfoco\/wp-content\/uploads\/2026\/01\/IA-12-4.jpg\" \/>\n\t<meta property=\"og:image:width\" content=\"1280\" \/>\n\t<meta property=\"og:image:height\" content=\"720\" \/>\n\t<meta property=\"og:image:type\" content=\"image\/jpeg\" \/>\n<meta name=\"author\" content=\"Gabriel Martins\" \/>\n<meta name=\"twitter:card\" content=\"summary_large_image\" \/>\n<meta name=\"twitter:label1\" content=\"Escrito por\" \/>\n\t<meta name=\"twitter:data1\" content=\"Gabriel Martins\" \/>\n\t<meta name=\"twitter:label2\" content=\"Est. tempo de leitura\" \/>\n\t<meta name=\"twitter:data2\" content=\"3 minutos\" \/>\n<!-- \/ Yoast SEO plugin. -->","yoast_head_json":{"title":"Os sinais menos \u00f3bvios que mostram se uma planta est\u00e1 criando raiz de verdade - Estado de Minas - Em foco","description":"Planta parada mesmo com cuidados? Veja como identificar se ela est\u00e1 enraizando ou s\u00f3 resistindo ao estresse inicial do cultivo.","robots":{"index":"index","follow":"follow","max-snippet":"max-snippet:-1","max-image-preview":"max-image-preview:large","max-video-preview":"max-video-preview:-1"},"canonical":"https:\/\/www.em.com.br\/emfoco\/2026\/01\/05\/os-sinais-menos-obvios-que-mostram-se-uma-planta-esta-criando-raiz-de-verdade\/","og_locale":"pt_BR","og_type":"article","og_title":"Os sinais menos \u00f3bvios que mostram se uma planta est\u00e1 criando raiz de verdade - Estado de Minas - Em foco","og_description":"Planta parada mesmo com cuidados? Veja como identificar se ela est\u00e1 enraizando ou s\u00f3 resistindo ao estresse inicial do cultivo.","og_url":"https:\/\/www.em.com.br\/emfoco\/2026\/01\/05\/os-sinais-menos-obvios-que-mostram-se-uma-planta-esta-criando-raiz-de-verdade\/","og_site_name":"Estado de Minas - Em foco","article_published_time":"2026-01-05T12:55:00+00:00","article_modified_time":"2026-01-02T17:26:47+00:00","og_image":[{"width":1280,"height":720,"url":"https:\/\/www.em.com.br\/emfoco\/wp-content\/uploads\/2026\/01\/IA-12-4.jpg","type":"image\/jpeg"}],"author":"Gabriel Martins","twitter_card":"summary_large_image","twitter_misc":{"Escrito por":"Gabriel Martins","Est. tempo de leitura":"3 minutos"},"schema":{"@context":"https:\/\/schema.org","@graph":[{"@type":"WebPage","@id":"https:\/\/www.em.com.br\/emfoco\/2026\/01\/05\/os-sinais-menos-obvios-que-mostram-se-uma-planta-esta-criando-raiz-de-verdade\/","url":"https:\/\/www.em.com.br\/emfoco\/2026\/01\/05\/os-sinais-menos-obvios-que-mostram-se-uma-planta-esta-criando-raiz-de-verdade\/","name":"Os sinais menos \u00f3bvios que mostram se uma planta est\u00e1 criando raiz de verdade - Estado de Minas - Em foco","isPartOf":{"@id":"https:\/\/www.em.com.br\/emfoco\/#website"},"primaryImageOfPage":{"@id":"https:\/\/www.em.com.br\/emfoco\/2026\/01\/05\/os-sinais-menos-obvios-que-mostram-se-uma-planta-esta-criando-raiz-de-verdade\/#primaryimage"},"image":{"@id":"https:\/\/www.em.com.br\/emfoco\/2026\/01\/05\/os-sinais-menos-obvios-que-mostram-se-uma-planta-esta-criando-raiz-de-verdade\/#primaryimage"},"thumbnailUrl":"https:\/\/www.em.com.br\/emfoco\/wp-content\/uploads\/2026\/01\/IA-12-4.jpg","datePublished":"2026-01-05T12:55:00+00:00","dateModified":"2026-01-02T17:26:47+00:00","author":{"@id":"https:\/\/www.em.com.br\/emfoco\/#\/schema\/person\/1c9ddeab18b98abeffef834667bcf08a"},"description":"Planta parada mesmo com cuidados? Veja como identificar se ela est\u00e1 enraizando ou s\u00f3 resistindo ao estresse inicial do cultivo.","breadcrumb":{"@id":"https:\/\/www.em.com.br\/emfoco\/2026\/01\/05\/os-sinais-menos-obvios-que-mostram-se-uma-planta-esta-criando-raiz-de-verdade\/#breadcrumb"},"inLanguage":"pt-BR","potentialAction":[{"@type":"ReadAction","target":["https:\/\/www.em.com.br\/emfoco\/2026\/01\/05\/os-sinais-menos-obvios-que-mostram-se-uma-planta-esta-criando-raiz-de-verdade\/"]}]},{"@type":"ImageObject","inLanguage":"pt-BR","@id":"https:\/\/www.em.com.br\/emfoco\/2026\/01\/05\/os-sinais-menos-obvios-que-mostram-se-uma-planta-esta-criando-raiz-de-verdade\/#primaryimage","url":"https:\/\/www.em.com.br\/emfoco\/wp-content\/uploads\/2026\/01\/IA-12-4.jpg","contentUrl":"https:\/\/www.em.com.br\/emfoco\/wp-content\/uploads\/2026\/01\/IA-12-4.jpg","width":1280,"height":720,"caption":"Identificar enraizamento evita perdas e melhora sucesso no cultivo dom\u00e9stico"},{"@type":"BreadcrumbList","@id":"https:\/\/www.em.com.br\/emfoco\/2026\/01\/05\/os-sinais-menos-obvios-que-mostram-se-uma-planta-esta-criando-raiz-de-verdade\/#breadcrumb","itemListElement":[{"@type":"ListItem","position":1,"name":"In\u00edcio","item":"https:\/\/www.em.com.br\/emfoco\/"},{"@type":"ListItem","position":2,"name":"Os sinais menos \u00f3bvios que mostram se uma planta est\u00e1 criando raiz de verdade"}]},{"@type":"WebSite","@id":"https:\/\/www.em.com.br\/emfoco\/#website","url":"https:\/\/www.em.com.br\/emfoco\/","name":"Estado de Minas - Em foco","description":"Acompanhe as \u00faltimas not\u00edcias e fique bem informado sobre tudo o que acontece em Minas Gerais, Brasil e no mundo.","potentialAction":[{"@type":"SearchAction","target":{"@type":"EntryPoint","urlTemplate":"https:\/\/www.em.com.br\/emfoco\/?s={search_term_string}"},"query-input":{"@type":"PropertyValueSpecification","valueRequired":true,"valueName":"search_term_string"}}],"inLanguage":"pt-BR"},{"@type":"Person","@id":"https:\/\/www.em.com.br\/emfoco\/#\/schema\/person\/1c9ddeab18b98abeffef834667bcf08a","name":"Gabriel Martins","image":{"@type":"ImageObject","inLanguage":"pt-BR","@id":"https:\/\/www.em.com.br\/emfoco\/#\/schema\/person\/image\/","url":"https:\/\/secure.gravatar.com\/avatar\/f0f1e2efdfd88f1ad2cb08c5c2731e50?s=96&d=mm&r=g","contentUrl":"https:\/\/secure.gravatar.com\/avatar\/f0f1e2efdfd88f1ad2cb08c5c2731e50?s=96&d=mm&r=g","caption":"Gabriel Martins"},"sameAs":["https:\/\/www.em.com.br\/emfoco\/"],"url":"https:\/\/www.em.com.br\/emfoco\/author\/gabrielmartinsmyth\/"}]}},"_links":{"self":[{"href":"https:\/\/www.em.com.br\/emfoco\/wp-json\/wp\/v2\/posts\/149622","targetHints":{"allow":["GET"]}}],"collection":[{"href":"https:\/\/www.em.com.br\/emfoco\/wp-json\/wp\/v2\/posts"}],"about":[{"href":"https:\/\/www.em.com.br\/emfoco\/wp-json\/wp\/v2\/types\/post"}],"author":[{"embeddable":true,"href":"https:\/\/www.em.com.br\/emfoco\/wp-json\/wp\/v2\/users\/13"}],"replies":[{"embeddable":true,"href":"https:\/\/www.em.com.br\/emfoco\/wp-json\/wp\/v2\/comments?post=149622"}],"version-history":[{"count":2,"href":"https:\/\/www.em.com.br\/emfoco\/wp-json\/wp\/v2\/posts\/149622\/revisions"}],"predecessor-version":[{"id":149707,"href":"https:\/\/www.em.com.br\/emfoco\/wp-json\/wp\/v2\/posts\/149622\/revisions\/149707"}],"wp:featuredmedia":[{"embeddable":true,"href":"https:\/\/www.em.com.br\/emfoco\/wp-json\/wp\/v2\/media\/149703"}],"wp:attachment":[{"href":"https:\/\/www.em.com.br\/emfoco\/wp-json\/wp\/v2\/media?parent=149622"}],"wp:term":[{"taxonomy":"category","embeddable":true,"href":"https:\/\/www.em.com.br\/emfoco\/wp-json\/wp\/v2\/categories?post=149622"},{"taxonomy":"post_tag","embeddable":true,"href":"https:\/\/www.em.com.br\/emfoco\/wp-json\/wp\/v2\/tags?post=149622"}],"curies":[{"name":"wp","href":"https:\/\/api.w.org\/{rel}","templated":true}]}}