{"id":149598,"date":"2026-01-05T16:35:00","date_gmt":"2026-01-05T19:35:00","guid":{"rendered":"https:\/\/www.em.com.br\/emfoco\/?p=149598"},"modified":"2026-01-02T15:23:54","modified_gmt":"2026-01-02T18:23:54","slug":"o-que-realmente-acontece-com-seus-dentes-nos-minutos-apos-comer-acucar","status":"publish","type":"post","link":"https:\/\/www.em.com.br\/emfoco\/2026\/01\/05\/o-que-realmente-acontece-com-seus-dentes-nos-minutos-apos-comer-acucar\/","title":{"rendered":"O que realmente acontece com seus dentes nos minutos ap\u00f3s comer a\u00e7\u00facar"},"content":{"rendered":"\n<h2 class=\"wp-block-heading\">O a\u00e7\u00facar \u00e9 metabolizado por bact\u00e9rias em minutos, gerando \u00e1cidos que reduzem o pH da boca e iniciam a desmineraliza\u00e7\u00e3o do esmalte. O consumo frequente mant\u00e9m acidez alta, favorece c\u00e1ries e sobrecarrega a a\u00e7\u00e3o protetora da saliva.<\/h2>\n\n\n\n<p>O consumo de a\u00e7\u00facar provoca mudan\u00e7as imediatas na boca e inicia, em poucos minutos, processos que podem levar \u00e0s c\u00e1ries. Entender essa rea\u00e7\u00e3o ajuda a proteger o esmalte dent\u00e1rio e reduzir danos causados por doces, bebidas a\u00e7ucaradas e lanches frequentes ao longo do dia.<\/p>\n\n\n\n<h2 class=\"wp-block-heading\">O que acontece na boca logo ap\u00f3s consumir a\u00e7\u00facar?<\/h2>\n\n\n\n<p>Assim que alimentos doces entram em contato com a boca, bact\u00e9rias naturais passam a metabolizar o <strong>a\u00e7\u00facar<\/strong>. Esse processo gera \u00e1cidos como subproduto, provocando uma queda r\u00e1pida do pH e criando um ambiente agressivo ao <strong>esmalte dent\u00e1rio<\/strong>.<\/p>\n\n\n\n<p>Segundo an\u00e1lise publicada no <strong>The Conversation<\/strong>, essa rea\u00e7\u00e3o ocorre em apenas um a dois minutos. Ou seja, o in\u00edcio do dano dent\u00e1rio n\u00e3o depende de descuido prolongado, mas come\u00e7a quase imediatamente ap\u00f3s o consumo de doces e bebidas a\u00e7ucaradas.<\/p>\n\n\n\n<figure class=\"wp-block-image size-large\"><img loading=\"lazy\" decoding=\"async\" width=\"1024\" height=\"576\" src=\"https:\/\/www.em.com.br\/emfoco\/wp-content\/uploads\/2026\/01\/IA-19-1-1024x576.jpg\" alt=\"O que realmente acontece com seus dentes nos minutos ap\u00f3s comer a\u00e7\u00facar\" class=\"wp-image-149779\" srcset=\"https:\/\/www.em.com.br\/emfoco\/wp-content\/uploads\/2026\/01\/IA-19-1-1024x576.jpg 1024w, https:\/\/www.em.com.br\/emfoco\/wp-content\/uploads\/2026\/01\/IA-19-1-300x169.jpg 300w, https:\/\/www.em.com.br\/emfoco\/wp-content\/uploads\/2026\/01\/IA-19-1-768x432.jpg 768w, https:\/\/www.em.com.br\/emfoco\/wp-content\/uploads\/2026\/01\/IA-19-1-750x422.jpg 750w, https:\/\/www.em.com.br\/emfoco\/wp-content\/uploads\/2026\/01\/IA-19-1-1140x641.jpg 1140w, https:\/\/www.em.com.br\/emfoco\/wp-content\/uploads\/2026\/01\/IA-19-1.jpg 1280w\" sizes=\"auto, (max-width: 1024px) 100vw, 1024px\" \/><figcaption class=\"wp-element-caption\">Bact\u00e9rias metabolizam a\u00e7\u00facar rapidamente e produzem \u00e1cidos nocivos ao esmalte<\/figcaption><\/figure>\n\n\n\n<h2 class=\"wp-block-heading\">Por que a acidez favorece o surgimento das c\u00e1ries?<\/h2>\n\n\n\n<p>Quando o pH da boca cai, o esmalte come\u00e7a a perder minerais, tornando-se mais fr\u00e1gil. Essa desmineraliza\u00e7\u00e3o cria condi\u00e7\u00f5es ideais para o desenvolvimento de <strong>c\u00e1ries dent\u00e1rias<\/strong>, especialmente quando o consumo de a\u00e7\u00facar \u00e9 frequente.<\/p>\n\n\n\n<ul class=\"wp-block-list\">\n<li><strong>\u00c1cido bacteriano<\/strong>: dissolvem gradualmente a camada protetora do dente.<\/li>\n\n\n\n<li><strong>A\u00e7\u00facares refinados<\/strong>: alimentam bact\u00e9rias cariog\u00eanicas com rapidez.<\/li>\n\n\n\n<li><strong>Exposi\u00e7\u00e3o repetida<\/strong>: mant\u00e9m o pH baixo por mais tempo ao longo do dia.<\/li>\n<\/ul>\n\n\n\n<h2 class=\"wp-block-heading\">Como a saliva e as bact\u00e9rias ben\u00e9ficas ajudam na prote\u00e7\u00e3o?<\/h2>\n\n\n\n<p>A <strong>saliva<\/strong> \u00e9 o principal mecanismo natural de defesa da boca. Ela neutraliza \u00e1cidos, remove res\u00edduos de a\u00e7\u00facar e favorece a remineraliza\u00e7\u00e3o do esmalte, especialmente quando sua produ\u00e7\u00e3o aumenta durante as refei\u00e7\u00f5es.<\/p>\n\n\n\n<p>Al\u00e9m disso, a microbiota oral inclui <strong>bact\u00e9rias ben\u00e9ficas<\/strong> que competem com as causadoras de c\u00e1ries. Esse equil\u00edbrio ajuda a restaurar o pH e proteger os dentes, desde que o consumo de a\u00e7\u00facar n\u00e3o seja excessivo ou constante.<\/p>\n\n\n\n<figure class=\"wp-block-image size-large\"><img loading=\"lazy\" decoding=\"async\" width=\"1024\" height=\"576\" src=\"https:\/\/www.em.com.br\/emfoco\/wp-content\/uploads\/2026\/01\/IA-17-3-1024x576.jpg\" alt=\"O que realmente acontece com seus dentes nos minutos ap\u00f3s comer a\u00e7\u00facar\" class=\"wp-image-149778\" srcset=\"https:\/\/www.em.com.br\/emfoco\/wp-content\/uploads\/2026\/01\/IA-17-3-1024x576.jpg 1024w, https:\/\/www.em.com.br\/emfoco\/wp-content\/uploads\/2026\/01\/IA-17-3-300x169.jpg 300w, https:\/\/www.em.com.br\/emfoco\/wp-content\/uploads\/2026\/01\/IA-17-3-768x432.jpg 768w, https:\/\/www.em.com.br\/emfoco\/wp-content\/uploads\/2026\/01\/IA-17-3-750x422.jpg 750w, https:\/\/www.em.com.br\/emfoco\/wp-content\/uploads\/2026\/01\/IA-17-3-1140x641.jpg 1140w, https:\/\/www.em.com.br\/emfoco\/wp-content\/uploads\/2026\/01\/IA-17-3.jpg 1280w\" sizes=\"auto, (max-width: 1024px) 100vw, 1024px\" \/><figcaption class=\"wp-element-caption\">Saliva neutraliza \u00e1cidos e auxilia na recupera\u00e7\u00e3o do esmalte dent\u00e1rio<\/figcaption><\/figure>\n\n\n\n<p><em>Leia mais: <strong><a href=\"https:\/\/www.em.com.br\/emfoco\/2026\/01\/01\/nao-e-so-a-escova-de-dentes-os-tres-itens-de-banheiro-que-nao-devem-ser-compartilhados\/\" target=\"_blank\" rel=\"noreferrer noopener\">N\u00e3o \u00e9 s\u00f3 a escova de dentes: os tr\u00eas itens de banheiro que n\u00e3o devem ser compartilhados<\/a><\/strong><\/em><\/p>\n\n\n\n<h2 class=\"wp-block-heading\">Por que o consumo frequente \u00e9 mais perigoso que a quantidade?<\/h2>\n\n\n\n<p><strong><a href=\"https:\/\/dimensionsofdentalhygiene.com\/article\/the-role-of-nutrition-in-dental-caries\/\" target=\"_blank\" rel=\"noreferrer noopener\">Estudos dos Centros de Controle e Preven\u00e7\u00e3o de Doen\u00e7as<\/a><\/strong> apontam que pequenas quantidades de a\u00e7\u00facar consumidas repetidamente mant\u00eam a acidez elevada por longos per\u00edodos, sobrecarregando as defesas naturais da saliva.<\/p>\n\n\n\n<ul class=\"wp-block-list\">\n<li><strong>Biofilme dental<\/strong>: placa bacteriana protege bact\u00e9rias do efeito da saliva.<\/li>\n\n\n\n<li><strong>Ambiente \u00e1cido<\/strong>: favorece bact\u00e9rias resistentes \u00e0 acidez.<\/li>\n\n\n\n<li><strong>Perda mineral cont\u00ednua<\/strong>: aumenta o risco de les\u00f5es e c\u00e1ries vis\u00edveis.<\/li>\n<\/ul>\n\n\n\n<h2 class=\"wp-block-heading\">Quais h\u00e1bitos ajudam a reduzir os danos do a\u00e7\u00facar?<\/h2>\n\n\n\n<p>A <strong>Associa\u00e7\u00e3o Dental Americana<\/strong> recomenda reduzir o consumo de a\u00e7\u00facar e concentrar doces nas refei\u00e7\u00f5es principais. Isso aproveita o aumento da saliva\u00e7\u00e3o, que ajuda a neutralizar os \u00e1cidos com mais efici\u00eancia.<\/p>\n\n\n\n<p>A dentista <strong>\u00c1ngela Pancorbo<\/strong> orienta manter uma rotina rigorosa de higiene, enquanto o dentista <strong>Iv\u00e1n Malag\u00f3n<\/strong> refor\u00e7a que escovar os dentes ap\u00f3s consumir a\u00e7\u00facar e evitar beliscos frequentes s\u00e3o medidas essenciais para prevenir c\u00e1ries.<\/p>\n","protected":false},"excerpt":{"rendered":"<p>O a\u00e7\u00facar \u00e9 metabolizado por bact\u00e9rias em minutos, gerando \u00e1cidos que reduzem o pH da boca e iniciam a desmineraliza\u00e7\u00e3o do esmalte. O consumo frequente mant\u00e9m acidez alta, favorece c\u00e1ries e sobrecarrega a a\u00e7\u00e3o protetora da saliva. O consumo de a\u00e7\u00facar provoca mudan\u00e7as imediatas na boca e inicia, em poucos minutos, processos que podem levar [&hellip;]<\/p>\n","protected":false},"author":13,"featured_media":149776,"comment_status":"open","ping_status":"open","sticky":false,"template":"","format":"standard","meta":{"jnews-multi-image_gallery":[],"jnews_single_post":{"format":"standard"},"jnews_primary_category":[],"jnews_social_meta":[],"jnews_override_counter":[],"footnotes":""},"categories":[9053],"tags":[3508,21870,10130],"class_list":["post-149598","post","type-post","status-publish","format-standard","has-post-thumbnail","hentry","category-saude","tag-acucar","tag-caries","tag-saude-bucal"],"yoast_head":"<!-- This site is optimized with the Yoast SEO plugin v23.8 - https:\/\/yoast.com\/wordpress\/plugins\/seo\/ -->\n<title>O que realmente acontece com seus dentes nos minutos ap\u00f3s comer a\u00e7\u00facar - Estado de Minas - Em foco<\/title>\n<meta name=\"description\" content=\"Comer a\u00e7\u00facar muda o pH da boca em minutos, favorecendo c\u00e1ries mesmo com escova\u00e7\u00e3o. Saiba como evitar esse impacto invis\u00edvel.\" \/>\n<meta name=\"robots\" content=\"index, follow, max-snippet:-1, max-image-preview:large, max-video-preview:-1\" \/>\n<link rel=\"canonical\" href=\"https:\/\/www.em.com.br\/emfoco\/2026\/01\/05\/o-que-realmente-acontece-com-seus-dentes-nos-minutos-apos-comer-acucar\/\" \/>\n<meta property=\"og:locale\" content=\"pt_BR\" \/>\n<meta property=\"og:type\" content=\"article\" \/>\n<meta property=\"og:title\" content=\"O que realmente acontece com seus dentes nos minutos ap\u00f3s comer a\u00e7\u00facar - Estado de Minas - Em foco\" \/>\n<meta property=\"og:description\" content=\"Comer a\u00e7\u00facar muda o pH da boca em minutos, favorecendo c\u00e1ries mesmo com escova\u00e7\u00e3o. Saiba como evitar esse impacto invis\u00edvel.\" \/>\n<meta property=\"og:url\" content=\"https:\/\/www.em.com.br\/emfoco\/2026\/01\/05\/o-que-realmente-acontece-com-seus-dentes-nos-minutos-apos-comer-acucar\/\" \/>\n<meta property=\"og:site_name\" content=\"Estado de Minas - Em foco\" \/>\n<meta property=\"article:published_time\" content=\"2026-01-05T19:35:00+00:00\" \/>\n<meta property=\"article:modified_time\" content=\"2026-01-02T18:23:54+00:00\" \/>\n<meta property=\"og:image\" content=\"https:\/\/www.em.com.br\/emfoco\/wp-content\/uploads\/2026\/01\/IA-16-3.jpg\" \/>\n\t<meta property=\"og:image:width\" content=\"1280\" \/>\n\t<meta property=\"og:image:height\" content=\"720\" \/>\n\t<meta property=\"og:image:type\" content=\"image\/jpeg\" \/>\n<meta name=\"author\" content=\"Gabriel Martins\" \/>\n<meta name=\"twitter:card\" content=\"summary_large_image\" \/>\n<meta name=\"twitter:label1\" content=\"Escrito por\" \/>\n\t<meta name=\"twitter:data1\" content=\"Gabriel Martins\" \/>\n\t<meta name=\"twitter:label2\" content=\"Est. tempo de leitura\" \/>\n\t<meta name=\"twitter:data2\" content=\"4 minutos\" \/>\n<!-- \/ Yoast SEO plugin. -->","yoast_head_json":{"title":"O que realmente acontece com seus dentes nos minutos ap\u00f3s comer a\u00e7\u00facar - Estado de Minas - Em foco","description":"Comer a\u00e7\u00facar muda o pH da boca em minutos, favorecendo c\u00e1ries mesmo com escova\u00e7\u00e3o. Saiba como evitar esse impacto invis\u00edvel.","robots":{"index":"index","follow":"follow","max-snippet":"max-snippet:-1","max-image-preview":"max-image-preview:large","max-video-preview":"max-video-preview:-1"},"canonical":"https:\/\/www.em.com.br\/emfoco\/2026\/01\/05\/o-que-realmente-acontece-com-seus-dentes-nos-minutos-apos-comer-acucar\/","og_locale":"pt_BR","og_type":"article","og_title":"O que realmente acontece com seus dentes nos minutos ap\u00f3s comer a\u00e7\u00facar - Estado de Minas - Em foco","og_description":"Comer a\u00e7\u00facar muda o pH da boca em minutos, favorecendo c\u00e1ries mesmo com escova\u00e7\u00e3o. Saiba como evitar esse impacto invis\u00edvel.","og_url":"https:\/\/www.em.com.br\/emfoco\/2026\/01\/05\/o-que-realmente-acontece-com-seus-dentes-nos-minutos-apos-comer-acucar\/","og_site_name":"Estado de Minas - Em foco","article_published_time":"2026-01-05T19:35:00+00:00","article_modified_time":"2026-01-02T18:23:54+00:00","og_image":[{"width":1280,"height":720,"url":"https:\/\/www.em.com.br\/emfoco\/wp-content\/uploads\/2026\/01\/IA-16-3.jpg","type":"image\/jpeg"}],"author":"Gabriel Martins","twitter_card":"summary_large_image","twitter_misc":{"Escrito por":"Gabriel Martins","Est. tempo de leitura":"4 minutos"},"schema":{"@context":"https:\/\/schema.org","@graph":[{"@type":"WebPage","@id":"https:\/\/www.em.com.br\/emfoco\/2026\/01\/05\/o-que-realmente-acontece-com-seus-dentes-nos-minutos-apos-comer-acucar\/","url":"https:\/\/www.em.com.br\/emfoco\/2026\/01\/05\/o-que-realmente-acontece-com-seus-dentes-nos-minutos-apos-comer-acucar\/","name":"O que realmente acontece com seus dentes nos minutos ap\u00f3s comer a\u00e7\u00facar - Estado de Minas - Em foco","isPartOf":{"@id":"https:\/\/www.em.com.br\/emfoco\/#website"},"primaryImageOfPage":{"@id":"https:\/\/www.em.com.br\/emfoco\/2026\/01\/05\/o-que-realmente-acontece-com-seus-dentes-nos-minutos-apos-comer-acucar\/#primaryimage"},"image":{"@id":"https:\/\/www.em.com.br\/emfoco\/2026\/01\/05\/o-que-realmente-acontece-com-seus-dentes-nos-minutos-apos-comer-acucar\/#primaryimage"},"thumbnailUrl":"https:\/\/www.em.com.br\/emfoco\/wp-content\/uploads\/2026\/01\/IA-16-3.jpg","datePublished":"2026-01-05T19:35:00+00:00","dateModified":"2026-01-02T18:23:54+00:00","author":{"@id":"https:\/\/www.em.com.br\/emfoco\/#\/schema\/person\/1c9ddeab18b98abeffef834667bcf08a"},"description":"Comer a\u00e7\u00facar muda o pH da boca em minutos, favorecendo c\u00e1ries mesmo com escova\u00e7\u00e3o. Saiba como evitar esse impacto invis\u00edvel.","breadcrumb":{"@id":"https:\/\/www.em.com.br\/emfoco\/2026\/01\/05\/o-que-realmente-acontece-com-seus-dentes-nos-minutos-apos-comer-acucar\/#breadcrumb"},"inLanguage":"pt-BR","potentialAction":[{"@type":"ReadAction","target":["https:\/\/www.em.com.br\/emfoco\/2026\/01\/05\/o-que-realmente-acontece-com-seus-dentes-nos-minutos-apos-comer-acucar\/"]}]},{"@type":"ImageObject","inLanguage":"pt-BR","@id":"https:\/\/www.em.com.br\/emfoco\/2026\/01\/05\/o-que-realmente-acontece-com-seus-dentes-nos-minutos-apos-comer-acucar\/#primaryimage","url":"https:\/\/www.em.com.br\/emfoco\/wp-content\/uploads\/2026\/01\/IA-16-3.jpg","contentUrl":"https:\/\/www.em.com.br\/emfoco\/wp-content\/uploads\/2026\/01\/IA-16-3.jpg","width":1280,"height":720,"caption":"A\u00e7\u00facar provoca rea\u00e7\u00f5es r\u00e1pidas na boca que favorecem surgimento de c\u00e1ries"},{"@type":"BreadcrumbList","@id":"https:\/\/www.em.com.br\/emfoco\/2026\/01\/05\/o-que-realmente-acontece-com-seus-dentes-nos-minutos-apos-comer-acucar\/#breadcrumb","itemListElement":[{"@type":"ListItem","position":1,"name":"In\u00edcio","item":"https:\/\/www.em.com.br\/emfoco\/"},{"@type":"ListItem","position":2,"name":"O que realmente acontece com seus dentes nos minutos ap\u00f3s comer a\u00e7\u00facar"}]},{"@type":"WebSite","@id":"https:\/\/www.em.com.br\/emfoco\/#website","url":"https:\/\/www.em.com.br\/emfoco\/","name":"Estado de Minas - Em foco","description":"Acompanhe as \u00faltimas not\u00edcias e fique bem informado sobre tudo o que acontece em Minas Gerais, Brasil e no mundo.","potentialAction":[{"@type":"SearchAction","target":{"@type":"EntryPoint","urlTemplate":"https:\/\/www.em.com.br\/emfoco\/?s={search_term_string}"},"query-input":{"@type":"PropertyValueSpecification","valueRequired":true,"valueName":"search_term_string"}}],"inLanguage":"pt-BR"},{"@type":"Person","@id":"https:\/\/www.em.com.br\/emfoco\/#\/schema\/person\/1c9ddeab18b98abeffef834667bcf08a","name":"Gabriel Martins","image":{"@type":"ImageObject","inLanguage":"pt-BR","@id":"https:\/\/www.em.com.br\/emfoco\/#\/schema\/person\/image\/","url":"https:\/\/secure.gravatar.com\/avatar\/f0f1e2efdfd88f1ad2cb08c5c2731e50?s=96&d=mm&r=g","contentUrl":"https:\/\/secure.gravatar.com\/avatar\/f0f1e2efdfd88f1ad2cb08c5c2731e50?s=96&d=mm&r=g","caption":"Gabriel Martins"},"sameAs":["https:\/\/www.em.com.br\/emfoco\/"],"url":"https:\/\/www.em.com.br\/emfoco\/author\/gabrielmartinsmyth\/"}]}},"_links":{"self":[{"href":"https:\/\/www.em.com.br\/emfoco\/wp-json\/wp\/v2\/posts\/149598","targetHints":{"allow":["GET"]}}],"collection":[{"href":"https:\/\/www.em.com.br\/emfoco\/wp-json\/wp\/v2\/posts"}],"about":[{"href":"https:\/\/www.em.com.br\/emfoco\/wp-json\/wp\/v2\/types\/post"}],"author":[{"embeddable":true,"href":"https:\/\/www.em.com.br\/emfoco\/wp-json\/wp\/v2\/users\/13"}],"replies":[{"embeddable":true,"href":"https:\/\/www.em.com.br\/emfoco\/wp-json\/wp\/v2\/comments?post=149598"}],"version-history":[{"count":2,"href":"https:\/\/www.em.com.br\/emfoco\/wp-json\/wp\/v2\/posts\/149598\/revisions"}],"predecessor-version":[{"id":149780,"href":"https:\/\/www.em.com.br\/emfoco\/wp-json\/wp\/v2\/posts\/149598\/revisions\/149780"}],"wp:featuredmedia":[{"embeddable":true,"href":"https:\/\/www.em.com.br\/emfoco\/wp-json\/wp\/v2\/media\/149776"}],"wp:attachment":[{"href":"https:\/\/www.em.com.br\/emfoco\/wp-json\/wp\/v2\/media?parent=149598"}],"wp:term":[{"taxonomy":"category","embeddable":true,"href":"https:\/\/www.em.com.br\/emfoco\/wp-json\/wp\/v2\/categories?post=149598"},{"taxonomy":"post_tag","embeddable":true,"href":"https:\/\/www.em.com.br\/emfoco\/wp-json\/wp\/v2\/tags?post=149598"}],"curies":[{"name":"wp","href":"https:\/\/api.w.org\/{rel}","templated":true}]}}