{"id":149588,"date":"2026-01-03T09:35:00","date_gmt":"2026-01-03T12:35:00","guid":{"rendered":"https:\/\/www.em.com.br\/emfoco\/?p=149588"},"modified":"2026-01-02T14:51:23","modified_gmt":"2026-01-02T17:51:23","slug":"veja-como-fazer-seu-proprio-aromatizador-para-o-carro","status":"publish","type":"post","link":"https:\/\/www.em.com.br\/emfoco\/2026\/01\/03\/veja-como-fazer-seu-proprio-aromatizador-para-o-carro\/","title":{"rendered":"Veja como fazer seu pr\u00f3prio aromatizador para o carro"},"content":{"rendered":"\n<p>A produ\u00e7\u00e3o de aromatizador para carro em pequena escala tem se tornado uma op\u00e7\u00e3o frequente entre pessoas que buscam perfumar o ve\u00edculo e, ao mesmo tempo, encontrar uma alternativa de renda complementar, pois exige baixo investimento inicial, insumos f\u00e1ceis de adquirir e um processo simples, permitindo uso dom\u00e9stico e revenda em mercados locais e nichos automotivos.<\/p>\n\n\n\n<h2 class=\"wp-block-heading\">O que \u00e9 aromatizador para carro e por que esse produto ganhou tanto espa\u00e7o<\/h2>\n\n\n\n<p>Para melhor visualiza\u00e7\u00e3o separamos cuidadosamente um v\u00eddeo do canal <strong>@<a href=\"https:\/\/www.youtube.com\/@Juufermano\" target=\"_blank\" rel=\"noreferrer noopener\">Juliana Fermano<\/a> no Youtube<\/strong> que voc\u00ea pode conferir a seguir:<\/p>\n\n\n\n<iframe loading=\"lazy\" width=\"873\" height=\"491\" src=\"https:\/\/www.youtube.com\/embed\/dfZZ99U5zx8\" title=\"Aprenda a fazer AROMATIZADOR PARA CARRO - Juliana Fermano\" frameborder=\"0\" allow=\"accelerometer; autoplay; clipboard-write; encrypted-media; gyroscope; picture-in-picture; web-share\" referrerpolicy=\"strict-origin-when-cross-origin\" allowfullscreen><\/iframe>\n\n\n\n<p>O aromatizador para carro \u00e9 um produto desenvolvido para perfumar o interior de ve\u00edculos de forma cont\u00ednua ou pontual, dependendo do formato escolhido. Em geral, ele \u00e9 composto por uma base l\u00edquida, uma ess\u00eancia concentrada e, em alguns casos, corantes para dar apar\u00eancia mais atrativa ao produto, garantindo boa fixa\u00e7\u00e3o e resist\u00eancia ao calor interno.<\/p>\n\n\n\n<p>O crescimento do uso de aromatizantes automotivos est\u00e1 ligado ao aumento do tempo que muitas pessoas passam dentro do carro e \u00e0 expans\u00e3o de servi\u00e7os de transporte por aplicativo. Motoristas que trabalham diariamente com passageiros priorizam um ambiente interno organizado e cheiroso, vendo o aromatizador artesanal como op\u00e7\u00e3o de baixo custo, personaliz\u00e1vel em fragr\u00e2ncias e identidade visual.<\/p>\n\n\n\n<h2 class=\"wp-block-heading\">Quais s\u00e3o os principais tipos de aromatizador automotivo dispon\u00edveis<\/h2>\n\n\n\n<p>No mercado de aromatizador para carro, dois formatos se destacam entre os artesanais: o spray aromatizador e o pingente perfumado. Cada um deles apresenta forma de uso, rendimento e intensidade de perfume diferentes, o que permite trabalhar com mais de uma linha de produto e alcan\u00e7ar p\u00fablicos variados.<\/p>\n\n\n\n<p>Essa variedade de modelos torna o aromatizador automotivo um item atrativo para kits, brindes corporativos e a\u00e7\u00f5es de fideliza\u00e7\u00e3o em postos de combust\u00edvel e centros automotivos. Aromas amadeirados, c\u00edtricos, florais suaves e fragr\u00e2ncias inspiradas em perfumes conhecidos costumam ter boa aceita\u00e7\u00e3o entre motoristas e passageiros.<\/p>\n\n\n\n<ul class=\"wp-block-list\">\n<li><strong>Spray aromatizador para carro<\/strong>: usado para aplica\u00e7\u00e3o direta em estofados, tapetes, forros de porta e regi\u00f5es internas do ve\u00edculo, permitindo uso pontual quando o motorista deseja refor\u00e7ar o perfume.<\/li>\n\n\n\n<li><strong>Pingente arom\u00e1tico<\/strong>: frasco pequeno com tampa de madeira ou material poroso, pendurado no retrovisor ou pr\u00f3ximo ao painel, liberando aroma aos poucos, de forma cont\u00ednua, durante v\u00e1rios dias.<\/li>\n<\/ul>\n\n\n\n<p>Leia mais: <a href=\"https:\/\/www.em.com.br\/emfoco\/2026\/01\/02\/as-autoridades-fiscais-poderao-rastrear-as-transacoes-do-seu-cartao-a-partir-de-1o-de-janeiro-se-voce-ultrapassar-esse-limite\/\" target=\"_blank\" rel=\"noreferrer noopener\">As autoridades fiscais poder\u00e3o rastrear as transa\u00e7\u00f5es do seu cart\u00e3o a partir de 1\u00ba de janeiro se voc\u00ea ultrapassar esse limite<\/a><\/p>\n\n\n\n<h2 class=\"wp-block-heading\">Como fazer aromatizador para carro passo a passo de forma simples<\/h2>\n\n\n\n<p>A fabrica\u00e7\u00e3o artesanal de aromatizador para carro n\u00e3o exige equipamentos complexos, mas requer cuidado com medidas, escolha correta dos insumos e aten\u00e7\u00e3o \u00e0s normas b\u00e1sicas de seguran\u00e7a. Em geral, o processo envolve tr\u00eas etapas principais: separa\u00e7\u00e3o dos materiais, preparo da mistura e envase, sempre em ambiente limpo e bem ventilado.<\/p>\n\n\n\n<p>\u00c9 importante usar frascos adequados, tampas compat\u00edveis com o tipo de produto e r\u00f3tulos com informa\u00e7\u00f5es essenciais, como fragr\u00e2ncia, data de fabrica\u00e7\u00e3o e contatos do produtor. Assim, o artes\u00e3o organiza melhor a produ\u00e7\u00e3o e transmite mais confian\u00e7a ao consumidor final.<\/p>\n\n\n\n<p><strong>Separa\u00e7\u00e3o dos materiais b\u00e1sicos:<\/strong><\/p>\n\n\n\n<ol class=\"wp-block-list\"><\/ol>\n\n\n\n<ul class=\"wp-block-list\">\n<li>Recipiente com medidor de volume (b\u00e9quer ou copo graduado);<\/li>\n\n\n\n<li>Proveta ou copo medidor para os mililitros;<\/li>\n\n\n\n<li>Esp\u00e1tula ou haste para misturar;<\/li>\n\n\n\n<li>Funil;<\/li>\n\n\n\n<li>Frascos de vidro ou pl\u00e1stico pr\u00f3prios para aromatizadores;<\/li>\n\n\n\n<li>Tampa com batoque ou v\u00e1lvula spray, conforme o tipo de produto;<\/li>\n\n\n\n<li><strong>Base pronta para aromatizador<\/strong> (normalmente contendo \u00e1lcool, \u00e1gua e fixador);<\/li>\n\n\n\n<li><strong>Ess\u00eancia concentrada \u00e0 base de \u00f3leo<\/strong> adequada para uso em ambientes fechados;<\/li>\n\n\n\n<li>Corante \u00e0 base de \u00e1gua, se houver interesse em colorir o l\u00edquido.<\/li>\n<\/ul>\n\n\n\n<h2 class=\"wp-block-heading\">Preparo do spray aromatizador automotivo<\/h2>\n\n\n<div class=\"wp-block-image\">\n<figure class=\"aligncenter size-large\"><img loading=\"lazy\" decoding=\"async\" width=\"1024\" height=\"576\" src=\"https:\/\/www.em.com.br\/emfoco\/wp-content\/uploads\/2026\/01\/aroma-carro_1767373192564-1024x576.jpg\" alt=\"\" class=\"wp-image-149667\" srcset=\"https:\/\/www.em.com.br\/emfoco\/wp-content\/uploads\/2026\/01\/aroma-carro_1767373192564-1024x576.jpg 1024w, https:\/\/www.em.com.br\/emfoco\/wp-content\/uploads\/2026\/01\/aroma-carro_1767373192564-300x169.jpg 300w, https:\/\/www.em.com.br\/emfoco\/wp-content\/uploads\/2026\/01\/aroma-carro_1767373192564-768x432.jpg 768w, https:\/\/www.em.com.br\/emfoco\/wp-content\/uploads\/2026\/01\/aroma-carro_1767373192564-750x422.jpg 750w, https:\/\/www.em.com.br\/emfoco\/wp-content\/uploads\/2026\/01\/aroma-carro_1767373192564-1140x641.jpg 1140w, https:\/\/www.em.com.br\/emfoco\/wp-content\/uploads\/2026\/01\/aroma-carro_1767373192564.jpg 1280w\" sizes=\"auto, (max-width: 1024px) 100vw, 1024px\" \/><figcaption class=\"wp-element-caption\">Aromatizador para carro artesanal simples &#8211; Cr\u00e9ditos: depositphotos.com \/ serezniy<\/figcaption><\/figure><\/div>\n\n\n<p>No spray, a mistura costuma seguir propor\u00e7\u00e3o em que a base representa a maior parte do volume, enquanto a ess\u00eancia entra em quantidade menor, mas suficiente para garantir perfume intenso. Um exemplo simples utiliza 80 ml de base para 20 ml de ess\u00eancia, chegando a 100 ml de produto final, mexendo at\u00e9 ficar homog\u00eaneo.<\/p>\n\n\n\n<ol start=\"2\" class=\"wp-block-list\"><\/ol>\n\n\n\n<p>A base \u00e9 adicionada ao recipiente medidor, seguida da ess\u00eancia, e a mistura \u00e9 agitada suavemente at\u00e9 n\u00e3o haver separa\u00e7\u00e3o vis\u00edvel. Se desejado, algumas gotas de corante podem ser inclu\u00eddas com modera\u00e7\u00e3o, para evitar manchas em tecidos e manter a apar\u00eancia agrad\u00e1vel do produto.<\/p>\n\n\n\n<p>Leia mais: <a href=\"https:\/\/www.em.com.br\/emfoco\/2026\/01\/02\/corpo-inchado-e-pesado-saiba-como-o-cha-de-hibisco-com-limao-ajuda\/\" target=\"_blank\" rel=\"noreferrer noopener\">Corpo inchado e pesado? Saiba como o ch\u00e1 de hibisco com lim\u00e3o ajuda<\/a><\/p>\n\n\n\n<h2 class=\"wp-block-heading\">Preparo do pingente arom\u00e1tico para carro<\/h2>\n\n\n\n<p>Para o pingente aromatizador, a quantidade de ess\u00eancia costuma ser maior, j\u00e1 que o produto fica exposto ao calor constante e precisa manter o cheiro por mais tempo. Uma propor\u00e7\u00e3o comum \u00e9 trabalhar com metade de base e metade de ess\u00eancia, misturando at\u00e9 formar solu\u00e7\u00e3o uniforme e est\u00e1vel.<\/p>\n\n\n\n<ol start=\"3\" class=\"wp-block-list\"><\/ol>\n\n\n\n<p>Depois do preparo, o l\u00edquido \u00e9 transferido para pequenos frascos com tampa de madeira ou outro material poroso, que absorve gradualmente o conte\u00fado e libera o aroma para o interior do ve\u00edculo. \u00c9 recomend\u00e1vel vedar bem o frasco, rotular e orientar o cliente sobre n\u00e3o virar o produto em excesso para evitar vazamentos.<\/p>\n","protected":false},"excerpt":{"rendered":"<p>A produ\u00e7\u00e3o de aromatizador para carro em pequena escala tem se tornado uma op\u00e7\u00e3o frequente entre pessoas que buscam perfumar o ve\u00edculo e, ao mesmo tempo, encontrar uma alternativa de renda complementar, pois exige baixo investimento inicial, insumos f\u00e1ceis de adquirir e um processo simples, permitindo uso dom\u00e9stico e revenda em mercados locais e nichos [&hellip;]<\/p>\n","protected":false},"author":20,"featured_media":149666,"comment_status":"open","ping_status":"open","sticky":false,"template":"","format":"standard","meta":{"jnews-multi-image_gallery":[],"jnews_single_post":{"format":"standard"},"jnews_primary_category":[],"jnews_social_meta":[],"jnews_override_counter":[],"footnotes":""},"categories":[8819,1],"tags":[15038,770,1116],"class_list":["post-149588","post","type-post","status-publish","format-standard","has-post-thumbnail","hentry","category-curiosidades","category-noticias","tag-aromatizador","tag-artesanato","tag-carros"],"yoast_head":"<!-- This site is optimized with the Yoast SEO plugin v23.8 - https:\/\/yoast.com\/wordpress\/plugins\/seo\/ -->\n<title>Veja como fazer seu pr\u00f3prio aromatizador para o carro - Estado de Minas - Em foco<\/title>\n<meta name=\"description\" content=\"Aromatizador para carro artesanal \u00e9 f\u00e1cil de fazer, exige baixo investimento e permite uso pessoal ou renda extra com sprays e pingentes perfumados.\" \/>\n<meta name=\"robots\" content=\"index, follow, max-snippet:-1, max-image-preview:large, max-video-preview:-1\" \/>\n<link rel=\"canonical\" href=\"https:\/\/www.em.com.br\/emfoco\/2026\/01\/03\/veja-como-fazer-seu-proprio-aromatizador-para-o-carro\/\" \/>\n<meta property=\"og:locale\" content=\"pt_BR\" \/>\n<meta property=\"og:type\" content=\"article\" \/>\n<meta property=\"og:title\" content=\"Veja como fazer seu pr\u00f3prio aromatizador para o carro - Estado de Minas - Em foco\" \/>\n<meta property=\"og:description\" content=\"Aromatizador para carro artesanal \u00e9 f\u00e1cil de fazer, exige baixo investimento e permite uso pessoal ou renda extra com sprays e pingentes perfumados.\" \/>\n<meta property=\"og:url\" content=\"https:\/\/www.em.com.br\/emfoco\/2026\/01\/03\/veja-como-fazer-seu-proprio-aromatizador-para-o-carro\/\" \/>\n<meta property=\"og:site_name\" content=\"Estado de Minas - Em foco\" \/>\n<meta property=\"article:published_time\" content=\"2026-01-03T12:35:00+00:00\" \/>\n<meta property=\"article:modified_time\" content=\"2026-01-02T17:51:23+00:00\" \/>\n<meta property=\"og:image\" content=\"https:\/\/www.em.com.br\/emfoco\/wp-content\/uploads\/2026\/01\/aroma-carro_1767373164236.jpg\" \/>\n\t<meta property=\"og:image:width\" content=\"1280\" \/>\n\t<meta property=\"og:image:height\" content=\"720\" \/>\n\t<meta property=\"og:image:type\" content=\"image\/jpeg\" \/>\n<meta name=\"author\" content=\"Ingrid Diniz\" \/>\n<meta name=\"twitter:card\" content=\"summary_large_image\" \/>\n<meta name=\"twitter:label1\" content=\"Escrito por\" \/>\n\t<meta name=\"twitter:data1\" content=\"Ingrid Diniz\" \/>\n\t<meta name=\"twitter:label2\" content=\"Est. tempo de leitura\" \/>\n\t<meta name=\"twitter:data2\" content=\"5 minutos\" \/>\n<!-- \/ Yoast SEO plugin. -->","yoast_head_json":{"title":"Veja como fazer seu pr\u00f3prio aromatizador para o carro - Estado de Minas - Em foco","description":"Aromatizador para carro artesanal \u00e9 f\u00e1cil de fazer, exige baixo investimento e permite uso pessoal ou renda extra com sprays e pingentes perfumados.","robots":{"index":"index","follow":"follow","max-snippet":"max-snippet:-1","max-image-preview":"max-image-preview:large","max-video-preview":"max-video-preview:-1"},"canonical":"https:\/\/www.em.com.br\/emfoco\/2026\/01\/03\/veja-como-fazer-seu-proprio-aromatizador-para-o-carro\/","og_locale":"pt_BR","og_type":"article","og_title":"Veja como fazer seu pr\u00f3prio aromatizador para o carro - Estado de Minas - Em foco","og_description":"Aromatizador para carro artesanal \u00e9 f\u00e1cil de fazer, exige baixo investimento e permite uso pessoal ou renda extra com sprays e pingentes perfumados.","og_url":"https:\/\/www.em.com.br\/emfoco\/2026\/01\/03\/veja-como-fazer-seu-proprio-aromatizador-para-o-carro\/","og_site_name":"Estado de Minas - Em foco","article_published_time":"2026-01-03T12:35:00+00:00","article_modified_time":"2026-01-02T17:51:23+00:00","og_image":[{"width":1280,"height":720,"url":"https:\/\/www.em.com.br\/emfoco\/wp-content\/uploads\/2026\/01\/aroma-carro_1767373164236.jpg","type":"image\/jpeg"}],"author":"Ingrid Diniz","twitter_card":"summary_large_image","twitter_misc":{"Escrito por":"Ingrid Diniz","Est. tempo de leitura":"5 minutos"},"schema":{"@context":"https:\/\/schema.org","@graph":[{"@type":"WebPage","@id":"https:\/\/www.em.com.br\/emfoco\/2026\/01\/03\/veja-como-fazer-seu-proprio-aromatizador-para-o-carro\/","url":"https:\/\/www.em.com.br\/emfoco\/2026\/01\/03\/veja-como-fazer-seu-proprio-aromatizador-para-o-carro\/","name":"Veja como fazer seu pr\u00f3prio aromatizador para o carro - Estado de Minas - Em foco","isPartOf":{"@id":"https:\/\/www.em.com.br\/emfoco\/#website"},"primaryImageOfPage":{"@id":"https:\/\/www.em.com.br\/emfoco\/2026\/01\/03\/veja-como-fazer-seu-proprio-aromatizador-para-o-carro\/#primaryimage"},"image":{"@id":"https:\/\/www.em.com.br\/emfoco\/2026\/01\/03\/veja-como-fazer-seu-proprio-aromatizador-para-o-carro\/#primaryimage"},"thumbnailUrl":"https:\/\/www.em.com.br\/emfoco\/wp-content\/uploads\/2026\/01\/aroma-carro_1767373164236.jpg","datePublished":"2026-01-03T12:35:00+00:00","dateModified":"2026-01-02T17:51:23+00:00","author":{"@id":"https:\/\/www.em.com.br\/emfoco\/#\/schema\/person\/649e610b4eb8fff87ff394e54fe17b2b"},"description":"Aromatizador para carro artesanal \u00e9 f\u00e1cil de fazer, exige baixo investimento e permite uso pessoal ou renda extra com sprays e pingentes perfumados.","breadcrumb":{"@id":"https:\/\/www.em.com.br\/emfoco\/2026\/01\/03\/veja-como-fazer-seu-proprio-aromatizador-para-o-carro\/#breadcrumb"},"inLanguage":"pt-BR","potentialAction":[{"@type":"ReadAction","target":["https:\/\/www.em.com.br\/emfoco\/2026\/01\/03\/veja-como-fazer-seu-proprio-aromatizador-para-o-carro\/"]}]},{"@type":"ImageObject","inLanguage":"pt-BR","@id":"https:\/\/www.em.com.br\/emfoco\/2026\/01\/03\/veja-como-fazer-seu-proprio-aromatizador-para-o-carro\/#primaryimage","url":"https:\/\/www.em.com.br\/emfoco\/wp-content\/uploads\/2026\/01\/aroma-carro_1767373164236.jpg","contentUrl":"https:\/\/www.em.com.br\/emfoco\/wp-content\/uploads\/2026\/01\/aroma-carro_1767373164236.jpg","width":1280,"height":720,"caption":"Aromatizador para carro artesanal simples - Cr\u00e9ditos: depositphotos.com \/ Palenbash"},{"@type":"BreadcrumbList","@id":"https:\/\/www.em.com.br\/emfoco\/2026\/01\/03\/veja-como-fazer-seu-proprio-aromatizador-para-o-carro\/#breadcrumb","itemListElement":[{"@type":"ListItem","position":1,"name":"In\u00edcio","item":"https:\/\/www.em.com.br\/emfoco\/"},{"@type":"ListItem","position":2,"name":"Veja como fazer seu pr\u00f3prio aromatizador para o carro"}]},{"@type":"WebSite","@id":"https:\/\/www.em.com.br\/emfoco\/#website","url":"https:\/\/www.em.com.br\/emfoco\/","name":"Estado de Minas - Em foco","description":"Acompanhe as \u00faltimas not\u00edcias e fique bem informado sobre tudo o que acontece em Minas Gerais, Brasil e no mundo.","potentialAction":[{"@type":"SearchAction","target":{"@type":"EntryPoint","urlTemplate":"https:\/\/www.em.com.br\/emfoco\/?s={search_term_string}"},"query-input":{"@type":"PropertyValueSpecification","valueRequired":true,"valueName":"search_term_string"}}],"inLanguage":"pt-BR"},{"@type":"Person","@id":"https:\/\/www.em.com.br\/emfoco\/#\/schema\/person\/649e610b4eb8fff87ff394e54fe17b2b","name":"Ingrid Diniz","image":{"@type":"ImageObject","inLanguage":"pt-BR","@id":"https:\/\/www.em.com.br\/emfoco\/#\/schema\/person\/image\/","url":"https:\/\/secure.gravatar.com\/avatar\/a3baa1449ec5c39b4c42babc9d4f3951?s=96&d=mm&r=g","contentUrl":"https:\/\/secure.gravatar.com\/avatar\/a3baa1449ec5c39b4c42babc9d4f3951?s=96&d=mm&r=g","caption":"Ingrid Diniz"},"sameAs":["https:\/\/www.em.com.br\/"],"url":"https:\/\/www.em.com.br\/emfoco\/author\/ingridmyth\/"}]}},"_links":{"self":[{"href":"https:\/\/www.em.com.br\/emfoco\/wp-json\/wp\/v2\/posts\/149588","targetHints":{"allow":["GET"]}}],"collection":[{"href":"https:\/\/www.em.com.br\/emfoco\/wp-json\/wp\/v2\/posts"}],"about":[{"href":"https:\/\/www.em.com.br\/emfoco\/wp-json\/wp\/v2\/types\/post"}],"author":[{"embeddable":true,"href":"https:\/\/www.em.com.br\/emfoco\/wp-json\/wp\/v2\/users\/20"}],"replies":[{"embeddable":true,"href":"https:\/\/www.em.com.br\/emfoco\/wp-json\/wp\/v2\/comments?post=149588"}],"version-history":[{"count":1,"href":"https:\/\/www.em.com.br\/emfoco\/wp-json\/wp\/v2\/posts\/149588\/revisions"}],"predecessor-version":[{"id":149670,"href":"https:\/\/www.em.com.br\/emfoco\/wp-json\/wp\/v2\/posts\/149588\/revisions\/149670"}],"wp:featuredmedia":[{"embeddable":true,"href":"https:\/\/www.em.com.br\/emfoco\/wp-json\/wp\/v2\/media\/149666"}],"wp:attachment":[{"href":"https:\/\/www.em.com.br\/emfoco\/wp-json\/wp\/v2\/media?parent=149588"}],"wp:term":[{"taxonomy":"category","embeddable":true,"href":"https:\/\/www.em.com.br\/emfoco\/wp-json\/wp\/v2\/categories?post=149588"},{"taxonomy":"post_tag","embeddable":true,"href":"https:\/\/www.em.com.br\/emfoco\/wp-json\/wp\/v2\/tags?post=149588"}],"curies":[{"name":"wp","href":"https:\/\/api.w.org\/{rel}","templated":true}]}}