{"id":149442,"date":"2026-01-02T11:25:00","date_gmt":"2026-01-02T14:25:00","guid":{"rendered":"https:\/\/www.em.com.br\/emfoco\/?p=149442"},"modified":"2026-01-02T05:17:03","modified_gmt":"2026-01-02T08:17:03","slug":"pouca-gente-imagina-que-existe-uma-cidade-no-litoral-paulista-onde-o-maior-jardim-de-orla-do-mundo-faz-parte-da-vida-diaria","status":"publish","type":"post","link":"https:\/\/www.em.com.br\/emfoco\/2026\/01\/02\/pouca-gente-imagina-que-existe-uma-cidade-no-litoral-paulista-onde-o-maior-jardim-de-orla-do-mundo-faz-parte-da-vida-diaria\/","title":{"rendered":"Pouca gente imagina que existe uma cidade no litoral paulista onde o maior jardim de orla do mundo faz parte da vida di\u00e1ria"},"content":{"rendered":"\n<p>Localizada a cerca de 70 km da capital paulista, a cidade de <strong>Santos<\/strong> \u00e9 mundialmente famosa por abrigar o maior jardim de orla do planeta. A regi\u00e3o une o dinamismo do maior porto da Am\u00e9rica Latina com um estilo de vida focado no bem-estar e na preserva\u00e7\u00e3o da cultura santista.<\/p>\n\n\n\n<h2 class=\"wp-block-heading\">Por que a qualidade de vida atrai novos moradores ao litoral<\/h2>\n\n\n\n<p>Viver nesta regi\u00e3o permite equilibrar a rotina profissional com o contato direto com o mar e \u00e1reas verdes preservadas. A <strong>Baixada Santista<\/strong> disp\u00f5e de uma rede de servi\u00e7os completa que atende moradores de todos os perfis com excel\u00eancia e agilidade.<\/p>\n\n\n\n<p>A presen\u00e7a de ciclovias e \u00e1reas de lazer ao ar livre estimula h\u00e1bitos saud\u00e1veis em toda a popula\u00e7\u00e3o local. A localidade \u00e9 ideal para quem busca seguran\u00e7a e proximidade estrat\u00e9gica com os principais centros econ\u00f4micos do estado de <strong>S\u00e3o Paulo<\/strong>.<\/p>\n\n\n<div class=\"wp-block-image\">\n<figure class=\"aligncenter size-large\"><img loading=\"lazy\" decoding=\"async\" width=\"1024\" height=\"576\" src=\"https:\/\/www.em.com.br\/emfoco\/wp-content\/uploads\/2025\/12\/Santos-SP-brasil_1732539637099-1024x576.jpg\" alt=\"Pouca gente imagina que existe uma cidade no litoral paulista onde o maior jardim de orla do mundo faz parte da vida di\u00e1ria\" class=\"wp-image-143437\" srcset=\"https:\/\/www.em.com.br\/emfoco\/wp-content\/uploads\/2025\/12\/Santos-SP-brasil_1732539637099-1024x576.jpg 1024w, https:\/\/www.em.com.br\/emfoco\/wp-content\/uploads\/2025\/12\/Santos-SP-brasil_1732539637099-300x169.jpg 300w, https:\/\/www.em.com.br\/emfoco\/wp-content\/uploads\/2025\/12\/Santos-SP-brasil_1732539637099-768x432.jpg 768w, https:\/\/www.em.com.br\/emfoco\/wp-content\/uploads\/2025\/12\/Santos-SP-brasil_1732539637099-750x422.jpg 750w, https:\/\/www.em.com.br\/emfoco\/wp-content\/uploads\/2025\/12\/Santos-SP-brasil_1732539637099-1140x641.jpg 1140w, https:\/\/www.em.com.br\/emfoco\/wp-content\/uploads\/2025\/12\/Santos-SP-brasil_1732539637099.jpg 1280w\" sizes=\"auto, (max-width: 1024px) 100vw, 1024px\" \/><figcaption class=\"wp-element-caption\">Santos, um destino que une belezas naturais e riqueza cultural em um estilo de vida acolhedor. \/\/ Cr\u00e9ditos: depositphotos.com \/ vbacarin<\/figcaption><\/figure><\/div>\n\n\n<h2 class=\"wp-block-heading\">Dados importantes sobre o desenvolvimento da cidade santista<\/h2>\n\n\n\n<p>Segundo o <strong><a href=\"https:\/\/cidades.ibge.gov.br\/brasil\/sp\/santos\/panorama\" target=\"_blank\" rel=\"noreferrer noopener\">Instituto Brasileiro de Geografia e Estat\u00edstica<\/a><\/strong> (<strong>IBGE<\/strong>), o munic\u00edpio possui \u00e1rea territorial de aproximadamente 281 km quadrados. Fundada como vila em 1546, <strong>Santos<\/strong> foi elevada \u00e0 categoria de cidade em 1832, consolidando sua import\u00e2ncia pol\u00edtica.<\/p>\n\n\n\n<p>O <strong><a href=\"https:\/\/www.ibge.gov.br\/cidades-e-estados\/sp\/santos.html\" target=\"_blank\" rel=\"noreferrer noopener\">\u00cdndice de Desenvolvimento Humano Municipal<\/a><\/strong> (<strong>IDHM<\/strong>) \u00e9 de 0,840, um dos mais altos do pa\u00eds. A educa\u00e7\u00e3o \u00e9 refer\u00eancia com a <strong>Universidade Cat\u00f3lica de Santos<\/strong> (<strong>UNISANTOS<\/strong>) e a <strong>Universidade Federal de S\u00e3o Paulo<\/strong> (<strong>UNIFESP<\/strong>).<\/p>\n\n\n<div class=\"wp-block-image\">\n<figure class=\"aligncenter size-large\"><img loading=\"lazy\" decoding=\"async\" width=\"1024\" height=\"576\" src=\"https:\/\/www.em.com.br\/emfoco\/wp-content\/uploads\/2026\/01\/santos1-1024x576.jpg\" alt=\"Pouca gente imagina que existe uma cidade no litoral paulista onde o maior jardim de orla do mundo faz parte da vida di\u00e1ria\" class=\"wp-image-149479\" srcset=\"https:\/\/www.em.com.br\/emfoco\/wp-content\/uploads\/2026\/01\/santos1-1024x576.jpg 1024w, https:\/\/www.em.com.br\/emfoco\/wp-content\/uploads\/2026\/01\/santos1-300x169.jpg 300w, https:\/\/www.em.com.br\/emfoco\/wp-content\/uploads\/2026\/01\/santos1-768x432.jpg 768w, https:\/\/www.em.com.br\/emfoco\/wp-content\/uploads\/2026\/01\/santos1-750x422.jpg 750w, https:\/\/www.em.com.br\/emfoco\/wp-content\/uploads\/2026\/01\/santos1-1140x641.jpg 1140w, https:\/\/www.em.com.br\/emfoco\/wp-content\/uploads\/2026\/01\/santos1.jpg 1280w\" sizes=\"auto, (max-width: 1024px) 100vw, 1024px\" \/><figcaption class=\"wp-element-caption\">Santos em S\u00e3o Paulo une hist\u00f3ria portu\u00e1ria e qualidade de vida \/\/ Cr\u00e9ditos: Wikimedia Commons<\/figcaption><\/figure><\/div>\n\n\n<h2 class=\"wp-block-heading\">Entenda o clima e as temperaturas m\u00e9dias na regi\u00e3o<\/h2>\n\n\n\n<p>O tempo na regi\u00e3o \u00e9 influenciado pela altitude m\u00e9dia de 2 metros acima do n\u00edvel do mar e pela brisa marinha constante. Conforme dados aproximados do portal <strong><a href=\"https:\/\/www.climatempo.com.br\/previsao-do-tempo\/cidade\/540\/santos-sp\" target=\"_blank\" rel=\"noreferrer noopener\">Climatempo<\/a><\/strong>, a umidade elevada mant\u00e9m a vegeta\u00e7\u00e3o exuberante e o clima agrad\u00e1vel durante o ano.<\/p>\n\n\n\n<p>As varia\u00e7\u00f5es t\u00e9rmicas permitem o planejamento de atividades n\u00e1uticas e culturais em qualquer esta\u00e7\u00e3o do calend\u00e1rio. A tabela abaixo detalha as m\u00e9dias aproximadas de acordo com as estat\u00edsticas monitoradas pelo portal <strong><a href=\"https:\/\/www.climatempo.com.br\/previsao-do-tempo\/cidade\/540\/santos-sp\" target=\"_blank\" rel=\"noreferrer noopener\">Climatempo<\/a><\/strong>:<\/p>\n\n\n\n<figure class=\"wp-block-table\"><table class=\"has-fixed-layout\"><tbody><tr><th>Esta\u00e7\u00e3o do Ano<\/th><th>Meses Principais<\/th><th>Temperatura M\u00e9dia<\/th><\/tr><tr><td>Ver\u00e3o<\/td><td>Dezembro a Mar\u00e7o<\/td><td>23\u00b0C a 31\u00b0C<\/td><\/tr><tr><td>Outono<\/td><td>Mar\u00e7o a Junho<\/td><td>16\u00b0C a 29\u00b0C<\/td><\/tr><tr><td>Inverno<\/td><td>Junho a Setembro<\/td><td>16\u00b0C a 24\u00b0C<\/td><\/tr><tr><td>Primavera<\/td><td>Setembro a Dezembro<\/td><td>17\u00b0C a 29\u00b0C<\/td><\/tr><\/tbody><\/table><\/figure>\n\n\n\n<h2 class=\"wp-block-heading\">Atividades tur\u00edsticas e marcos hist\u00f3ricos para aproveitar<\/h2>\n\n\n\n<p>O <strong>Museu do Caf\u00e9<\/strong> \u00e9 um dos grandes segredos locais por preservar a mem\u00f3ria da principal riqueza econ\u00f4mica nacional em um pr\u00e9dio luxuoso. A arquitetura hist\u00f3rica do <strong>Centro de Santos<\/strong> encanta visitantes de todas as nacionalidades pela riqueza de detalhes e conserva\u00e7\u00e3o patrimonial.<\/p>\n\n\n\n<p>A cidade oferece roteiros que integram a hist\u00f3ria do esporte com a contempla\u00e7\u00e3o da natureza em cen\u00e1rios deslumbrantes. A lista a seguir apresenta sugest\u00f5es fundamentais para explorar o potencial tur\u00edstico e cultural da regi\u00e3o litor\u00e2nea paulista:<\/p>\n\n\n\n<ul class=\"wp-block-list has-medium-font-size\">\n<li>Visitar o <strong>Aqu\u00e1rio Municipal<\/strong> para conhecer a biodiversidade marinha em um dos equipamentos p\u00fablicos mais tradicionais do estado.<\/li>\n\n\n\n<li>Subir o <strong>Monte Serrat<\/strong> pelo bonde hist\u00f3rico para apreciar a vista panor\u00e2mica de toda a ilha e do estu\u00e1rio do porto.<\/li>\n\n\n\n<li>Conhecer o <strong>Est\u00e1dio Urbano Caldeira<\/strong>, a famosa <strong>Vila Belmiro<\/strong>, sede do hist\u00f3rico <strong>Santos Futebol Clube<\/strong>.<\/li>\n<\/ul>\n\n\n\n<p>Quem busca o roteiro ideal pelo litoral paulista, vai curtir esse v\u00eddeo do canal <strong>2 no rol\u00ea<\/strong>, com milhares de visualiza\u00e7\u00f5es, onde <strong>Dan e Duda<\/strong> mostram detalhadamente o melhor de <strong>Santos<\/strong>, incluindo o <strong>Aqu\u00e1rio<\/strong> e o <strong>Novo Mercado de Peixes<\/strong>:<\/p>\n\n\n\n<figure class=\"wp-block-embed is-type-video is-provider-youtube wp-block-embed-youtube wp-embed-aspect-16-9 wp-has-aspect-ratio\"><div class=\"wp-block-embed__wrapper\">\n<div class=\"jeg_video_container jeg_video_content\"><iframe loading=\"lazy\" title=\"O que fazer em SANTOS | Pontos Tur\u00edsticos, Praias, Gastronomia e muito mais\" width=\"500\" height=\"281\" src=\"https:\/\/www.youtube.com\/embed\/504xJn_gDoQ?feature=oembed\" frameborder=\"0\" allow=\"accelerometer; autoplay; clipboard-write; encrypted-media; gyroscope; picture-in-picture; web-share\" referrerpolicy=\"strict-origin-when-cross-origin\" allowfullscreen><\/iframe><\/div>\n<\/div><\/figure>\n\n\n\n<p><strong>Leia tamb\u00e9m: <a href=\"https:\/\/www.em.com.br\/emfoco\/2026\/01\/01\/uma-cidade-do-interior-catarinense-que-esta-atraindo-quem-busca-estabilidade-e-sossego\/\" target=\"_blank\" rel=\"noreferrer noopener\">Uma cidade do interior catarinense que est\u00e1 atraindo quem busca estabilidade e sossego<\/a><\/strong><\/p>\n\n\n\n<h2 class=\"wp-block-heading\">Visitar a regi\u00e3o garante experi\u00eancias ricas e diversificadas<\/h2>\n\n\n\n<p>O acesso terrestre principal ocorre pelo <strong>Sistema Anchieta-Imigrantes<\/strong> (<strong>SAI<\/strong>), que oferece uma descida segura e c\u00eanica pela <strong>Serra do Mar<\/strong>. O planejamento de uma estadia ou mudan\u00e7a para este polo litor\u00e2neo garante dinamismo e proximidade com o oceano atl\u00e2ntico.<\/p>\n\n\n\n<p>Os motivos para desfrutar do destino envolvem hospitalidade, hist\u00f3ria e um desenvolvimento urbano que valoriza a sustentabilidade. Escolher esta localidade \u00e9 se conectar com o que h\u00e1 de melhor no litoral paulista:<\/p>\n\n\n\n<ul class=\"wp-block-list has-medium-font-size\">\n<li>Caminhar pelos jardins da orla que det\u00eam o t\u00edtulo de maiores do mundo pelo <strong>Guinness World Records<\/strong>.<\/li>\n\n\n\n<li>Mergulhar na gastronomia cai\u00e7ara focada em frutos do mar frescos e receitas tradicionais das comunidades locais.<\/li>\n\n\n\n<li>Viver em um ambiente que preserva o patrim\u00f4nio hist\u00f3rico enquanto avan\u00e7a em tecnologia e infraestrutura de ponta.<\/li>\n<\/ul>\n\n\n\n<p>Sinta a brisa marinha e planeje seu roteiro para vivenciar o charme e a modernidade deste para\u00edso do litoral paulista.<\/p>\n","protected":false},"excerpt":{"rendered":"<p>Localizada a cerca de 70 km da capital paulista, a cidade de Santos \u00e9 mundialmente famosa por abrigar o maior jardim de orla do planeta. A regi\u00e3o une o dinamismo do maior porto da Am\u00e9rica Latina com um estilo de vida focado no bem-estar e na preserva\u00e7\u00e3o da cultura santista. Por que a qualidade de [&hellip;]<\/p>\n","protected":false},"author":6,"featured_media":134170,"comment_status":"open","ping_status":"open","sticky":false,"template":"","format":"standard","meta":{"jnews-multi-image_gallery":[],"jnews_single_post":{"format":"standard"},"jnews_primary_category":[],"jnews_social_meta":[],"jnews_override_counter":[],"footnotes":""},"categories":[26],"tags":[183,845,553],"class_list":["post-149442","post","type-post","status-publish","format-standard","has-post-thumbnail","hentry","category-cidades","tag-cidades","tag-santos","tag-sao-paulo"],"yoast_head":"<!-- This site is optimized with the Yoast SEO plugin v23.8 - https:\/\/yoast.com\/wordpress\/plugins\/seo\/ -->\n<title>Pouca gente imagina que existe uma cidade no litoral paulista onde o maior jardim de orla do mundo faz parte da vida di\u00e1ria - Estado de Minas - Em foco<\/title>\n<meta name=\"description\" content=\"Conhe\u00e7a a cidade no litoral paulista que abriga o maior jardim de orla do mundo. Qualidade de vida e natureza integradas ao dia a dia.\" \/>\n<meta name=\"robots\" content=\"index, follow, max-snippet:-1, max-image-preview:large, max-video-preview:-1\" \/>\n<link rel=\"canonical\" href=\"https:\/\/www.em.com.br\/emfoco\/2026\/01\/02\/pouca-gente-imagina-que-existe-uma-cidade-no-litoral-paulista-onde-o-maior-jardim-de-orla-do-mundo-faz-parte-da-vida-diaria\/\" \/>\n<meta property=\"og:locale\" content=\"pt_BR\" \/>\n<meta property=\"og:type\" content=\"article\" \/>\n<meta property=\"og:title\" content=\"Pouca gente imagina que existe uma cidade no litoral paulista onde o maior jardim de orla do mundo faz parte da vida di\u00e1ria - Estado de Minas - Em foco\" \/>\n<meta property=\"og:description\" content=\"Conhe\u00e7a a cidade no litoral paulista que abriga o maior jardim de orla do mundo. Qualidade de vida e natureza integradas ao dia a dia.\" \/>\n<meta property=\"og:url\" content=\"https:\/\/www.em.com.br\/emfoco\/2026\/01\/02\/pouca-gente-imagina-que-existe-uma-cidade-no-litoral-paulista-onde-o-maior-jardim-de-orla-do-mundo-faz-parte-da-vida-diaria\/\" \/>\n<meta property=\"og:site_name\" content=\"Estado de Minas - Em foco\" \/>\n<meta property=\"article:published_time\" content=\"2026-01-02T14:25:00+00:00\" \/>\n<meta property=\"article:modified_time\" content=\"2026-01-02T08:17:03+00:00\" \/>\n<meta property=\"og:image\" content=\"https:\/\/www.em.com.br\/emfoco\/wp-content\/uploads\/2025\/12\/image.png\" \/>\n\t<meta property=\"og:image:width\" content=\"1280\" \/>\n\t<meta property=\"og:image:height\" content=\"720\" \/>\n\t<meta property=\"og:image:type\" content=\"image\/png\" \/>\n<meta name=\"author\" content=\"Vitor Bruno\" \/>\n<meta name=\"twitter:card\" content=\"summary_large_image\" \/>\n<meta name=\"twitter:label1\" content=\"Escrito por\" \/>\n\t<meta name=\"twitter:data1\" content=\"Vitor Bruno\" \/>\n\t<meta name=\"twitter:label2\" content=\"Est. tempo de leitura\" \/>\n\t<meta name=\"twitter:data2\" content=\"5 minutos\" \/>\n<!-- \/ Yoast SEO plugin. -->","yoast_head_json":{"title":"Pouca gente imagina que existe uma cidade no litoral paulista onde o maior jardim de orla do mundo faz parte da vida di\u00e1ria - Estado de Minas - Em foco","description":"Conhe\u00e7a a cidade no litoral paulista que abriga o maior jardim de orla do mundo. Qualidade de vida e natureza integradas ao dia a dia.","robots":{"index":"index","follow":"follow","max-snippet":"max-snippet:-1","max-image-preview":"max-image-preview:large","max-video-preview":"max-video-preview:-1"},"canonical":"https:\/\/www.em.com.br\/emfoco\/2026\/01\/02\/pouca-gente-imagina-que-existe-uma-cidade-no-litoral-paulista-onde-o-maior-jardim-de-orla-do-mundo-faz-parte-da-vida-diaria\/","og_locale":"pt_BR","og_type":"article","og_title":"Pouca gente imagina que existe uma cidade no litoral paulista onde o maior jardim de orla do mundo faz parte da vida di\u00e1ria - Estado de Minas - Em foco","og_description":"Conhe\u00e7a a cidade no litoral paulista que abriga o maior jardim de orla do mundo. Qualidade de vida e natureza integradas ao dia a dia.","og_url":"https:\/\/www.em.com.br\/emfoco\/2026\/01\/02\/pouca-gente-imagina-que-existe-uma-cidade-no-litoral-paulista-onde-o-maior-jardim-de-orla-do-mundo-faz-parte-da-vida-diaria\/","og_site_name":"Estado de Minas - Em foco","article_published_time":"2026-01-02T14:25:00+00:00","article_modified_time":"2026-01-02T08:17:03+00:00","og_image":[{"width":1280,"height":720,"url":"https:\/\/www.em.com.br\/emfoco\/wp-content\/uploads\/2025\/12\/image.png","type":"image\/png"}],"author":"Vitor Bruno","twitter_card":"summary_large_image","twitter_misc":{"Escrito por":"Vitor Bruno","Est. tempo de leitura":"5 minutos"},"schema":{"@context":"https:\/\/schema.org","@graph":[{"@type":"WebPage","@id":"https:\/\/www.em.com.br\/emfoco\/2026\/01\/02\/pouca-gente-imagina-que-existe-uma-cidade-no-litoral-paulista-onde-o-maior-jardim-de-orla-do-mundo-faz-parte-da-vida-diaria\/","url":"https:\/\/www.em.com.br\/emfoco\/2026\/01\/02\/pouca-gente-imagina-que-existe-uma-cidade-no-litoral-paulista-onde-o-maior-jardim-de-orla-do-mundo-faz-parte-da-vida-diaria\/","name":"Pouca gente imagina que existe uma cidade no litoral paulista onde o maior jardim de orla do mundo faz parte da vida di\u00e1ria - Estado de Minas - Em foco","isPartOf":{"@id":"https:\/\/www.em.com.br\/emfoco\/#website"},"primaryImageOfPage":{"@id":"https:\/\/www.em.com.br\/emfoco\/2026\/01\/02\/pouca-gente-imagina-que-existe-uma-cidade-no-litoral-paulista-onde-o-maior-jardim-de-orla-do-mundo-faz-parte-da-vida-diaria\/#primaryimage"},"image":{"@id":"https:\/\/www.em.com.br\/emfoco\/2026\/01\/02\/pouca-gente-imagina-que-existe-uma-cidade-no-litoral-paulista-onde-o-maior-jardim-de-orla-do-mundo-faz-parte-da-vida-diaria\/#primaryimage"},"thumbnailUrl":"https:\/\/www.em.com.br\/emfoco\/wp-content\/uploads\/2025\/12\/image.png","datePublished":"2026-01-02T14:25:00+00:00","dateModified":"2026-01-02T08:17:03+00:00","author":{"@id":"https:\/\/www.em.com.br\/emfoco\/#\/schema\/person\/364ac1852fafd00f1be20f0b8b237569"},"description":"Conhe\u00e7a a cidade no litoral paulista que abriga o maior jardim de orla do mundo. Qualidade de vida e natureza integradas ao dia a dia.","breadcrumb":{"@id":"https:\/\/www.em.com.br\/emfoco\/2026\/01\/02\/pouca-gente-imagina-que-existe-uma-cidade-no-litoral-paulista-onde-o-maior-jardim-de-orla-do-mundo-faz-parte-da-vida-diaria\/#breadcrumb"},"inLanguage":"pt-BR","potentialAction":[{"@type":"ReadAction","target":["https:\/\/www.em.com.br\/emfoco\/2026\/01\/02\/pouca-gente-imagina-que-existe-uma-cidade-no-litoral-paulista-onde-o-maior-jardim-de-orla-do-mundo-faz-parte-da-vida-diaria\/"]}]},{"@type":"ImageObject","inLanguage":"pt-BR","@id":"https:\/\/www.em.com.br\/emfoco\/2026\/01\/02\/pouca-gente-imagina-que-existe-uma-cidade-no-litoral-paulista-onde-o-maior-jardim-de-orla-do-mundo-faz-parte-da-vida-diaria\/#primaryimage","url":"https:\/\/www.em.com.br\/emfoco\/wp-content\/uploads\/2025\/12\/image.png","contentUrl":"https:\/\/www.em.com.br\/emfoco\/wp-content\/uploads\/2025\/12\/image.png","width":1280,"height":720,"caption":"Santos tem se tornado o objetivo de muitos brasileiros que buscam equilibrar carreira e bem-estar (imagem ilustrativa)"},{"@type":"BreadcrumbList","@id":"https:\/\/www.em.com.br\/emfoco\/2026\/01\/02\/pouca-gente-imagina-que-existe-uma-cidade-no-litoral-paulista-onde-o-maior-jardim-de-orla-do-mundo-faz-parte-da-vida-diaria\/#breadcrumb","itemListElement":[{"@type":"ListItem","position":1,"name":"In\u00edcio","item":"https:\/\/www.em.com.br\/emfoco\/"},{"@type":"ListItem","position":2,"name":"Pouca gente imagina que existe uma cidade no litoral paulista onde o maior jardim de orla do mundo faz parte da vida di\u00e1ria"}]},{"@type":"WebSite","@id":"https:\/\/www.em.com.br\/emfoco\/#website","url":"https:\/\/www.em.com.br\/emfoco\/","name":"Estado de Minas - Em foco","description":"Acompanhe as \u00faltimas not\u00edcias e fique bem informado sobre tudo o que acontece em Minas Gerais, Brasil e no mundo.","potentialAction":[{"@type":"SearchAction","target":{"@type":"EntryPoint","urlTemplate":"https:\/\/www.em.com.br\/emfoco\/?s={search_term_string}"},"query-input":{"@type":"PropertyValueSpecification","valueRequired":true,"valueName":"search_term_string"}}],"inLanguage":"pt-BR"},{"@type":"Person","@id":"https:\/\/www.em.com.br\/emfoco\/#\/schema\/person\/364ac1852fafd00f1be20f0b8b237569","name":"Vitor Bruno","image":{"@type":"ImageObject","inLanguage":"pt-BR","@id":"https:\/\/www.em.com.br\/emfoco\/#\/schema\/person\/image\/","url":"https:\/\/secure.gravatar.com\/avatar\/b719e5cdede09f942064960883b5524d?s=96&d=mm&r=g","contentUrl":"https:\/\/secure.gravatar.com\/avatar\/b719e5cdede09f942064960883b5524d?s=96&d=mm&r=g","caption":"Vitor Bruno"},"sameAs":["https:\/\/www.em.com.br\/emfoco\/"],"url":"https:\/\/www.em.com.br\/emfoco\/author\/vitormyth\/"}]}},"_links":{"self":[{"href":"https:\/\/www.em.com.br\/emfoco\/wp-json\/wp\/v2\/posts\/149442","targetHints":{"allow":["GET"]}}],"collection":[{"href":"https:\/\/www.em.com.br\/emfoco\/wp-json\/wp\/v2\/posts"}],"about":[{"href":"https:\/\/www.em.com.br\/emfoco\/wp-json\/wp\/v2\/types\/post"}],"author":[{"embeddable":true,"href":"https:\/\/www.em.com.br\/emfoco\/wp-json\/wp\/v2\/users\/6"}],"replies":[{"embeddable":true,"href":"https:\/\/www.em.com.br\/emfoco\/wp-json\/wp\/v2\/comments?post=149442"}],"version-history":[{"count":5,"href":"https:\/\/www.em.com.br\/emfoco\/wp-json\/wp\/v2\/posts\/149442\/revisions"}],"predecessor-version":[{"id":149480,"href":"https:\/\/www.em.com.br\/emfoco\/wp-json\/wp\/v2\/posts\/149442\/revisions\/149480"}],"wp:featuredmedia":[{"embeddable":true,"href":"https:\/\/www.em.com.br\/emfoco\/wp-json\/wp\/v2\/media\/134170"}],"wp:attachment":[{"href":"https:\/\/www.em.com.br\/emfoco\/wp-json\/wp\/v2\/media?parent=149442"}],"wp:term":[{"taxonomy":"category","embeddable":true,"href":"https:\/\/www.em.com.br\/emfoco\/wp-json\/wp\/v2\/categories?post=149442"},{"taxonomy":"post_tag","embeddable":true,"href":"https:\/\/www.em.com.br\/emfoco\/wp-json\/wp\/v2\/tags?post=149442"}],"curies":[{"name":"wp","href":"https:\/\/api.w.org\/{rel}","templated":true}]}}