{"id":149343,"date":"2026-01-03T09:55:17","date_gmt":"2026-01-03T12:55:17","guid":{"rendered":"https:\/\/www.em.com.br\/emfoco\/?p=149343"},"modified":"2026-01-02T16:01:02","modified_gmt":"2026-01-02T19:01:02","slug":"pouco-espaco-e-muita-luz-veja-as-plantas-ideais-para-seu-apartamento","status":"publish","type":"post","link":"https:\/\/www.em.com.br\/emfoco\/2026\/01\/03\/pouco-espaco-e-muita-luz-veja-as-plantas-ideais-para-seu-apartamento\/","title":{"rendered":"Pouco espa\u00e7o e muita luz? Veja as plantas ideais para seu apartamento"},"content":{"rendered":"\n<h2 class=\"wp-block-heading\">Em im\u00f3veis pequenos e claros, priorize o espa\u00e7o vertical com Jiboia e Zamioculca. Use vasos suspensos e prateleiras para liberar o ch\u00e3o. Aproveite a luz indireta, regue s\u00f3 quando o solo secar e ventile o ambiente.<\/h2>\n\n\n\n<p><b>Voc\u00ea j\u00e1 se pegou<\/b> olhando para um cantinho do seu apartamento e pensando \u201caqui caberia uma plantinha\u201d, mas ficou com medo de faltar <b>espa\u00e7o ou luz<\/b>? Em apartamentos pequenos e bem iluminados, esse dilema \u00e9 comum: a vontade de ter verde em casa esbarra na metragem reduzida e na d\u00favida sobre quais esp\u00e9cies realmente v\u00e3o se adaptar sem dar <b>trabalho extra<\/b>.<\/p>\n\n\n\n<h2 class=\"wp-block-heading\">Quais plantas funcionam melhor em apartamentos pequenos e bem iluminados<\/h2>\n\n\n\n<p>Quando o im\u00f3vel recebe <b>bastante luz natural<\/b>, especialmente perto de janelas e varandas, abre-se um \u00f3timo cen\u00e1rio para cultivar plantas dentro de casa. Ainda assim, \u00e9 importante observar se entra <b>sol direto<\/b>, em qual hor\u00e1rio e por quanto tempo, al\u00e9m de checar se o ambiente \u00e9 bem <b>ventilado<\/b>.<\/p>\n\n\n\n<p>Nesse tipo de espa\u00e7o, o ideal \u00e9 apostar em esp\u00e9cies <b>vers\u00e1teis<\/b>, de porte controlado e que gostem de <b>luz indireta intensa<\/b>. Entram aqui plantas como zamioculca, jiboia, espada-de-s\u00e3o-jorge, peper\u00f4mias, suculentas e pequenos cactos, que se adaptam bem a <b>prateleiras e aparadores<\/b>, suportes pendentes e at\u00e9 ao peitoril da janela.<\/p>\n\n\n\n<figure class=\"wp-block-embed is-type-rich is-provider-pinterest wp-block-embed-pinterest\"><div class=\"wp-block-embed__wrapper\">\n<iframe loading=\"lazy\" title=\"Check out my videos on Shopee Video!\" src=\"https:\/\/assets.pinterest.com\/ext\/embed.html?id=626492998207047892&#038;src=oembed\" height=\"899\" width=\"450\" frameborder=\"0\" scrolling=\"no\" ><\/iframe>\n<\/div><\/figure>\n\n\n\n<p>Leia tamb\u00e9m:&nbsp;<a href=\"https:\/\/www.em.com.br\/emfoco\/2025\/12\/31\/flores-na-varanda-veja-como-plantar-maria-sem-vergonha-em-vasos-e-cestas\/\" target=\"_blank\" rel=\"noopener\">Flores na varanda, veja como plantar Maria-sem-vergonha em vasos e cestas<\/a><\/p>\n\n\n\n<h2 class=\"wp-block-heading\">Como aproveitar o espa\u00e7o sem lotar o apartamento com vasos<\/h2>\n\n\n\n<p>Em apartamentos compactos, n\u00e3o basta <b>escolher bem as plantas<\/b>: \u00e9 preciso pensar em como organizar tudo para n\u00e3o atrapalhar a circula\u00e7\u00e3o. Uma boa dica \u00e9 priorizar esp\u00e9cies que crescem mais em <b>altura<\/b> ou de forma pendente, ocupando menos \u00e1rea no ch\u00e3o e mais o <b>espa\u00e7o vertical<\/b>.<\/p>\n\n\n\n<p>A jiboia, por exemplo, fica linda em <b>vasos suspensos<\/b> ou no alto de prateleiras, aproveitando \u00e1reas que geralmente ficam vazias. J\u00e1 a zamioculca, com seu crescimento <b>ereto e moderado<\/b>, \u00e9 \u00f3tima para cantos de salas e corredores iluminados, sem roubar muito <b>espa\u00e7o lateral<\/b>.<\/p>\n\n\n\n<figure class=\"wp-block-embed is-type-rich is-provider-pinterest wp-block-embed-pinterest\"><div class=\"wp-block-embed__wrapper\">\n<iframe loading=\"lazy\" title=\"Como cuidar da Jiboia: Guia pr\u00e1tico para iniciante\" src=\"https:\/\/assets.pinterest.com\/ext\/embed.html?id=10062799163447323&#038;src=oembed\" height=\"743\" width=\"450\" frameborder=\"0\" scrolling=\"no\" ><\/iframe>\n<\/div><\/figure>\n\n\n\n<h2 class=\"wp-block-heading\">Como organizar plantas em diferentes cantinhos do apartamento<\/h2>\n\n\n\n<p>Em espa\u00e7os reduzidos, vale usar a <b>criatividade<\/b> para inserir as plantas em locais que j\u00e1 fazem parte da rotina, em vez de espalhar vasos grandes pelo piso. Assim, voc\u00ea cria <b>\u201cilhas verdes\u201d<\/b> em pontos estrat\u00e9gicos, mantendo o ambiente leve e <b>funcional<\/b>.<\/p>\n\n\n\n<p>Uma forma simples de visualizar essa organiza\u00e7\u00e3o \u00e9 pensar em tipos de <b>suporte e superf\u00edcies<\/b> que voc\u00ea j\u00e1 tem em casa e pode aproveitar melhor no dia a dia:<\/p>\n\n\n\n<ul class=\"wp-block-list\">\n<li><strong>Vasos suspensos<\/strong> que aproveitam o teto e liberam o <b>ch\u00e3o<\/b>.<\/li>\n\n\n\n<li><strong>Prateleiras estreitas<\/strong> para suculentas, cactos e vasos <b>leves<\/b>.<\/li>\n\n\n\n<li><strong>Janelas e peitoris<\/strong> para ervas e plantas que amam <b>claridade<\/b>.<\/li>\n\n\n\n<li><strong>Suportes de canto<\/strong> para reunir v\u00e1rios <b>vasinhos<\/b> em um s\u00f3 lugar.<\/li>\n<\/ul>\n\n\n\n<figure class=\"wp-block-embed is-type-rich is-provider-pinterest wp-block-embed-pinterest\"><div class=\"wp-block-embed__wrapper\">\n<iframe loading=\"lazy\" title=\" \" src=\"https:\/\/assets.pinterest.com\/ext\/embed.html?id=477803841736067270&#038;src=oembed\" height=\"629\" width=\"450\" frameborder=\"0\" scrolling=\"no\" ><\/iframe>\n<\/div><\/figure>\n\n\n\n<h2 class=\"wp-block-heading\">Quais esp\u00e9cies realmente d\u00e3o certo na pr\u00e1tica em apartamentos claros<\/h2>\n\n\n\n<p>Algumas plantas costumam ser <b>\u201ccoringas\u201d<\/b> para quem mora em espa\u00e7os pequenos e bem iluminados, porque s\u00e3o resistentes, bonitas e n\u00e3o exigem <b>cuidados complicados<\/b>. S\u00e3o boas escolhas tanto para <b>iniciantes<\/b> quanto para quem j\u00e1 tem alguma experi\u00eancia com jardinagem.<\/p>\n\n\n\n<ol class=\"wp-block-list\">\n<li><strong>Jiboia (Epipremnum aureum)<\/strong><br>\u00d3tima para estantes, prateleiras e vasos pendentes. Aguenta bem <b>luz indireta intensa<\/b> e n\u00e3o precisa de <b>regas muito frequentes<\/b>.<\/li>\n\n\n\n<li><strong>Zamioculca (Zamioculcas zamiifolia)<\/strong><br>Planta vertical, com <b>folhas brilhantes<\/b>, que suporta ambientes bem iluminados e per\u00edodos de menor <b>rega<\/b>.<\/li>\n\n\n\n<li><strong>Espada-de-s\u00e3o-jorge (Sansevieria)<\/strong><br>Ideal para cantos de salas e quartos, resiste \u00e0 <b>luz forte indireta<\/b> e a pequenos esquecimentos na <b>rega<\/b>.<\/li>\n\n\n\n<li><strong>Peper\u00f4mias variadas<\/strong><br>De pequeno porte e <b>folhas decorativas<\/b>, ficam lindas em mesas, aparadores e <b>nichos<\/b>.<\/li>\n\n\n\n<li><strong>Suculentas e pequenos cactos<\/strong><br>Funcionam bem perto de <b>janelas e varandas<\/b> envidra\u00e7adas, com bastante claridade, mas protegidos do <b>sol direto<\/b> por muitas horas.<\/li>\n<\/ol>\n\n\n\n<figure class=\"wp-block-embed is-type-rich is-provider-pinterest wp-block-embed-pinterest\"><div class=\"wp-block-embed__wrapper\">\n<iframe loading=\"lazy\" title=\"Beetle Peperomia\" src=\"https:\/\/assets.pinterest.com\/ext\/embed.html?id=1045398132234204888&#038;src=oembed\" height=\"899\" width=\"450\" frameborder=\"0\" scrolling=\"no\" ><\/iframe>\n<\/div><\/figure>\n\n\n\n<h2 class=\"wp-block-heading\">Como cuidar das plantas em ambientes pequenos e muito claros<\/h2>\n\n\n\n<p>Em apartamentos bem iluminados, o desafio muitas vezes n\u00e3o \u00e9 a <b>falta de luz<\/b>, e sim o excesso de luz e calor, especialmente em janelas voltadas para o <b>norte ou oeste<\/b>. Nesses casos, pode ser melhor afastar um pouco os vasos do vidro ou usar <b>cortinas leves<\/b> para filtrar os raios mais fortes.<\/p>\n\n\n\n<ul class=\"wp-block-list\">\n<li><strong>Rega<\/strong>: verifique o <b>solo com o dedo<\/b> antes de molhar; ele deve estar levemente \u00famido, nunca <b>encharcado<\/b>.<\/li>\n\n\n\n<li><strong>Drenagem<\/strong>: use vasos com furos e uma camada de <b>pedrinhas<\/b> ou argila expandida no <b>fundo<\/b>.<\/li>\n\n\n\n<li><strong>Ventila\u00e7\u00e3o<\/strong>: mantenha o ambiente <b>arejado<\/b> para evitar <b>fungos<\/b> e pragas.<\/li>\n\n\n\n<li><strong>Limpeza das folhas<\/strong>: passe um <b>pano \u00famido<\/b> de vez em quando para tirar poeira e ajudar na <b>fotoss\u00edntese<\/b>.<\/li>\n<\/ul>\n\n\n\n<p>Para voc\u00ea que gosta de plantar em casa, separamos um v\u00eddeo do canal <a class=\"yt-simple-endpoint style-scope yt-formatted-string\" spellcheck=\"false\" href=\"https:\/\/www.youtube.com\/@VilaNinaTV\" target=\"_blank\" rel=\"noopener\">Vila Nina TV<\/a> com uma lista de plantas f\u00e1ceis de cuidar em apartamentos:<\/p>\n\n\n\n<figure class=\"wp-block-embed is-type-video is-provider-youtube wp-block-embed-youtube wp-embed-aspect-16-9 wp-has-aspect-ratio\"><div class=\"wp-block-embed__wrapper\">\n<div class=\"jeg_video_container jeg_video_content\"><iframe loading=\"lazy\" title=\"7 Plantas Para Apartamento F\u00e1ceis de Cuidar\" width=\"500\" height=\"281\" src=\"https:\/\/www.youtube.com\/embed\/JovW7GbgQ10?feature=oembed\" frameborder=\"0\" allow=\"accelerometer; autoplay; clipboard-write; encrypted-media; gyroscope; picture-in-picture; web-share\" referrerpolicy=\"strict-origin-when-cross-origin\" allowfullscreen><\/iframe><\/div>\n<\/div><\/figure>\n\n\n\n<h2 class=\"wp-block-heading\">Como usar as plantas na decora\u00e7\u00e3o do apartamento<\/h2>\n\n\n\n<p>As plantas para apartamentos pequenos e bem iluminados n\u00e3o servem s\u00f3 para deixar o <b>ar mais agrad\u00e1vel<\/b>: elas tamb\u00e9m d\u00e3o vida \u00e0 <b>decora\u00e7\u00e3o<\/b>. Vasos em cores neutras, combinados com suportes de madeira ou metal, costumam se adaptar bem a estilos variados, do <b>minimalista<\/b> ao mais colorido.<\/p>\n\n\n\n<p>Voc\u00ea pode montar um <b>\u201cjardim de janela\u201d<\/b> com ervas como manjeric\u00e3o e salsinha, desde que haja boa claridade, ou concentrar as plantas na sala, criando um <b>cantinho de descanso<\/b> visual com diferentes alturas e tons de verde. O segredo \u00e9 sempre escolher esp\u00e9cies que combinem com a <b>luz dispon\u00edvel<\/b> e com o espa\u00e7o que voc\u00ea realmente tem.<\/p>\n","protected":false},"excerpt":{"rendered":"<p>Em im\u00f3veis pequenos e claros, priorize o espa\u00e7o vertical com Jiboia e Zamioculca. Use vasos suspensos e prateleiras para liberar o ch\u00e3o. Aproveite a luz indireta, regue s\u00f3 quando o solo secar e ventile o ambiente. Voc\u00ea j\u00e1 se pegou olhando para um cantinho do seu apartamento e pensando \u201caqui caberia uma plantinha\u201d, mas ficou [&hellip;]<\/p>\n","protected":false},"author":9,"featured_media":141759,"comment_status":"open","ping_status":"open","sticky":false,"template":"","format":"standard","meta":{"jnews-multi-image_gallery":[],"jnews_single_post":{"format":"standard"},"jnews_primary_category":[],"jnews_social_meta":[],"jnews_override_counter":[],"footnotes":""},"categories":[8691,8819,1],"tags":[11844,342,3324],"class_list":["post-149343","post","type-post","status-publish","format-standard","has-post-thumbnail","hentry","category-bem-estar","category-curiosidades","category-noticias","tag-apartamento","tag-cuidados","tag-plantas"],"yoast_head":"<!-- This site is optimized with the Yoast SEO plugin v23.8 - https:\/\/yoast.com\/wordpress\/plugins\/seo\/ -->\n<title>Pouco espa\u00e7o e muita luz? Veja as plantas ideais para seu apartamento - Estado de Minas - Em foco<\/title>\n<meta name=\"description\" content=\"Em apartamentos pequenos e claros, aposte em plantas verticais como Jiboia e Zamioculca. Use vasos suspensos e prateleiras para otimizar o espa\u00e7o e a luz.\" \/>\n<meta name=\"robots\" content=\"index, follow, max-snippet:-1, max-image-preview:large, max-video-preview:-1\" \/>\n<link rel=\"canonical\" href=\"https:\/\/www.em.com.br\/emfoco\/2026\/01\/03\/pouco-espaco-e-muita-luz-veja-as-plantas-ideais-para-seu-apartamento\/\" \/>\n<meta property=\"og:locale\" content=\"pt_BR\" \/>\n<meta property=\"og:type\" content=\"article\" \/>\n<meta property=\"og:title\" content=\"Pouco espa\u00e7o e muita luz? Veja as plantas ideais para seu apartamento - Estado de Minas - Em foco\" \/>\n<meta property=\"og:description\" content=\"Em apartamentos pequenos e claros, aposte em plantas verticais como Jiboia e Zamioculca. Use vasos suspensos e prateleiras para otimizar o espa\u00e7o e a luz.\" \/>\n<meta property=\"og:url\" content=\"https:\/\/www.em.com.br\/emfoco\/2026\/01\/03\/pouco-espaco-e-muita-luz-veja-as-plantas-ideais-para-seu-apartamento\/\" \/>\n<meta property=\"og:site_name\" content=\"Estado de Minas - Em foco\" \/>\n<meta property=\"article:published_time\" content=\"2026-01-03T12:55:17+00:00\" \/>\n<meta property=\"article:modified_time\" content=\"2026-01-02T19:01:02+00:00\" \/>\n<meta property=\"og:image\" content=\"https:\/\/www.em.com.br\/emfoco\/wp-content\/uploads\/2025\/12\/plantas-varanda_1765970360667.jpg\" \/>\n\t<meta property=\"og:image:width\" content=\"1280\" \/>\n\t<meta property=\"og:image:height\" content=\"720\" \/>\n\t<meta property=\"og:image:type\" content=\"image\/jpeg\" \/>\n<meta name=\"author\" content=\"Daniely Cardoso\" \/>\n<meta name=\"twitter:card\" content=\"summary_large_image\" \/>\n<meta name=\"twitter:label1\" content=\"Escrito por\" \/>\n\t<meta name=\"twitter:data1\" content=\"Daniely Cardoso\" \/>\n\t<meta name=\"twitter:label2\" content=\"Est. tempo de leitura\" \/>\n\t<meta name=\"twitter:data2\" content=\"5 minutos\" \/>\n<!-- \/ Yoast SEO plugin. -->","yoast_head_json":{"title":"Pouco espa\u00e7o e muita luz? Veja as plantas ideais para seu apartamento - Estado de Minas - Em foco","description":"Em apartamentos pequenos e claros, aposte em plantas verticais como Jiboia e Zamioculca. Use vasos suspensos e prateleiras para otimizar o espa\u00e7o e a luz.","robots":{"index":"index","follow":"follow","max-snippet":"max-snippet:-1","max-image-preview":"max-image-preview:large","max-video-preview":"max-video-preview:-1"},"canonical":"https:\/\/www.em.com.br\/emfoco\/2026\/01\/03\/pouco-espaco-e-muita-luz-veja-as-plantas-ideais-para-seu-apartamento\/","og_locale":"pt_BR","og_type":"article","og_title":"Pouco espa\u00e7o e muita luz? Veja as plantas ideais para seu apartamento - Estado de Minas - Em foco","og_description":"Em apartamentos pequenos e claros, aposte em plantas verticais como Jiboia e Zamioculca. Use vasos suspensos e prateleiras para otimizar o espa\u00e7o e a luz.","og_url":"https:\/\/www.em.com.br\/emfoco\/2026\/01\/03\/pouco-espaco-e-muita-luz-veja-as-plantas-ideais-para-seu-apartamento\/","og_site_name":"Estado de Minas - Em foco","article_published_time":"2026-01-03T12:55:17+00:00","article_modified_time":"2026-01-02T19:01:02+00:00","og_image":[{"width":1280,"height":720,"url":"https:\/\/www.em.com.br\/emfoco\/wp-content\/uploads\/2025\/12\/plantas-varanda_1765970360667.jpg","type":"image\/jpeg"}],"author":"Daniely Cardoso","twitter_card":"summary_large_image","twitter_misc":{"Escrito por":"Daniely Cardoso","Est. tempo de leitura":"5 minutos"},"schema":{"@context":"https:\/\/schema.org","@graph":[{"@type":"WebPage","@id":"https:\/\/www.em.com.br\/emfoco\/2026\/01\/03\/pouco-espaco-e-muita-luz-veja-as-plantas-ideais-para-seu-apartamento\/","url":"https:\/\/www.em.com.br\/emfoco\/2026\/01\/03\/pouco-espaco-e-muita-luz-veja-as-plantas-ideais-para-seu-apartamento\/","name":"Pouco espa\u00e7o e muita luz? Veja as plantas ideais para seu apartamento - Estado de Minas - Em foco","isPartOf":{"@id":"https:\/\/www.em.com.br\/emfoco\/#website"},"primaryImageOfPage":{"@id":"https:\/\/www.em.com.br\/emfoco\/2026\/01\/03\/pouco-espaco-e-muita-luz-veja-as-plantas-ideais-para-seu-apartamento\/#primaryimage"},"image":{"@id":"https:\/\/www.em.com.br\/emfoco\/2026\/01\/03\/pouco-espaco-e-muita-luz-veja-as-plantas-ideais-para-seu-apartamento\/#primaryimage"},"thumbnailUrl":"https:\/\/www.em.com.br\/emfoco\/wp-content\/uploads\/2025\/12\/plantas-varanda_1765970360667.jpg","datePublished":"2026-01-03T12:55:17+00:00","dateModified":"2026-01-02T19:01:02+00:00","author":{"@id":"https:\/\/www.em.com.br\/emfoco\/#\/schema\/person\/0a8186d72f2c3a5c6276d90b41f271a0"},"description":"Em apartamentos pequenos e claros, aposte em plantas verticais como Jiboia e Zamioculca. Use vasos suspensos e prateleiras para otimizar o espa\u00e7o e a luz.","breadcrumb":{"@id":"https:\/\/www.em.com.br\/emfoco\/2026\/01\/03\/pouco-espaco-e-muita-luz-veja-as-plantas-ideais-para-seu-apartamento\/#breadcrumb"},"inLanguage":"pt-BR","potentialAction":[{"@type":"ReadAction","target":["https:\/\/www.em.com.br\/emfoco\/2026\/01\/03\/pouco-espaco-e-muita-luz-veja-as-plantas-ideais-para-seu-apartamento\/"]}]},{"@type":"ImageObject","inLanguage":"pt-BR","@id":"https:\/\/www.em.com.br\/emfoco\/2026\/01\/03\/pouco-espaco-e-muita-luz-veja-as-plantas-ideais-para-seu-apartamento\/#primaryimage","url":"https:\/\/www.em.com.br\/emfoco\/wp-content\/uploads\/2025\/12\/plantas-varanda_1765970360667.jpg","contentUrl":"https:\/\/www.em.com.br\/emfoco\/wp-content\/uploads\/2025\/12\/plantas-varanda_1765970360667.jpg","width":1280,"height":720,"caption":"Tamb\u00e9m \u00e9 importante pensar no seu ritmo de vida e na rotina de manuten\u00e7\u00e3o - Cr\u00e9ditos: depositphotos.com \/ IgorVetushko"},{"@type":"BreadcrumbList","@id":"https:\/\/www.em.com.br\/emfoco\/2026\/01\/03\/pouco-espaco-e-muita-luz-veja-as-plantas-ideais-para-seu-apartamento\/#breadcrumb","itemListElement":[{"@type":"ListItem","position":1,"name":"In\u00edcio","item":"https:\/\/www.em.com.br\/emfoco\/"},{"@type":"ListItem","position":2,"name":"Pouco espa\u00e7o e muita luz? Veja as plantas ideais para seu apartamento"}]},{"@type":"WebSite","@id":"https:\/\/www.em.com.br\/emfoco\/#website","url":"https:\/\/www.em.com.br\/emfoco\/","name":"Estado de Minas - Em foco","description":"Acompanhe as \u00faltimas not\u00edcias e fique bem informado sobre tudo o que acontece em Minas Gerais, Brasil e no mundo.","potentialAction":[{"@type":"SearchAction","target":{"@type":"EntryPoint","urlTemplate":"https:\/\/www.em.com.br\/emfoco\/?s={search_term_string}"},"query-input":{"@type":"PropertyValueSpecification","valueRequired":true,"valueName":"search_term_string"}}],"inLanguage":"pt-BR"},{"@type":"Person","@id":"https:\/\/www.em.com.br\/emfoco\/#\/schema\/person\/0a8186d72f2c3a5c6276d90b41f271a0","name":"Daniely Cardoso","image":{"@type":"ImageObject","inLanguage":"pt-BR","@id":"https:\/\/www.em.com.br\/emfoco\/#\/schema\/person\/image\/","url":"https:\/\/secure.gravatar.com\/avatar\/4b80ddbd124d1f071b626d52d62e5dff?s=96&d=mm&r=g","contentUrl":"https:\/\/secure.gravatar.com\/avatar\/4b80ddbd124d1f071b626d52d62e5dff?s=96&d=mm&r=g","caption":"Daniely Cardoso"},"url":"https:\/\/www.em.com.br\/emfoco\/author\/danielymyth\/"}]}},"_links":{"self":[{"href":"https:\/\/www.em.com.br\/emfoco\/wp-json\/wp\/v2\/posts\/149343","targetHints":{"allow":["GET"]}}],"collection":[{"href":"https:\/\/www.em.com.br\/emfoco\/wp-json\/wp\/v2\/posts"}],"about":[{"href":"https:\/\/www.em.com.br\/emfoco\/wp-json\/wp\/v2\/types\/post"}],"author":[{"embeddable":true,"href":"https:\/\/www.em.com.br\/emfoco\/wp-json\/wp\/v2\/users\/9"}],"replies":[{"embeddable":true,"href":"https:\/\/www.em.com.br\/emfoco\/wp-json\/wp\/v2\/comments?post=149343"}],"version-history":[{"count":2,"href":"https:\/\/www.em.com.br\/emfoco\/wp-json\/wp\/v2\/posts\/149343\/revisions"}],"predecessor-version":[{"id":149387,"href":"https:\/\/www.em.com.br\/emfoco\/wp-json\/wp\/v2\/posts\/149343\/revisions\/149387"}],"wp:featuredmedia":[{"embeddable":true,"href":"https:\/\/www.em.com.br\/emfoco\/wp-json\/wp\/v2\/media\/141759"}],"wp:attachment":[{"href":"https:\/\/www.em.com.br\/emfoco\/wp-json\/wp\/v2\/media?parent=149343"}],"wp:term":[{"taxonomy":"category","embeddable":true,"href":"https:\/\/www.em.com.br\/emfoco\/wp-json\/wp\/v2\/categories?post=149343"},{"taxonomy":"post_tag","embeddable":true,"href":"https:\/\/www.em.com.br\/emfoco\/wp-json\/wp\/v2\/tags?post=149343"}],"curies":[{"name":"wp","href":"https:\/\/api.w.org\/{rel}","templated":true}]}}