{"id":149342,"date":"2026-01-03T08:15:13","date_gmt":"2026-01-03T11:15:13","guid":{"rendered":"https:\/\/www.em.com.br\/emfoco\/?p=149342"},"modified":"2026-01-02T16:00:19","modified_gmt":"2026-01-02T19:00:19","slug":"algodao-ou-linho-saiba-quais-tecidos-leves-vao-dominar-o-verao-2026","status":"publish","type":"post","link":"https:\/\/www.em.com.br\/emfoco\/2026\/01\/03\/algodao-ou-linho-saiba-quais-tecidos-leves-vao-dominar-o-verao-2026\/","title":{"rendered":"Algod\u00e3o ou linho? Saiba quais tecidos leves v\u00e3o dominar o ver\u00e3o 2026"},"content":{"rendered":"\n<h2 class=\"wp-block-heading\">O ver\u00e3o 2026 destaca tecidos leves como algod\u00e3o, linho misto e croch\u00ea. Priorize modelagens amplas e cores claras para conforto t\u00e9rmico. Lave pe\u00e7as delicadas com cuidado para manter o frescor e a durabilidade no calor.<\/h2>\n\n\n\n<p>Imagine abrir o guarda-roupa em um dia de <b>calor intenso<\/b> e encontrar s\u00f3 pe\u00e7as <b>pesadas e quentes<\/b>. Inc\u00f4modo, n\u00e9? \u00c9 justamente para evitar essa sensa\u00e7\u00e3o que os <b>tecidos leves e respir\u00e1veis<\/b> ganham tanto espa\u00e7o nas tend\u00eancias de moda para o ver\u00e3o 2026, unindo conforto, frescor e um visual bem cuidado para acompanhar rotinas cada vez mais din\u00e2micas.<\/p>\n\n\n\n<h2 class=\"wp-block-heading\">Por que os tecidos leves ser\u00e3o t\u00e3o importantes no ver\u00e3o 2026<\/h2>\n\n\n\n<p>A palavra-chave para o ver\u00e3o 2026 \u00e9 <b>tecidos leves e respir\u00e1veis<\/b>, especialmente em regi\u00f5es de <b>clima quente<\/b>. Esses materiais ajudam a reduzir a sensa\u00e7\u00e3o de abafamento, deixando o ar circular entre o corpo e a roupa e tornando o <b>dia a dia mais confort\u00e1vel<\/b>.<\/p>\n\n\n\n<p>Al\u00e9m disso, cresce a busca por <b>roupas funcionais<\/b>, que acompanhem do trabalho ao lazer. Fibras que absorvem menos calor e <b>secam r\u00e1pido<\/b> ganham espa\u00e7o, assim como tecidos que deixam a pele \u201crespirar\u201d e minimizam desconfortos como <b>suor excessivo<\/b> e irrita\u00e7\u00f5es.<\/p>\n\n\n\n<figure class=\"wp-block-embed is-type-rich is-provider-pinterest wp-block-embed-pinterest\"><div class=\"wp-block-embed__wrapper\">\n<iframe loading=\"lazy\" title=\"A summer staple. Head Designer Zoe wears the Coda Playsuit, available now.\" src=\"https:\/\/assets.pinterest.com\/ext\/embed.html?id=1337074889520610&#038;src=oembed\" height=\"899\" width=\"450\" frameborder=\"0\" scrolling=\"no\" ><\/iframe>\n<\/div><\/figure>\n\n\n\n<h2 class=\"wp-block-heading\">Quais tecidos respir\u00e1veis ganham for\u00e7a como protagonistas do ver\u00e3o<\/h2>\n\n\n\n<p>Entre os principais representantes dos <b>tecidos leves<\/b>, o algod\u00e3o em vers\u00f5es mais sofisticadas deve ser um dos destaques. Surgem op\u00e7\u00f5es como <b>algod\u00e3o penteado<\/b>, gaze de algod\u00e3o e tricolines finos, que t\u00eam toque suave, caimento agrad\u00e1vel e <b>boa ventila\u00e7\u00e3o<\/b> para os dias quentes.<\/p>\n\n\n\n<figure class=\"wp-block-embed is-type-rich is-provider-pinterest wp-block-embed-pinterest\"><div class=\"wp-block-embed__wrapper\">\n<iframe loading=\"lazy\" title=\"Vestido 100% linho 540$\" src=\"https:\/\/assets.pinterest.com\/ext\/embed.html?id=68748838051&#038;src=oembed\" height=\"899\" width=\"450\" frameborder=\"0\" scrolling=\"no\" ><\/iframe>\n<\/div><\/figure>\n\n\n\n<p>O <b>linho<\/b> tamb\u00e9m continua em alta, muitas vezes misturado a outras fibras para amassar menos e ficar mais gostoso no contato com a pele. J\u00e1 as <b>rendas delicadas<\/b> aparecem em blusas, vestidos e saias, criando transpar\u00eancias sutis, enquanto o croch\u00ea ganha releituras modernas, com <b>pontos mais abertos<\/b> e fios mais leves.<\/p>\n\n\n\n<p>Leia tamb\u00e9m:&nbsp;<a href=\"https:\/\/www.em.com.br\/emfoco\/2026\/01\/01\/adeus-a-unha-francesinha-a-tendencia-que-chegou-para-ficar-e-e-a-melhor-opcao-para-alongar-unhas-curtas\/\" target=\"_blank\" rel=\"noopener\">Adeus \u00e0 unha francesinha: a tend\u00eancia que chegou para ficar e \u00e9 a melhor op\u00e7\u00e3o para alongar unhas curtas<\/a><\/p>\n\n\n\n<h2 class=\"wp-block-heading\">Quais tecidos leves vale a pena ter no guarda-roupa<\/h2>\n\n\n\n<p>Para quem quer montar um guarda-roupa de ver\u00e3o mais <b>fresco e vers\u00e1til<\/b>, alguns materiais se destacam pela sensa\u00e7\u00e3o de leveza e pelo <b>conforto t\u00e9rmico<\/b>. Abaixo, voc\u00ea encontra uma lista simples para ajudar na hora de escolher as pe\u00e7as que fazem <b>diferen\u00e7a no calor<\/b>.<\/p>\n\n\n\n<ul class=\"wp-block-list\">\n<li><b>Algod\u00e3o especial:<\/b> leve, vers\u00e1til e f\u00e1cil de <b>combinar no dia a dia<\/b>.<\/li>\n\n\n\n<li><b>Linho misto:<\/b> mistura frescor com caimento mais <b>fluido e elegante<\/b>.<\/li>\n\n\n\n<li><b>Rendas finas:<\/b> trazem respiros de ar por meio de <b>desenhos vazados<\/b>.<\/li>\n\n\n\n<li><b>Croch\u00ea leve:<\/b> pontos maiores e fios mais <b>suaves para o ver\u00e3o<\/b>.<\/li>\n\n\n\n<li><b>Texturas artesanais:<\/b> valorizam o trabalho manual com <b>conforto t\u00e9rmico<\/b>.<\/li>\n<\/ul>\n\n\n\n<figure class=\"wp-block-embed is-type-rich is-provider-pinterest wp-block-embed-pinterest\"><div class=\"wp-block-embed__wrapper\">\n<iframe loading=\"lazy\" title=\"Vestido branco de algod\u00e3o nos d\u00e1 uma infinidade de combina\u00e7\u00f5es. Uma rasteira ou um tamanco s\u00e3o perfeitos para o calor da primavera e ver\u00e3o, mas basta jogar uma bota ou coturno e casaco que estaremos prontas prata o outono e inverno. Uma pe\u00e7a para o ano inteiro, vale a pena investir.\" src=\"https:\/\/assets.pinterest.com\/ext\/embed.html?id=985231162804869&#038;src=oembed\" height=\"899\" width=\"450\" frameborder=\"0\" scrolling=\"no\" ><\/iframe>\n<\/div><\/figure>\n\n\n\n<h2 class=\"wp-block-heading\">Como usar tecidos leves e respir\u00e1veis na rotina<\/h2>\n\n\n\n<p>Os <b>tecidos respir\u00e1veis<\/b> ajudam a adaptar o mesmo look a diferentes momentos do dia, sem passar calor. No trabalho, camisas de <b>algod\u00e3o refinado<\/b>, cal\u00e7as de linho mais estruturado e vestidos midi com <b>rendas discretas<\/b> garantem um visual alinhado, mas com sensa\u00e7\u00e3o de frescor.<\/p>\n\n\n\n<p>Para ocasi\u00f5es informais, entram em cena pe\u00e7as de <b>croch\u00ea<\/b>, saias fluidas e tops com recortes vazados, que permitem brincar com sobreposi\u00e7\u00f5es e <b>transpar\u00eancias suaves<\/b>. Modelagens mais soltas, <b>mangas amplas<\/b>, fendas e cores claras tamb\u00e9m colaboram para deixar o corpo mais \u00e0 vontade no calor.<\/p>\n\n\n\n<ol class=\"wp-block-list\">\n<li><b>Priorizar fibras naturais<\/b> ou mistas com boa <b>ventila\u00e7\u00e3o<\/b>.<\/li>\n\n\n\n<li><b>Optar por modelagens amplas<\/b> em regi\u00f5es de maior movimento, como ombros e <b>quadris<\/b>.<\/li>\n\n\n\n<li><b>Escolher cores claras<\/b> para reduzir a <b>absor\u00e7\u00e3o de calor<\/b>.<\/li>\n\n\n\n<li><b>Verificar o toque<\/b> do tecido, evitando materiais que <b>esquentam ou pinicam<\/b>.<\/li>\n\n\n\n<li><b>Combinar pe\u00e7as rendadas<\/b> ou de croch\u00ea com <b>forros leves<\/b> e respir\u00e1veis.<\/li>\n<\/ol>\n\n\n\n<p>Para voc\u00ea que quer saber mais, separamos um v\u00eddeo do canal da <a class=\"yt-simple-endpoint style-scope yt-formatted-string\" spellcheck=\"false\" href=\"https:\/\/www.youtube.com\/@maximustecidos\" target=\"_blank\" rel=\"noopener\">Maximus Tecidos<\/a> com dicas de tecidos leves e frescos para o ver\u00e3o:<\/p>\n\n\n\n<figure class=\"wp-block-embed is-type-video is-provider-youtube wp-block-embed-youtube wp-embed-aspect-16-9 wp-has-aspect-ratio\"><div class=\"wp-block-embed__wrapper\">\n<div class=\"jeg_video_container jeg_video_content\"><iframe loading=\"lazy\" title=\"QUAIS S\u00c3O OS PRINCIPAIS TECIDOS FRESCOS E LEVES PARA O VER\u00c3O - CAMILA NISHIDA DA MAXIMUS TECIDOS\" width=\"500\" height=\"281\" src=\"https:\/\/www.youtube.com\/embed\/-1CIC_U2wRE?feature=oembed\" frameborder=\"0\" allow=\"accelerometer; autoplay; clipboard-write; encrypted-media; gyroscope; picture-in-picture; web-share\" referrerpolicy=\"strict-origin-when-cross-origin\" allowfullscreen><\/iframe><\/div>\n<\/div><\/figure>\n\n\n\n<h2 class=\"wp-block-heading\">Como cuidar dos tecidos leves de ver\u00e3o para durarem mais<\/h2>\n\n\n\n<p>Para manter os <b>tecidos leves de ver\u00e3o<\/b> bonitos por mais tempo, \u00e9 importante ter aten\u00e7\u00e3o aos <b>cuidados na lavagem<\/b>. Ciclos muito fortes podem desgastar algod\u00e3o delicado, rendas e croch\u00ea, por isso o ideal \u00e9 usar programas suaves, pouco sab\u00e3o e evitar <b>\u00e1gua muito quente<\/b>.<\/p>\n\n\n\n<p>Na hora de secar, prefira a <b>sombra<\/b> para preservar as cores e a maciez. No armazenamento, rendas e croch\u00eas podem ser dobrados com cuidado ou pendurados em <b>cabides acolchoados<\/b>, enquanto tecidos mais finos se beneficiam de capas protetoras, mantendo <b>caimento e apar\u00eancia fresca<\/b> por v\u00e1rias esta\u00e7\u00f5es.<\/p>\n","protected":false},"excerpt":{"rendered":"<p>O ver\u00e3o 2026 destaca tecidos leves como algod\u00e3o, linho misto e croch\u00ea. Priorize modelagens amplas e cores claras para conforto t\u00e9rmico. Lave pe\u00e7as delicadas com cuidado para manter o frescor e a durabilidade no calor. Imagine abrir o guarda-roupa em um dia de calor intenso e encontrar s\u00f3 pe\u00e7as pesadas e quentes. Inc\u00f4modo, n\u00e9? \u00c9 [&hellip;]<\/p>\n","protected":false},"author":9,"featured_media":56193,"comment_status":"open","ping_status":"open","sticky":false,"template":"","format":"standard","meta":{"jnews-multi-image_gallery":[],"jnews_single_post":{"format":"standard"},"jnews_primary_category":[],"jnews_social_meta":[],"jnews_override_counter":[],"footnotes":""},"categories":[8691,8819,1],"tags":[9446,21829,17446],"class_list":["post-149342","post","type-post","status-publish","format-standard","has-post-thumbnail","hentry","category-bem-estar","category-curiosidades","category-noticias","tag-roupa","tag-tecidos-leves","tag-verao-2026"],"yoast_head":"<!-- This site is optimized with the Yoast SEO plugin v23.8 - https:\/\/yoast.com\/wordpress\/plugins\/seo\/ -->\n<title>Algod\u00e3o ou linho? Saiba quais tecidos leves v\u00e3o dominar o ver\u00e3o 2026 - Estado de Minas - Em foco<\/title>\n<meta name=\"description\" content=\"Ver\u00e3o 2026 pede tecidos leves como linho e algod\u00e3o. Saiba criar looks frescos, usar croch\u00ea e cuidar das pe\u00e7as para enfrentar o calor com eleg\u00e2ncia e conforto.\" \/>\n<meta name=\"robots\" content=\"index, follow, max-snippet:-1, max-image-preview:large, max-video-preview:-1\" \/>\n<link rel=\"canonical\" href=\"https:\/\/www.em.com.br\/emfoco\/2026\/01\/03\/algodao-ou-linho-saiba-quais-tecidos-leves-vao-dominar-o-verao-2026\/\" \/>\n<meta property=\"og:locale\" content=\"pt_BR\" \/>\n<meta property=\"og:type\" content=\"article\" \/>\n<meta property=\"og:title\" content=\"Algod\u00e3o ou linho? Saiba quais tecidos leves v\u00e3o dominar o ver\u00e3o 2026 - Estado de Minas - Em foco\" \/>\n<meta property=\"og:description\" content=\"Ver\u00e3o 2026 pede tecidos leves como linho e algod\u00e3o. Saiba criar looks frescos, usar croch\u00ea e cuidar das pe\u00e7as para enfrentar o calor com eleg\u00e2ncia e conforto.\" \/>\n<meta property=\"og:url\" content=\"https:\/\/www.em.com.br\/emfoco\/2026\/01\/03\/algodao-ou-linho-saiba-quais-tecidos-leves-vao-dominar-o-verao-2026\/\" \/>\n<meta property=\"og:site_name\" content=\"Estado de Minas - Em foco\" \/>\n<meta property=\"article:published_time\" content=\"2026-01-03T11:15:13+00:00\" \/>\n<meta property=\"article:modified_time\" content=\"2026-01-02T19:00:19+00:00\" \/>\n<meta property=\"og:image\" content=\"https:\/\/www.em.com.br\/emfoco\/wp-content\/uploads\/2025\/06\/vestidos-longo_1749140101001.jpg\" \/>\n\t<meta property=\"og:image:width\" content=\"1280\" \/>\n\t<meta property=\"og:image:height\" content=\"720\" \/>\n\t<meta property=\"og:image:type\" content=\"image\/jpeg\" \/>\n<meta name=\"author\" content=\"Daniely Cardoso\" \/>\n<meta name=\"twitter:card\" content=\"summary_large_image\" \/>\n<meta name=\"twitter:label1\" content=\"Escrito por\" \/>\n\t<meta name=\"twitter:data1\" content=\"Daniely Cardoso\" \/>\n\t<meta name=\"twitter:label2\" content=\"Est. tempo de leitura\" \/>\n\t<meta name=\"twitter:data2\" content=\"5 minutos\" \/>\n<!-- \/ Yoast SEO plugin. -->","yoast_head_json":{"title":"Algod\u00e3o ou linho? Saiba quais tecidos leves v\u00e3o dominar o ver\u00e3o 2026 - Estado de Minas - Em foco","description":"Ver\u00e3o 2026 pede tecidos leves como linho e algod\u00e3o. Saiba criar looks frescos, usar croch\u00ea e cuidar das pe\u00e7as para enfrentar o calor com eleg\u00e2ncia e conforto.","robots":{"index":"index","follow":"follow","max-snippet":"max-snippet:-1","max-image-preview":"max-image-preview:large","max-video-preview":"max-video-preview:-1"},"canonical":"https:\/\/www.em.com.br\/emfoco\/2026\/01\/03\/algodao-ou-linho-saiba-quais-tecidos-leves-vao-dominar-o-verao-2026\/","og_locale":"pt_BR","og_type":"article","og_title":"Algod\u00e3o ou linho? Saiba quais tecidos leves v\u00e3o dominar o ver\u00e3o 2026 - Estado de Minas - Em foco","og_description":"Ver\u00e3o 2026 pede tecidos leves como linho e algod\u00e3o. Saiba criar looks frescos, usar croch\u00ea e cuidar das pe\u00e7as para enfrentar o calor com eleg\u00e2ncia e conforto.","og_url":"https:\/\/www.em.com.br\/emfoco\/2026\/01\/03\/algodao-ou-linho-saiba-quais-tecidos-leves-vao-dominar-o-verao-2026\/","og_site_name":"Estado de Minas - Em foco","article_published_time":"2026-01-03T11:15:13+00:00","article_modified_time":"2026-01-02T19:00:19+00:00","og_image":[{"width":1280,"height":720,"url":"https:\/\/www.em.com.br\/emfoco\/wp-content\/uploads\/2025\/06\/vestidos-longo_1749140101001.jpg","type":"image\/jpeg"}],"author":"Daniely Cardoso","twitter_card":"summary_large_image","twitter_misc":{"Escrito por":"Daniely Cardoso","Est. tempo de leitura":"5 minutos"},"schema":{"@context":"https:\/\/schema.org","@graph":[{"@type":"WebPage","@id":"https:\/\/www.em.com.br\/emfoco\/2026\/01\/03\/algodao-ou-linho-saiba-quais-tecidos-leves-vao-dominar-o-verao-2026\/","url":"https:\/\/www.em.com.br\/emfoco\/2026\/01\/03\/algodao-ou-linho-saiba-quais-tecidos-leves-vao-dominar-o-verao-2026\/","name":"Algod\u00e3o ou linho? Saiba quais tecidos leves v\u00e3o dominar o ver\u00e3o 2026 - Estado de Minas - Em foco","isPartOf":{"@id":"https:\/\/www.em.com.br\/emfoco\/#website"},"primaryImageOfPage":{"@id":"https:\/\/www.em.com.br\/emfoco\/2026\/01\/03\/algodao-ou-linho-saiba-quais-tecidos-leves-vao-dominar-o-verao-2026\/#primaryimage"},"image":{"@id":"https:\/\/www.em.com.br\/emfoco\/2026\/01\/03\/algodao-ou-linho-saiba-quais-tecidos-leves-vao-dominar-o-verao-2026\/#primaryimage"},"thumbnailUrl":"https:\/\/www.em.com.br\/emfoco\/wp-content\/uploads\/2025\/06\/vestidos-longo_1749140101001.jpg","datePublished":"2026-01-03T11:15:13+00:00","dateModified":"2026-01-02T19:00:19+00:00","author":{"@id":"https:\/\/www.em.com.br\/emfoco\/#\/schema\/person\/0a8186d72f2c3a5c6276d90b41f271a0"},"description":"Ver\u00e3o 2026 pede tecidos leves como linho e algod\u00e3o. Saiba criar looks frescos, usar croch\u00ea e cuidar das pe\u00e7as para enfrentar o calor com eleg\u00e2ncia e conforto.","breadcrumb":{"@id":"https:\/\/www.em.com.br\/emfoco\/2026\/01\/03\/algodao-ou-linho-saiba-quais-tecidos-leves-vao-dominar-o-verao-2026\/#breadcrumb"},"inLanguage":"pt-BR","potentialAction":[{"@type":"ReadAction","target":["https:\/\/www.em.com.br\/emfoco\/2026\/01\/03\/algodao-ou-linho-saiba-quais-tecidos-leves-vao-dominar-o-verao-2026\/"]}]},{"@type":"ImageObject","inLanguage":"pt-BR","@id":"https:\/\/www.em.com.br\/emfoco\/2026\/01\/03\/algodao-ou-linho-saiba-quais-tecidos-leves-vao-dominar-o-verao-2026\/#primaryimage","url":"https:\/\/www.em.com.br\/emfoco\/wp-content\/uploads\/2025\/06\/vestidos-longo_1749140101001.jpg","contentUrl":"https:\/\/www.em.com.br\/emfoco\/wp-content\/uploads\/2025\/06\/vestidos-longo_1749140101001.jpg","width":1280,"height":720,"caption":"Vestido longo - Cr\u00e9ditos: depositphotos.com \/ ArturVerkhovetskiy"},{"@type":"BreadcrumbList","@id":"https:\/\/www.em.com.br\/emfoco\/2026\/01\/03\/algodao-ou-linho-saiba-quais-tecidos-leves-vao-dominar-o-verao-2026\/#breadcrumb","itemListElement":[{"@type":"ListItem","position":1,"name":"In\u00edcio","item":"https:\/\/www.em.com.br\/emfoco\/"},{"@type":"ListItem","position":2,"name":"Algod\u00e3o ou linho? Saiba quais tecidos leves v\u00e3o dominar o ver\u00e3o 2026"}]},{"@type":"WebSite","@id":"https:\/\/www.em.com.br\/emfoco\/#website","url":"https:\/\/www.em.com.br\/emfoco\/","name":"Estado de Minas - Em foco","description":"Acompanhe as \u00faltimas not\u00edcias e fique bem informado sobre tudo o que acontece em Minas Gerais, Brasil e no mundo.","potentialAction":[{"@type":"SearchAction","target":{"@type":"EntryPoint","urlTemplate":"https:\/\/www.em.com.br\/emfoco\/?s={search_term_string}"},"query-input":{"@type":"PropertyValueSpecification","valueRequired":true,"valueName":"search_term_string"}}],"inLanguage":"pt-BR"},{"@type":"Person","@id":"https:\/\/www.em.com.br\/emfoco\/#\/schema\/person\/0a8186d72f2c3a5c6276d90b41f271a0","name":"Daniely Cardoso","image":{"@type":"ImageObject","inLanguage":"pt-BR","@id":"https:\/\/www.em.com.br\/emfoco\/#\/schema\/person\/image\/","url":"https:\/\/secure.gravatar.com\/avatar\/4b80ddbd124d1f071b626d52d62e5dff?s=96&d=mm&r=g","contentUrl":"https:\/\/secure.gravatar.com\/avatar\/4b80ddbd124d1f071b626d52d62e5dff?s=96&d=mm&r=g","caption":"Daniely Cardoso"},"url":"https:\/\/www.em.com.br\/emfoco\/author\/danielymyth\/"}]}},"_links":{"self":[{"href":"https:\/\/www.em.com.br\/emfoco\/wp-json\/wp\/v2\/posts\/149342","targetHints":{"allow":["GET"]}}],"collection":[{"href":"https:\/\/www.em.com.br\/emfoco\/wp-json\/wp\/v2\/posts"}],"about":[{"href":"https:\/\/www.em.com.br\/emfoco\/wp-json\/wp\/v2\/types\/post"}],"author":[{"embeddable":true,"href":"https:\/\/www.em.com.br\/emfoco\/wp-json\/wp\/v2\/users\/9"}],"replies":[{"embeddable":true,"href":"https:\/\/www.em.com.br\/emfoco\/wp-json\/wp\/v2\/comments?post=149342"}],"version-history":[{"count":3,"href":"https:\/\/www.em.com.br\/emfoco\/wp-json\/wp\/v2\/posts\/149342\/revisions"}],"predecessor-version":[{"id":149860,"href":"https:\/\/www.em.com.br\/emfoco\/wp-json\/wp\/v2\/posts\/149342\/revisions\/149860"}],"wp:featuredmedia":[{"embeddable":true,"href":"https:\/\/www.em.com.br\/emfoco\/wp-json\/wp\/v2\/media\/56193"}],"wp:attachment":[{"href":"https:\/\/www.em.com.br\/emfoco\/wp-json\/wp\/v2\/media?parent=149342"}],"wp:term":[{"taxonomy":"category","embeddable":true,"href":"https:\/\/www.em.com.br\/emfoco\/wp-json\/wp\/v2\/categories?post=149342"},{"taxonomy":"post_tag","embeddable":true,"href":"https:\/\/www.em.com.br\/emfoco\/wp-json\/wp\/v2\/tags?post=149342"}],"curies":[{"name":"wp","href":"https:\/\/api.w.org\/{rel}","templated":true}]}}