{"id":149316,"date":"2026-01-05T18:25:00","date_gmt":"2026-01-05T21:25:00","guid":{"rendered":"https:\/\/www.em.com.br\/emfoco\/?p=149316"},"modified":"2026-01-02T00:46:24","modified_gmt":"2026-01-02T03:46:24","slug":"como-o-silencio-antes-de-deitar-reduz-o-estresse-e-prepara-o-cerebro-para-dormir","status":"publish","type":"post","link":"https:\/\/www.em.com.br\/emfoco\/2026\/01\/05\/como-o-silencio-antes-de-deitar-reduz-o-estresse-e-prepara-o-cerebro-para-dormir\/","title":{"rendered":"Como o sil\u00eancio antes de deitar reduz o estresse e prepara o c\u00e9rebro para dormir"},"content":{"rendered":"\n<h2 class=\"wp-block-heading\">Ficar 10 minutos em sil\u00eancio antes de deitar reduz est\u00edmulos sensoriais, diminui cortisol, favorece melatonina e ondas cerebrais lentas, desacelera respira\u00e7\u00e3o e batimentos e melhora a profundidade e a continuidade do sono.<\/h2>\n\n\n\n<p>Deixar o quarto em sil\u00eancio absoluto por dez minutos antes de deitar ajuda o corpo a sair do estado de alerta cont\u00ednuo. A aus\u00eancia de est\u00edmulos sonoros desacelera mente e organismo, criando condi\u00e7\u00f5es ideais para um adormecer mais r\u00e1pido e um sono mais reparador.<\/p>\n\n\n\n<h2 class=\"wp-block-heading\">Por que o sil\u00eancio prepara o corpo para dormir?<\/h2>\n\n\n\n<p>Quando o ambiente entra em <strong>sil\u00eancio absoluto<\/strong>, o sistema nervoso central reduz gradualmente sua atividade. Esse al\u00edvio sensorial permite que o c\u00e9rebro deixe o modo de vigil\u00e2ncia constante e comece a priorizar processos ligados ao descanso e \u00e0 recupera\u00e7\u00e3o.<\/p>\n\n\n\n<p>Com menos est\u00edmulos externos, ocorre uma <strong>desacelera\u00e7\u00e3o fisiol\u00f3gica<\/strong> natural. A respira\u00e7\u00e3o fica mais profunda, o ritmo card\u00edaco diminui e o corpo interpreta que n\u00e3o h\u00e1 amea\u00e7as, criando seguran\u00e7a interna para iniciar o processo do sono.<\/p>\n\n\n\n<figure class=\"wp-block-image size-large\"><img loading=\"lazy\" decoding=\"async\" width=\"1024\" height=\"576\" src=\"https:\/\/www.em.com.br\/emfoco\/wp-content\/uploads\/2026\/01\/IA-11-2-1024x576.jpg\" alt=\"Como o sil\u00eancio antes de deitar reduz o estresse e prepara o c\u00e9rebro para dormir\" class=\"wp-image-149411\" srcset=\"https:\/\/www.em.com.br\/emfoco\/wp-content\/uploads\/2026\/01\/IA-11-2-1024x576.jpg 1024w, https:\/\/www.em.com.br\/emfoco\/wp-content\/uploads\/2026\/01\/IA-11-2-300x169.jpg 300w, https:\/\/www.em.com.br\/emfoco\/wp-content\/uploads\/2026\/01\/IA-11-2-768x432.jpg 768w, https:\/\/www.em.com.br\/emfoco\/wp-content\/uploads\/2026\/01\/IA-11-2-750x422.jpg 750w, https:\/\/www.em.com.br\/emfoco\/wp-content\/uploads\/2026\/01\/IA-11-2-1140x641.jpg 1140w, https:\/\/www.em.com.br\/emfoco\/wp-content\/uploads\/2026\/01\/IA-11-2.jpg 1280w\" sizes=\"auto, (max-width: 1024px) 100vw, 1024px\" \/><figcaption class=\"wp-element-caption\">Aus\u00eancia de est\u00edmulos desacelera respira\u00e7\u00e3o e reduz vigil\u00e2ncia neural<\/figcaption><\/figure>\n\n\n\n<h2 class=\"wp-block-heading\">O que muda no c\u00e9rebro durante esses 10 minutos?<\/h2>\n\n\n\n<p>Esse curto per\u00edodo de sil\u00eancio provoca ajustes qu\u00edmicos e el\u00e9tricos no c\u00e9rebro. A atividade cerebral come\u00e7a a migrar para padr\u00f5es mais lentos, associados ao relaxamento profundo, preparando a mente para atravessar a transi\u00e7\u00e3o entre vig\u00edlia e sono, como acontece nos processos a seguir.<\/p>\n\n\n\n<ul class=\"wp-block-list\">\n<li><strong>Redu\u00e7\u00e3o do cortisol<\/strong>: o horm\u00f4nio do estresse cai progressivamente.<\/li>\n\n\n\n<li><strong>Est\u00edmulo \u00e0 melatonina<\/strong>: o corpo fica mais sens\u00edvel ao horm\u00f4nio do sono.<\/li>\n\n\n\n<li><strong>Ondas cerebrais lentas<\/strong>: maior predomin\u00e2ncia de ritmos associados ao relaxamento.<\/li>\n<\/ul>\n\n\n\n<h2 class=\"wp-block-heading\">Como o sil\u00eancio afeta pensamentos e emo\u00e7\u00f5es \u00e0 noite?<\/h2>\n\n\n\n<p>O sil\u00eancio reduz a <strong>sobrecarga sensorial<\/strong> acumulada ao longo do dia. Sem sons constantes, a mente deixa de responder a est\u00edmulos autom\u00e1ticos, o que diminui o fluxo acelerado de pensamentos e facilita o desligamento mental.<\/p>\n\n\n\n<p>Esse ambiente previs\u00edvel cria uma sensa\u00e7\u00e3o de <strong>estabilidade emocional<\/strong>. O c\u00e9rebro entende que n\u00e3o precisa reagir a nada externo, o que reduz ansiedade noturna e favorece um adormecer mais tranquilo e cont\u00ednuo.<\/p>\n\n\n\n<figure class=\"wp-block-image size-large\"><img loading=\"lazy\" decoding=\"async\" width=\"1024\" height=\"576\" src=\"https:\/\/www.em.com.br\/emfoco\/wp-content\/uploads\/2026\/01\/IA-12-2-1024x576.jpg\" alt=\"Como o sil\u00eancio antes de deitar reduz o estresse e prepara o c\u00e9rebro para dormir\" class=\"wp-image-149412\" srcset=\"https:\/\/www.em.com.br\/emfoco\/wp-content\/uploads\/2026\/01\/IA-12-2-1024x576.jpg 1024w, https:\/\/www.em.com.br\/emfoco\/wp-content\/uploads\/2026\/01\/IA-12-2-300x169.jpg 300w, https:\/\/www.em.com.br\/emfoco\/wp-content\/uploads\/2026\/01\/IA-12-2-768x432.jpg 768w, https:\/\/www.em.com.br\/emfoco\/wp-content\/uploads\/2026\/01\/IA-12-2-750x422.jpg 750w, https:\/\/www.em.com.br\/emfoco\/wp-content\/uploads\/2026\/01\/IA-12-2-1140x641.jpg 1140w, https:\/\/www.em.com.br\/emfoco\/wp-content\/uploads\/2026\/01\/IA-12-2.jpg 1280w\" sizes=\"auto, (max-width: 1024px) 100vw, 1024px\" \/><figcaption class=\"wp-element-caption\">Menos est\u00edmulos reduzem ansiedade e organizam pensamentos noturnos<\/figcaption><\/figure>\n\n\n\n<p><em>Leia mais: <strong><a href=\"https:\/\/www.em.com.br\/emfoco\/2026\/01\/01\/banho-quente-shampoo-errado-e-descuido-entenda-por-que-sua-caspa-dispara-no-frio\/\" target=\"_blank\" rel=\"noreferrer noopener\">Banho quente, shampoo errado e descuido: entenda por que sua caspa dispara no frio<\/a><\/strong><\/em><\/p>\n\n\n\n<h2 class=\"wp-block-heading\">Por que o sil\u00eancio melhora a qualidade do sono?<\/h2>\n\n\n\n<p>Mesmo sem aumentar o tempo total dormido, o sil\u00eancio antes de deitar melhora a efici\u00eancia do descanso. Ele reduz microdespertares e facilita a entrada em fases profundas do sono, respons\u00e1veis pela recupera\u00e7\u00e3o f\u00edsica e mental, como mostram os efeitos abaixo.<\/p>\n\n\n\n<ul class=\"wp-block-list\">\n<li><strong>Menos despertares noturnos<\/strong>: o c\u00e9rebro mant\u00e9m estados de sono mais est\u00e1veis.<\/li>\n\n\n\n<li><strong>Sono mais profundo<\/strong>: maior tempo em fases restauradoras.<\/li>\n\n\n\n<li><strong>Despertar mais leve<\/strong>: sensa\u00e7\u00e3o de descanso mesmo com menos horas.<\/li>\n<\/ul>\n\n\n\n<h2 class=\"wp-block-heading\">Como criar sil\u00eancio absoluto no quarto sem esfor\u00e7o?<\/h2>\n\n\n\n<p>Desligar aparelhos eletr\u00f4nicos, fechar portas e evitar conversas j\u00e1 cria um <strong>ambiente silencioso<\/strong>. Pequenas a\u00e7\u00f5es s\u00e3o suficientes para reduzir drasticamente ru\u00eddos que mant\u00eam o c\u00e9rebro em estado de alerta sem que a pessoa perceba.<\/p>\n\n\n\n<p>Esses dez minutos funcionam como um ritual simples. Ao repetir diariamente, o corpo associa o sil\u00eancio ao momento de dormir, refor\u00e7ando que <strong>sono reparador<\/strong> n\u00e3o depende de esfor\u00e7o, mas de sinais claros de seguran\u00e7a e pausa.<\/p>\n","protected":false},"excerpt":{"rendered":"<p>Ficar 10 minutos em sil\u00eancio antes de deitar reduz est\u00edmulos sensoriais, diminui cortisol, favorece melatonina e ondas cerebrais lentas, desacelera respira\u00e7\u00e3o e batimentos e melhora a profundidade e a continuidade do sono. Deixar o quarto em sil\u00eancio absoluto por dez minutos antes de deitar ajuda o corpo a sair do estado de alerta cont\u00ednuo. A [&hellip;]<\/p>\n","protected":false},"author":13,"featured_media":149410,"comment_status":"open","ping_status":"open","sticky":false,"template":"","format":"standard","meta":{"jnews-multi-image_gallery":[],"jnews_single_post":{"format":"standard"},"jnews_primary_category":[],"jnews_social_meta":[],"jnews_override_counter":[],"footnotes":""},"categories":[8819],"tags":[712,12803,11581],"class_list":["post-149316","post","type-post","status-publish","format-standard","has-post-thumbnail","hentry","category-curiosidades","tag-autocuidado","tag-qualidade-do-sono","tag-silencio-absoluto"],"yoast_head":"<!-- This site is optimized with the Yoast SEO plugin v23.8 - https:\/\/yoast.com\/wordpress\/plugins\/seo\/ -->\n<title>Como o sil\u00eancio antes de deitar reduz o estresse e prepara o c\u00e9rebro para dormir - Estado de Minas - Em foco<\/title>\n<meta name=\"description\" content=\"Sil\u00eancio no quarto por 10 minutos antes de dormir reduz o estresse, desacelera o corpo e facilita a transi\u00e7\u00e3o para um sono profundo.\" \/>\n<meta name=\"robots\" content=\"index, follow, max-snippet:-1, max-image-preview:large, max-video-preview:-1\" \/>\n<link rel=\"canonical\" href=\"https:\/\/www.em.com.br\/emfoco\/2026\/01\/05\/como-o-silencio-antes-de-deitar-reduz-o-estresse-e-prepara-o-cerebro-para-dormir\/\" \/>\n<meta property=\"og:locale\" content=\"pt_BR\" \/>\n<meta property=\"og:type\" content=\"article\" \/>\n<meta property=\"og:title\" content=\"Como o sil\u00eancio antes de deitar reduz o estresse e prepara o c\u00e9rebro para dormir - Estado de Minas - Em foco\" \/>\n<meta property=\"og:description\" content=\"Sil\u00eancio no quarto por 10 minutos antes de dormir reduz o estresse, desacelera o corpo e facilita a transi\u00e7\u00e3o para um sono profundo.\" \/>\n<meta property=\"og:url\" content=\"https:\/\/www.em.com.br\/emfoco\/2026\/01\/05\/como-o-silencio-antes-de-deitar-reduz-o-estresse-e-prepara-o-cerebro-para-dormir\/\" \/>\n<meta property=\"og:site_name\" content=\"Estado de Minas - Em foco\" \/>\n<meta property=\"article:published_time\" content=\"2026-01-05T21:25:00+00:00\" \/>\n<meta property=\"article:modified_time\" content=\"2026-01-02T03:46:24+00:00\" \/>\n<meta property=\"og:image\" content=\"https:\/\/www.em.com.br\/emfoco\/wp-content\/uploads\/2026\/01\/IA-10-2.jpg\" \/>\n\t<meta property=\"og:image:width\" content=\"1280\" \/>\n\t<meta property=\"og:image:height\" content=\"720\" \/>\n\t<meta property=\"og:image:type\" content=\"image\/jpeg\" \/>\n<meta name=\"author\" content=\"Gabriel Martins\" \/>\n<meta name=\"twitter:card\" content=\"summary_large_image\" \/>\n<meta name=\"twitter:label1\" content=\"Escrito por\" \/>\n\t<meta name=\"twitter:data1\" content=\"Gabriel Martins\" \/>\n\t<meta name=\"twitter:label2\" content=\"Est. tempo de leitura\" \/>\n\t<meta name=\"twitter:data2\" content=\"4 minutos\" \/>\n<!-- \/ Yoast SEO plugin. -->","yoast_head_json":{"title":"Como o sil\u00eancio antes de deitar reduz o estresse e prepara o c\u00e9rebro para dormir - Estado de Minas - Em foco","description":"Sil\u00eancio no quarto por 10 minutos antes de dormir reduz o estresse, desacelera o corpo e facilita a transi\u00e7\u00e3o para um sono profundo.","robots":{"index":"index","follow":"follow","max-snippet":"max-snippet:-1","max-image-preview":"max-image-preview:large","max-video-preview":"max-video-preview:-1"},"canonical":"https:\/\/www.em.com.br\/emfoco\/2026\/01\/05\/como-o-silencio-antes-de-deitar-reduz-o-estresse-e-prepara-o-cerebro-para-dormir\/","og_locale":"pt_BR","og_type":"article","og_title":"Como o sil\u00eancio antes de deitar reduz o estresse e prepara o c\u00e9rebro para dormir - Estado de Minas - Em foco","og_description":"Sil\u00eancio no quarto por 10 minutos antes de dormir reduz o estresse, desacelera o corpo e facilita a transi\u00e7\u00e3o para um sono profundo.","og_url":"https:\/\/www.em.com.br\/emfoco\/2026\/01\/05\/como-o-silencio-antes-de-deitar-reduz-o-estresse-e-prepara-o-cerebro-para-dormir\/","og_site_name":"Estado de Minas - Em foco","article_published_time":"2026-01-05T21:25:00+00:00","article_modified_time":"2026-01-02T03:46:24+00:00","og_image":[{"width":1280,"height":720,"url":"https:\/\/www.em.com.br\/emfoco\/wp-content\/uploads\/2026\/01\/IA-10-2.jpg","type":"image\/jpeg"}],"author":"Gabriel Martins","twitter_card":"summary_large_image","twitter_misc":{"Escrito por":"Gabriel Martins","Est. tempo de leitura":"4 minutos"},"schema":{"@context":"https:\/\/schema.org","@graph":[{"@type":"WebPage","@id":"https:\/\/www.em.com.br\/emfoco\/2026\/01\/05\/como-o-silencio-antes-de-deitar-reduz-o-estresse-e-prepara-o-cerebro-para-dormir\/","url":"https:\/\/www.em.com.br\/emfoco\/2026\/01\/05\/como-o-silencio-antes-de-deitar-reduz-o-estresse-e-prepara-o-cerebro-para-dormir\/","name":"Como o sil\u00eancio antes de deitar reduz o estresse e prepara o c\u00e9rebro para dormir - Estado de Minas - Em foco","isPartOf":{"@id":"https:\/\/www.em.com.br\/emfoco\/#website"},"primaryImageOfPage":{"@id":"https:\/\/www.em.com.br\/emfoco\/2026\/01\/05\/como-o-silencio-antes-de-deitar-reduz-o-estresse-e-prepara-o-cerebro-para-dormir\/#primaryimage"},"image":{"@id":"https:\/\/www.em.com.br\/emfoco\/2026\/01\/05\/como-o-silencio-antes-de-deitar-reduz-o-estresse-e-prepara-o-cerebro-para-dormir\/#primaryimage"},"thumbnailUrl":"https:\/\/www.em.com.br\/emfoco\/wp-content\/uploads\/2026\/01\/IA-10-2.jpg","datePublished":"2026-01-05T21:25:00+00:00","dateModified":"2026-01-02T03:46:24+00:00","author":{"@id":"https:\/\/www.em.com.br\/emfoco\/#\/schema\/person\/1c9ddeab18b98abeffef834667bcf08a"},"description":"Sil\u00eancio no quarto por 10 minutos antes de dormir reduz o estresse, desacelera o corpo e facilita a transi\u00e7\u00e3o para um sono profundo.","breadcrumb":{"@id":"https:\/\/www.em.com.br\/emfoco\/2026\/01\/05\/como-o-silencio-antes-de-deitar-reduz-o-estresse-e-prepara-o-cerebro-para-dormir\/#breadcrumb"},"inLanguage":"pt-BR","potentialAction":[{"@type":"ReadAction","target":["https:\/\/www.em.com.br\/emfoco\/2026\/01\/05\/como-o-silencio-antes-de-deitar-reduz-o-estresse-e-prepara-o-cerebro-para-dormir\/"]}]},{"@type":"ImageObject","inLanguage":"pt-BR","@id":"https:\/\/www.em.com.br\/emfoco\/2026\/01\/05\/como-o-silencio-antes-de-deitar-reduz-o-estresse-e-prepara-o-cerebro-para-dormir\/#primaryimage","url":"https:\/\/www.em.com.br\/emfoco\/wp-content\/uploads\/2026\/01\/IA-10-2.jpg","contentUrl":"https:\/\/www.em.com.br\/emfoco\/wp-content\/uploads\/2026\/01\/IA-10-2.jpg","width":1280,"height":720,"caption":"Sil\u00eancio absoluto reduz o estado de alerta e prepara corpo e mente"},{"@type":"BreadcrumbList","@id":"https:\/\/www.em.com.br\/emfoco\/2026\/01\/05\/como-o-silencio-antes-de-deitar-reduz-o-estresse-e-prepara-o-cerebro-para-dormir\/#breadcrumb","itemListElement":[{"@type":"ListItem","position":1,"name":"In\u00edcio","item":"https:\/\/www.em.com.br\/emfoco\/"},{"@type":"ListItem","position":2,"name":"Como o sil\u00eancio antes de deitar reduz o estresse e prepara o c\u00e9rebro para dormir"}]},{"@type":"WebSite","@id":"https:\/\/www.em.com.br\/emfoco\/#website","url":"https:\/\/www.em.com.br\/emfoco\/","name":"Estado de Minas - Em foco","description":"Acompanhe as \u00faltimas not\u00edcias e fique bem informado sobre tudo o que acontece em Minas Gerais, Brasil e no mundo.","potentialAction":[{"@type":"SearchAction","target":{"@type":"EntryPoint","urlTemplate":"https:\/\/www.em.com.br\/emfoco\/?s={search_term_string}"},"query-input":{"@type":"PropertyValueSpecification","valueRequired":true,"valueName":"search_term_string"}}],"inLanguage":"pt-BR"},{"@type":"Person","@id":"https:\/\/www.em.com.br\/emfoco\/#\/schema\/person\/1c9ddeab18b98abeffef834667bcf08a","name":"Gabriel Martins","image":{"@type":"ImageObject","inLanguage":"pt-BR","@id":"https:\/\/www.em.com.br\/emfoco\/#\/schema\/person\/image\/","url":"https:\/\/secure.gravatar.com\/avatar\/f0f1e2efdfd88f1ad2cb08c5c2731e50?s=96&d=mm&r=g","contentUrl":"https:\/\/secure.gravatar.com\/avatar\/f0f1e2efdfd88f1ad2cb08c5c2731e50?s=96&d=mm&r=g","caption":"Gabriel Martins"},"sameAs":["https:\/\/www.em.com.br\/emfoco\/"],"url":"https:\/\/www.em.com.br\/emfoco\/author\/gabrielmartinsmyth\/"}]}},"_links":{"self":[{"href":"https:\/\/www.em.com.br\/emfoco\/wp-json\/wp\/v2\/posts\/149316","targetHints":{"allow":["GET"]}}],"collection":[{"href":"https:\/\/www.em.com.br\/emfoco\/wp-json\/wp\/v2\/posts"}],"about":[{"href":"https:\/\/www.em.com.br\/emfoco\/wp-json\/wp\/v2\/types\/post"}],"author":[{"embeddable":true,"href":"https:\/\/www.em.com.br\/emfoco\/wp-json\/wp\/v2\/users\/13"}],"replies":[{"embeddable":true,"href":"https:\/\/www.em.com.br\/emfoco\/wp-json\/wp\/v2\/comments?post=149316"}],"version-history":[{"count":2,"href":"https:\/\/www.em.com.br\/emfoco\/wp-json\/wp\/v2\/posts\/149316\/revisions"}],"predecessor-version":[{"id":149413,"href":"https:\/\/www.em.com.br\/emfoco\/wp-json\/wp\/v2\/posts\/149316\/revisions\/149413"}],"wp:featuredmedia":[{"embeddable":true,"href":"https:\/\/www.em.com.br\/emfoco\/wp-json\/wp\/v2\/media\/149410"}],"wp:attachment":[{"href":"https:\/\/www.em.com.br\/emfoco\/wp-json\/wp\/v2\/media?parent=149316"}],"wp:term":[{"taxonomy":"category","embeddable":true,"href":"https:\/\/www.em.com.br\/emfoco\/wp-json\/wp\/v2\/categories?post=149316"},{"taxonomy":"post_tag","embeddable":true,"href":"https:\/\/www.em.com.br\/emfoco\/wp-json\/wp\/v2\/tags?post=149316"}],"curies":[{"name":"wp","href":"https:\/\/api.w.org\/{rel}","templated":true}]}}