{"id":149124,"date":"2026-01-02T17:35:18","date_gmt":"2026-01-02T20:35:18","guid":{"rendered":"https:\/\/www.em.com.br\/emfoco\/?p=149124"},"modified":"2026-01-01T16:59:49","modified_gmt":"2026-01-01T19:59:49","slug":"sol-o-dia-todo-saiba-escolher-as-3-flores-que-amam-calor-e-pouca-agua","status":"publish","type":"post","link":"https:\/\/www.em.com.br\/emfoco\/2026\/01\/02\/sol-o-dia-todo-saiba-escolher-as-3-flores-que-amam-calor-e-pouca-agua\/","title":{"rendered":"Sol o dia todo? Saiba escolher as 3 flores que amam calor e pouca \u00e1gua"},"content":{"rendered":"\n<h2 class=\"wp-block-heading\">Plante lavanda, tagetes e pet\u00fania em locais com 6h de sol. Organize por altura: lavanda atr\u00e1s, tagetes no meio e pet\u00fania \u00e0 frente. Use solo drenado e regue sem encharcar para um jardim colorido e resistente ao calor.<\/h2>\n\n\n\n<p>Imagine chegar no quintal em uma tarde bem quente e, em vez de ver <b>plantas murchas<\/b>, encontrar um <b>canteiro cheio de cores<\/b>, flores saud\u00e1veis e quase nenhum trabalho extra. \u00c9 isso que acontece quando voc\u00ea escolhe as <b>flores certas para um canteiro ensolarado<\/b>. Em locais onde o sol bate forte por v\u00e1rias horas ao dia, algumas esp\u00e9cies se desenvolvem melhor, mantendo cores intensas e aspecto bonito por mais tempo, reduzindo a manuten\u00e7\u00e3o e garantindo um visual harmonioso ao longo das esta\u00e7\u00f5es.<\/p>\n\n\n\n<h2 class=\"wp-block-heading\">O que observar antes de escolher flores para canteiros ensolarados<\/h2>\n\n\n\n<p>Antes de decidir quais <b>flores para canteiros ensolarados<\/b> ser\u00e3o plantadas, \u00e9 importante notar quanto tempo de <b>sol direto<\/b> o espa\u00e7o recebe por dia. Em geral, considera-se pleno sol quando a \u00e1rea recebe pelo menos <b>6 horas de luz solar<\/b>, o que ajuda a selecionar esp\u00e9cies que realmente gostam de calor e luminosidade intensa.<\/p>\n\n\n\n<p>Tamb\u00e9m vale prestar aten\u00e7\u00e3o ao <b>tipo de solo<\/b>. Canteiros muito compactados dificultam a drenagem e podem prejudicar <b>ra\u00edzes mais sens\u00edveis<\/b>. Misturar mat\u00e9ria org\u00e2nica, como composto ou <b>h\u00famus de minhoca<\/b>, deixa a terra mais fofa, nutritiva e com umidade na medida certa, favorecendo o crescimento das flores de sol forte.<\/p>\n\n\n\n<figure class=\"wp-block-image size-large\"><img loading=\"lazy\" decoding=\"async\" width=\"1024\" height=\"576\" src=\"https:\/\/www.em.com.br\/emfoco\/wp-content\/uploads\/2025\/12\/borboleta-lavanda_1764851809504-1024x576.jpg\" alt=\"\" class=\"wp-image-135528\" srcset=\"https:\/\/www.em.com.br\/emfoco\/wp-content\/uploads\/2025\/12\/borboleta-lavanda_1764851809504-1024x576.jpg 1024w, https:\/\/www.em.com.br\/emfoco\/wp-content\/uploads\/2025\/12\/borboleta-lavanda_1764851809504-300x169.jpg 300w, https:\/\/www.em.com.br\/emfoco\/wp-content\/uploads\/2025\/12\/borboleta-lavanda_1764851809504-768x432.jpg 768w, https:\/\/www.em.com.br\/emfoco\/wp-content\/uploads\/2025\/12\/borboleta-lavanda_1764851809504-750x422.jpg 750w, https:\/\/www.em.com.br\/emfoco\/wp-content\/uploads\/2025\/12\/borboleta-lavanda_1764851809504-1140x641.jpg 1140w, https:\/\/www.em.com.br\/emfoco\/wp-content\/uploads\/2025\/12\/borboleta-lavanda_1764851809504.jpg 1280w\" sizes=\"auto, (max-width: 1024px) 100vw, 1024px\" \/><figcaption class=\"wp-element-caption\">Plantar lavanda no jardim ou em vasos \u00e9 uma forma pr\u00e1tica de atrair borboletas &#8211; Cr\u00e9ditos: depositphotos.com \/ kip02kas<\/figcaption><\/figure>\n\n\n\n<p>Leia tamb\u00e9m:&nbsp;<a href=\"https:\/\/www.em.com.br\/emfoco\/2025\/12\/31\/flores-na-varanda-veja-como-plantar-maria-sem-vergonha-em-vasos-e-cestas\/\" target=\"_blank\" rel=\"noopener\">Flores na varanda, veja como plantar Maria-sem-vergonha em vasos e cestas<\/a><\/p>\n\n\n\n<h2 class=\"wp-block-heading\">Quais s\u00e3o 3 flores f\u00e1ceis para plantar em canteiros ensolarados<\/h2>\n\n\n\n<p>Entre as muitas esp\u00e9cies dispon\u00edveis, tr\u00eas se destacam pela <b>boa adapta\u00e7\u00e3o ao sol<\/b> e pela <b>facilidade de manejo<\/b>: <b>lavanda<\/b>, tagetes (cravo-de-defunto) e pet\u00fania. Elas toleram calor, oferecem florescimento abundante e combinam bem entre si em <b>arranjos de canteiro<\/b>.<\/p>\n\n\n\n<p>Se voc\u00ea \u00e9 <b>iniciante na jardinagem<\/b> ou n\u00e3o tem muito tempo para cuidar do jardim, essas op\u00e7\u00f5es ajudam bastante. Veja, em linguagem simples, as principais <b>caracter\u00edsticas de cada uma<\/b> e como elas podem enriquecer o visual e a <b>biodiversidade<\/b> do seu espa\u00e7o:<\/p>\n\n\n\n<ul class=\"wp-block-list\">\n<li><b>Lavanda (Lavandula spp.)<\/b>: associada a climas quentes e secos, gosta de <b>sol intenso<\/b> e solos bem drenados, mesmo que um pouco pobres. \u00c9 \u00f3tima para <b>bordas perfumadas<\/b> e faixas coloridas ao longo de caminhos, al\u00e9m de atrair polinizadores como abelhas.<\/li>\n\n\n\n<li><b>Tagetes ou cravo-de-defunto (Tagetes spp.)<\/b>: adora calor e <b>luz direta<\/b>, e ainda ajuda a afastar alguns <b>insetos indesejados<\/b>. Produz flores em tons de amarelo e laranja, formando maci\u00e7os bem vibrantes em canteiros ensolarados.<\/li>\n\n\n\n<li><b>Pet\u00fania (Petunia spp.)<\/b>: muito popular no ver\u00e3o, tem grande variedade de <b>cores<\/b> e desenho das p\u00e9talas. Prefere solo f\u00e9rtil, <b>regas regulares<\/b> e responde com flora\u00e7\u00e3o prolongada quando recebe os cuidados b\u00e1sicos.<\/li>\n<\/ul>\n\n\n<div class=\"wp-block-image\">\n<figure class=\"aligncenter size-large\"><img loading=\"lazy\" decoding=\"async\" width=\"1024\" height=\"576\" src=\"https:\/\/www.em.com.br\/emfoco\/wp-content\/uploads\/2025\/04\/petunia-flor_1745406799175-1024x576.jpg\" alt=\"As melhores flores para cultivar em vasos mesmo em espa\u00e7os pequenos\" class=\"wp-image-40709\" srcset=\"https:\/\/www.em.com.br\/emfoco\/wp-content\/uploads\/2025\/04\/petunia-flor_1745406799175-1024x576.jpg 1024w, https:\/\/www.em.com.br\/emfoco\/wp-content\/uploads\/2025\/04\/petunia-flor_1745406799175-300x169.jpg 300w, https:\/\/www.em.com.br\/emfoco\/wp-content\/uploads\/2025\/04\/petunia-flor_1745406799175-768x432.jpg 768w, https:\/\/www.em.com.br\/emfoco\/wp-content\/uploads\/2025\/04\/petunia-flor_1745406799175-750x422.jpg 750w, https:\/\/www.em.com.br\/emfoco\/wp-content\/uploads\/2025\/04\/petunia-flor_1745406799175-1140x641.jpg 1140w, https:\/\/www.em.com.br\/emfoco\/wp-content\/uploads\/2025\/04\/petunia-flor_1745406799175.jpg 1280w\" sizes=\"auto, (max-width: 1024px) 100vw, 1024px\" \/><figcaption class=\"wp-element-caption\">Pet\u00fania muito popular no ver\u00e3o, tem grande variedade de cores e desenho das p\u00e9talas &#8211; Cr\u00e9ditos: depositphotos.com \/ yuiyuize@gmail.com<\/figcaption><\/figure><\/div>\n\n\n<p>Essas tr\u00eas <b>flores para lugar ensolarado<\/b> podem ser combinadas em diferentes <b>alturas<\/b>, cores e texturas. Lavandas, um pouco mais altas, funcionam bem ao fundo; tagetes ocupam o meio, criando <b>manchas coloridas<\/b>; e pet\u00fanias atuam como forra\u00e7\u00e3o na parte frontal, cobrindo o solo e preenchendo espa\u00e7os.<\/p>\n\n\n\n<h2 class=\"wp-block-heading\">Como organizar um canteiro ensolarado com lavanda, tagetes e pet\u00fanias<\/h2>\n\n\n\n<p>Para organizar um <b>canteiro de flores de sol forte<\/b> com lavandas, tagetes e pet\u00fanias, uma boa estrat\u00e9gia \u00e9 distribuir as plantas de acordo com a <b>altura e o porte<\/b> de cada esp\u00e9cie. Assim, as maiores n\u00e3o fazem sombra demais nas menores, e todas recebem luz suficiente sem <b>competir tanto entre si<\/b>.<\/p>\n\n\n<div class=\"wp-block-image\">\n<figure class=\"aligncenter size-large\"><img loading=\"lazy\" decoding=\"async\" width=\"1024\" height=\"576\" src=\"https:\/\/www.em.com.br\/emfoco\/wp-content\/uploads\/2025\/11\/plantar-lavanda-em-casa_1763222016711-1024x576.jpg\" alt=\"\" class=\"wp-image-128272\" srcset=\"https:\/\/www.em.com.br\/emfoco\/wp-content\/uploads\/2025\/11\/plantar-lavanda-em-casa_1763222016711-1024x576.jpg 1024w, https:\/\/www.em.com.br\/emfoco\/wp-content\/uploads\/2025\/11\/plantar-lavanda-em-casa_1763222016711-300x169.jpg 300w, https:\/\/www.em.com.br\/emfoco\/wp-content\/uploads\/2025\/11\/plantar-lavanda-em-casa_1763222016711-768x432.jpg 768w, https:\/\/www.em.com.br\/emfoco\/wp-content\/uploads\/2025\/11\/plantar-lavanda-em-casa_1763222016711-750x422.jpg 750w, https:\/\/www.em.com.br\/emfoco\/wp-content\/uploads\/2025\/11\/plantar-lavanda-em-casa_1763222016711-1140x641.jpg 1140w, https:\/\/www.em.com.br\/emfoco\/wp-content\/uploads\/2025\/11\/plantar-lavanda-em-casa_1763222016711.jpg 1280w\" sizes=\"auto, (max-width: 1024px) 100vw, 1024px\" \/><figcaption class=\"wp-element-caption\"> Outro ponto importante \u00e9 verificar o solo, j\u00e1 que a lavanda se adapta melhor a solos bem drenados e levemente alcalinos &#8211; Cr\u00e9ditos: depositphotos.com \/ bibacomua<\/figcaption><\/figure><\/div>\n\n\n<p>A dist\u00e2ncia entre as mudas tamb\u00e9m conta muito. Um <b>espa\u00e7amento adequado<\/b> melhora a circula\u00e7\u00e3o de ar, reduzindo a chance de <b>doen\u00e7as f\u00fangicas<\/b> e facilitando a rega e a retirada de folhas secas no dia a dia, al\u00e9m de contribuir para um <b>visual mais organizado<\/b>.<\/p>\n\n\n\n<ol class=\"wp-block-list\">\n<li><b>Planejar o desenho do canteiro<\/b>: definir onde ficar\u00e3o as linhas de fundo, meio e frente. Em canteiros encostados em paredes, lavandas podem ser posicionadas na <b>parte traseira<\/b>, com tagetes \u00e0 frente e pet\u00fanias na borda, criando um <b>efeito de camadas<\/b>.<\/li>\n\n\n\n<li><b>Preparar o solo<\/b>: revolver a terra, retirar pedras e ra\u00edzes grandes e incorporar <b>mat\u00e9ria org\u00e2nica<\/b>. Em \u00e1reas muito \u00famidas, acrescentar <b>areia grossa<\/b> para melhorar a drenagem.<\/li>\n\n\n\n<li><b>Fazer o plantio<\/b>: acomodar as <b>mudas<\/b> respeitando o espa\u00e7amento recomendado para cada esp\u00e9cie. Pressionar levemente a terra em volta das ra\u00edzes para eliminar <b>bolsas de ar<\/b> que prejudiquem o enraizamento.<\/li>\n\n\n\n<li><b>Irrigar de forma adequada<\/b>: regar bem logo ap\u00f3s o plantio e manter uma rotina de irriga\u00e7\u00e3o compat\u00edvel com o <b>clima local<\/b>, evitando <b>encharcamento<\/b>.<\/li>\n\n\n\n<li><b>Monitorar o desenvolvimento<\/b>: observar sinais de <b>estresse<\/b>, como folhas queimadas ou murchas, ajustando rega e aduba\u00e7\u00e3o conforme necess\u00e1rio e verificando a presen\u00e7a de <b>pragas<\/b>.<\/li>\n<\/ol>\n\n\n\n<p>Para voc\u00ea que quer mais ideias, separamos um v\u00eddeo do canal <a class=\"yt-simple-endpoint style-scope yt-formatted-string\" spellcheck=\"false\" href=\"https:\/\/www.youtube.com\/@ManiadeFlor\" target=\"_blank\" rel=\"noopener\">Mania de Flor<\/a> com dicas e uma lista de flores para sol pleno:<\/p>\n\n\n\n<figure class=\"wp-block-embed is-type-video is-provider-youtube wp-block-embed-youtube wp-embed-aspect-16-9 wp-has-aspect-ratio\"><div class=\"wp-block-embed__wrapper\">\n<div class=\"jeg_video_container jeg_video_content\"><iframe loading=\"lazy\" title=\"15 FLORES lindas para SOL PLENO \ud83c\udf3c\ud83c\udf38\ud83c\udf3a\" width=\"500\" height=\"281\" src=\"https:\/\/www.youtube.com\/embed\/1BTMCuNVLWw?feature=oembed\" frameborder=\"0\" allow=\"accelerometer; autoplay; clipboard-write; encrypted-media; gyroscope; picture-in-picture; web-share\" referrerpolicy=\"strict-origin-when-cross-origin\" allowfullscreen><\/iframe><\/div>\n<\/div><\/figure>\n\n\n\n<h2 class=\"wp-block-heading\">Tabela comparativa das 3 flores para canteiros ensolarados<\/h2>\n\n\n\n<p>Para facilitar a escolha de <b>flores para canteiros ensolarados<\/b>, a tabela abaixo resume de forma simples as <b>caracter\u00edsticas b\u00e1sicas<\/b> das tr\u00eas esp\u00e9cies mencionadas. Assim, voc\u00ea compara rapidamente qual se encaixa melhor no seu espa\u00e7o, no seu clima e no tempo que tem para <b>cuidar do jardim<\/b>.<\/p>\n\n\n\n<figure class=\"wp-block-table\"><table class=\"has-fixed-layout\"><tbody><tr><th>Flor<\/th><th>Exig\u00eancia de sol<\/th><th>Altura aproximada<\/th><th>Necessidade de rega<\/th><th>Principais cores<\/th><\/tr><tr><td>Lavanda<\/td><td>Pleno sol (6h ou mais)<\/td><td>40 a 70 cm<\/td><td>Moderada, solo bem drenado<\/td><td>Roxo, lil\u00e1s<\/td><\/tr><tr><td>Tagetes (cravo-de-defunto)<\/td><td>Pleno sol<\/td><td>20 a 50 cm<\/td><td>Regular, sem encharcar<\/td><td>Amarelo, laranja<\/td><\/tr><tr><td>Pet\u00fania<\/td><td>Sol pleno ou meia-sombra clara<\/td><td>15 a 30 cm<\/td><td>Frequente, solo levemente \u00famido<\/td><td>Branco, rosa, roxo, vermelho, mescladas<\/td><\/tr><\/tbody><\/table><\/figure>\n\n\n\n<h2 class=\"wp-block-heading\">Pr\u00f3ximo passo para criar seu canteiro ensolarado<\/h2>\n\n\n\n<p>Com essas informa\u00e7\u00f5es, montar um <b>canteiro de flores para lugar ensolarado<\/b> fica muito mais simples e prazeroso. A combina\u00e7\u00e3o de <b>lavanda, tagetes e pet\u00fanias<\/b> oferece variedade visual, boa adapta\u00e7\u00e3o ao sol e um jardim bonito nas esta\u00e7\u00f5es quentes, desde que receba regas equilibradas, aduba\u00e7\u00e3o leve e podas de manuten\u00e7\u00e3o.<\/p>\n\n\n\n<p>Agora \u00e9 sua vez: observe o <b>sol no seu quintal<\/b>, escolha o melhor local, anote quais flores mais combinam com voc\u00ea e d\u00ea o primeiro passo. Separe um pequeno espa\u00e7o, teste esse <b>trio de flores<\/b> e comece hoje mesmo a transformar a \u00e1rea ensolarada em um dos <b>pontos mais especiais<\/b> da sua casa.<\/p>\n","protected":false},"excerpt":{"rendered":"<p>Plante lavanda, tagetes e pet\u00fania em locais com 6h de sol. Organize por altura: lavanda atr\u00e1s, tagetes no meio e pet\u00fania \u00e0 frente. Use solo drenado e regue sem encharcar para um jardim colorido e resistente ao calor. Imagine chegar no quintal em uma tarde bem quente e, em vez de ver plantas murchas, encontrar [&hellip;]<\/p>\n","protected":false},"author":9,"featured_media":148349,"comment_status":"open","ping_status":"open","sticky":false,"template":"","format":"standard","meta":{"jnews-multi-image_gallery":[],"jnews_single_post":{"format":"standard"},"jnews_primary_category":[],"jnews_social_meta":[],"jnews_override_counter":[],"footnotes":""},"categories":[8691,8819,1],"tags":[13723,4323,3325],"class_list":["post-149124","post","type-post","status-publish","format-standard","has-post-thumbnail","hentry","category-bem-estar","category-curiosidades","category-noticias","tag-canteiro","tag-flor","tag-jardim"],"yoast_head":"<!-- This site is optimized with the Yoast SEO plugin v23.8 - https:\/\/yoast.com\/wordpress\/plugins\/seo\/ -->\n<title>Sol o dia todo? Saiba escolher as 3 flores que amam calor e pouca \u00e1gua - Estado de Minas - Em foco<\/title>\n<meta name=\"description\" content=\"Canteiro ensolarado pede flores resistentes. Aposte em lavanda, tagetes e pet\u00fania. Saiba como plantar, organizar por altura e regar para um jardim colorido.\" \/>\n<meta name=\"robots\" content=\"index, follow, max-snippet:-1, max-image-preview:large, max-video-preview:-1\" \/>\n<link rel=\"canonical\" href=\"https:\/\/www.em.com.br\/emfoco\/2026\/01\/02\/sol-o-dia-todo-saiba-escolher-as-3-flores-que-amam-calor-e-pouca-agua\/\" \/>\n<meta property=\"og:locale\" content=\"pt_BR\" \/>\n<meta property=\"og:type\" content=\"article\" \/>\n<meta property=\"og:title\" content=\"Sol o dia todo? Saiba escolher as 3 flores que amam calor e pouca \u00e1gua - Estado de Minas - Em foco\" \/>\n<meta property=\"og:description\" content=\"Canteiro ensolarado pede flores resistentes. Aposte em lavanda, tagetes e pet\u00fania. Saiba como plantar, organizar por altura e regar para um jardim colorido.\" \/>\n<meta property=\"og:url\" content=\"https:\/\/www.em.com.br\/emfoco\/2026\/01\/02\/sol-o-dia-todo-saiba-escolher-as-3-flores-que-amam-calor-e-pouca-agua\/\" \/>\n<meta property=\"og:site_name\" content=\"Estado de Minas - Em foco\" \/>\n<meta property=\"article:published_time\" content=\"2026-01-02T20:35:18+00:00\" \/>\n<meta property=\"article:modified_time\" content=\"2026-01-01T19:59:49+00:00\" \/>\n<meta property=\"og:image\" content=\"https:\/\/www.em.com.br\/emfoco\/wp-content\/uploads\/2025\/12\/Gemini_Generated_Image_zbwvx8zbwvx8zbwv-1.png\" \/>\n\t<meta property=\"og:image:width\" content=\"1280\" \/>\n\t<meta property=\"og:image:height\" content=\"720\" \/>\n\t<meta property=\"og:image:type\" content=\"image\/png\" \/>\n<meta name=\"author\" content=\"Daniely Cardoso\" \/>\n<meta name=\"twitter:card\" content=\"summary_large_image\" \/>\n<meta name=\"twitter:label1\" content=\"Escrito por\" \/>\n\t<meta name=\"twitter:data1\" content=\"Daniely Cardoso\" \/>\n\t<meta name=\"twitter:label2\" content=\"Est. tempo de leitura\" \/>\n\t<meta name=\"twitter:data2\" content=\"7 minutos\" \/>\n<!-- \/ Yoast SEO plugin. -->","yoast_head_json":{"title":"Sol o dia todo? Saiba escolher as 3 flores que amam calor e pouca \u00e1gua - Estado de Minas - Em foco","description":"Canteiro ensolarado pede flores resistentes. Aposte em lavanda, tagetes e pet\u00fania. Saiba como plantar, organizar por altura e regar para um jardim colorido.","robots":{"index":"index","follow":"follow","max-snippet":"max-snippet:-1","max-image-preview":"max-image-preview:large","max-video-preview":"max-video-preview:-1"},"canonical":"https:\/\/www.em.com.br\/emfoco\/2026\/01\/02\/sol-o-dia-todo-saiba-escolher-as-3-flores-que-amam-calor-e-pouca-agua\/","og_locale":"pt_BR","og_type":"article","og_title":"Sol o dia todo? Saiba escolher as 3 flores que amam calor e pouca \u00e1gua - Estado de Minas - Em foco","og_description":"Canteiro ensolarado pede flores resistentes. Aposte em lavanda, tagetes e pet\u00fania. Saiba como plantar, organizar por altura e regar para um jardim colorido.","og_url":"https:\/\/www.em.com.br\/emfoco\/2026\/01\/02\/sol-o-dia-todo-saiba-escolher-as-3-flores-que-amam-calor-e-pouca-agua\/","og_site_name":"Estado de Minas - Em foco","article_published_time":"2026-01-02T20:35:18+00:00","article_modified_time":"2026-01-01T19:59:49+00:00","og_image":[{"width":1280,"height":720,"url":"https:\/\/www.em.com.br\/emfoco\/wp-content\/uploads\/2025\/12\/Gemini_Generated_Image_zbwvx8zbwvx8zbwv-1.png","type":"image\/png"}],"author":"Daniely Cardoso","twitter_card":"summary_large_image","twitter_misc":{"Escrito por":"Daniely Cardoso","Est. tempo de leitura":"7 minutos"},"schema":{"@context":"https:\/\/schema.org","@graph":[{"@type":"WebPage","@id":"https:\/\/www.em.com.br\/emfoco\/2026\/01\/02\/sol-o-dia-todo-saiba-escolher-as-3-flores-que-amam-calor-e-pouca-agua\/","url":"https:\/\/www.em.com.br\/emfoco\/2026\/01\/02\/sol-o-dia-todo-saiba-escolher-as-3-flores-que-amam-calor-e-pouca-agua\/","name":"Sol o dia todo? Saiba escolher as 3 flores que amam calor e pouca \u00e1gua - Estado de Minas - Em foco","isPartOf":{"@id":"https:\/\/www.em.com.br\/emfoco\/#website"},"primaryImageOfPage":{"@id":"https:\/\/www.em.com.br\/emfoco\/2026\/01\/02\/sol-o-dia-todo-saiba-escolher-as-3-flores-que-amam-calor-e-pouca-agua\/#primaryimage"},"image":{"@id":"https:\/\/www.em.com.br\/emfoco\/2026\/01\/02\/sol-o-dia-todo-saiba-escolher-as-3-flores-que-amam-calor-e-pouca-agua\/#primaryimage"},"thumbnailUrl":"https:\/\/www.em.com.br\/emfoco\/wp-content\/uploads\/2025\/12\/Gemini_Generated_Image_zbwvx8zbwvx8zbwv-1.png","datePublished":"2026-01-02T20:35:18+00:00","dateModified":"2026-01-01T19:59:49+00:00","author":{"@id":"https:\/\/www.em.com.br\/emfoco\/#\/schema\/person\/0a8186d72f2c3a5c6276d90b41f271a0"},"description":"Canteiro ensolarado pede flores resistentes. Aposte em lavanda, tagetes e pet\u00fania. Saiba como plantar, organizar por altura e regar para um jardim colorido.","breadcrumb":{"@id":"https:\/\/www.em.com.br\/emfoco\/2026\/01\/02\/sol-o-dia-todo-saiba-escolher-as-3-flores-que-amam-calor-e-pouca-agua\/#breadcrumb"},"inLanguage":"pt-BR","potentialAction":[{"@type":"ReadAction","target":["https:\/\/www.em.com.br\/emfoco\/2026\/01\/02\/sol-o-dia-todo-saiba-escolher-as-3-flores-que-amam-calor-e-pouca-agua\/"]}]},{"@type":"ImageObject","inLanguage":"pt-BR","@id":"https:\/\/www.em.com.br\/emfoco\/2026\/01\/02\/sol-o-dia-todo-saiba-escolher-as-3-flores-que-amam-calor-e-pouca-agua\/#primaryimage","url":"https:\/\/www.em.com.br\/emfoco\/wp-content\/uploads\/2025\/12\/Gemini_Generated_Image_zbwvx8zbwvx8zbwv-1.png","contentUrl":"https:\/\/www.em.com.br\/emfoco\/wp-content\/uploads\/2025\/12\/Gemini_Generated_Image_zbwvx8zbwvx8zbwv-1.png","width":1280,"height":720,"caption":"A express\u00e3o plantas que florescem o ano inteiro resume uma forma mais pr\u00e1tica e prazerosa de cuidar do jardim"},{"@type":"BreadcrumbList","@id":"https:\/\/www.em.com.br\/emfoco\/2026\/01\/02\/sol-o-dia-todo-saiba-escolher-as-3-flores-que-amam-calor-e-pouca-agua\/#breadcrumb","itemListElement":[{"@type":"ListItem","position":1,"name":"In\u00edcio","item":"https:\/\/www.em.com.br\/emfoco\/"},{"@type":"ListItem","position":2,"name":"Sol o dia todo? Saiba escolher as 3 flores que amam calor e pouca \u00e1gua"}]},{"@type":"WebSite","@id":"https:\/\/www.em.com.br\/emfoco\/#website","url":"https:\/\/www.em.com.br\/emfoco\/","name":"Estado de Minas - Em foco","description":"Acompanhe as \u00faltimas not\u00edcias e fique bem informado sobre tudo o que acontece em Minas Gerais, Brasil e no mundo.","potentialAction":[{"@type":"SearchAction","target":{"@type":"EntryPoint","urlTemplate":"https:\/\/www.em.com.br\/emfoco\/?s={search_term_string}"},"query-input":{"@type":"PropertyValueSpecification","valueRequired":true,"valueName":"search_term_string"}}],"inLanguage":"pt-BR"},{"@type":"Person","@id":"https:\/\/www.em.com.br\/emfoco\/#\/schema\/person\/0a8186d72f2c3a5c6276d90b41f271a0","name":"Daniely Cardoso","image":{"@type":"ImageObject","inLanguage":"pt-BR","@id":"https:\/\/www.em.com.br\/emfoco\/#\/schema\/person\/image\/","url":"https:\/\/secure.gravatar.com\/avatar\/4b80ddbd124d1f071b626d52d62e5dff?s=96&d=mm&r=g","contentUrl":"https:\/\/secure.gravatar.com\/avatar\/4b80ddbd124d1f071b626d52d62e5dff?s=96&d=mm&r=g","caption":"Daniely Cardoso"},"url":"https:\/\/www.em.com.br\/emfoco\/author\/danielymyth\/"}]}},"_links":{"self":[{"href":"https:\/\/www.em.com.br\/emfoco\/wp-json\/wp\/v2\/posts\/149124","targetHints":{"allow":["GET"]}}],"collection":[{"href":"https:\/\/www.em.com.br\/emfoco\/wp-json\/wp\/v2\/posts"}],"about":[{"href":"https:\/\/www.em.com.br\/emfoco\/wp-json\/wp\/v2\/types\/post"}],"author":[{"embeddable":true,"href":"https:\/\/www.em.com.br\/emfoco\/wp-json\/wp\/v2\/users\/9"}],"replies":[{"embeddable":true,"href":"https:\/\/www.em.com.br\/emfoco\/wp-json\/wp\/v2\/comments?post=149124"}],"version-history":[{"count":3,"href":"https:\/\/www.em.com.br\/emfoco\/wp-json\/wp\/v2\/posts\/149124\/revisions"}],"predecessor-version":[{"id":149271,"href":"https:\/\/www.em.com.br\/emfoco\/wp-json\/wp\/v2\/posts\/149124\/revisions\/149271"}],"wp:featuredmedia":[{"embeddable":true,"href":"https:\/\/www.em.com.br\/emfoco\/wp-json\/wp\/v2\/media\/148349"}],"wp:attachment":[{"href":"https:\/\/www.em.com.br\/emfoco\/wp-json\/wp\/v2\/media?parent=149124"}],"wp:term":[{"taxonomy":"category","embeddable":true,"href":"https:\/\/www.em.com.br\/emfoco\/wp-json\/wp\/v2\/categories?post=149124"},{"taxonomy":"post_tag","embeddable":true,"href":"https:\/\/www.em.com.br\/emfoco\/wp-json\/wp\/v2\/tags?post=149124"}],"curies":[{"name":"wp","href":"https:\/\/api.w.org\/{rel}","templated":true}]}}