{"id":149121,"date":"2026-01-02T15:25:03","date_gmt":"2026-01-02T18:25:03","guid":{"rendered":"https:\/\/www.em.com.br\/emfoco\/?p=149121"},"modified":"2026-01-01T16:09:32","modified_gmt":"2026-01-01T19:09:32","slug":"perfume-sumiu-saiba-como-usar-hidratante-para-fixar-a-fragrancia","status":"publish","type":"post","link":"https:\/\/www.em.com.br\/emfoco\/2026\/01\/02\/perfume-sumiu-saiba-como-usar-hidratante-para-fixar-a-fragrancia\/","title":{"rendered":"Perfume sumiu? Saiba como usar hidratante para fixar a fragr\u00e2ncia na pele"},"content":{"rendered":"\n<h2 class=\"wp-block-heading\">A pele hidratada ret\u00e9m melhor as mol\u00e9culas de perfume. Aplique um hidratante neutro ou da mesma linha olfativa logo ap\u00f3s o banho, com a pele \u00famida. Borrife a fragr\u00e2ncia em pontos quentes (pulsos, pesco\u00e7o) para criar camadas e prolongar a fixa\u00e7\u00e3o sem misturar aromas.<\/h2>\n\n\n\n<p><b>Voc\u00ea j\u00e1 sentiu que o perfume \u201csumiu\u201d da pele<\/b> poucas horas depois de aplicar, mesmo tendo caprichado nas borrifadas? <b>Combinar perfume e hidratante<\/b> virou um truque queridinho exatamente para resolver isso: al\u00e9m de cuidar da pele, essa dupla ajuda o cheiro a durar mais tempo, desde que alguns <b>detalhes importantes<\/b> sejam observados.<\/p>\n\n\n\n<h2 class=\"wp-block-heading\">Como a fixa\u00e7\u00e3o do perfume acontece na pele<\/h2>\n\n\n\n<p>A forma como o perfume fixa na pele tem tudo a ver com o n\u00edvel de <b>hidrata\u00e7\u00e3o<\/b> e a <b>oleosidade natural<\/b> de cada pessoa. Peles ressecadas costumam segurar menos o cheiro, enquanto peles bem hidratadas funcionam como uma <b>base que abra\u00e7a melhor<\/b> as mol\u00e9culas da fragr\u00e2ncia.<\/p>\n\n\n\n<p>Quando o perfume \u00e9 aplicado direto na <b>pele seca<\/b>, uma parte significativa evapora r\u00e1pido, o que diminui a <b>proje\u00e7\u00e3o<\/b> e a durabilidade. J\u00e1 com uma camada de <b>creme ou lo\u00e7\u00e3o<\/b>, principalmente os de textura mais cremosa ou levemente oleosa, o aroma encontra mais ader\u00eancia e permanece percept\u00edvel por mais tempo.<\/p>\n\n\n\n<figure class=\"wp-block-embed is-type-rich is-provider-pinterest wp-block-embed-pinterest\"><div class=\"wp-block-embed__wrapper\">\n<iframe loading=\"lazy\" title=\"Como fazer o perfume durar mais e exalar melhor? \u2728\ud83d\udcab  Se voc\u00ea sente que seu perfume some r\u00e1pido ou n\u00e3o tem tanta proje\u00e7\u00e3o, talvez esteja cometendo alguns erros na aplica\u00e7\u00e3o! Aqui v\u00e3o algumas dicas infal\u00edveis para fazer sua fragr\u00e2ncia durar o dia todo e deixar um rastro marcante:  \ud83c\udf21\ufe0f Aplique em zonas quentes: pulsos, pesco\u00e7o, atr\u00e1s das orelhas, dobra dos cotovelos e atr\u00e1s dos joelhos. O calor potencializa a fragr\u00e2ncia! \ud83d\udca6 Hidrate a pele antes: perfumes fixam melhor em peles hidratadas. Use um cr...\" src=\"https:\/\/assets.pinterest.com\/ext\/embed.html?id=616993217740918311&#038;src=oembed\" height=\"899\" width=\"450\" frameborder=\"0\" scrolling=\"no\" ><\/iframe>\n<\/div><\/figure>\n\n\n\n<p>Leia tamb\u00e9m:&nbsp;<a href=\"https:\/\/www.em.com.br\/emfoco\/2025\/12\/31\/com-esses-3-habitos-de-limpeza-voce-pode-melhorar-visivelmente-sua-higiene-pessoal-e-os-perfumes-durarao-mais-tempo-na-sua-pele\/\" target=\"_blank\" rel=\"noopener\">Com esses 3 h\u00e1bitos de limpeza, voc\u00ea pode melhorar visivelmente sua higiene pessoal e os perfumes durar\u00e3o mais tempo na sua pele<\/a><\/p>\n\n\n\n<h2 class=\"wp-block-heading\">Como combinar perfume e hidratante sem exagerar<\/h2>\n\n\n\n<p>Para que <b>perfume e hidratante<\/b> funcionem em sintonia, o ideal \u00e9 escolher fragr\u00e2ncias que <b>conversem entre si<\/b>. Hidratantes com cheiro parecido ou <b>neutro<\/b> costumam ser mais f\u00e1ceis de harmonizar com o perfume principal, sem criar aquela sensa\u00e7\u00e3o de mistura confusa de aromas.<\/p>\n\n\n\n<p>Hoje \u00e9 comum encontrar <b>linhas completas<\/b> com sabonete, lo\u00e7\u00e3o corporal, body splash e perfume com a mesma fragr\u00e2ncia. Usar esses produtos em sequ\u00eancia ajuda a criar <b>camadas de cheiro<\/b> que se complementam, deixando o aroma mais presente sem precisar <b>exagerar na quantidade<\/b>.<\/p>\n\n\n\n<h2 class=\"wp-block-heading\">Passo a passo para aplicar hidratante e perfume<\/h2>\n\n\n\n<p>Depois do banho, com a <b>pele limpa<\/b> e levemente \u00famida, a rotina de perfuma\u00e7\u00e3o fica ainda mais eficiente. Esse \u00e9 o momento em que os poros est\u00e3o mais <b>receptivos<\/b>, o que favorece tanto a hidrata\u00e7\u00e3o quanto a <b>fixa\u00e7\u00e3o do perfume<\/b>.<\/p>\n\n\n<div class=\"wp-block-image\">\n<figure class=\"aligncenter size-large\"><img loading=\"lazy\" decoding=\"async\" width=\"1024\" height=\"576\" src=\"https:\/\/www.em.com.br\/emfoco\/wp-content\/uploads\/2025\/11\/Design-sem-nome-52-1024x576.png\" alt=\"\" class=\"wp-image-124377\" srcset=\"https:\/\/www.em.com.br\/emfoco\/wp-content\/uploads\/2025\/11\/Design-sem-nome-52-1024x576.png 1024w, https:\/\/www.em.com.br\/emfoco\/wp-content\/uploads\/2025\/11\/Design-sem-nome-52-300x169.png 300w, https:\/\/www.em.com.br\/emfoco\/wp-content\/uploads\/2025\/11\/Design-sem-nome-52-768x432.png 768w, https:\/\/www.em.com.br\/emfoco\/wp-content\/uploads\/2025\/11\/Design-sem-nome-52-750x422.png 750w, https:\/\/www.em.com.br\/emfoco\/wp-content\/uploads\/2025\/11\/Design-sem-nome-52-1140x641.png 1140w, https:\/\/www.em.com.br\/emfoco\/wp-content\/uploads\/2025\/11\/Design-sem-nome-52.png 1280w\" sizes=\"auto, (max-width: 1024px) 100vw, 1024px\" \/><figcaption class=\"wp-element-caption\">Al\u00e9m de escolher boas fragr\u00e2ncias e aplicar corretamente, algumas rotinas ajudam a prolongar a presen\u00e7a do perfume<\/figcaption><\/figure><\/div>\n\n\n<p>Uma sequ\u00eancia simples que costuma funcionar bem \u00e9: limpar com <b>sabonete suave<\/b>, hidratar o corpo com calma e, por fim, aplicar o perfume nos pontos de maior <b>circula\u00e7\u00e3o sangu\u00ednea<\/b>, como pesco\u00e7o, pulsos e atr\u00e1s das orelhas, sem esfregar para n\u00e3o <b>alterar a fragr\u00e2ncia<\/b>.<\/p>\n\n\n\n<h2 class=\"wp-block-heading\">Quais tipos de hidratante ajudam o perfume a durar mais<\/h2>\n\n\n\n<p>Nem todo hidratante oferece o mesmo suporte para a <b>fixa\u00e7\u00e3o do perfume<\/b>. Lo\u00e7\u00f5es muito leves hidratam, mas podem n\u00e3o segurar tanto o aroma. J\u00e1 f\u00f3rmulas mais ricas, com <b>\u00f3leos vegetais<\/b> ou manteigas, tendem a criar uma base mais encorpada, ideal para quem busca <b>maior durabilidade<\/b>.<\/p>\n\n\n\n<p>Se voc\u00ea quer que o perfume tenha <b>destaque<\/b>, pode optar por hidratantes de cheiro suave ou neutro. Mas, se preferir uma experi\u00eancia mais intensa, usar <b>creme e perfume<\/b> com a mesma fragr\u00e2ncia cria um efeito mais uniforme e <b>envolvente ao longo do dia<\/b>.<\/p>\n\n\n\n<figure class=\"wp-block-embed is-type-rich is-provider-pinterest wp-block-embed-pinterest\"><div class=\"wp-block-embed__wrapper\">\n<iframe loading=\"lazy\" title=\" \" src=\"https:\/\/assets.pinterest.com\/ext\/embed.html?id=85357355434455912&#038;src=oembed\" height=\"945\" width=\"450\" frameborder=\"0\" scrolling=\"no\" ><\/iframe>\n<\/div><\/figure>\n\n\n\n<h2 class=\"wp-block-heading\">Principais tipos de hidratante que potencializam o perfume<\/h2>\n\n\n\n<p>Alguns tipos de <b>hidratante<\/b> costumam funcionar especialmente bem para quem deseja prolongar o cheiro na pele. Abaixo, voc\u00ea encontra <b>exemplos que podem ajudar<\/b> a montar sua rotina de cuidados e perfuma\u00e7\u00e3o de forma pr\u00e1tica, considerando tamb\u00e9m as <b>necessidades do seu tipo de pele<\/b>.<\/p>\n\n\n\n<ul class=\"wp-block-list\">\n<li><strong>Cremes com \u00f3leos vegetais<\/strong>, como am\u00eandoas, semente de uva ou girassol, que deixam a pele macia e criam uma base mais firme para o aroma.<\/li>\n\n\n\n<li><strong>Manteigas corporais<\/strong>, mais densas, ideais para \u00e1reas ressecadas, como pernas, p\u00e9s e cotovelos.<\/li>\n\n\n\n<li><strong>Hidratantes com fragr\u00e2ncia suave ou neutra<\/strong>, perfeitos para quem prefere que o perfume seja o protagonista.<\/li>\n<\/ul>\n\n\n\n<h2 class=\"wp-block-heading\">Como manter o perfume presente ao longo do dia<\/h2>\n\n\n\n<p>Para refor\u00e7ar o cheiro durante o dia sem pesar, a <b>estrat\u00e9gia<\/b> costuma funcionar melhor do que a quantidade. Pequenos ajustes na rotina fazem diferen\u00e7a, principalmente em <b>dias longos<\/b> ou muito quentes, e considerar retoques em pontos estrat\u00e9gicos ajuda a manter o <b>equil\u00edbrio da fragr\u00e2ncia<\/b>.<\/p>\n\n\n\n<p>Aplicar hidratante e perfume logo ap\u00f3s o banho, refor\u00e7ar a <b>hidrata\u00e7\u00e3o em \u00e1reas espec\u00edficas<\/b>, como colo e dobras dos bra\u00e7os, e carregar uma vers\u00e3o menor do <b>perfume ou body splash<\/b> s\u00e3o atitudes simples que ajudam a manter o aroma gostoso por mais tempo, sem criar um cheiro <b>excessivamente intenso<\/b>.<\/p>\n\n\n\n<p>Para voc\u00ea que quer mais dicas, separamos um v\u00eddeo do canal da <a class=\"yt-simple-endpoint style-scope yt-formatted-string\" spellcheck=\"false\" href=\"https:\/\/www.youtube.com\/@leticiamaci\" target=\"_blank\" rel=\"noopener\">Let\u00edcia Maci<\/a> com dicas para fazer sue perfume durara mais no corpo:<\/p>\n\n\n\n<figure class=\"wp-block-embed is-type-video is-provider-youtube wp-block-embed-youtube wp-embed-aspect-16-9 wp-has-aspect-ratio\"><div class=\"wp-block-embed__wrapper\">\n<div class=\"jeg_video_container jeg_video_content\"><iframe loading=\"lazy\" title=\"Como aumentar a FIXA\u00c7\u00c3O e a PROJE\u00c7\u00c3O do seu perfume\" width=\"500\" height=\"281\" src=\"https:\/\/www.youtube.com\/embed\/HF_my0k6qtw?feature=oembed\" frameborder=\"0\" allow=\"accelerometer; autoplay; clipboard-write; encrypted-media; gyroscope; picture-in-picture; web-share\" referrerpolicy=\"strict-origin-when-cross-origin\" allowfullscreen><\/iframe><\/div>\n<\/div><\/figure>\n\n\n\n<h2 class=\"wp-block-heading\">Cuidados importantes ao misturar fragr\u00e2ncias no dia a dia<\/h2>\n\n\n\n<p>Usar muitos produtos perfumados de uma vez \u2014 como <b>desodorante, creme, perfume<\/b> e spray para cabelo \u2014 pode deixar o cheiro excessivo e at\u00e9 cansativo para quem est\u00e1 por perto. Por isso, vale escolher qual produto ser\u00e1 o <b>protagonista<\/b> e manter os outros mais discretos.<\/p>\n\n\n\n<p>Em dias muito quentes, diminuir o n\u00famero de <b>borrifadas<\/b> costuma ser uma boa ideia, j\u00e1 que o calor intensifica o cheiro. Quem tem <b>pele sens\u00edvel<\/b> deve observar poss\u00edveis irrita\u00e7\u00f5es e, se necess\u00e1rio, buscar f\u00f3rmulas hipoalerg\u00eanicas, sem \u00e1lcool ou com <b>fragr\u00e2ncias mais suaves<\/b>.<\/p>\n","protected":false},"excerpt":{"rendered":"<p>A pele hidratada ret\u00e9m melhor as mol\u00e9culas de perfume. Aplique um hidratante neutro ou da mesma linha olfativa logo ap\u00f3s o banho, com a pele \u00famida. Borrife a fragr\u00e2ncia em pontos quentes (pulsos, pesco\u00e7o) para criar camadas e prolongar a fixa\u00e7\u00e3o sem misturar aromas. Voc\u00ea j\u00e1 sentiu que o perfume \u201csumiu\u201d da pele poucas horas [&hellip;]<\/p>\n","protected":false},"author":9,"featured_media":140858,"comment_status":"open","ping_status":"open","sticky":false,"template":"","format":"standard","meta":{"jnews-multi-image_gallery":[],"jnews_single_post":{"format":"standard"},"jnews_primary_category":[],"jnews_social_meta":[],"jnews_override_counter":[],"footnotes":""},"categories":[8691,8819,1],"tags":[712,2616,5657],"class_list":["post-149121","post","type-post","status-publish","format-standard","has-post-thumbnail","hentry","category-bem-estar","category-curiosidades","category-noticias","tag-autocuidado","tag-beleza","tag-perfume"],"yoast_head":"<!-- This site is optimized with the Yoast SEO plugin v23.8 - https:\/\/yoast.com\/wordpress\/plugins\/seo\/ -->\n<title>Perfume sumiu? Saiba como usar hidratante para fixar a fragr\u00e2ncia na pele - Estado de Minas - Em foco<\/title>\n<meta name=\"description\" content=\"Pele hidratada segura o perfume. Aplique creme neutro antes de borrifar nos pulsos e pesco\u00e7o para fixar a fragr\u00e2ncia por mais tempo sem enjoar.\" \/>\n<meta name=\"robots\" content=\"index, follow, max-snippet:-1, max-image-preview:large, max-video-preview:-1\" \/>\n<link rel=\"canonical\" href=\"https:\/\/www.em.com.br\/emfoco\/2026\/01\/02\/perfume-sumiu-saiba-como-usar-hidratante-para-fixar-a-fragrancia\/\" \/>\n<meta property=\"og:locale\" content=\"pt_BR\" \/>\n<meta property=\"og:type\" content=\"article\" \/>\n<meta property=\"og:title\" content=\"Perfume sumiu? Saiba como usar hidratante para fixar a fragr\u00e2ncia na pele - Estado de Minas - Em foco\" \/>\n<meta property=\"og:description\" content=\"Pele hidratada segura o perfume. Aplique creme neutro antes de borrifar nos pulsos e pesco\u00e7o para fixar a fragr\u00e2ncia por mais tempo sem enjoar.\" \/>\n<meta property=\"og:url\" content=\"https:\/\/www.em.com.br\/emfoco\/2026\/01\/02\/perfume-sumiu-saiba-como-usar-hidratante-para-fixar-a-fragrancia\/\" \/>\n<meta property=\"og:site_name\" content=\"Estado de Minas - Em foco\" \/>\n<meta property=\"article:published_time\" content=\"2026-01-02T18:25:03+00:00\" \/>\n<meta property=\"article:modified_time\" content=\"2026-01-01T19:09:32+00:00\" \/>\n<meta property=\"og:image\" content=\"https:\/\/www.em.com.br\/emfoco\/wp-content\/uploads\/2025\/12\/Gemini_Generated_Image_u6kwxfu6kwxfu6kw-1.png\" \/>\n\t<meta property=\"og:image:width\" content=\"1280\" \/>\n\t<meta property=\"og:image:height\" content=\"720\" \/>\n\t<meta property=\"og:image:type\" content=\"image\/png\" \/>\n<meta name=\"author\" content=\"Daniely Cardoso\" \/>\n<meta name=\"twitter:card\" content=\"summary_large_image\" \/>\n<meta name=\"twitter:label1\" content=\"Escrito por\" \/>\n\t<meta name=\"twitter:data1\" content=\"Daniely Cardoso\" \/>\n\t<meta name=\"twitter:label2\" content=\"Est. tempo de leitura\" \/>\n\t<meta name=\"twitter:data2\" content=\"6 minutos\" \/>\n<!-- \/ Yoast SEO plugin. -->","yoast_head_json":{"title":"Perfume sumiu? Saiba como usar hidratante para fixar a fragr\u00e2ncia na pele - Estado de Minas - Em foco","description":"Pele hidratada segura o perfume. Aplique creme neutro antes de borrifar nos pulsos e pesco\u00e7o para fixar a fragr\u00e2ncia por mais tempo sem enjoar.","robots":{"index":"index","follow":"follow","max-snippet":"max-snippet:-1","max-image-preview":"max-image-preview:large","max-video-preview":"max-video-preview:-1"},"canonical":"https:\/\/www.em.com.br\/emfoco\/2026\/01\/02\/perfume-sumiu-saiba-como-usar-hidratante-para-fixar-a-fragrancia\/","og_locale":"pt_BR","og_type":"article","og_title":"Perfume sumiu? Saiba como usar hidratante para fixar a fragr\u00e2ncia na pele - Estado de Minas - Em foco","og_description":"Pele hidratada segura o perfume. Aplique creme neutro antes de borrifar nos pulsos e pesco\u00e7o para fixar a fragr\u00e2ncia por mais tempo sem enjoar.","og_url":"https:\/\/www.em.com.br\/emfoco\/2026\/01\/02\/perfume-sumiu-saiba-como-usar-hidratante-para-fixar-a-fragrancia\/","og_site_name":"Estado de Minas - Em foco","article_published_time":"2026-01-02T18:25:03+00:00","article_modified_time":"2026-01-01T19:09:32+00:00","og_image":[{"width":1280,"height":720,"url":"https:\/\/www.em.com.br\/emfoco\/wp-content\/uploads\/2025\/12\/Gemini_Generated_Image_u6kwxfu6kwxfu6kw-1.png","type":"image\/png"}],"author":"Daniely Cardoso","twitter_card":"summary_large_image","twitter_misc":{"Escrito por":"Daniely Cardoso","Est. tempo de leitura":"6 minutos"},"schema":{"@context":"https:\/\/schema.org","@graph":[{"@type":"WebPage","@id":"https:\/\/www.em.com.br\/emfoco\/2026\/01\/02\/perfume-sumiu-saiba-como-usar-hidratante-para-fixar-a-fragrancia\/","url":"https:\/\/www.em.com.br\/emfoco\/2026\/01\/02\/perfume-sumiu-saiba-como-usar-hidratante-para-fixar-a-fragrancia\/","name":"Perfume sumiu? Saiba como usar hidratante para fixar a fragr\u00e2ncia na pele - Estado de Minas - Em foco","isPartOf":{"@id":"https:\/\/www.em.com.br\/emfoco\/#website"},"primaryImageOfPage":{"@id":"https:\/\/www.em.com.br\/emfoco\/2026\/01\/02\/perfume-sumiu-saiba-como-usar-hidratante-para-fixar-a-fragrancia\/#primaryimage"},"image":{"@id":"https:\/\/www.em.com.br\/emfoco\/2026\/01\/02\/perfume-sumiu-saiba-como-usar-hidratante-para-fixar-a-fragrancia\/#primaryimage"},"thumbnailUrl":"https:\/\/www.em.com.br\/emfoco\/wp-content\/uploads\/2025\/12\/Gemini_Generated_Image_u6kwxfu6kwxfu6kw-1.png","datePublished":"2026-01-02T18:25:03+00:00","dateModified":"2026-01-01T19:09:32+00:00","author":{"@id":"https:\/\/www.em.com.br\/emfoco\/#\/schema\/person\/0a8186d72f2c3a5c6276d90b41f271a0"},"description":"Pele hidratada segura o perfume. Aplique creme neutro antes de borrifar nos pulsos e pesco\u00e7o para fixar a fragr\u00e2ncia por mais tempo sem enjoar.","breadcrumb":{"@id":"https:\/\/www.em.com.br\/emfoco\/2026\/01\/02\/perfume-sumiu-saiba-como-usar-hidratante-para-fixar-a-fragrancia\/#breadcrumb"},"inLanguage":"pt-BR","potentialAction":[{"@type":"ReadAction","target":["https:\/\/www.em.com.br\/emfoco\/2026\/01\/02\/perfume-sumiu-saiba-como-usar-hidratante-para-fixar-a-fragrancia\/"]}]},{"@type":"ImageObject","inLanguage":"pt-BR","@id":"https:\/\/www.em.com.br\/emfoco\/2026\/01\/02\/perfume-sumiu-saiba-como-usar-hidratante-para-fixar-a-fragrancia\/#primaryimage","url":"https:\/\/www.em.com.br\/emfoco\/wp-content\/uploads\/2025\/12\/Gemini_Generated_Image_u6kwxfu6kwxfu6kw-1.png","contentUrl":"https:\/\/www.em.com.br\/emfoco\/wp-content\/uploads\/2025\/12\/Gemini_Generated_Image_u6kwxfu6kwxfu6kw-1.png","width":1280,"height":720,"caption":"O tipo de pele tamb\u00e9m faz diferen\u00e7a: peles mais secas costumam segurar menos o aroma do perfume"},{"@type":"BreadcrumbList","@id":"https:\/\/www.em.com.br\/emfoco\/2026\/01\/02\/perfume-sumiu-saiba-como-usar-hidratante-para-fixar-a-fragrancia\/#breadcrumb","itemListElement":[{"@type":"ListItem","position":1,"name":"In\u00edcio","item":"https:\/\/www.em.com.br\/emfoco\/"},{"@type":"ListItem","position":2,"name":"Perfume sumiu? Saiba como usar hidratante para fixar a fragr\u00e2ncia na pele"}]},{"@type":"WebSite","@id":"https:\/\/www.em.com.br\/emfoco\/#website","url":"https:\/\/www.em.com.br\/emfoco\/","name":"Estado de Minas - Em foco","description":"Acompanhe as \u00faltimas not\u00edcias e fique bem informado sobre tudo o que acontece em Minas Gerais, Brasil e no mundo.","potentialAction":[{"@type":"SearchAction","target":{"@type":"EntryPoint","urlTemplate":"https:\/\/www.em.com.br\/emfoco\/?s={search_term_string}"},"query-input":{"@type":"PropertyValueSpecification","valueRequired":true,"valueName":"search_term_string"}}],"inLanguage":"pt-BR"},{"@type":"Person","@id":"https:\/\/www.em.com.br\/emfoco\/#\/schema\/person\/0a8186d72f2c3a5c6276d90b41f271a0","name":"Daniely Cardoso","image":{"@type":"ImageObject","inLanguage":"pt-BR","@id":"https:\/\/www.em.com.br\/emfoco\/#\/schema\/person\/image\/","url":"https:\/\/secure.gravatar.com\/avatar\/4b80ddbd124d1f071b626d52d62e5dff?s=96&d=mm&r=g","contentUrl":"https:\/\/secure.gravatar.com\/avatar\/4b80ddbd124d1f071b626d52d62e5dff?s=96&d=mm&r=g","caption":"Daniely Cardoso"},"url":"https:\/\/www.em.com.br\/emfoco\/author\/danielymyth\/"}]}},"_links":{"self":[{"href":"https:\/\/www.em.com.br\/emfoco\/wp-json\/wp\/v2\/posts\/149121","targetHints":{"allow":["GET"]}}],"collection":[{"href":"https:\/\/www.em.com.br\/emfoco\/wp-json\/wp\/v2\/posts"}],"about":[{"href":"https:\/\/www.em.com.br\/emfoco\/wp-json\/wp\/v2\/types\/post"}],"author":[{"embeddable":true,"href":"https:\/\/www.em.com.br\/emfoco\/wp-json\/wp\/v2\/users\/9"}],"replies":[{"embeddable":true,"href":"https:\/\/www.em.com.br\/emfoco\/wp-json\/wp\/v2\/comments?post=149121"}],"version-history":[{"count":3,"href":"https:\/\/www.em.com.br\/emfoco\/wp-json\/wp\/v2\/posts\/149121\/revisions"}],"predecessor-version":[{"id":149184,"href":"https:\/\/www.em.com.br\/emfoco\/wp-json\/wp\/v2\/posts\/149121\/revisions\/149184"}],"wp:featuredmedia":[{"embeddable":true,"href":"https:\/\/www.em.com.br\/emfoco\/wp-json\/wp\/v2\/media\/140858"}],"wp:attachment":[{"href":"https:\/\/www.em.com.br\/emfoco\/wp-json\/wp\/v2\/media?parent=149121"}],"wp:term":[{"taxonomy":"category","embeddable":true,"href":"https:\/\/www.em.com.br\/emfoco\/wp-json\/wp\/v2\/categories?post=149121"},{"taxonomy":"post_tag","embeddable":true,"href":"https:\/\/www.em.com.br\/emfoco\/wp-json\/wp\/v2\/tags?post=149121"}],"curies":[{"name":"wp","href":"https:\/\/api.w.org\/{rel}","templated":true}]}}