{"id":149055,"date":"2026-01-04T12:35:00","date_gmt":"2026-01-04T15:35:00","guid":{"rendered":"https:\/\/www.em.com.br\/emfoco\/?p=149055"},"modified":"2026-01-01T16:11:07","modified_gmt":"2026-01-01T19:11:07","slug":"publicacao-em-rede-social-fora-do-trabalho-pode-gerar-demissao-por-justa-causa-e-virar-caso-na-justica-segundo-decisoes-recentes","status":"publish","type":"post","link":"https:\/\/www.em.com.br\/emfoco\/2026\/01\/04\/publicacao-em-rede-social-fora-do-trabalho-pode-gerar-demissao-por-justa-causa-e-virar-caso-na-justica-segundo-decisoes-recentes\/","title":{"rendered":"Publica\u00e7\u00e3o em rede social fora do trabalho pode gerar demiss\u00e3o por justa causa e virar caso na Justi\u00e7a segundo decis\u00f5es recentes"},"content":{"rendered":"\n<h2 class=\"wp-block-heading\">Postagens em redes sociais podem levar \u00e0 demiss\u00e3o quando afetam a imagem da empresa. A Justi\u00e7a do Trabalho analisa conte\u00fado, alcance e quebra de confian\u00e7a, mesmo fora do expediente, podendo manter justa causa.<\/h2>\n\n\n\n<p>Casos recentes mostram que uma publica\u00e7\u00e3o nas redes sociais pode resultar em demiss\u00e3o e disputa judicial. Coment\u00e1rios feitos fora do expediente passaram a ser analisados pela Justi\u00e7a do Trabalho, que avalia impacto, alcance e quebra de confian\u00e7a na rela\u00e7\u00e3o entre empregado e empresa.<\/p>\n\n\n\n<h2 class=\"wp-block-heading\">Por que postagens pessoais passaram a gerar demiss\u00e3o?<\/h2>\n\n\n\n<p>O avan\u00e7o das redes sociais reduziu a separa\u00e7\u00e3o entre vida pessoal e profissional. A <strong><a href=\"https:\/\/basis.trt2.jus.br\/bitstream\/handle\/123456789\/15530\/bacchi_postagem_redes_sociais.pdf?sequence=1&amp;isAllowed=y\" target=\"_blank\" rel=\"noreferrer noopener\">demiss\u00e3o por postagens em redes sociais<\/a><\/strong> ocorre quando o conte\u00fado atinge a imagem da empresa, exp\u00f5e conflitos internos ou cria constrangimento p\u00fablico.<\/p>\n\n\n\n<p>Muitos trabalhadores acreditam que perfis pessoais n\u00e3o interferem no contrato de trabalho. No entanto, a Justi\u00e7a entende que a <strong>rela\u00e7\u00e3o de emprego<\/strong> pode ser afetada quando h\u00e1 repercuss\u00e3o direta no ambiente corporativo, mesmo fora do hor\u00e1rio de expediente.<\/p>\n\n\n\n<figure class=\"wp-block-image size-large\"><img loading=\"lazy\" decoding=\"async\" width=\"1024\" height=\"576\" src=\"https:\/\/www.em.com.br\/emfoco\/wp-content\/uploads\/2026\/01\/IA-37-1024x576.jpg\" alt=\"Publica\u00e7\u00e3o em rede social fora do trabalho pode gerar demiss\u00e3o por justa causa e virar caso na Justi\u00e7a segundo decis\u00f5es recentes\" class=\"wp-image-149185\" srcset=\"https:\/\/www.em.com.br\/emfoco\/wp-content\/uploads\/2026\/01\/IA-37-1024x576.jpg 1024w, https:\/\/www.em.com.br\/emfoco\/wp-content\/uploads\/2026\/01\/IA-37-300x169.jpg 300w, https:\/\/www.em.com.br\/emfoco\/wp-content\/uploads\/2026\/01\/IA-37-768x432.jpg 768w, https:\/\/www.em.com.br\/emfoco\/wp-content\/uploads\/2026\/01\/IA-37-750x422.jpg 750w, https:\/\/www.em.com.br\/emfoco\/wp-content\/uploads\/2026\/01\/IA-37-1140x641.jpg 1140w, https:\/\/www.em.com.br\/emfoco\/wp-content\/uploads\/2026\/01\/IA-37.jpg 1280w\" sizes=\"auto, (max-width: 1024px) 100vw, 1024px\" \/><figcaption class=\"wp-element-caption\">Conte\u00fados p\u00fablicos podem afetar imagem da empresa e confian\u00e7a profissional<\/figcaption><\/figure>\n\n\n\n<h2 class=\"wp-block-heading\">Quando uma publica\u00e7\u00e3o pode justificar justa causa?<\/h2>\n\n\n\n<p>A puni\u00e7\u00e3o n\u00e3o \u00e9 autom\u00e1tica e depende do conte\u00fado e do contexto da postagem. A Justi\u00e7a do Trabalho avalia situa\u00e7\u00f5es espec\u00edficas em que a conduta ultrapassa o limite da opini\u00e3o pessoal, conforme os exemplos mais recorrentes listados a seguir.<\/p>\n\n\n\n<ul class=\"wp-block-list\">\n<li><strong>Ofensa direta<\/strong>: ataques a superiores, colegas ou \u00e0 pr\u00f3pria empresa.<\/li>\n\n\n\n<li><strong>Exposi\u00e7\u00e3o indevida<\/strong>: divulga\u00e7\u00e3o de informa\u00e7\u00f5es internas ou estrat\u00e9gicas.<\/li>\n\n\n\n<li><strong>Preju\u00edzo \u00e0 imagem<\/strong>: conte\u00fado que gera constrangimento p\u00fablico ou repercuss\u00e3o negativa.<\/li>\n<\/ul>\n\n\n\n<p><em>Leia mais: <strong><a href=\"https:\/\/www.em.com.br\/emfoco\/2026\/01\/01\/mudanca-na-poupanca-da-caixa-altera-como-o-dinheiro-rende-e-pode-afetar-sua-reserva-de-emergencia\/\" target=\"_blank\" rel=\"noreferrer noopener\">Mudan\u00e7a na poupan\u00e7a da Caixa altera como o dinheiro rende e pode afetar sua reserva de emerg\u00eancia<\/a><\/strong><\/em><\/p>\n\n\n\n<h2 class=\"wp-block-heading\">O que a Justi\u00e7a do Trabalho analisa nesses casos?<\/h2>\n\n\n\n<p>As decis\u00f5es mostram que o Judici\u00e1rio avalia a <strong>gravidade da publica\u00e7\u00e3o<\/strong>, o alcance do conte\u00fado e se a postagem foi p\u00fablica ou restrita. Quanto maior a visibilidade, maior tende a ser o peso na an\u00e1lise do caso.<\/p>\n\n\n\n<p>Outro fator decisivo \u00e9 o hist\u00f3rico do trabalhador. Advert\u00eancias anteriores, reincid\u00eancia e v\u00ednculo direto entre a fun\u00e7\u00e3o exercida e a postagem influenciam se a <strong>puni\u00e7\u00e3o aplicada<\/strong> ser\u00e1 mantida ou considerada excessiva.<\/p>\n\n\n\n<figure class=\"wp-block-image size-large\"><img loading=\"lazy\" decoding=\"async\" width=\"1024\" height=\"576\" src=\"https:\/\/www.em.com.br\/emfoco\/wp-content\/uploads\/2026\/01\/IA-38-1024x576.jpg\" alt=\"Publica\u00e7\u00e3o em rede social fora do trabalho pode gerar demiss\u00e3o por justa causa e virar caso na Justi\u00e7a segundo decis\u00f5es recentes\" class=\"wp-image-149186\" srcset=\"https:\/\/www.em.com.br\/emfoco\/wp-content\/uploads\/2026\/01\/IA-38-1024x576.jpg 1024w, https:\/\/www.em.com.br\/emfoco\/wp-content\/uploads\/2026\/01\/IA-38-300x169.jpg 300w, https:\/\/www.em.com.br\/emfoco\/wp-content\/uploads\/2026\/01\/IA-38-768x432.jpg 768w, https:\/\/www.em.com.br\/emfoco\/wp-content\/uploads\/2026\/01\/IA-38-750x422.jpg 750w, https:\/\/www.em.com.br\/emfoco\/wp-content\/uploads\/2026\/01\/IA-38-1140x641.jpg 1140w, https:\/\/www.em.com.br\/emfoco\/wp-content\/uploads\/2026\/01\/IA-38.jpg 1280w\" sizes=\"auto, (max-width: 1024px) 100vw, 1024px\" \/><figcaption class=\"wp-element-caption\">Gravidade, alcance da postagem e hist\u00f3rico do trabalhador pesam na decis\u00e3o<\/figcaption><\/figure>\n\n\n\n<h2 class=\"wp-block-heading\">O que muda na pr\u00e1tica para quem usa redes sociais?<\/h2>\n\n\n\n<p>Na pr\u00e1tica, cresce a necessidade de cautela ao publicar conte\u00fados. Mesmo perfis pessoais podem ser usados como <strong>prova em processo trabalhista<\/strong>, especialmente quando h\u00e1 identifica\u00e7\u00e3o clara da empresa ou do ambiente profissional.<\/p>\n\n\n\n<p>Isso n\u00e3o elimina a liberdade de express\u00e3o, mas imp\u00f5e limites quando h\u00e1 preju\u00edzo concreto ao contrato de trabalho. A Justi\u00e7a deixa claro que o direito de opinar n\u00e3o autoriza expor ou atacar a rela\u00e7\u00e3o profissional.<\/p>\n\n\n\n<h2 class=\"wp-block-heading\">Quais cuidados ajudam a evitar problemas trabalhistas?<\/h2>\n\n\n\n<p>Com o aumento das disputas judiciais, empresas refor\u00e7am c\u00f3digos de conduta digital e trabalhadores buscam mais orienta\u00e7\u00e3o antes de publicar. Alguns cuidados simples reduzem riscos e conflitos, como mostram os pontos a seguir.<\/p>\n\n\n\n<ul class=\"wp-block-list\">\n<li><strong>Evitar impulsos<\/strong>: refletir antes de postar conte\u00fados relacionados ao trabalho.<\/li>\n\n\n\n<li><strong>Proteger informa\u00e7\u00f5es<\/strong>: n\u00e3o divulgar dados internos ou situa\u00e7\u00f5es do ambiente profissional.<\/li>\n\n\n\n<li><strong>Separar contextos<\/strong>: entender que vida pessoal e contrato de trabalho podem se cruzar.<\/li>\n<\/ul>\n\n\n\n<p>Em um cen\u00e1rio cada vez mais conectado, uma postagem pode custar o emprego e gerar longas disputas judiciais, tornando a cautela digital uma regra indispens\u00e1vel.<\/p>\n","protected":false},"excerpt":{"rendered":"<p>Postagens em redes sociais podem levar \u00e0 demiss\u00e3o quando afetam a imagem da empresa. A Justi\u00e7a do Trabalho analisa conte\u00fado, alcance e quebra de confian\u00e7a, mesmo fora do expediente, podendo manter justa causa. Casos recentes mostram que uma publica\u00e7\u00e3o nas redes sociais pode resultar em demiss\u00e3o e disputa judicial. Coment\u00e1rios feitos fora do expediente passaram [&hellip;]<\/p>\n","protected":false},"author":13,"featured_media":149183,"comment_status":"open","ping_status":"open","sticky":false,"template":"","format":"standard","meta":{"jnews-multi-image_gallery":[],"jnews_single_post":{"format":"standard"},"jnews_primary_category":[],"jnews_social_meta":[],"jnews_override_counter":[],"footnotes":""},"categories":[28],"tags":[2287,21810,2398],"class_list":["post-149055","post","type-post","status-publish","format-standard","has-post-thumbnail","hentry","category-economia","tag-demissao","tag-demissao-por-postagens","tag-redes-sociais"],"yoast_head":"<!-- This site is optimized with the Yoast SEO plugin v23.8 - https:\/\/yoast.com\/wordpress\/plugins\/seo\/ -->\n<title>Publica\u00e7\u00e3o em rede social fora do trabalho pode gerar demiss\u00e3o por justa causa e virar caso na Justi\u00e7a segundo decis\u00f5es recentes - Estado de Minas - Em foco<\/title>\n<meta name=\"description\" content=\"Postagens em redes sociais fora do trabalho podem gerar demiss\u00e3o e virar disputa na Justi\u00e7a se atingirem a imagem da empresa.\" \/>\n<meta name=\"robots\" content=\"index, follow, max-snippet:-1, max-image-preview:large, max-video-preview:-1\" \/>\n<link rel=\"canonical\" href=\"https:\/\/www.em.com.br\/emfoco\/2026\/01\/04\/publicacao-em-rede-social-fora-do-trabalho-pode-gerar-demissao-por-justa-causa-e-virar-caso-na-justica-segundo-decisoes-recentes\/\" \/>\n<meta property=\"og:locale\" content=\"pt_BR\" \/>\n<meta property=\"og:type\" content=\"article\" \/>\n<meta property=\"og:title\" content=\"Publica\u00e7\u00e3o em rede social fora do trabalho pode gerar demiss\u00e3o por justa causa e virar caso na Justi\u00e7a segundo decis\u00f5es recentes - Estado de Minas - Em foco\" \/>\n<meta property=\"og:description\" content=\"Postagens em redes sociais fora do trabalho podem gerar demiss\u00e3o e virar disputa na Justi\u00e7a se atingirem a imagem da empresa.\" \/>\n<meta property=\"og:url\" content=\"https:\/\/www.em.com.br\/emfoco\/2026\/01\/04\/publicacao-em-rede-social-fora-do-trabalho-pode-gerar-demissao-por-justa-causa-e-virar-caso-na-justica-segundo-decisoes-recentes\/\" \/>\n<meta property=\"og:site_name\" content=\"Estado de Minas - Em foco\" \/>\n<meta property=\"article:published_time\" content=\"2026-01-04T15:35:00+00:00\" \/>\n<meta property=\"article:modified_time\" content=\"2026-01-01T19:11:07+00:00\" \/>\n<meta property=\"og:image\" content=\"https:\/\/www.em.com.br\/emfoco\/wp-content\/uploads\/2026\/01\/IA-36.jpg\" \/>\n\t<meta property=\"og:image:width\" content=\"1280\" \/>\n\t<meta property=\"og:image:height\" content=\"720\" \/>\n\t<meta property=\"og:image:type\" content=\"image\/jpeg\" \/>\n<meta name=\"author\" content=\"Gabriel Martins\" \/>\n<meta name=\"twitter:card\" content=\"summary_large_image\" \/>\n<meta name=\"twitter:label1\" content=\"Escrito por\" \/>\n\t<meta name=\"twitter:data1\" content=\"Gabriel Martins\" \/>\n\t<meta name=\"twitter:label2\" content=\"Est. tempo de leitura\" \/>\n\t<meta name=\"twitter:data2\" content=\"4 minutos\" \/>\n<!-- \/ Yoast SEO plugin. -->","yoast_head_json":{"title":"Publica\u00e7\u00e3o em rede social fora do trabalho pode gerar demiss\u00e3o por justa causa e virar caso na Justi\u00e7a segundo decis\u00f5es recentes - Estado de Minas - Em foco","description":"Postagens em redes sociais fora do trabalho podem gerar demiss\u00e3o e virar disputa na Justi\u00e7a se atingirem a imagem da empresa.","robots":{"index":"index","follow":"follow","max-snippet":"max-snippet:-1","max-image-preview":"max-image-preview:large","max-video-preview":"max-video-preview:-1"},"canonical":"https:\/\/www.em.com.br\/emfoco\/2026\/01\/04\/publicacao-em-rede-social-fora-do-trabalho-pode-gerar-demissao-por-justa-causa-e-virar-caso-na-justica-segundo-decisoes-recentes\/","og_locale":"pt_BR","og_type":"article","og_title":"Publica\u00e7\u00e3o em rede social fora do trabalho pode gerar demiss\u00e3o por justa causa e virar caso na Justi\u00e7a segundo decis\u00f5es recentes - Estado de Minas - Em foco","og_description":"Postagens em redes sociais fora do trabalho podem gerar demiss\u00e3o e virar disputa na Justi\u00e7a se atingirem a imagem da empresa.","og_url":"https:\/\/www.em.com.br\/emfoco\/2026\/01\/04\/publicacao-em-rede-social-fora-do-trabalho-pode-gerar-demissao-por-justa-causa-e-virar-caso-na-justica-segundo-decisoes-recentes\/","og_site_name":"Estado de Minas - Em foco","article_published_time":"2026-01-04T15:35:00+00:00","article_modified_time":"2026-01-01T19:11:07+00:00","og_image":[{"width":1280,"height":720,"url":"https:\/\/www.em.com.br\/emfoco\/wp-content\/uploads\/2026\/01\/IA-36.jpg","type":"image\/jpeg"}],"author":"Gabriel Martins","twitter_card":"summary_large_image","twitter_misc":{"Escrito por":"Gabriel Martins","Est. tempo de leitura":"4 minutos"},"schema":{"@context":"https:\/\/schema.org","@graph":[{"@type":"WebPage","@id":"https:\/\/www.em.com.br\/emfoco\/2026\/01\/04\/publicacao-em-rede-social-fora-do-trabalho-pode-gerar-demissao-por-justa-causa-e-virar-caso-na-justica-segundo-decisoes-recentes\/","url":"https:\/\/www.em.com.br\/emfoco\/2026\/01\/04\/publicacao-em-rede-social-fora-do-trabalho-pode-gerar-demissao-por-justa-causa-e-virar-caso-na-justica-segundo-decisoes-recentes\/","name":"Publica\u00e7\u00e3o em rede social fora do trabalho pode gerar demiss\u00e3o por justa causa e virar caso na Justi\u00e7a segundo decis\u00f5es recentes - Estado de Minas - Em foco","isPartOf":{"@id":"https:\/\/www.em.com.br\/emfoco\/#website"},"primaryImageOfPage":{"@id":"https:\/\/www.em.com.br\/emfoco\/2026\/01\/04\/publicacao-em-rede-social-fora-do-trabalho-pode-gerar-demissao-por-justa-causa-e-virar-caso-na-justica-segundo-decisoes-recentes\/#primaryimage"},"image":{"@id":"https:\/\/www.em.com.br\/emfoco\/2026\/01\/04\/publicacao-em-rede-social-fora-do-trabalho-pode-gerar-demissao-por-justa-causa-e-virar-caso-na-justica-segundo-decisoes-recentes\/#primaryimage"},"thumbnailUrl":"https:\/\/www.em.com.br\/emfoco\/wp-content\/uploads\/2026\/01\/IA-36.jpg","datePublished":"2026-01-04T15:35:00+00:00","dateModified":"2026-01-01T19:11:07+00:00","author":{"@id":"https:\/\/www.em.com.br\/emfoco\/#\/schema\/person\/1c9ddeab18b98abeffef834667bcf08a"},"description":"Postagens em redes sociais fora do trabalho podem gerar demiss\u00e3o e virar disputa na Justi\u00e7a se atingirem a imagem da empresa.","breadcrumb":{"@id":"https:\/\/www.em.com.br\/emfoco\/2026\/01\/04\/publicacao-em-rede-social-fora-do-trabalho-pode-gerar-demissao-por-justa-causa-e-virar-caso-na-justica-segundo-decisoes-recentes\/#breadcrumb"},"inLanguage":"pt-BR","potentialAction":[{"@type":"ReadAction","target":["https:\/\/www.em.com.br\/emfoco\/2026\/01\/04\/publicacao-em-rede-social-fora-do-trabalho-pode-gerar-demissao-por-justa-causa-e-virar-caso-na-justica-segundo-decisoes-recentes\/"]}]},{"@type":"ImageObject","inLanguage":"pt-BR","@id":"https:\/\/www.em.com.br\/emfoco\/2026\/01\/04\/publicacao-em-rede-social-fora-do-trabalho-pode-gerar-demissao-por-justa-causa-e-virar-caso-na-justica-segundo-decisoes-recentes\/#primaryimage","url":"https:\/\/www.em.com.br\/emfoco\/wp-content\/uploads\/2026\/01\/IA-36.jpg","contentUrl":"https:\/\/www.em.com.br\/emfoco\/wp-content\/uploads\/2026\/01\/IA-36.jpg","width":1280,"height":720,"caption":"Postagens em redes sociais passaram a impactar diretamente v\u00ednculos trabalhistas"},{"@type":"BreadcrumbList","@id":"https:\/\/www.em.com.br\/emfoco\/2026\/01\/04\/publicacao-em-rede-social-fora-do-trabalho-pode-gerar-demissao-por-justa-causa-e-virar-caso-na-justica-segundo-decisoes-recentes\/#breadcrumb","itemListElement":[{"@type":"ListItem","position":1,"name":"In\u00edcio","item":"https:\/\/www.em.com.br\/emfoco\/"},{"@type":"ListItem","position":2,"name":"Publica\u00e7\u00e3o em rede social fora do trabalho pode gerar demiss\u00e3o por justa causa e virar caso na Justi\u00e7a segundo decis\u00f5es recentes"}]},{"@type":"WebSite","@id":"https:\/\/www.em.com.br\/emfoco\/#website","url":"https:\/\/www.em.com.br\/emfoco\/","name":"Estado de Minas - Em foco","description":"Acompanhe as \u00faltimas not\u00edcias e fique bem informado sobre tudo o que acontece em Minas Gerais, Brasil e no mundo.","potentialAction":[{"@type":"SearchAction","target":{"@type":"EntryPoint","urlTemplate":"https:\/\/www.em.com.br\/emfoco\/?s={search_term_string}"},"query-input":{"@type":"PropertyValueSpecification","valueRequired":true,"valueName":"search_term_string"}}],"inLanguage":"pt-BR"},{"@type":"Person","@id":"https:\/\/www.em.com.br\/emfoco\/#\/schema\/person\/1c9ddeab18b98abeffef834667bcf08a","name":"Gabriel Martins","image":{"@type":"ImageObject","inLanguage":"pt-BR","@id":"https:\/\/www.em.com.br\/emfoco\/#\/schema\/person\/image\/","url":"https:\/\/secure.gravatar.com\/avatar\/f0f1e2efdfd88f1ad2cb08c5c2731e50?s=96&d=mm&r=g","contentUrl":"https:\/\/secure.gravatar.com\/avatar\/f0f1e2efdfd88f1ad2cb08c5c2731e50?s=96&d=mm&r=g","caption":"Gabriel Martins"},"sameAs":["https:\/\/www.em.com.br\/emfoco\/"],"url":"https:\/\/www.em.com.br\/emfoco\/author\/gabrielmartinsmyth\/"}]}},"_links":{"self":[{"href":"https:\/\/www.em.com.br\/emfoco\/wp-json\/wp\/v2\/posts\/149055","targetHints":{"allow":["GET"]}}],"collection":[{"href":"https:\/\/www.em.com.br\/emfoco\/wp-json\/wp\/v2\/posts"}],"about":[{"href":"https:\/\/www.em.com.br\/emfoco\/wp-json\/wp\/v2\/types\/post"}],"author":[{"embeddable":true,"href":"https:\/\/www.em.com.br\/emfoco\/wp-json\/wp\/v2\/users\/13"}],"replies":[{"embeddable":true,"href":"https:\/\/www.em.com.br\/emfoco\/wp-json\/wp\/v2\/comments?post=149055"}],"version-history":[{"count":2,"href":"https:\/\/www.em.com.br\/emfoco\/wp-json\/wp\/v2\/posts\/149055\/revisions"}],"predecessor-version":[{"id":149188,"href":"https:\/\/www.em.com.br\/emfoco\/wp-json\/wp\/v2\/posts\/149055\/revisions\/149188"}],"wp:featuredmedia":[{"embeddable":true,"href":"https:\/\/www.em.com.br\/emfoco\/wp-json\/wp\/v2\/media\/149183"}],"wp:attachment":[{"href":"https:\/\/www.em.com.br\/emfoco\/wp-json\/wp\/v2\/media?parent=149055"}],"wp:term":[{"taxonomy":"category","embeddable":true,"href":"https:\/\/www.em.com.br\/emfoco\/wp-json\/wp\/v2\/categories?post=149055"},{"taxonomy":"post_tag","embeddable":true,"href":"https:\/\/www.em.com.br\/emfoco\/wp-json\/wp\/v2\/tags?post=149055"}],"curies":[{"name":"wp","href":"https:\/\/api.w.org\/{rel}","templated":true}]}}