{"id":14888,"date":"2025-01-31T20:00:42","date_gmt":"2025-01-31T23:00:42","guid":{"rendered":"https:\/\/www.em.com.br\/emfoco\/?p=14888"},"modified":"2025-06-14T18:40:16","modified_gmt":"2025-06-14T21:40:16","slug":"dirigir-sem-se-preocupar-com-o-ipva","status":"publish","type":"post","link":"https:\/\/www.em.com.br\/emfoco\/2025\/01\/31\/dirigir-sem-se-preocupar-com-o-ipva\/","title":{"rendered":"Dirigir sem se preocupar com o IPVA?"},"content":{"rendered":"\n<p>A forma mais comum de escapar do <a href=\"https:\/\/www.go.gov.br\/servicos\/servico\/consultar-veiculo--ipva-multas-e-crlv\" target=\"_blank\" rel=\"noreferrer noopener\"><strong>IPVA<\/strong> <\/a>\u00e9 ter um carro antigo. Na maioria dos estados, carros com mais de 20 anos n\u00e3o pagam o imposto. \u00c9 como se o governo considerasse que o carro j\u00e1 &#8220;pagou sua d\u00edvida&#8221; com o tempo.<\/p>\n\n\n\n<p>Mas aten\u00e7\u00e3o: essa regra muda de estado para estado. No <strong>Amazonas<\/strong>, por exemplo, s\u00e3o s\u00f3 15 anos. J\u00e1 em <strong>Minas Gerais<\/strong>, a idade do carro n\u00e3o importa. L\u00e1 eles d\u00e3o isen\u00e7\u00e3o para carros hist\u00f3ricos ou especiais. \u00c9 meio complicado, mas vale pesquisar.<\/p>\n\n\n\n<h2 class=\"wp-block-heading\">Existem outras formas de conseguir isen\u00e7\u00e3o?<\/h2>\n\n\n\n<p>Sim, existem v\u00e1rias outras situa\u00e7\u00f5es. Pessoas com defici\u00eancia podem conseguir isen\u00e7\u00e3o total do <strong>IPVA<\/strong>. \u00c9 o chamado <strong>IPVA Social<\/strong>. Quem tem certas doen\u00e7as graves tamb\u00e9m pode ter direito ao <a href=\"https:\/\/www.em.com.br\/emfoco\/2025\/01\/29\/comunicado-oficial-ampliacao-dos-beneficios-da-carteira-do-idoso\/\" target=\"_blank\" rel=\"noreferrer noopener\">benef\u00edcio<\/a>.<\/p>\n\n\n\n<p>Carros el\u00e9tricos e h\u00edbridos tamb\u00e9m ganham desconto ou isen\u00e7\u00e3o em alguns estados. \u00c9 uma forma de incentivar quem escolhe tecnologias mais limpas. Se voc\u00ea est\u00e1 pensando em comprar um carro novo, pode valer a pena considerar essas op\u00e7\u00f5es.<\/p>\n\n\n\n<h2 class=\"wp-block-heading\">Como fazer o pedido de isen\u00e7\u00e3o?<\/h2>\n\n\n\n<p>O processo varia muito dependendo do tipo de isen\u00e7\u00e3o. Para carros antigos, \u00e0s vezes a isen\u00e7\u00e3o acontece automaticamente. Voc\u00ea s\u00f3 percebe quando n\u00e3o chega a conta em janeiro. Mas para outros casos, voc\u00ea precisa correr atr\u00e1s.<\/p>\n\n\n\n<p>Normalmente voc\u00ea tem que juntar documentos e entregar na <strong>Secretaria da Fazenda<\/strong> do seu estado. Pode ser documento pessoal, do carro, laudo m\u00e9dico. Cada situa\u00e7\u00e3o pede pap\u00e9is diferentes. O importante \u00e9 n\u00e3o deixar para a \u00faltima hora.<\/p>\n\n\n\n<h2 class=\"wp-block-heading\">Vale a pena correr atr\u00e1s da isen\u00e7\u00e3o?<\/h2>\n\n\n<div class=\"wp-block-image\">\n<figure class=\"aligncenter size-large\"><img loading=\"lazy\" decoding=\"async\" width=\"1024\" height=\"576\" src=\"https:\/\/www.em.com.br\/emfoco\/wp-content\/uploads\/2024\/12\/IPVA_1734913117867-1024x576.jpg\" alt=\"\" class=\"wp-image-6217\" srcset=\"https:\/\/www.em.com.br\/emfoco\/wp-content\/uploads\/2024\/12\/IPVA_1734913117867-1024x576.jpg 1024w, https:\/\/www.em.com.br\/emfoco\/wp-content\/uploads\/2024\/12\/IPVA_1734913117867-300x169.jpg 300w, https:\/\/www.em.com.br\/emfoco\/wp-content\/uploads\/2024\/12\/IPVA_1734913117867-768x432.jpg 768w, https:\/\/www.em.com.br\/emfoco\/wp-content\/uploads\/2024\/12\/IPVA_1734913117867-750x422.jpg 750w, https:\/\/www.em.com.br\/emfoco\/wp-content\/uploads\/2024\/12\/IPVA_1734913117867-1140x641.jpg 1140w, https:\/\/www.em.com.br\/emfoco\/wp-content\/uploads\/2024\/12\/IPVA_1734913117867.jpg 1280w\" sizes=\"auto, (max-width: 1024px) 100vw, 1024px\" \/><figcaption class=\"wp-element-caption\">IPVA &#8211; Cr\u00e9ditos: depositphotos.com \/ rafapress<\/figcaption><\/figure><\/div>\n\n\n<p>Depende do seu carro e da sua situa\u00e7\u00e3o. Se voc\u00ea tem um carro que vale uns R$ 50 mil, o <strong>IPVA<\/strong> pode passar dos R$ 2 mil por ano. Em cinco anos, s\u00e3o mais de R$ 10 mil. \u00c9 dinheiro que fica no seu bolso.<\/p>\n\n\n\n<p>Mesmo que d\u00ea um pouco de trabalho juntar os documentos e fazer o pedido, a economia compensa. Al\u00e9m disso, uma vez aprovada a isen\u00e7\u00e3o, ela costuma valer por v\u00e1rios anos. \u00c9 um investimento de tempo que vale a pena.<\/p>\n\n\n\n<h2 class=\"wp-block-heading\">E se negarem meu pedido de isen\u00e7\u00e3o?<\/h2>\n\n\n\n<p>Calma, nem tudo est\u00e1 perdido. Se seu pedido for negado, voc\u00ea pode recorrer. \u00c0s vezes \u00e9 s\u00f3 quest\u00e3o de documento que estava faltando ou algum detalhe que n\u00e3o ficou claro.<\/p>\n\n\n\n<p>O recurso tem que ser feito pelos canais oficiais do seu estado. Pode ser que voc\u00ea precise apresentar mais documentos ou explicar melhor sua situa\u00e7\u00e3o. O importante \u00e9 n\u00e3o desistir se voc\u00ea tem certeza de que tem direito.<\/p>\n","protected":false},"excerpt":{"rendered":"<p>A forma mais comum de escapar do IPVA \u00e9 ter um carro antigo. Na maioria dos estados, carros com mais de 20 anos n\u00e3o pagam o imposto. \u00c9 como se o governo considerasse que o carro j\u00e1 &#8220;pagou sua d\u00edvida&#8221; com o tempo. Mas aten\u00e7\u00e3o: essa regra muda de estado para estado. No Amazonas, por [&hellip;]<\/p>\n","protected":false},"author":7,"featured_media":7026,"comment_status":"open","ping_status":"open","sticky":false,"template":"","format":"standard","meta":{"jnews-multi-image_gallery":[],"jnews_single_post":{"format":"standard"},"jnews_primary_category":[],"jnews_social_meta":[],"jnews_override_counter":[],"footnotes":""},"categories":[27],"tags":[941,762,715,2426,534],"class_list":["post-14888","post","type-post","status-publish","format-standard","has-post-thumbnail","hentry","category-carros","tag-imposto","tag-ipva","tag-isencao","tag-tributo","tag-veiculos"],"yoast_head":"<!-- This site is optimized with the Yoast SEO plugin v23.8 - https:\/\/yoast.com\/wordpress\/plugins\/seo\/ -->\n<title>Dirigir sem se preocupar com o IPVA? - Estado de Minas - Em foco<\/title>\n<meta name=\"description\" content=\"A isen\u00e7\u00e3o de IPVA \u00e9 um benef\u00edcio oferecido por governos estaduais a certos grupos e ve\u00edculos. Saiba como funciona e quem se enquadra nesse benef\u00edcio.\" \/>\n<meta name=\"robots\" content=\"index, follow, max-snippet:-1, max-image-preview:large, max-video-preview:-1\" \/>\n<link rel=\"canonical\" href=\"https:\/\/www.em.com.br\/emfoco\/2025\/01\/31\/dirigir-sem-se-preocupar-com-o-ipva\/\" \/>\n<meta property=\"og:locale\" content=\"pt_BR\" \/>\n<meta property=\"og:type\" content=\"article\" \/>\n<meta property=\"og:title\" content=\"Dirigir sem se preocupar com o IPVA? - Estado de Minas - Em foco\" \/>\n<meta property=\"og:description\" content=\"A isen\u00e7\u00e3o de IPVA \u00e9 um benef\u00edcio oferecido por governos estaduais a certos grupos e ve\u00edculos. Saiba como funciona e quem se enquadra nesse benef\u00edcio.\" \/>\n<meta property=\"og:url\" content=\"https:\/\/www.em.com.br\/emfoco\/2025\/01\/31\/dirigir-sem-se-preocupar-com-o-ipva\/\" \/>\n<meta property=\"og:site_name\" content=\"Estado de Minas - Em foco\" \/>\n<meta property=\"article:published_time\" content=\"2025-01-31T23:00:42+00:00\" \/>\n<meta property=\"article:modified_time\" content=\"2025-06-14T21:40:16+00:00\" \/>\n<meta property=\"og:image\" content=\"https:\/\/www.em.com.br\/emfoco\/wp-content\/uploads\/2024\/12\/IPVA_1735323432804.jpg\" \/>\n\t<meta property=\"og:image:width\" content=\"1280\" \/>\n\t<meta property=\"og:image:height\" content=\"720\" \/>\n\t<meta property=\"og:image:type\" content=\"image\/jpeg\" \/>\n<meta name=\"author\" content=\"Kelvin\" \/>\n<meta name=\"twitter:card\" content=\"summary_large_image\" \/>\n<meta name=\"twitter:label1\" content=\"Escrito por\" \/>\n\t<meta name=\"twitter:data1\" content=\"Kelvin\" \/>\n\t<meta name=\"twitter:label2\" content=\"Est. tempo de leitura\" \/>\n\t<meta name=\"twitter:data2\" content=\"3 minutos\" \/>\n<!-- \/ Yoast SEO plugin. -->","yoast_head_json":{"title":"Dirigir sem se preocupar com o IPVA? - Estado de Minas - Em foco","description":"A isen\u00e7\u00e3o de IPVA \u00e9 um benef\u00edcio oferecido por governos estaduais a certos grupos e ve\u00edculos. Saiba como funciona e quem se enquadra nesse benef\u00edcio.","robots":{"index":"index","follow":"follow","max-snippet":"max-snippet:-1","max-image-preview":"max-image-preview:large","max-video-preview":"max-video-preview:-1"},"canonical":"https:\/\/www.em.com.br\/emfoco\/2025\/01\/31\/dirigir-sem-se-preocupar-com-o-ipva\/","og_locale":"pt_BR","og_type":"article","og_title":"Dirigir sem se preocupar com o IPVA? - Estado de Minas - Em foco","og_description":"A isen\u00e7\u00e3o de IPVA \u00e9 um benef\u00edcio oferecido por governos estaduais a certos grupos e ve\u00edculos. Saiba como funciona e quem se enquadra nesse benef\u00edcio.","og_url":"https:\/\/www.em.com.br\/emfoco\/2025\/01\/31\/dirigir-sem-se-preocupar-com-o-ipva\/","og_site_name":"Estado de Minas - Em foco","article_published_time":"2025-01-31T23:00:42+00:00","article_modified_time":"2025-06-14T21:40:16+00:00","og_image":[{"width":1280,"height":720,"url":"https:\/\/www.em.com.br\/emfoco\/wp-content\/uploads\/2024\/12\/IPVA_1735323432804.jpg","type":"image\/jpeg"}],"author":"Kelvin","twitter_card":"summary_large_image","twitter_misc":{"Escrito por":"Kelvin","Est. tempo de leitura":"3 minutos"},"schema":{"@context":"https:\/\/schema.org","@graph":[{"@type":"WebPage","@id":"https:\/\/www.em.com.br\/emfoco\/2025\/01\/31\/dirigir-sem-se-preocupar-com-o-ipva\/","url":"https:\/\/www.em.com.br\/emfoco\/2025\/01\/31\/dirigir-sem-se-preocupar-com-o-ipva\/","name":"Dirigir sem se preocupar com o IPVA? - Estado de Minas - Em foco","isPartOf":{"@id":"https:\/\/www.em.com.br\/emfoco\/#website"},"primaryImageOfPage":{"@id":"https:\/\/www.em.com.br\/emfoco\/2025\/01\/31\/dirigir-sem-se-preocupar-com-o-ipva\/#primaryimage"},"image":{"@id":"https:\/\/www.em.com.br\/emfoco\/2025\/01\/31\/dirigir-sem-se-preocupar-com-o-ipva\/#primaryimage"},"thumbnailUrl":"https:\/\/www.em.com.br\/emfoco\/wp-content\/uploads\/2024\/12\/IPVA_1735323432804.jpg","datePublished":"2025-01-31T23:00:42+00:00","dateModified":"2025-06-14T21:40:16+00:00","author":{"@id":"https:\/\/www.em.com.br\/emfoco\/#\/schema\/person\/fb0a7f48c6fbb94b83f413a80f61917d"},"description":"A isen\u00e7\u00e3o de IPVA \u00e9 um benef\u00edcio oferecido por governos estaduais a certos grupos e ve\u00edculos. Saiba como funciona e quem se enquadra nesse benef\u00edcio.","breadcrumb":{"@id":"https:\/\/www.em.com.br\/emfoco\/2025\/01\/31\/dirigir-sem-se-preocupar-com-o-ipva\/#breadcrumb"},"inLanguage":"pt-BR","potentialAction":[{"@type":"ReadAction","target":["https:\/\/www.em.com.br\/emfoco\/2025\/01\/31\/dirigir-sem-se-preocupar-com-o-ipva\/"]}]},{"@type":"ImageObject","inLanguage":"pt-BR","@id":"https:\/\/www.em.com.br\/emfoco\/2025\/01\/31\/dirigir-sem-se-preocupar-com-o-ipva\/#primaryimage","url":"https:\/\/www.em.com.br\/emfoco\/wp-content\/uploads\/2024\/12\/IPVA_1735323432804.jpg","contentUrl":"https:\/\/www.em.com.br\/emfoco\/wp-content\/uploads\/2024\/12\/IPVA_1735323432804.jpg","width":1280,"height":720,"caption":"IPVA - Cr\u00e9ditos: depositphotos.com \/ rafapress"},{"@type":"BreadcrumbList","@id":"https:\/\/www.em.com.br\/emfoco\/2025\/01\/31\/dirigir-sem-se-preocupar-com-o-ipva\/#breadcrumb","itemListElement":[{"@type":"ListItem","position":1,"name":"In\u00edcio","item":"https:\/\/www.em.com.br\/emfoco\/"},{"@type":"ListItem","position":2,"name":"Dirigir sem se preocupar com o IPVA?"}]},{"@type":"WebSite","@id":"https:\/\/www.em.com.br\/emfoco\/#website","url":"https:\/\/www.em.com.br\/emfoco\/","name":"Estado de Minas - Em foco","description":"Acompanhe as \u00faltimas not\u00edcias e fique bem informado sobre tudo o que acontece em Minas Gerais, Brasil e no mundo.","potentialAction":[{"@type":"SearchAction","target":{"@type":"EntryPoint","urlTemplate":"https:\/\/www.em.com.br\/emfoco\/?s={search_term_string}"},"query-input":{"@type":"PropertyValueSpecification","valueRequired":true,"valueName":"search_term_string"}}],"inLanguage":"pt-BR"},{"@type":"Person","@id":"https:\/\/www.em.com.br\/emfoco\/#\/schema\/person\/fb0a7f48c6fbb94b83f413a80f61917d","name":"Kelvin","image":{"@type":"ImageObject","inLanguage":"pt-BR","@id":"https:\/\/www.em.com.br\/emfoco\/#\/schema\/person\/image\/","url":"https:\/\/secure.gravatar.com\/avatar\/e74f84337e6bf6c4c5e88fbdffa05270?s=96&d=mm&r=g","contentUrl":"https:\/\/secure.gravatar.com\/avatar\/e74f84337e6bf6c4c5e88fbdffa05270?s=96&d=mm&r=g","caption":"Kelvin"},"sameAs":["https:\/\/www.em.com.br\/emfoco"],"url":"https:\/\/www.em.com.br\/emfoco\/author\/kelvinmyth\/"}]}},"_links":{"self":[{"href":"https:\/\/www.em.com.br\/emfoco\/wp-json\/wp\/v2\/posts\/14888","targetHints":{"allow":["GET"]}}],"collection":[{"href":"https:\/\/www.em.com.br\/emfoco\/wp-json\/wp\/v2\/posts"}],"about":[{"href":"https:\/\/www.em.com.br\/emfoco\/wp-json\/wp\/v2\/types\/post"}],"author":[{"embeddable":true,"href":"https:\/\/www.em.com.br\/emfoco\/wp-json\/wp\/v2\/users\/7"}],"replies":[{"embeddable":true,"href":"https:\/\/www.em.com.br\/emfoco\/wp-json\/wp\/v2\/comments?post=14888"}],"version-history":[{"count":3,"href":"https:\/\/www.em.com.br\/emfoco\/wp-json\/wp\/v2\/posts\/14888\/revisions"}],"predecessor-version":[{"id":60853,"href":"https:\/\/www.em.com.br\/emfoco\/wp-json\/wp\/v2\/posts\/14888\/revisions\/60853"}],"wp:featuredmedia":[{"embeddable":true,"href":"https:\/\/www.em.com.br\/emfoco\/wp-json\/wp\/v2\/media\/7026"}],"wp:attachment":[{"href":"https:\/\/www.em.com.br\/emfoco\/wp-json\/wp\/v2\/media?parent=14888"}],"wp:term":[{"taxonomy":"category","embeddable":true,"href":"https:\/\/www.em.com.br\/emfoco\/wp-json\/wp\/v2\/categories?post=14888"},{"taxonomy":"post_tag","embeddable":true,"href":"https:\/\/www.em.com.br\/emfoco\/wp-json\/wp\/v2\/tags?post=14888"}],"curies":[{"name":"wp","href":"https:\/\/api.w.org\/{rel}","templated":true}]}}